{"id":2700,"date":"2021-02-10T18:26:16","date_gmt":"2021-02-10T18:26:16","guid":{"rendered":"http:\/\/veleztopografia.com\/?p=2700"},"modified":"2021-02-11T08:26:53","modified_gmt":"2021-02-11T08:26:53","slug":"topografo-en-colmenar-certificado-de-georreferenciacion-de-parcela-y-vivienda","status":"publish","type":"post","link":"https:\/\/veleztopografia.com\/index.php\/2021\/02\/10\/topografo-en-colmenar-certificado-de-georreferenciacion-de-parcela-y-vivienda\/","title":{"rendered":"Top\u00f3grafo en Colmenar: Certificado de georreferenciaci\u00f3n de parcela y vivienda."},"content":{"rendered":"\n<figure class=\"wp-block-image size-large\"><img fetchpriority=\"high\" decoding=\"async\" width=\"1024\" height=\"750\" src=\"http:\/\/veleztopografia.com\/wp-content\/uploads\/2021\/02\/IMG20210210104713-1024x750.jpg\" alt=\"\" class=\"wp-image-2702\" srcset=\"https:\/\/veleztopografia.com\/wp-content\/uploads\/2021\/02\/IMG20210210104713-1024x750.jpg 1024w, https:\/\/veleztopografia.com\/wp-content\/uploads\/2021\/02\/IMG20210210104713-300x220.jpg 300w, https:\/\/veleztopografia.com\/wp-content\/uploads\/2021\/02\/IMG20210210104713-768x563.jpg 768w, https:\/\/veleztopografia.com\/wp-content\/uploads\/2021\/02\/IMG20210210104713-1536x1125.jpg 1536w, https:\/\/veleztopografia.com\/wp-content\/uploads\/2021\/02\/IMG20210210104713.jpg 2000w\" sizes=\"(max-width: 1024px) 100vw, 1024px\" \/><\/figure>\n\n\n\n<p>Nuestro cliente desea comprar una vivienda pero se a paralizado el expediente de compra por parte del notario porque necesita un <strong>Certificado de Coordenadas Georreferenciadas de la vivienda.<\/strong><\/p>\n\n\n\n<p>Por este motivo hemos realizado la <strong>medici\u00f3n de la parcela en Colmena<\/strong>r, la cual alberga una construcci\u00f3n que tambi\u00e9n hemos medido.<\/p>\n\n\n\n<p>Nuestro servicio como<strong> top\u00f3grafo en Colmenar,<\/strong> en esta ocasi\u00f3n se ha visto interrumpido en varias ocasiones debido a la lluvia, pero al final hemos conseguido acabar nuestro <strong>trabajo topogr\u00e1fico en Colmenar<\/strong>.<\/p>\n\n\n\n<p>Se trata de un Certificado que redactan los Ingenieros de Topograf\u00eda (Actualmente Ingenier\u00eda Geom\u00e1tica). En el Certificado se aporta un plano topogr\u00e1fico que define geom\u00e9tricamente con precisi\u00f3n el recinto de un inmueble (parcela, vivienda\u2026).<\/p>\n\n\n\n<p>Este Certificado<strong> es un informe t\u00e9cnico<\/strong> CON MEDICION DE SUPERFICIES y con COORDENADAS GEORREFERENCIADAS DE LA PARCELA Y VIVIENDA que se realiza por <strong>un Top\u00f3grafo colegiado<\/strong> con la finalidad de <strong>acreditar ante notario<\/strong> aspectos tecnico-constructivos a la hora de <strong>Escriturar el inmueble y constatar <\/strong>su estado actual en general o\/y la obra sin declarar.<\/p>\n\n\n\n<p>Estos certificados son necesarios cuando se quiere poner al dia un inmueble mediante la via mas facil, que es realizar una Escritura Notarial con<strong> Declaracion de una Obra existente, una Ampliacion, Obra Terminada; Estado Actual Reformado, Cambio de Uso, construccion de una piscina<\/strong>..etc.<\/p>\n","protected":false},"excerpt":{"rendered":"<p>Nuestro cliente desea comprar una vivienda pero se a paralizado el expediente de compra por parte del notario porque necesita un Certificado de Coordenadas Georreferenciadas de la vivienda. Por este motivo hemos realizado la medici\u00f3n de la parcela en Colmenar, la cual alberga una construcci\u00f3n que tambi\u00e9n hemos medido. Nuestro servicio como top\u00f3grafo en Colmenar, [&hellip;]<\/p>\n","protected":false},"author":1,"featured_media":0,"comment_status":"open","ping_status":"open","sticky":false,"template":"","format":"standard","meta":{"_uag_custom_page_level_css":"","_monsterinsights_skip_tracking":false,"_monsterinsights_sitenote_active":false,"_monsterinsights_sitenote_note":"","_monsterinsights_sitenote_category":0,"site-sidebar-layout":"default","site-content-layout":"default","ast-site-content-layout":"default","site-content-style":"default","site-sidebar-style":"default","ast-global-header-display":"","ast-banner-title-visibility":"","ast-main-header-display":"","ast-hfb-above-header-display":"","ast-hfb-below-header-display":"","ast-hfb-mobile-header-display":"","site-post-title":"","ast-breadcrumbs-content":"","ast-featured-img":"","footer-sml-layout":"","ast-disable-related-posts":"","theme-transparent-header-meta":"default","adv-header-id-meta":"","stick-header-meta":"default","header-above-stick-meta":"","header-main-stick-meta":"","header-below-stick-meta":"","astra-migrate-meta-layouts":"default","ast-page-background-enabled":"default","ast-page-background-meta":{"desktop":{"background-color":"","background-image":"","background-repeat":"repeat","background-position":"center center","background-size":"auto","background-attachment":"scroll","background-type":"","background-media":"","overlay-type":"","overlay-color":"","overlay-opacity":"","overlay-gradient":""},"tablet":{"background-color":"","background-image":"","background-repeat":"repeat","background-position":"center center","background-size":"auto","background-attachment":"scroll","background-type":"","background-media":"","overlay-type":"","overlay-color":"","overlay-opacity":"","overlay-gradient":""},"mobile":{"background-color":"","background-image":"","background-repeat":"repeat","background-position":"center center","background-size":"auto","background-attachment":"scroll","background-type":"","background-media":"","overlay-type":"","overlay-color":"","overlay-opacity":"","overlay-gradient":""}},"ast-content-background-meta":{"desktop":{"background-color":"var(--ast-global-color-5)","background-image":"","background-repeat":"repeat","background-position":"center center","background-size":"auto","background-attachment":"scroll","background-type":"","background-media":"","overlay-type":"","overlay-color":"","overlay-opacity":"","overlay-gradient":""},"tablet":{"background-color":"var(--ast-global-color-5)","background-image":"","background-repeat":"repeat","background-position":"center center","background-size":"auto","background-attachment":"scroll","background-type":"","background-media":"","overlay-type":"","overlay-color":"","overlay-opacity":"","overlay-gradient":""},"mobile":{"background-color":"var(--ast-global-color-5)","background-image":"","background-repeat":"repeat","background-position":"center center","background-size":"auto","background-attachment":"scroll","background-type":"","background-media":"","overlay-type":"","overlay-color":"","overlay-opacity":"","overlay-gradient":""}},"footnotes":""},"categories":[5],"tags":[61,254,256,255,14,66,35,27,33,54],"class_list":["post-2700","post","type-post","status-publish","format-standard","hentry","category-blog","tag-certificado","tag-certificado-de-antiguedad","tag-certificado-de-georreferenciacion","tag-colmenar","tag-georeferenciacion","tag-gps","tag-malaga","tag-medicion","tag-parcela","tag-vivienda"],"yoast_head":"<!-- This site is optimized with the Yoast SEO Premium plugin v24.1 (Yoast SEO v27.4) - https:\/\/yoast.com\/product\/yoast-seo-premium-wordpress\/ -->\n<title>Top\u00f3grafo V\u00e9lez M\u00e1laga. Ingeniero topograf\u00eda medici\u00f3n fincas.<\/title>\n<meta name=\"description\" content=\"Top\u00f3grafo en Velez-M\u00e1laga.Servicios de topograf\u00eda en la axarqu\u00eda y M\u00e1laga.Medici\u00f3n de fincas,catastro,levantamiento topogr\u00e1ficos,segregaciones,replanteosn,drones,fotogrametr\u00eda,filmaci\u00f3n a\u00e9rea..\" \/>\n<meta name=\"robots\" content=\"index, follow, max-snippet:-1, max-image-preview:large, max-video-preview:-1\" \/>\n<link rel=\"canonical\" href=\"https:\/\/veleztopografia.com\/index.php\/2021\/02\/10\/topografo-en-colmenar-certificado-de-georreferenciacion-de-parcela-y-vivienda\/\" \/>\n<meta property=\"og:locale\" content=\"es_ES\" \/>\n<meta property=\"og:type\" content=\"article\" \/>\n<meta property=\"og:title\" content=\"Top\u00f3grafo en Colmenar: Certificado de georreferenciaci\u00f3n de parcela y vivienda.\" \/>\n<meta property=\"og:description\" content=\"Top\u00f3grafo en Velez-M\u00e1laga.Servicios de topograf\u00eda en la axarqu\u00eda y M\u00e1laga.Medici\u00f3n de fincas,catastro,levantamiento topogr\u00e1ficos,segregaciones,replanteosn,drones,fotogrametr\u00eda,filmaci\u00f3n a\u00e9rea..\" \/>\n<meta property=\"og:url\" content=\"https:\/\/veleztopografia.com\/index.php\/2021\/02\/10\/topografo-en-colmenar-certificado-de-georreferenciacion-de-parcela-y-vivienda\/\" \/>\n<meta property=\"og:site_name\" content=\"V\u00e9lez Topograf\u00eda\" \/>\n<meta property=\"article:publisher\" content=\"https:\/\/www.facebook.com\/veleztopografia\" \/>\n<meta property=\"article:published_time\" content=\"2021-02-10T18:26:16+00:00\" \/>\n<meta property=\"article:modified_time\" content=\"2021-02-11T08:26:53+00:00\" \/>\n<meta property=\"og:image\" content=\"http:\/\/veleztopografia.com\/wp-content\/uploads\/2021\/02\/IMG20210210104713-1024x750.jpg\" \/>\n<meta name=\"author\" content=\"amrtopomar@hotmail.com\" \/>\n<meta name=\"twitter:card\" content=\"summary_large_image\" \/>\n<meta name=\"twitter:creator\" content=\"@alvaro_manen\" \/>\n<meta name=\"twitter:site\" content=\"@alvaro_manen\" \/>\n<meta name=\"twitter:label1\" content=\"Escrito por\" \/>\n\t<meta name=\"twitter:data1\" content=\"amrtopomar@hotmail.com\" \/>\n\t<meta name=\"twitter:label2\" content=\"Tiempo de lectura\" \/>\n\t<meta name=\"twitter:data2\" content=\"2 minutos\" \/>\n<script type=\"application\/ld+json\" class=\"yoast-schema-graph\">{\"@context\":\"https:\\\/\\\/schema.org\",\"@graph\":[{\"@type\":\"Article\",\"@id\":\"https:\\\/\\\/veleztopografia.com\\\/index.php\\\/2021\\\/02\\\/10\\\/topografo-en-colmenar-certificado-de-georreferenciacion-de-parcela-y-vivienda\\\/#article\",\"isPartOf\":{\"@id\":\"https:\\\/\\\/veleztopografia.com\\\/index.php\\\/2021\\\/02\\\/10\\\/topografo-en-colmenar-certificado-de-georreferenciacion-de-parcela-y-vivienda\\\/\"},\"author\":{\"name\":\"amrtopomar@hotmail.com\",\"@id\":\"http:\\\/\\\/veleztopografia.com\\\/#\\\/schema\\\/person\\\/f77ff7cee140d8850a0f97fd34ac2601\"},\"headline\":\"Top\u00f3grafo en Colmenar: Certificado de georreferenciaci\u00f3n de parcela y vivienda.\",\"datePublished\":\"2021-02-10T18:26:16+00:00\",\"dateModified\":\"2021-02-11T08:26:53+00:00\",\"mainEntityOfPage\":{\"@id\":\"https:\\\/\\\/veleztopografia.com\\\/index.php\\\/2021\\\/02\\\/10\\\/topografo-en-colmenar-certificado-de-georreferenciacion-de-parcela-y-vivienda\\\/\"},\"wordCount\":239,\"commentCount\":0,\"publisher\":{\"@id\":\"http:\\\/\\\/veleztopografia.com\\\/#organization\"},\"image\":{\"@id\":\"https:\\\/\\\/veleztopografia.com\\\/index.php\\\/2021\\\/02\\\/10\\\/topografo-en-colmenar-certificado-de-georreferenciacion-de-parcela-y-vivienda\\\/#primaryimage\"},\"thumbnailUrl\":\"http:\\\/\\\/veleztopografia.com\\\/wp-content\\\/uploads\\\/2021\\\/02\\\/IMG20210210104713-1024x750.jpg\",\"keywords\":[\"certificado\",\"certificado de antiguedad\",\"certificado de georreferenciacion\",\"colmenar\",\"georeferenciacion\",\"gps\",\"malaga\",\"medicion\",\"parcela\",\"vivienda\"],\"articleSection\":[\"Blog\"],\"inLanguage\":\"es\",\"potentialAction\":[{\"@type\":\"CommentAction\",\"name\":\"Comment\",\"target\":[\"https:\\\/\\\/veleztopografia.com\\\/index.php\\\/2021\\\/02\\\/10\\\/topografo-en-colmenar-certificado-de-georreferenciacion-de-parcela-y-vivienda\\\/#respond\"]}]},{\"@type\":\"WebPage\",\"@id\":\"https:\\\/\\\/veleztopografia.com\\\/index.php\\\/2021\\\/02\\\/10\\\/topografo-en-colmenar-certificado-de-georreferenciacion-de-parcela-y-vivienda\\\/\",\"url\":\"https:\\\/\\\/veleztopografia.com\\\/index.php\\\/2021\\\/02\\\/10\\\/topografo-en-colmenar-certificado-de-georreferenciacion-de-parcela-y-vivienda\\\/\",\"name\":\"Top\u00f3grafo V\u00e9lez M\u00e1laga. Ingeniero topograf\u00eda medici\u00f3n fincas.\",\"isPartOf\":{\"@id\":\"http:\\\/\\\/veleztopografia.com\\\/#website\"},\"primaryImageOfPage\":{\"@id\":\"https:\\\/\\\/veleztopografia.com\\\/index.php\\\/2021\\\/02\\\/10\\\/topografo-en-colmenar-certificado-de-georreferenciacion-de-parcela-y-vivienda\\\/#primaryimage\"},\"image\":{\"@id\":\"https:\\\/\\\/veleztopografia.com\\\/index.php\\\/2021\\\/02\\\/10\\\/topografo-en-colmenar-certificado-de-georreferenciacion-de-parcela-y-vivienda\\\/#primaryimage\"},\"thumbnailUrl\":\"http:\\\/\\\/veleztopografia.com\\\/wp-content\\\/uploads\\\/2021\\\/02\\\/IMG20210210104713-1024x750.jpg\",\"datePublished\":\"2021-02-10T18:26:16+00:00\",\"dateModified\":\"2021-02-11T08:26:53+00:00\",\"description\":\"Top\u00f3grafo en Velez-M\u00e1laga.Servicios de topograf\u00eda en la axarqu\u00eda y M\u00e1laga.Medici\u00f3n de fincas,catastro,levantamiento topogr\u00e1ficos,segregaciones,replanteosn,drones,fotogrametr\u00eda,filmaci\u00f3n a\u00e9rea..\",\"breadcrumb\":{\"@id\":\"https:\\\/\\\/veleztopografia.com\\\/index.php\\\/2021\\\/02\\\/10\\\/topografo-en-colmenar-certificado-de-georreferenciacion-de-parcela-y-vivienda\\\/#breadcrumb\"},\"inLanguage\":\"es\",\"potentialAction\":[{\"@type\":\"ReadAction\",\"target\":[\"https:\\\/\\\/veleztopografia.com\\\/index.php\\\/2021\\\/02\\\/10\\\/topografo-en-colmenar-certificado-de-georreferenciacion-de-parcela-y-vivienda\\\/\"]}]},{\"@type\":\"ImageObject\",\"inLanguage\":\"es\",\"@id\":\"https:\\\/\\\/veleztopografia.com\\\/index.php\\\/2021\\\/02\\\/10\\\/topografo-en-colmenar-certificado-de-georreferenciacion-de-parcela-y-vivienda\\\/#primaryimage\",\"url\":\"https:\\\/\\\/veleztopografia.com\\\/wp-content\\\/uploads\\\/2021\\\/02\\\/IMG20210210104713.jpg\",\"contentUrl\":\"https:\\\/\\\/veleztopografia.com\\\/wp-content\\\/uploads\\\/2021\\\/02\\\/IMG20210210104713.jpg\",\"width\":2000,\"height\":1465,\"caption\":\"certificado de georreferenciacion en colmenar\"},{\"@type\":\"BreadcrumbList\",\"@id\":\"https:\\\/\\\/veleztopografia.com\\\/index.php\\\/2021\\\/02\\\/10\\\/topografo-en-colmenar-certificado-de-georreferenciacion-de-parcela-y-vivienda\\\/#breadcrumb\",\"itemListElement\":[{\"@type\":\"ListItem\",\"position\":1,\"name\":\"Portada\",\"item\":\"http:\\\/\\\/veleztopografia.com\\\/\"},{\"@type\":\"ListItem\",\"position\":2,\"name\":\"Top\u00f3grafo en Colmenar: Certificado de georreferenciaci\u00f3n de parcela y vivienda.\"}]},{\"@type\":\"WebSite\",\"@id\":\"http:\\\/\\\/veleztopografia.com\\\/#website\",\"url\":\"http:\\\/\\\/veleztopografia.com\\\/\",\"name\":\"V\u00e9lez Topograf\u00eda\",\"description\":\"Top\u00f3grafo de V\u00e9lez-M\u00e1laga. Servicios de topografia en la Axarqu\u00eda y M\u00e1laga.Medici\u00f3n de fincas,catastro,validacion gr\u00e1fica,etc..\",\"publisher\":{\"@id\":\"http:\\\/\\\/veleztopografia.com\\\/#organization\"},\"potentialAction\":[{\"@type\":\"SearchAction\",\"target\":{\"@type\":\"EntryPoint\",\"urlTemplate\":\"http:\\\/\\\/veleztopografia.com\\\/?s={search_term_string}\"},\"query-input\":{\"@type\":\"PropertyValueSpecification\",\"valueRequired\":true,\"valueName\":\"search_term_string\"}}],\"inLanguage\":\"es\"},{\"@type\":\"Organization\",\"@id\":\"http:\\\/\\\/veleztopografia.com\\\/#organization\",\"name\":\"V\u00e9lez Topograf\u00eda\",\"url\":\"http:\\\/\\\/veleztopografia.com\\\/\",\"logo\":{\"@type\":\"ImageObject\",\"inLanguage\":\"es\",\"@id\":\"http:\\\/\\\/veleztopografia.com\\\/#\\\/schema\\\/logo\\\/image\\\/\",\"url\":\"https:\\\/\\\/i0.wp.com\\\/veleztopografia.com\\\/wp-content\\\/uploads\\\/2019\\\/12\\\/LOGO-VELEZTOPOGRAFIA200-1.jpg?fit=400%2C200&ssl=1\",\"contentUrl\":\"https:\\\/\\\/i0.wp.com\\\/veleztopografia.com\\\/wp-content\\\/uploads\\\/2019\\\/12\\\/LOGO-VELEZTOPOGRAFIA200-1.jpg?fit=400%2C200&ssl=1\",\"width\":400,\"height\":200,\"caption\":\"V\u00e9lez Topograf\u00eda\"},\"image\":{\"@id\":\"http:\\\/\\\/veleztopografia.com\\\/#\\\/schema\\\/logo\\\/image\\\/\"},\"sameAs\":[\"https:\\\/\\\/www.facebook.com\\\/veleztopografia\",\"https:\\\/\\\/x.com\\\/alvaro_manen\",\"https:\\\/\\\/www.instagram.com\\\/alvaromanen\\\/\",\"https:\\\/\\\/www.linkedin.com\\\/in\\\/alvaro-manen-0a7b9a4b\\\/\",\"https:\\\/\\\/www.youtube.com\\\/channel\\\/UCBbmXfa52pAGpmufiMrR3qg\\\/videos\"]},{\"@type\":\"Person\",\"@id\":\"http:\\\/\\\/veleztopografia.com\\\/#\\\/schema\\\/person\\\/f77ff7cee140d8850a0f97fd34ac2601\",\"name\":\"amrtopomar@hotmail.com\",\"image\":{\"@type\":\"ImageObject\",\"inLanguage\":\"es\",\"@id\":\"https:\\\/\\\/secure.gravatar.com\\\/avatar\\\/1bebd10f775e886b97b35c18576a9d2e6b841c3f4b4f048fc10ffb01eb083731?s=96&d=mm&r=g\",\"url\":\"https:\\\/\\\/secure.gravatar.com\\\/avatar\\\/1bebd10f775e886b97b35c18576a9d2e6b841c3f4b4f048fc10ffb01eb083731?s=96&d=mm&r=g\",\"contentUrl\":\"https:\\\/\\\/secure.gravatar.com\\\/avatar\\\/1bebd10f775e886b97b35c18576a9d2e6b841c3f4b4f048fc10ffb01eb083731?s=96&d=mm&r=g\",\"caption\":\"amrtopomar@hotmail.com\"}}]}<\/script>\n<!-- \/ Yoast SEO Premium plugin. -->","yoast_head_json":{"title":"Top\u00f3grafo V\u00e9lez M\u00e1laga. Ingeniero topograf\u00eda medici\u00f3n fincas.","description":"Top\u00f3grafo en Velez-M\u00e1laga.Servicios de topograf\u00eda en la axarqu\u00eda y M\u00e1laga.Medici\u00f3n de fincas,catastro,levantamiento topogr\u00e1ficos,segregaciones,replanteosn,drones,fotogrametr\u00eda,filmaci\u00f3n a\u00e9rea..","robots":{"index":"index","follow":"follow","max-snippet":"max-snippet:-1","max-image-preview":"max-image-preview:large","max-video-preview":"max-video-preview:-1"},"canonical":"https:\/\/veleztopografia.com\/index.php\/2021\/02\/10\/topografo-en-colmenar-certificado-de-georreferenciacion-de-parcela-y-vivienda\/","og_locale":"es_ES","og_type":"article","og_title":"Top\u00f3grafo en Colmenar: Certificado de georreferenciaci\u00f3n de parcela y vivienda.","og_description":"Top\u00f3grafo en Velez-M\u00e1laga.Servicios de topograf\u00eda en la axarqu\u00eda y M\u00e1laga.Medici\u00f3n de fincas,catastro,levantamiento topogr\u00e1ficos,segregaciones,replanteosn,drones,fotogrametr\u00eda,filmaci\u00f3n a\u00e9rea..","og_url":"https:\/\/veleztopografia.com\/index.php\/2021\/02\/10\/topografo-en-colmenar-certificado-de-georreferenciacion-de-parcela-y-vivienda\/","og_site_name":"V\u00e9lez Topograf\u00eda","article_publisher":"https:\/\/www.facebook.com\/veleztopografia","article_published_time":"2021-02-10T18:26:16+00:00","article_modified_time":"2021-02-11T08:26:53+00:00","og_image":[{"url":"http:\/\/veleztopografia.com\/wp-content\/uploads\/2021\/02\/IMG20210210104713-1024x750.jpg","type":"","width":"","height":""}],"author":"amrtopomar@hotmail.com","twitter_card":"summary_large_image","twitter_creator":"@alvaro_manen","twitter_site":"@alvaro_manen","twitter_misc":{"Escrito por":"amrtopomar@hotmail.com","Tiempo de lectura":"2 minutos"},"schema":{"@context":"https:\/\/schema.org","@graph":[{"@type":"Article","@id":"https:\/\/veleztopografia.com\/index.php\/2021\/02\/10\/topografo-en-colmenar-certificado-de-georreferenciacion-de-parcela-y-vivienda\/#article","isPartOf":{"@id":"https:\/\/veleztopografia.com\/index.php\/2021\/02\/10\/topografo-en-colmenar-certificado-de-georreferenciacion-de-parcela-y-vivienda\/"},"author":{"name":"amrtopomar@hotmail.com","@id":"http:\/\/veleztopografia.com\/#\/schema\/person\/f77ff7cee140d8850a0f97fd34ac2601"},"headline":"Top\u00f3grafo en Colmenar: Certificado de georreferenciaci\u00f3n de parcela y vivienda.","datePublished":"2021-02-10T18:26:16+00:00","dateModified":"2021-02-11T08:26:53+00:00","mainEntityOfPage":{"@id":"https:\/\/veleztopografia.com\/index.php\/2021\/02\/10\/topografo-en-colmenar-certificado-de-georreferenciacion-de-parcela-y-vivienda\/"},"wordCount":239,"commentCount":0,"publisher":{"@id":"http:\/\/veleztopografia.com\/#organization"},"image":{"@id":"https:\/\/veleztopografia.com\/index.php\/2021\/02\/10\/topografo-en-colmenar-certificado-de-georreferenciacion-de-parcela-y-vivienda\/#primaryimage"},"thumbnailUrl":"http:\/\/veleztopografia.com\/wp-content\/uploads\/2021\/02\/IMG20210210104713-1024x750.jpg","keywords":["certificado","certificado de antiguedad","certificado de georreferenciacion","colmenar","georeferenciacion","gps","malaga","medicion","parcela","vivienda"],"articleSection":["Blog"],"inLanguage":"es","potentialAction":[{"@type":"CommentAction","name":"Comment","target":["https:\/\/veleztopografia.com\/index.php\/2021\/02\/10\/topografo-en-colmenar-certificado-de-georreferenciacion-de-parcela-y-vivienda\/#respond"]}]},{"@type":"WebPage","@id":"https:\/\/veleztopografia.com\/index.php\/2021\/02\/10\/topografo-en-colmenar-certificado-de-georreferenciacion-de-parcela-y-vivienda\/","url":"https:\/\/veleztopografia.com\/index.php\/2021\/02\/10\/topografo-en-colmenar-certificado-de-georreferenciacion-de-parcela-y-vivienda\/","name":"Top\u00f3grafo V\u00e9lez M\u00e1laga. Ingeniero topograf\u00eda medici\u00f3n fincas.","isPartOf":{"@id":"http:\/\/veleztopografia.com\/#website"},"primaryImageOfPage":{"@id":"https:\/\/veleztopografia.com\/index.php\/2021\/02\/10\/topografo-en-colmenar-certificado-de-georreferenciacion-de-parcela-y-vivienda\/#primaryimage"},"image":{"@id":"https:\/\/veleztopografia.com\/index.php\/2021\/02\/10\/topografo-en-colmenar-certificado-de-georreferenciacion-de-parcela-y-vivienda\/#primaryimage"},"thumbnailUrl":"http:\/\/veleztopografia.com\/wp-content\/uploads\/2021\/02\/IMG20210210104713-1024x750.jpg","datePublished":"2021-02-10T18:26:16+00:00","dateModified":"2021-02-11T08:26:53+00:00","description":"Top\u00f3grafo en Velez-M\u00e1laga.Servicios de topograf\u00eda en la axarqu\u00eda y M\u00e1laga.Medici\u00f3n de fincas,catastro,levantamiento topogr\u00e1ficos,segregaciones,replanteosn,drones,fotogrametr\u00eda,filmaci\u00f3n a\u00e9rea..","breadcrumb":{"@id":"https:\/\/veleztopografia.com\/index.php\/2021\/02\/10\/topografo-en-colmenar-certificado-de-georreferenciacion-de-parcela-y-vivienda\/#breadcrumb"},"inLanguage":"es","potentialAction":[{"@type":"ReadAction","target":["https:\/\/veleztopografia.com\/index.php\/2021\/02\/10\/topografo-en-colmenar-certificado-de-georreferenciacion-de-parcela-y-vivienda\/"]}]},{"@type":"ImageObject","inLanguage":"es","@id":"https:\/\/veleztopografia.com\/index.php\/2021\/02\/10\/topografo-en-colmenar-certificado-de-georreferenciacion-de-parcela-y-vivienda\/#primaryimage","url":"https:\/\/veleztopografia.com\/wp-content\/uploads\/2021\/02\/IMG20210210104713.jpg","contentUrl":"https:\/\/veleztopografia.com\/wp-content\/uploads\/2021\/02\/IMG20210210104713.jpg","width":2000,"height":1465,"caption":"certificado de georreferenciacion en colmenar"},{"@type":"BreadcrumbList","@id":"https:\/\/veleztopografia.com\/index.php\/2021\/02\/10\/topografo-en-colmenar-certificado-de-georreferenciacion-de-parcela-y-vivienda\/#breadcrumb","itemListElement":[{"@type":"ListItem","position":1,"name":"Portada","item":"http:\/\/veleztopografia.com\/"},{"@type":"ListItem","position":2,"name":"Top\u00f3grafo en Colmenar: Certificado de georreferenciaci\u00f3n de parcela y vivienda."}]},{"@type":"WebSite","@id":"http:\/\/veleztopografia.com\/#website","url":"http:\/\/veleztopografia.com\/","name":"V\u00e9lez Topograf\u00eda","description":"Top\u00f3grafo de V\u00e9lez-M\u00e1laga. Servicios de topografia en la Axarqu\u00eda y M\u00e1laga.Medici\u00f3n de fincas,catastro,validacion gr\u00e1fica,etc..","publisher":{"@id":"http:\/\/veleztopografia.com\/#organization"},"potentialAction":[{"@type":"SearchAction","target":{"@type":"EntryPoint","urlTemplate":"http:\/\/veleztopografia.com\/?s={search_term_string}"},"query-input":{"@type":"PropertyValueSpecification","valueRequired":true,"valueName":"search_term_string"}}],"inLanguage":"es"},{"@type":"Organization","@id":"http:\/\/veleztopografia.com\/#organization","name":"V\u00e9lez Topograf\u00eda","url":"http:\/\/veleztopografia.com\/","logo":{"@type":"ImageObject","inLanguage":"es","@id":"http:\/\/veleztopografia.com\/#\/schema\/logo\/image\/","url":"https:\/\/i0.wp.com\/veleztopografia.com\/wp-content\/uploads\/2019\/12\/LOGO-VELEZTOPOGRAFIA200-1.jpg?fit=400%2C200&ssl=1","contentUrl":"https:\/\/i0.wp.com\/veleztopografia.com\/wp-content\/uploads\/2019\/12\/LOGO-VELEZTOPOGRAFIA200-1.jpg?fit=400%2C200&ssl=1","width":400,"height":200,"caption":"V\u00e9lez Topograf\u00eda"},"image":{"@id":"http:\/\/veleztopografia.com\/#\/schema\/logo\/image\/"},"sameAs":["https:\/\/www.facebook.com\/veleztopografia","https:\/\/x.com\/alvaro_manen","https:\/\/www.instagram.com\/alvaromanen\/","https:\/\/www.linkedin.com\/in\/alvaro-manen-0a7b9a4b\/","https:\/\/www.youtube.com\/channel\/UCBbmXfa52pAGpmufiMrR3qg\/videos"]},{"@type":"Person","@id":"http:\/\/veleztopografia.com\/#\/schema\/person\/f77ff7cee140d8850a0f97fd34ac2601","name":"amrtopomar@hotmail.com","image":{"@type":"ImageObject","inLanguage":"es","@id":"https:\/\/secure.gravatar.com\/avatar\/1bebd10f775e886b97b35c18576a9d2e6b841c3f4b4f048fc10ffb01eb083731?s=96&d=mm&r=g","url":"https:\/\/secure.gravatar.com\/avatar\/1bebd10f775e886b97b35c18576a9d2e6b841c3f4b4f048fc10ffb01eb083731?s=96&d=mm&r=g","contentUrl":"https:\/\/secure.gravatar.com\/avatar\/1bebd10f775e886b97b35c18576a9d2e6b841c3f4b4f048fc10ffb01eb083731?s=96&d=mm&r=g","caption":"amrtopomar@hotmail.com"}}]}},"uagb_featured_image_src":{"full":false,"thumbnail":false,"medium":false,"medium_large":false,"large":false,"1536x1536":false,"2048x2048":false,"wpvr_mobile":false},"uagb_author_info":{"display_name":"amrtopomar@hotmail.com","author_link":"https:\/\/veleztopografia.com\/index.php\/author\/amrtopomarhotmail-com\/"},"uagb_comment_info":0,"uagb_excerpt":"Nuestro cliente desea comprar una vivienda pero se a paralizado el expediente de compra por parte del notario porque necesita un Certificado de Coordenadas Georreferenciadas de la vivienda. Por este motivo hemos realizado la medici\u00f3n de la parcela en Colmenar, la cual alberga una construcci\u00f3n que tambi\u00e9n hemos medido. Nuestro servicio como top\u00f3grafo en Colmenar,&hellip;","_links":{"self":[{"href":"https:\/\/veleztopografia.com\/index.php\/wp-json\/wp\/v2\/posts\/2700","targetHints":{"allow":["GET"]}}],"collection":[{"href":"https:\/\/veleztopografia.com\/index.php\/wp-json\/wp\/v2\/posts"}],"about":[{"href":"https:\/\/veleztopografia.com\/index.php\/wp-json\/wp\/v2\/types\/post"}],"author":[{"embeddable":true,"href":"https:\/\/veleztopografia.com\/index.php\/wp-json\/wp\/v2\/users\/1"}],"replies":[{"embeddable":true,"href":"https:\/\/veleztopografia.com\/index.php\/wp-json\/wp\/v2\/comments?post=2700"}],"version-history":[{"count":3,"href":"https:\/\/veleztopografia.com\/index.php\/wp-json\/wp\/v2\/posts\/2700\/revisions"}],"predecessor-version":[{"id":2707,"href":"https:\/\/veleztopografia.com\/index.php\/wp-json\/wp\/v2\/posts\/2700\/revisions\/2707"}],"wp:attachment":[{"href":"https:\/\/veleztopografia.com\/index.php\/wp-json\/wp\/v2\/media?parent=2700"}],"wp:term":[{"taxonomy":"category","embeddable":true,"href":"https:\/\/veleztopografia.com\/index.php\/wp-json\/wp\/v2\/categories?post=2700"},{"taxonomy":"post_tag","embeddable":true,"href":"https:\/\/veleztopografia.com\/index.php\/wp-json\/wp\/v2\/tags?post=2700"}],"curies":[{"name":"wp","href":"https:\/\/api.w.org\/{rel}","templated":true}]}}