{"id":2649,"date":"2021-01-11T18:53:05","date_gmt":"2021-01-11T18:53:05","guid":{"rendered":"http:\/\/veleztopografia.com\/?p=2649"},"modified":"2021-01-11T18:53:41","modified_gmt":"2021-01-11T18:53:41","slug":"medicion-de-parcela-en-rincon-de-la-victoria-malaga-2","status":"publish","type":"post","link":"https:\/\/veleztopografia.com\/index.php\/2021\/01\/11\/medicion-de-parcela-en-rincon-de-la-victoria-malaga-2\/","title":{"rendered":"Medici\u00f3n de parcela en Rinc\u00f3n de la Victoria, M\u00e1laga"},"content":{"rendered":"\n<figure class=\"wp-block-gallery columns-1 is-cropped wp-block-gallery-2 is-layout-flex wp-block-gallery-is-layout-flex\"><ul class=\"blocks-gallery-grid\"><li class=\"blocks-gallery-item\"><figure><img fetchpriority=\"high\" decoding=\"async\" width=\"1024\" height=\"461\" src=\"https:\/\/veleztopografia.com\/wp-content\/uploads\/2021\/01\/PANO_20201222_103041-1024x461.jpg\" alt=\"PANO 20201222 103041\" data-id=\"2650\" data-full-url=\"https:\/\/veleztopografia.com\/wp-content\/uploads\/2021\/01\/PANO_20201222_103041.jpg\" data-link=\"https:\/\/veleztopografia.com\/?attachment_id=2650\" class=\"wp-image-2650\" srcset=\"https:\/\/veleztopografia.com\/wp-content\/uploads\/2021\/01\/PANO_20201222_103041-1024x461.jpg 1024w, https:\/\/veleztopografia.com\/wp-content\/uploads\/2021\/01\/PANO_20201222_103041-300x135.jpg 300w, https:\/\/veleztopografia.com\/wp-content\/uploads\/2021\/01\/PANO_20201222_103041-768x346.jpg 768w, https:\/\/veleztopografia.com\/wp-content\/uploads\/2021\/01\/PANO_20201222_103041-1536x691.jpg 1536w, https:\/\/veleztopografia.com\/wp-content\/uploads\/2021\/01\/PANO_20201222_103041.jpg 2000w\" sizes=\"(max-width: 1024px) 100vw, 1024px\" \/><\/figure><\/li><\/ul><\/figure>\n\n\n\n<p>Volvemos a escasos  metros de  un trabajo que realizamos hace unos meses, para realizar un <strong>levantamiento topogr\u00e1fico de detalle<\/strong> de una<strong> parcela urbana<\/strong> situada en<strong> Rinc\u00f3n de la Victoria,M\u00e1laga.<\/strong><\/p>\n\n\n\n<p>La parcela presenta desniveles considerables superiores a e metros por  lo que a la hora de realizar el proyecto se ha de mirar con detenemiento los movimiento de tierras a realizar.<\/p>\n\n\n\n<p>Tras la <strong>medici\u00f3n de la parcela en Rinc\u00f3n de la Victoria,<\/strong> comprobamos que contiene los metros cuadrados suficientes para poder edificar en la misma y nuestro cliente vea cumplido uno de sus sue\u00f1os.<\/p>\n\n\n\n<p>En<strong> V\u00e9lez Topograf\u00eda<\/strong> realizamos todo tipo de t<strong>rabajos de topograf\u00eda en toda M\u00e1laga<\/strong> y el resto del territorio nacional.<\/p>\n\n\n\n<figure class=\"wp-block-gallery columns-2 wp-block-gallery-3 is-layout-flex wp-block-gallery-is-layout-flex\"><ul class=\"blocks-gallery-grid\"><li class=\"blocks-gallery-item\"><figure><img decoding=\"async\" width=\"769\" height=\"1024\" src=\"https:\/\/veleztopografia.com\/wp-content\/uploads\/2021\/01\/IMG_20201222_093220-769x1024.jpg\" alt=\"IMG 20201222 093220\" data-id=\"2651\" data-full-url=\"https:\/\/veleztopografia.com\/wp-content\/uploads\/2021\/01\/IMG_20201222_093220.jpg\" data-link=\"https:\/\/veleztopografia.com\/?attachment_id=2651\" class=\"wp-image-2651\" srcset=\"https:\/\/veleztopografia.com\/wp-content\/uploads\/2021\/01\/IMG_20201222_093220-769x1024.jpg 769w, https:\/\/veleztopografia.com\/wp-content\/uploads\/2021\/01\/IMG_20201222_093220-225x300.jpg 225w, https:\/\/veleztopografia.com\/wp-content\/uploads\/2021\/01\/IMG_20201222_093220-768x1023.jpg 768w, https:\/\/veleztopografia.com\/wp-content\/uploads\/2021\/01\/IMG_20201222_093220-1154x1536.jpg 1154w, https:\/\/veleztopografia.com\/wp-content\/uploads\/2021\/01\/IMG_20201222_093220.jpg 1502w\" sizes=\"(max-width: 769px) 100vw, 769px\" \/><\/figure><\/li><li class=\"blocks-gallery-item\"><figure><img decoding=\"async\" width=\"1024\" height=\"769\" src=\"https:\/\/veleztopografia.com\/wp-content\/uploads\/2021\/01\/IMG_20201222_100618-1024x769.jpg\" alt=\"IMG 20201222 100618\" data-id=\"2652\" data-full-url=\"https:\/\/veleztopografia.com\/wp-content\/uploads\/2021\/01\/IMG_20201222_100618.jpg\" data-link=\"https:\/\/veleztopografia.com\/?attachment_id=2652\" class=\"wp-image-2652\" srcset=\"https:\/\/veleztopografia.com\/wp-content\/uploads\/2021\/01\/IMG_20201222_100618-1024x769.jpg 1024w, https:\/\/veleztopografia.com\/wp-content\/uploads\/2021\/01\/IMG_20201222_100618-300x225.jpg 300w, https:\/\/veleztopografia.com\/wp-content\/uploads\/2021\/01\/IMG_20201222_100618-768x577.jpg 768w, https:\/\/veleztopografia.com\/wp-content\/uploads\/2021\/01\/IMG_20201222_100618-1536x1154.jpg 1536w, https:\/\/veleztopografia.com\/wp-content\/uploads\/2021\/01\/IMG_20201222_100618.jpg 2000w\" sizes=\"(max-width: 1024px) 100vw, 1024px\" \/><\/figure><\/li><\/ul><\/figure>\n\n\n\n<p><\/p>\n\n\n\n<p><\/p>\n","protected":false},"excerpt":{"rendered":"<p>Volvemos a escasos metros de un trabajo que realizamos hace unos meses, para realizar un levantamiento topogr\u00e1fico de detalle de una parcela urbana situada en Rinc\u00f3n de la Victoria,M\u00e1laga. La parcela presenta desniveles considerables superiores a e metros por lo que a la hora de realizar el proyecto se ha de mirar con detenemiento los [&hellip;]<\/p>\n","protected":false},"author":1,"featured_media":0,"comment_status":"open","ping_status":"open","sticky":false,"template":"","format":"standard","meta":{"_uag_custom_page_level_css":"","_monsterinsights_skip_tracking":false,"_monsterinsights_sitenote_active":false,"_monsterinsights_sitenote_note":"","_monsterinsights_sitenote_category":0,"site-sidebar-layout":"default","site-content-layout":"default","ast-site-content-layout":"default","site-content-style":"default","site-sidebar-style":"default","ast-global-header-display":"","ast-banner-title-visibility":"","ast-main-header-display":"","ast-hfb-above-header-display":"","ast-hfb-below-header-display":"","ast-hfb-mobile-header-display":"","site-post-title":"","ast-breadcrumbs-content":"","ast-featured-img":"","footer-sml-layout":"","ast-disable-related-posts":"","theme-transparent-header-meta":"default","adv-header-id-meta":"","stick-header-meta":"default","header-above-stick-meta":"","header-main-stick-meta":"","header-below-stick-meta":"","astra-migrate-meta-layouts":"default","ast-page-background-enabled":"default","ast-page-background-meta":{"desktop":{"background-color":"","background-image":"","background-repeat":"repeat","background-position":"center center","background-size":"auto","background-attachment":"scroll","background-type":"","background-media":"","overlay-type":"","overlay-color":"","overlay-opacity":"","overlay-gradient":""},"tablet":{"background-color":"","background-image":"","background-repeat":"repeat","background-position":"center center","background-size":"auto","background-attachment":"scroll","background-type":"","background-media":"","overlay-type":"","overlay-color":"","overlay-opacity":"","overlay-gradient":""},"mobile":{"background-color":"","background-image":"","background-repeat":"repeat","background-position":"center center","background-size":"auto","background-attachment":"scroll","background-type":"","background-media":"","overlay-type":"","overlay-color":"","overlay-opacity":"","overlay-gradient":""}},"ast-content-background-meta":{"desktop":{"background-color":"var(--ast-global-color-5)","background-image":"","background-repeat":"repeat","background-position":"center center","background-size":"auto","background-attachment":"scroll","background-type":"","background-media":"","overlay-type":"","overlay-color":"","overlay-opacity":"","overlay-gradient":""},"tablet":{"background-color":"var(--ast-global-color-5)","background-image":"","background-repeat":"repeat","background-position":"center center","background-size":"auto","background-attachment":"scroll","background-type":"","background-media":"","overlay-type":"","overlay-color":"","overlay-opacity":"","overlay-gradient":""},"mobile":{"background-color":"var(--ast-global-color-5)","background-image":"","background-repeat":"repeat","background-position":"center center","background-size":"auto","background-attachment":"scroll","background-type":"","background-media":"","overlay-type":"","overlay-color":"","overlay-opacity":"","overlay-gradient":""}},"footnotes":""},"categories":[5],"tags":[66,144,79,27,34,50],"class_list":["post-2649","post","type-post","status-publish","format-standard","hentry","category-blog","tag-gps","tag-leica","tag-levantamiento-topografico","tag-medicion","tag-rincon-de-la-victoria","tag-urbana"],"yoast_head":"<!-- This site is optimized with the Yoast SEO Premium plugin v24.1 (Yoast SEO v27.4) - https:\/\/yoast.com\/product\/yoast-seo-premium-wordpress\/ -->\n<title>Top\u00f3grafo V\u00e9lez M\u00e1laga. Ingeniero topograf\u00eda medici\u00f3n fincas.<\/title>\n<meta name=\"description\" content=\"Top\u00f3grafo en Velez-M\u00e1laga.Servicios de topograf\u00eda en la axarqu\u00eda y M\u00e1laga.Medici\u00f3n de fincas,catastro,levantamiento topogr\u00e1ficos,segregaciones,replanteosn,drones,fotogrametr\u00eda,filmaci\u00f3n a\u00e9rea..\" \/>\n<meta name=\"robots\" content=\"index, follow, max-snippet:-1, max-image-preview:large, max-video-preview:-1\" \/>\n<link rel=\"canonical\" href=\"https:\/\/veleztopografia.com\/index.php\/2021\/01\/11\/medicion-de-parcela-en-rincon-de-la-victoria-malaga-2\/\" \/>\n<meta property=\"og:locale\" content=\"es_ES\" \/>\n<meta property=\"og:type\" content=\"article\" \/>\n<meta property=\"og:title\" content=\"Medici\u00f3n de parcela en Rinc\u00f3n de la Victoria, M\u00e1laga\" \/>\n<meta property=\"og:description\" content=\"Top\u00f3grafo en Velez-M\u00e1laga.Servicios de topograf\u00eda en la axarqu\u00eda y M\u00e1laga.Medici\u00f3n de fincas,catastro,levantamiento topogr\u00e1ficos,segregaciones,replanteosn,drones,fotogrametr\u00eda,filmaci\u00f3n a\u00e9rea..\" \/>\n<meta property=\"og:url\" content=\"https:\/\/veleztopografia.com\/index.php\/2021\/01\/11\/medicion-de-parcela-en-rincon-de-la-victoria-malaga-2\/\" \/>\n<meta property=\"og:site_name\" content=\"V\u00e9lez Topograf\u00eda\" \/>\n<meta property=\"article:publisher\" content=\"https:\/\/www.facebook.com\/veleztopografia\" \/>\n<meta property=\"article:published_time\" content=\"2021-01-11T18:53:05+00:00\" \/>\n<meta property=\"article:modified_time\" content=\"2021-01-11T18:53:41+00:00\" \/>\n<meta property=\"og:image\" content=\"https:\/\/veleztopografia.com\/wp-content\/uploads\/2021\/01\/PANO_20201222_103041-1024x461.jpg\" \/>\n<meta name=\"author\" content=\"amrtopomar@hotmail.com\" \/>\n<meta name=\"twitter:card\" content=\"summary_large_image\" \/>\n<meta name=\"twitter:creator\" content=\"@alvaro_manen\" \/>\n<meta name=\"twitter:site\" content=\"@alvaro_manen\" \/>\n<meta name=\"twitter:label1\" content=\"Escrito por\" \/>\n\t<meta name=\"twitter:data1\" content=\"amrtopomar@hotmail.com\" \/>\n\t<meta name=\"twitter:label2\" content=\"Tiempo de lectura\" \/>\n\t<meta name=\"twitter:data2\" content=\"1 minuto\" \/>\n<script type=\"application\/ld+json\" class=\"yoast-schema-graph\">{\"@context\":\"https:\\\/\\\/schema.org\",\"@graph\":[{\"@type\":\"Article\",\"@id\":\"https:\\\/\\\/veleztopografia.com\\\/index.php\\\/2021\\\/01\\\/11\\\/medicion-de-parcela-en-rincon-de-la-victoria-malaga-2\\\/#article\",\"isPartOf\":{\"@id\":\"https:\\\/\\\/veleztopografia.com\\\/index.php\\\/2021\\\/01\\\/11\\\/medicion-de-parcela-en-rincon-de-la-victoria-malaga-2\\\/\"},\"author\":{\"name\":\"amrtopomar@hotmail.com\",\"@id\":\"http:\\\/\\\/veleztopografia.com\\\/#\\\/schema\\\/person\\\/f77ff7cee140d8850a0f97fd34ac2601\"},\"headline\":\"Medici\u00f3n de parcela en Rinc\u00f3n de la Victoria, M\u00e1laga\",\"datePublished\":\"2021-01-11T18:53:05+00:00\",\"dateModified\":\"2021-01-11T18:53:41+00:00\",\"mainEntityOfPage\":{\"@id\":\"https:\\\/\\\/veleztopografia.com\\\/index.php\\\/2021\\\/01\\\/11\\\/medicion-de-parcela-en-rincon-de-la-victoria-malaga-2\\\/\"},\"wordCount\":135,\"commentCount\":0,\"publisher\":{\"@id\":\"http:\\\/\\\/veleztopografia.com\\\/#organization\"},\"image\":{\"@id\":\"https:\\\/\\\/veleztopografia.com\\\/index.php\\\/2021\\\/01\\\/11\\\/medicion-de-parcela-en-rincon-de-la-victoria-malaga-2\\\/#primaryimage\"},\"thumbnailUrl\":\"https:\\\/\\\/veleztopografia.com\\\/wp-content\\\/uploads\\\/2021\\\/01\\\/PANO_20201222_103041-1024x461.jpg\",\"keywords\":[\"gps\",\"leica\",\"levantamiento topografico\",\"medicion\",\"rincon de la victoria\",\"urbana\"],\"articleSection\":[\"Blog\"],\"inLanguage\":\"es\",\"potentialAction\":[{\"@type\":\"CommentAction\",\"name\":\"Comment\",\"target\":[\"https:\\\/\\\/veleztopografia.com\\\/index.php\\\/2021\\\/01\\\/11\\\/medicion-de-parcela-en-rincon-de-la-victoria-malaga-2\\\/#respond\"]}]},{\"@type\":\"WebPage\",\"@id\":\"https:\\\/\\\/veleztopografia.com\\\/index.php\\\/2021\\\/01\\\/11\\\/medicion-de-parcela-en-rincon-de-la-victoria-malaga-2\\\/\",\"url\":\"https:\\\/\\\/veleztopografia.com\\\/index.php\\\/2021\\\/01\\\/11\\\/medicion-de-parcela-en-rincon-de-la-victoria-malaga-2\\\/\",\"name\":\"Top\u00f3grafo V\u00e9lez M\u00e1laga. Ingeniero topograf\u00eda medici\u00f3n fincas.\",\"isPartOf\":{\"@id\":\"http:\\\/\\\/veleztopografia.com\\\/#website\"},\"primaryImageOfPage\":{\"@id\":\"https:\\\/\\\/veleztopografia.com\\\/index.php\\\/2021\\\/01\\\/11\\\/medicion-de-parcela-en-rincon-de-la-victoria-malaga-2\\\/#primaryimage\"},\"image\":{\"@id\":\"https:\\\/\\\/veleztopografia.com\\\/index.php\\\/2021\\\/01\\\/11\\\/medicion-de-parcela-en-rincon-de-la-victoria-malaga-2\\\/#primaryimage\"},\"thumbnailUrl\":\"https:\\\/\\\/veleztopografia.com\\\/wp-content\\\/uploads\\\/2021\\\/01\\\/PANO_20201222_103041-1024x461.jpg\",\"datePublished\":\"2021-01-11T18:53:05+00:00\",\"dateModified\":\"2021-01-11T18:53:41+00:00\",\"description\":\"Top\u00f3grafo en Velez-M\u00e1laga.Servicios de topograf\u00eda en la axarqu\u00eda y M\u00e1laga.Medici\u00f3n de fincas,catastro,levantamiento topogr\u00e1ficos,segregaciones,replanteosn,drones,fotogrametr\u00eda,filmaci\u00f3n a\u00e9rea..\",\"breadcrumb\":{\"@id\":\"https:\\\/\\\/veleztopografia.com\\\/index.php\\\/2021\\\/01\\\/11\\\/medicion-de-parcela-en-rincon-de-la-victoria-malaga-2\\\/#breadcrumb\"},\"inLanguage\":\"es\",\"potentialAction\":[{\"@type\":\"ReadAction\",\"target\":[\"https:\\\/\\\/veleztopografia.com\\\/index.php\\\/2021\\\/01\\\/11\\\/medicion-de-parcela-en-rincon-de-la-victoria-malaga-2\\\/\"]}]},{\"@type\":\"ImageObject\",\"inLanguage\":\"es\",\"@id\":\"https:\\\/\\\/veleztopografia.com\\\/index.php\\\/2021\\\/01\\\/11\\\/medicion-de-parcela-en-rincon-de-la-victoria-malaga-2\\\/#primaryimage\",\"url\":\"https:\\\/\\\/veleztopografia.com\\\/wp-content\\\/uploads\\\/2021\\\/01\\\/PANO_20201222_103041-1024x461.jpg\",\"contentUrl\":\"https:\\\/\\\/veleztopografia.com\\\/wp-content\\\/uploads\\\/2021\\\/01\\\/PANO_20201222_103041-1024x461.jpg\"},{\"@type\":\"BreadcrumbList\",\"@id\":\"https:\\\/\\\/veleztopografia.com\\\/index.php\\\/2021\\\/01\\\/11\\\/medicion-de-parcela-en-rincon-de-la-victoria-malaga-2\\\/#breadcrumb\",\"itemListElement\":[{\"@type\":\"ListItem\",\"position\":1,\"name\":\"Portada\",\"item\":\"http:\\\/\\\/veleztopografia.com\\\/\"},{\"@type\":\"ListItem\",\"position\":2,\"name\":\"Medici\u00f3n de parcela en Rinc\u00f3n de la Victoria, M\u00e1laga\"}]},{\"@type\":\"WebSite\",\"@id\":\"http:\\\/\\\/veleztopografia.com\\\/#website\",\"url\":\"http:\\\/\\\/veleztopografia.com\\\/\",\"name\":\"V\u00e9lez Topograf\u00eda\",\"description\":\"Top\u00f3grafo de V\u00e9lez-M\u00e1laga. Servicios de topografia en la Axarqu\u00eda y M\u00e1laga.Medici\u00f3n de fincas,catastro,validacion gr\u00e1fica,etc..\",\"publisher\":{\"@id\":\"http:\\\/\\\/veleztopografia.com\\\/#organization\"},\"potentialAction\":[{\"@type\":\"SearchAction\",\"target\":{\"@type\":\"EntryPoint\",\"urlTemplate\":\"http:\\\/\\\/veleztopografia.com\\\/?s={search_term_string}\"},\"query-input\":{\"@type\":\"PropertyValueSpecification\",\"valueRequired\":true,\"valueName\":\"search_term_string\"}}],\"inLanguage\":\"es\"},{\"@type\":\"Organization\",\"@id\":\"http:\\\/\\\/veleztopografia.com\\\/#organization\",\"name\":\"V\u00e9lez Topograf\u00eda\",\"url\":\"http:\\\/\\\/veleztopografia.com\\\/\",\"logo\":{\"@type\":\"ImageObject\",\"inLanguage\":\"es\",\"@id\":\"http:\\\/\\\/veleztopografia.com\\\/#\\\/schema\\\/logo\\\/image\\\/\",\"url\":\"https:\\\/\\\/i0.wp.com\\\/veleztopografia.com\\\/wp-content\\\/uploads\\\/2019\\\/12\\\/LOGO-VELEZTOPOGRAFIA200-1.jpg?fit=400%2C200&ssl=1\",\"contentUrl\":\"https:\\\/\\\/i0.wp.com\\\/veleztopografia.com\\\/wp-content\\\/uploads\\\/2019\\\/12\\\/LOGO-VELEZTOPOGRAFIA200-1.jpg?fit=400%2C200&ssl=1\",\"width\":400,\"height\":200,\"caption\":\"V\u00e9lez Topograf\u00eda\"},\"image\":{\"@id\":\"http:\\\/\\\/veleztopografia.com\\\/#\\\/schema\\\/logo\\\/image\\\/\"},\"sameAs\":[\"https:\\\/\\\/www.facebook.com\\\/veleztopografia\",\"https:\\\/\\\/x.com\\\/alvaro_manen\",\"https:\\\/\\\/www.instagram.com\\\/alvaromanen\\\/\",\"https:\\\/\\\/www.linkedin.com\\\/in\\\/alvaro-manen-0a7b9a4b\\\/\",\"https:\\\/\\\/www.youtube.com\\\/channel\\\/UCBbmXfa52pAGpmufiMrR3qg\\\/videos\"]},{\"@type\":\"Person\",\"@id\":\"http:\\\/\\\/veleztopografia.com\\\/#\\\/schema\\\/person\\\/f77ff7cee140d8850a0f97fd34ac2601\",\"name\":\"amrtopomar@hotmail.com\",\"image\":{\"@type\":\"ImageObject\",\"inLanguage\":\"es\",\"@id\":\"https:\\\/\\\/secure.gravatar.com\\\/avatar\\\/1bebd10f775e886b97b35c18576a9d2e6b841c3f4b4f048fc10ffb01eb083731?s=96&d=mm&r=g\",\"url\":\"https:\\\/\\\/secure.gravatar.com\\\/avatar\\\/1bebd10f775e886b97b35c18576a9d2e6b841c3f4b4f048fc10ffb01eb083731?s=96&d=mm&r=g\",\"contentUrl\":\"https:\\\/\\\/secure.gravatar.com\\\/avatar\\\/1bebd10f775e886b97b35c18576a9d2e6b841c3f4b4f048fc10ffb01eb083731?s=96&d=mm&r=g\",\"caption\":\"amrtopomar@hotmail.com\"}}]}<\/script>\n<!-- \/ Yoast SEO Premium plugin. -->","yoast_head_json":{"title":"Top\u00f3grafo V\u00e9lez M\u00e1laga. Ingeniero topograf\u00eda medici\u00f3n fincas.","description":"Top\u00f3grafo en Velez-M\u00e1laga.Servicios de topograf\u00eda en la axarqu\u00eda y M\u00e1laga.Medici\u00f3n de fincas,catastro,levantamiento topogr\u00e1ficos,segregaciones,replanteosn,drones,fotogrametr\u00eda,filmaci\u00f3n a\u00e9rea..","robots":{"index":"index","follow":"follow","max-snippet":"max-snippet:-1","max-image-preview":"max-image-preview:large","max-video-preview":"max-video-preview:-1"},"canonical":"https:\/\/veleztopografia.com\/index.php\/2021\/01\/11\/medicion-de-parcela-en-rincon-de-la-victoria-malaga-2\/","og_locale":"es_ES","og_type":"article","og_title":"Medici\u00f3n de parcela en Rinc\u00f3n de la Victoria, M\u00e1laga","og_description":"Top\u00f3grafo en Velez-M\u00e1laga.Servicios de topograf\u00eda en la axarqu\u00eda y M\u00e1laga.Medici\u00f3n de fincas,catastro,levantamiento topogr\u00e1ficos,segregaciones,replanteosn,drones,fotogrametr\u00eda,filmaci\u00f3n a\u00e9rea..","og_url":"https:\/\/veleztopografia.com\/index.php\/2021\/01\/11\/medicion-de-parcela-en-rincon-de-la-victoria-malaga-2\/","og_site_name":"V\u00e9lez Topograf\u00eda","article_publisher":"https:\/\/www.facebook.com\/veleztopografia","article_published_time":"2021-01-11T18:53:05+00:00","article_modified_time":"2021-01-11T18:53:41+00:00","og_image":[{"url":"https:\/\/veleztopografia.com\/wp-content\/uploads\/2021\/01\/PANO_20201222_103041-1024x461.jpg","type":"","width":"","height":""}],"author":"amrtopomar@hotmail.com","twitter_card":"summary_large_image","twitter_creator":"@alvaro_manen","twitter_site":"@alvaro_manen","twitter_misc":{"Escrito por":"amrtopomar@hotmail.com","Tiempo de lectura":"1 minuto"},"schema":{"@context":"https:\/\/schema.org","@graph":[{"@type":"Article","@id":"https:\/\/veleztopografia.com\/index.php\/2021\/01\/11\/medicion-de-parcela-en-rincon-de-la-victoria-malaga-2\/#article","isPartOf":{"@id":"https:\/\/veleztopografia.com\/index.php\/2021\/01\/11\/medicion-de-parcela-en-rincon-de-la-victoria-malaga-2\/"},"author":{"name":"amrtopomar@hotmail.com","@id":"http:\/\/veleztopografia.com\/#\/schema\/person\/f77ff7cee140d8850a0f97fd34ac2601"},"headline":"Medici\u00f3n de parcela en Rinc\u00f3n de la Victoria, M\u00e1laga","datePublished":"2021-01-11T18:53:05+00:00","dateModified":"2021-01-11T18:53:41+00:00","mainEntityOfPage":{"@id":"https:\/\/veleztopografia.com\/index.php\/2021\/01\/11\/medicion-de-parcela-en-rincon-de-la-victoria-malaga-2\/"},"wordCount":135,"commentCount":0,"publisher":{"@id":"http:\/\/veleztopografia.com\/#organization"},"image":{"@id":"https:\/\/veleztopografia.com\/index.php\/2021\/01\/11\/medicion-de-parcela-en-rincon-de-la-victoria-malaga-2\/#primaryimage"},"thumbnailUrl":"https:\/\/veleztopografia.com\/wp-content\/uploads\/2021\/01\/PANO_20201222_103041-1024x461.jpg","keywords":["gps","leica","levantamiento topografico","medicion","rincon de la victoria","urbana"],"articleSection":["Blog"],"inLanguage":"es","potentialAction":[{"@type":"CommentAction","name":"Comment","target":["https:\/\/veleztopografia.com\/index.php\/2021\/01\/11\/medicion-de-parcela-en-rincon-de-la-victoria-malaga-2\/#respond"]}]},{"@type":"WebPage","@id":"https:\/\/veleztopografia.com\/index.php\/2021\/01\/11\/medicion-de-parcela-en-rincon-de-la-victoria-malaga-2\/","url":"https:\/\/veleztopografia.com\/index.php\/2021\/01\/11\/medicion-de-parcela-en-rincon-de-la-victoria-malaga-2\/","name":"Top\u00f3grafo V\u00e9lez M\u00e1laga. Ingeniero topograf\u00eda medici\u00f3n fincas.","isPartOf":{"@id":"http:\/\/veleztopografia.com\/#website"},"primaryImageOfPage":{"@id":"https:\/\/veleztopografia.com\/index.php\/2021\/01\/11\/medicion-de-parcela-en-rincon-de-la-victoria-malaga-2\/#primaryimage"},"image":{"@id":"https:\/\/veleztopografia.com\/index.php\/2021\/01\/11\/medicion-de-parcela-en-rincon-de-la-victoria-malaga-2\/#primaryimage"},"thumbnailUrl":"https:\/\/veleztopografia.com\/wp-content\/uploads\/2021\/01\/PANO_20201222_103041-1024x461.jpg","datePublished":"2021-01-11T18:53:05+00:00","dateModified":"2021-01-11T18:53:41+00:00","description":"Top\u00f3grafo en Velez-M\u00e1laga.Servicios de topograf\u00eda en la axarqu\u00eda y M\u00e1laga.Medici\u00f3n de fincas,catastro,levantamiento topogr\u00e1ficos,segregaciones,replanteosn,drones,fotogrametr\u00eda,filmaci\u00f3n a\u00e9rea..","breadcrumb":{"@id":"https:\/\/veleztopografia.com\/index.php\/2021\/01\/11\/medicion-de-parcela-en-rincon-de-la-victoria-malaga-2\/#breadcrumb"},"inLanguage":"es","potentialAction":[{"@type":"ReadAction","target":["https:\/\/veleztopografia.com\/index.php\/2021\/01\/11\/medicion-de-parcela-en-rincon-de-la-victoria-malaga-2\/"]}]},{"@type":"ImageObject","inLanguage":"es","@id":"https:\/\/veleztopografia.com\/index.php\/2021\/01\/11\/medicion-de-parcela-en-rincon-de-la-victoria-malaga-2\/#primaryimage","url":"https:\/\/veleztopografia.com\/wp-content\/uploads\/2021\/01\/PANO_20201222_103041-1024x461.jpg","contentUrl":"https:\/\/veleztopografia.com\/wp-content\/uploads\/2021\/01\/PANO_20201222_103041-1024x461.jpg"},{"@type":"BreadcrumbList","@id":"https:\/\/veleztopografia.com\/index.php\/2021\/01\/11\/medicion-de-parcela-en-rincon-de-la-victoria-malaga-2\/#breadcrumb","itemListElement":[{"@type":"ListItem","position":1,"name":"Portada","item":"http:\/\/veleztopografia.com\/"},{"@type":"ListItem","position":2,"name":"Medici\u00f3n de parcela en Rinc\u00f3n de la Victoria, M\u00e1laga"}]},{"@type":"WebSite","@id":"http:\/\/veleztopografia.com\/#website","url":"http:\/\/veleztopografia.com\/","name":"V\u00e9lez Topograf\u00eda","description":"Top\u00f3grafo de V\u00e9lez-M\u00e1laga. Servicios de topografia en la Axarqu\u00eda y M\u00e1laga.Medici\u00f3n de fincas,catastro,validacion gr\u00e1fica,etc..","publisher":{"@id":"http:\/\/veleztopografia.com\/#organization"},"potentialAction":[{"@type":"SearchAction","target":{"@type":"EntryPoint","urlTemplate":"http:\/\/veleztopografia.com\/?s={search_term_string}"},"query-input":{"@type":"PropertyValueSpecification","valueRequired":true,"valueName":"search_term_string"}}],"inLanguage":"es"},{"@type":"Organization","@id":"http:\/\/veleztopografia.com\/#organization","name":"V\u00e9lez Topograf\u00eda","url":"http:\/\/veleztopografia.com\/","logo":{"@type":"ImageObject","inLanguage":"es","@id":"http:\/\/veleztopografia.com\/#\/schema\/logo\/image\/","url":"https:\/\/i0.wp.com\/veleztopografia.com\/wp-content\/uploads\/2019\/12\/LOGO-VELEZTOPOGRAFIA200-1.jpg?fit=400%2C200&ssl=1","contentUrl":"https:\/\/i0.wp.com\/veleztopografia.com\/wp-content\/uploads\/2019\/12\/LOGO-VELEZTOPOGRAFIA200-1.jpg?fit=400%2C200&ssl=1","width":400,"height":200,"caption":"V\u00e9lez Topograf\u00eda"},"image":{"@id":"http:\/\/veleztopografia.com\/#\/schema\/logo\/image\/"},"sameAs":["https:\/\/www.facebook.com\/veleztopografia","https:\/\/x.com\/alvaro_manen","https:\/\/www.instagram.com\/alvaromanen\/","https:\/\/www.linkedin.com\/in\/alvaro-manen-0a7b9a4b\/","https:\/\/www.youtube.com\/channel\/UCBbmXfa52pAGpmufiMrR3qg\/videos"]},{"@type":"Person","@id":"http:\/\/veleztopografia.com\/#\/schema\/person\/f77ff7cee140d8850a0f97fd34ac2601","name":"amrtopomar@hotmail.com","image":{"@type":"ImageObject","inLanguage":"es","@id":"https:\/\/secure.gravatar.com\/avatar\/1bebd10f775e886b97b35c18576a9d2e6b841c3f4b4f048fc10ffb01eb083731?s=96&d=mm&r=g","url":"https:\/\/secure.gravatar.com\/avatar\/1bebd10f775e886b97b35c18576a9d2e6b841c3f4b4f048fc10ffb01eb083731?s=96&d=mm&r=g","contentUrl":"https:\/\/secure.gravatar.com\/avatar\/1bebd10f775e886b97b35c18576a9d2e6b841c3f4b4f048fc10ffb01eb083731?s=96&d=mm&r=g","caption":"amrtopomar@hotmail.com"}}]}},"uagb_featured_image_src":{"full":false,"thumbnail":false,"medium":false,"medium_large":false,"large":false,"1536x1536":false,"2048x2048":false,"wpvr_mobile":false},"uagb_author_info":{"display_name":"amrtopomar@hotmail.com","author_link":"https:\/\/veleztopografia.com\/index.php\/author\/amrtopomarhotmail-com\/"},"uagb_comment_info":0,"uagb_excerpt":"Volvemos a escasos metros de un trabajo que realizamos hace unos meses, para realizar un levantamiento topogr\u00e1fico de detalle de una parcela urbana situada en Rinc\u00f3n de la Victoria,M\u00e1laga. La parcela presenta desniveles considerables superiores a e metros por lo que a la hora de realizar el proyecto se ha de mirar con detenemiento los&hellip;","_links":{"self":[{"href":"https:\/\/veleztopografia.com\/index.php\/wp-json\/wp\/v2\/posts\/2649","targetHints":{"allow":["GET"]}}],"collection":[{"href":"https:\/\/veleztopografia.com\/index.php\/wp-json\/wp\/v2\/posts"}],"about":[{"href":"https:\/\/veleztopografia.com\/index.php\/wp-json\/wp\/v2\/types\/post"}],"author":[{"embeddable":true,"href":"https:\/\/veleztopografia.com\/index.php\/wp-json\/wp\/v2\/users\/1"}],"replies":[{"embeddable":true,"href":"https:\/\/veleztopografia.com\/index.php\/wp-json\/wp\/v2\/comments?post=2649"}],"version-history":[{"count":1,"href":"https:\/\/veleztopografia.com\/index.php\/wp-json\/wp\/v2\/posts\/2649\/revisions"}],"predecessor-version":[{"id":2653,"href":"https:\/\/veleztopografia.com\/index.php\/wp-json\/wp\/v2\/posts\/2649\/revisions\/2653"}],"wp:attachment":[{"href":"https:\/\/veleztopografia.com\/index.php\/wp-json\/wp\/v2\/media?parent=2649"}],"wp:term":[{"taxonomy":"category","embeddable":true,"href":"https:\/\/veleztopografia.com\/index.php\/wp-json\/wp\/v2\/categories?post=2649"},{"taxonomy":"post_tag","embeddable":true,"href":"https:\/\/veleztopografia.com\/index.php\/wp-json\/wp\/v2\/tags?post=2649"}],"curies":[{"name":"wp","href":"https:\/\/api.w.org\/{rel}","templated":true}]}}