{"id":2643,"date":"2021-01-07T18:34:08","date_gmt":"2021-01-07T18:34:08","guid":{"rendered":"http:\/\/veleztopografia.com\/?p=2643"},"modified":"2021-01-07T18:34:41","modified_gmt":"2021-01-07T18:34:41","slug":"topografo-en-sedella-malaga-medicion-de-parcela-y-comprobacion-de-lindes","status":"publish","type":"post","link":"https:\/\/veleztopografia.com\/index.php\/2021\/01\/07\/topografo-en-sedella-malaga-medicion-de-parcela-y-comprobacion-de-lindes\/","title":{"rendered":"Top\u00f3grafo en Sedella (M\u00e1laga): Medici\u00f3n de parcela y comprobaci\u00f3n de lindes."},"content":{"rendered":"\n<p>En esta ocasi\u00f3n nos han solcitado los <strong>servicios de topograf\u00eda <\/strong>para realizar una <strong>medici\u00f3n de parcela en Sedella<\/strong>.<\/p>\n\n\n\n<figure class=\"wp-block-gallery columns-1 wp-block-gallery-2 is-layout-flex wp-block-gallery-is-layout-flex\"><ul class=\"blocks-gallery-grid\"><li class=\"blocks-gallery-item\"><figure><img fetchpriority=\"high\" decoding=\"async\" width=\"1024\" height=\"768\" src=\"https:\/\/veleztopografia.com\/wp-content\/uploads\/2021\/01\/IMG_20201224_091049-1024x768.jpg\" alt=\"IMG 20201224 091049\" data-id=\"2644\" data-full-url=\"https:\/\/veleztopografia.com\/wp-content\/uploads\/2021\/01\/IMG_20201224_091049.jpg\" data-link=\"https:\/\/veleztopografia.com\/?attachment_id=2644\" class=\"wp-image-2644\" srcset=\"https:\/\/veleztopografia.com\/wp-content\/uploads\/2021\/01\/IMG_20201224_091049-1024x768.jpg 1024w, https:\/\/veleztopografia.com\/wp-content\/uploads\/2021\/01\/IMG_20201224_091049-300x225.jpg 300w, https:\/\/veleztopografia.com\/wp-content\/uploads\/2021\/01\/IMG_20201224_091049-768x576.jpg 768w, https:\/\/veleztopografia.com\/wp-content\/uploads\/2021\/01\/IMG_20201224_091049-1536x1152.jpg 1536w, https:\/\/veleztopografia.com\/wp-content\/uploads\/2021\/01\/IMG_20201224_091049.jpg 2000w\" sizes=\"(max-width: 1024px) 100vw, 1024px\" \/><\/figure><\/li><\/ul><\/figure>\n\n\n\n<p>Nuestro cliente a observado que el vecino colindante est\u00e1 realizando unos movimientos de tierra muy pr\u00f3ximos a su linde y cree<\/p>\n\n\n\n<p>que probablemente se haya comido parte de su parcela. Por ello hemos medido el per\u00edmetro de la excavaci\u00f3n realizada para posteriormente<\/p>\n\n\n\n<p>superponer la linde de la parcela con los datos tomados en campo y de esta manera comprobar si existe la invasi\u00f3n que considera nuestro <\/p>\n\n\n\n<p>cliente.<\/p>\n\n\n\n<figure class=\"wp-block-gallery columns-2 is-cropped wp-block-gallery-3 is-layout-flex wp-block-gallery-is-layout-flex\"><ul class=\"blocks-gallery-grid\"><li class=\"blocks-gallery-item\"><figure><img decoding=\"async\" width=\"768\" height=\"1024\" src=\"https:\/\/veleztopografia.com\/wp-content\/uploads\/2021\/01\/IMG_20201224_091624_1-768x1024.jpg\" alt=\"IMG 20201224 091624 1\" data-id=\"2645\" data-full-url=\"https:\/\/veleztopografia.com\/wp-content\/uploads\/2021\/01\/IMG_20201224_091624_1.jpg\" data-link=\"https:\/\/veleztopografia.com\/?attachment_id=2645\" class=\"wp-image-2645\" srcset=\"https:\/\/veleztopografia.com\/wp-content\/uploads\/2021\/01\/IMG_20201224_091624_1-768x1024.jpg 768w, https:\/\/veleztopografia.com\/wp-content\/uploads\/2021\/01\/IMG_20201224_091624_1-225x300.jpg 225w, https:\/\/veleztopografia.com\/wp-content\/uploads\/2021\/01\/IMG_20201224_091624_1-1152x1536.jpg 1152w, https:\/\/veleztopografia.com\/wp-content\/uploads\/2021\/01\/IMG_20201224_091624_1.jpg 1500w\" sizes=\"(max-width: 768px) 100vw, 768px\" \/><\/figure><\/li><li class=\"blocks-gallery-item\"><figure><img decoding=\"async\" width=\"768\" height=\"1024\" src=\"https:\/\/veleztopografia.com\/wp-content\/uploads\/2021\/01\/IMG_20201224_094207-768x1024.jpg\" alt=\"IMG 20201224 094207\" data-id=\"2646\" data-full-url=\"https:\/\/veleztopografia.com\/wp-content\/uploads\/2021\/01\/IMG_20201224_094207.jpg\" data-link=\"https:\/\/veleztopografia.com\/?attachment_id=2646\" class=\"wp-image-2646\" srcset=\"https:\/\/veleztopografia.com\/wp-content\/uploads\/2021\/01\/IMG_20201224_094207-768x1024.jpg 768w, https:\/\/veleztopografia.com\/wp-content\/uploads\/2021\/01\/IMG_20201224_094207-225x300.jpg 225w, https:\/\/veleztopografia.com\/wp-content\/uploads\/2021\/01\/IMG_20201224_094207-1152x1536.jpg 1152w, https:\/\/veleztopografia.com\/wp-content\/uploads\/2021\/01\/IMG_20201224_094207.jpg 1500w\" sizes=\"(max-width: 768px) 100vw, 768px\" \/><\/figure><\/li><\/ul><\/figure>\n\n\n\n<p>En<strong> Velez Topografia<\/strong> realizamos <strong>servicios de topografia <\/strong>de todo tipo, asesorando a nuestros clientes de la mejor soluci\u00f3n a sus problemas.<\/p>\n","protected":false},"excerpt":{"rendered":"<p>En esta ocasi\u00f3n nos han solcitado los servicios de topograf\u00eda para realizar una medici\u00f3n de parcela en Sedella. Nuestro cliente a observado que el vecino colindante est\u00e1 realizando unos movimientos de tierra muy pr\u00f3ximos a su linde y cree que probablemente se haya comido parte de su parcela. Por ello hemos medido el per\u00edmetro de [&hellip;]<\/p>\n","protected":false},"author":1,"featured_media":0,"comment_status":"open","ping_status":"open","sticky":false,"template":"","format":"standard","meta":{"_uag_custom_page_level_css":"","_monsterinsights_skip_tracking":false,"_monsterinsights_sitenote_active":false,"_monsterinsights_sitenote_note":"","_monsterinsights_sitenote_category":0,"site-sidebar-layout":"default","site-content-layout":"default","ast-site-content-layout":"default","site-content-style":"default","site-sidebar-style":"default","ast-global-header-display":"","ast-banner-title-visibility":"","ast-main-header-display":"","ast-hfb-above-header-display":"","ast-hfb-below-header-display":"","ast-hfb-mobile-header-display":"","site-post-title":"","ast-breadcrumbs-content":"","ast-featured-img":"","footer-sml-layout":"","ast-disable-related-posts":"","theme-transparent-header-meta":"default","adv-header-id-meta":"","stick-header-meta":"default","header-above-stick-meta":"","header-main-stick-meta":"","header-below-stick-meta":"","astra-migrate-meta-layouts":"default","ast-page-background-enabled":"default","ast-page-background-meta":{"desktop":{"background-color":"","background-image":"","background-repeat":"repeat","background-position":"center center","background-size":"auto","background-attachment":"scroll","background-type":"","background-media":"","overlay-type":"","overlay-color":"","overlay-opacity":"","overlay-gradient":""},"tablet":{"background-color":"","background-image":"","background-repeat":"repeat","background-position":"center center","background-size":"auto","background-attachment":"scroll","background-type":"","background-media":"","overlay-type":"","overlay-color":"","overlay-opacity":"","overlay-gradient":""},"mobile":{"background-color":"","background-image":"","background-repeat":"repeat","background-position":"center center","background-size":"auto","background-attachment":"scroll","background-type":"","background-media":"","overlay-type":"","overlay-color":"","overlay-opacity":"","overlay-gradient":""}},"ast-content-background-meta":{"desktop":{"background-color":"var(--ast-global-color-5)","background-image":"","background-repeat":"repeat","background-position":"center center","background-size":"auto","background-attachment":"scroll","background-type":"","background-media":"","overlay-type":"","overlay-color":"","overlay-opacity":"","overlay-gradient":""},"tablet":{"background-color":"var(--ast-global-color-5)","background-image":"","background-repeat":"repeat","background-position":"center center","background-size":"auto","background-attachment":"scroll","background-type":"","background-media":"","overlay-type":"","overlay-color":"","overlay-opacity":"","overlay-gradient":""},"mobile":{"background-color":"var(--ast-global-color-5)","background-image":"","background-repeat":"repeat","background-position":"center center","background-size":"auto","background-attachment":"scroll","background-type":"","background-media":"","overlay-type":"","overlay-color":"","overlay-opacity":"","overlay-gradient":""}},"footnotes":""},"categories":[5],"tags":[66,144,27,43,33,226,48,121],"class_list":["post-2643","post","type-post","status-publish","format-standard","hentry","category-blog","tag-gps","tag-leica","tag-medicion","tag-movimiento-de-tierras","tag-parcela","tag-sedella","tag-topografia","tag-topografo-2"],"yoast_head":"<!-- This site is optimized with the Yoast SEO Premium plugin v24.1 (Yoast SEO v27.4) - https:\/\/yoast.com\/product\/yoast-seo-premium-wordpress\/ -->\n<title>Top\u00f3grafo V\u00e9lez M\u00e1laga. Ingeniero topograf\u00eda medici\u00f3n fincas.<\/title>\n<meta name=\"description\" content=\"Top\u00f3grafo en Velez-M\u00e1laga.Servicios de topograf\u00eda en la axarqu\u00eda y M\u00e1laga.Medici\u00f3n de fincas,catastro,levantamiento topogr\u00e1ficos,segregaciones,replanteosn,drones,fotogrametr\u00eda,filmaci\u00f3n a\u00e9rea..\" \/>\n<meta name=\"robots\" content=\"index, follow, max-snippet:-1, max-image-preview:large, max-video-preview:-1\" \/>\n<link rel=\"canonical\" href=\"https:\/\/veleztopografia.com\/index.php\/2021\/01\/07\/topografo-en-sedella-malaga-medicion-de-parcela-y-comprobacion-de-lindes\/\" \/>\n<meta property=\"og:locale\" content=\"es_ES\" \/>\n<meta property=\"og:type\" content=\"article\" \/>\n<meta property=\"og:title\" content=\"Top\u00f3grafo en Sedella (M\u00e1laga): Medici\u00f3n de parcela y comprobaci\u00f3n de lindes.\" \/>\n<meta property=\"og:description\" content=\"Top\u00f3grafo en Velez-M\u00e1laga.Servicios de topograf\u00eda en la axarqu\u00eda y M\u00e1laga.Medici\u00f3n de fincas,catastro,levantamiento topogr\u00e1ficos,segregaciones,replanteosn,drones,fotogrametr\u00eda,filmaci\u00f3n a\u00e9rea..\" \/>\n<meta property=\"og:url\" content=\"https:\/\/veleztopografia.com\/index.php\/2021\/01\/07\/topografo-en-sedella-malaga-medicion-de-parcela-y-comprobacion-de-lindes\/\" \/>\n<meta property=\"og:site_name\" content=\"V\u00e9lez Topograf\u00eda\" \/>\n<meta property=\"article:publisher\" content=\"https:\/\/www.facebook.com\/veleztopografia\" \/>\n<meta property=\"article:published_time\" content=\"2021-01-07T18:34:08+00:00\" \/>\n<meta property=\"article:modified_time\" content=\"2021-01-07T18:34:41+00:00\" \/>\n<meta property=\"og:image\" content=\"https:\/\/veleztopografia.com\/wp-content\/uploads\/2021\/01\/IMG_20201224_091049-1024x768.jpg\" \/>\n<meta name=\"author\" content=\"amrtopomar@hotmail.com\" \/>\n<meta name=\"twitter:card\" content=\"summary_large_image\" \/>\n<meta name=\"twitter:creator\" content=\"@alvaro_manen\" \/>\n<meta name=\"twitter:site\" content=\"@alvaro_manen\" \/>\n<meta name=\"twitter:label1\" content=\"Escrito por\" \/>\n\t<meta name=\"twitter:data1\" content=\"amrtopomar@hotmail.com\" \/>\n\t<meta name=\"twitter:label2\" content=\"Tiempo de lectura\" \/>\n\t<meta name=\"twitter:data2\" content=\"1 minuto\" \/>\n<script type=\"application\/ld+json\" class=\"yoast-schema-graph\">{\"@context\":\"https:\\\/\\\/schema.org\",\"@graph\":[{\"@type\":\"Article\",\"@id\":\"https:\\\/\\\/veleztopografia.com\\\/index.php\\\/2021\\\/01\\\/07\\\/topografo-en-sedella-malaga-medicion-de-parcela-y-comprobacion-de-lindes\\\/#article\",\"isPartOf\":{\"@id\":\"https:\\\/\\\/veleztopografia.com\\\/index.php\\\/2021\\\/01\\\/07\\\/topografo-en-sedella-malaga-medicion-de-parcela-y-comprobacion-de-lindes\\\/\"},\"author\":{\"name\":\"amrtopomar@hotmail.com\",\"@id\":\"http:\\\/\\\/veleztopografia.com\\\/#\\\/schema\\\/person\\\/f77ff7cee140d8850a0f97fd34ac2601\"},\"headline\":\"Top\u00f3grafo en Sedella (M\u00e1laga): Medici\u00f3n de parcela y comprobaci\u00f3n de lindes.\",\"datePublished\":\"2021-01-07T18:34:08+00:00\",\"dateModified\":\"2021-01-07T18:34:41+00:00\",\"mainEntityOfPage\":{\"@id\":\"https:\\\/\\\/veleztopografia.com\\\/index.php\\\/2021\\\/01\\\/07\\\/topografo-en-sedella-malaga-medicion-de-parcela-y-comprobacion-de-lindes\\\/\"},\"wordCount\":129,\"commentCount\":0,\"publisher\":{\"@id\":\"http:\\\/\\\/veleztopografia.com\\\/#organization\"},\"image\":{\"@id\":\"https:\\\/\\\/veleztopografia.com\\\/index.php\\\/2021\\\/01\\\/07\\\/topografo-en-sedella-malaga-medicion-de-parcela-y-comprobacion-de-lindes\\\/#primaryimage\"},\"thumbnailUrl\":\"https:\\\/\\\/veleztopografia.com\\\/wp-content\\\/uploads\\\/2021\\\/01\\\/IMG_20201224_091049-1024x768.jpg\",\"keywords\":[\"gps\",\"leica\",\"medicion\",\"movimiento de tierras\",\"parcela\",\"sedella\",\"topografia\",\"topografo\"],\"articleSection\":[\"Blog\"],\"inLanguage\":\"es\",\"potentialAction\":[{\"@type\":\"CommentAction\",\"name\":\"Comment\",\"target\":[\"https:\\\/\\\/veleztopografia.com\\\/index.php\\\/2021\\\/01\\\/07\\\/topografo-en-sedella-malaga-medicion-de-parcela-y-comprobacion-de-lindes\\\/#respond\"]}]},{\"@type\":\"WebPage\",\"@id\":\"https:\\\/\\\/veleztopografia.com\\\/index.php\\\/2021\\\/01\\\/07\\\/topografo-en-sedella-malaga-medicion-de-parcela-y-comprobacion-de-lindes\\\/\",\"url\":\"https:\\\/\\\/veleztopografia.com\\\/index.php\\\/2021\\\/01\\\/07\\\/topografo-en-sedella-malaga-medicion-de-parcela-y-comprobacion-de-lindes\\\/\",\"name\":\"Top\u00f3grafo V\u00e9lez M\u00e1laga. Ingeniero topograf\u00eda medici\u00f3n fincas.\",\"isPartOf\":{\"@id\":\"http:\\\/\\\/veleztopografia.com\\\/#website\"},\"primaryImageOfPage\":{\"@id\":\"https:\\\/\\\/veleztopografia.com\\\/index.php\\\/2021\\\/01\\\/07\\\/topografo-en-sedella-malaga-medicion-de-parcela-y-comprobacion-de-lindes\\\/#primaryimage\"},\"image\":{\"@id\":\"https:\\\/\\\/veleztopografia.com\\\/index.php\\\/2021\\\/01\\\/07\\\/topografo-en-sedella-malaga-medicion-de-parcela-y-comprobacion-de-lindes\\\/#primaryimage\"},\"thumbnailUrl\":\"https:\\\/\\\/veleztopografia.com\\\/wp-content\\\/uploads\\\/2021\\\/01\\\/IMG_20201224_091049-1024x768.jpg\",\"datePublished\":\"2021-01-07T18:34:08+00:00\",\"dateModified\":\"2021-01-07T18:34:41+00:00\",\"description\":\"Top\u00f3grafo en Velez-M\u00e1laga.Servicios de topograf\u00eda en la axarqu\u00eda y M\u00e1laga.Medici\u00f3n de fincas,catastro,levantamiento topogr\u00e1ficos,segregaciones,replanteosn,drones,fotogrametr\u00eda,filmaci\u00f3n a\u00e9rea..\",\"breadcrumb\":{\"@id\":\"https:\\\/\\\/veleztopografia.com\\\/index.php\\\/2021\\\/01\\\/07\\\/topografo-en-sedella-malaga-medicion-de-parcela-y-comprobacion-de-lindes\\\/#breadcrumb\"},\"inLanguage\":\"es\",\"potentialAction\":[{\"@type\":\"ReadAction\",\"target\":[\"https:\\\/\\\/veleztopografia.com\\\/index.php\\\/2021\\\/01\\\/07\\\/topografo-en-sedella-malaga-medicion-de-parcela-y-comprobacion-de-lindes\\\/\"]}]},{\"@type\":\"ImageObject\",\"inLanguage\":\"es\",\"@id\":\"https:\\\/\\\/veleztopografia.com\\\/index.php\\\/2021\\\/01\\\/07\\\/topografo-en-sedella-malaga-medicion-de-parcela-y-comprobacion-de-lindes\\\/#primaryimage\",\"url\":\"https:\\\/\\\/veleztopografia.com\\\/wp-content\\\/uploads\\\/2021\\\/01\\\/IMG_20201224_091049-1024x768.jpg\",\"contentUrl\":\"https:\\\/\\\/veleztopografia.com\\\/wp-content\\\/uploads\\\/2021\\\/01\\\/IMG_20201224_091049-1024x768.jpg\"},{\"@type\":\"BreadcrumbList\",\"@id\":\"https:\\\/\\\/veleztopografia.com\\\/index.php\\\/2021\\\/01\\\/07\\\/topografo-en-sedella-malaga-medicion-de-parcela-y-comprobacion-de-lindes\\\/#breadcrumb\",\"itemListElement\":[{\"@type\":\"ListItem\",\"position\":1,\"name\":\"Portada\",\"item\":\"http:\\\/\\\/veleztopografia.com\\\/\"},{\"@type\":\"ListItem\",\"position\":2,\"name\":\"Top\u00f3grafo en Sedella (M\u00e1laga): Medici\u00f3n de parcela y comprobaci\u00f3n de lindes.\"}]},{\"@type\":\"WebSite\",\"@id\":\"http:\\\/\\\/veleztopografia.com\\\/#website\",\"url\":\"http:\\\/\\\/veleztopografia.com\\\/\",\"name\":\"V\u00e9lez Topograf\u00eda\",\"description\":\"Top\u00f3grafo de V\u00e9lez-M\u00e1laga. Servicios de topografia en la Axarqu\u00eda y M\u00e1laga.Medici\u00f3n de fincas,catastro,validacion gr\u00e1fica,etc..\",\"publisher\":{\"@id\":\"http:\\\/\\\/veleztopografia.com\\\/#organization\"},\"potentialAction\":[{\"@type\":\"SearchAction\",\"target\":{\"@type\":\"EntryPoint\",\"urlTemplate\":\"http:\\\/\\\/veleztopografia.com\\\/?s={search_term_string}\"},\"query-input\":{\"@type\":\"PropertyValueSpecification\",\"valueRequired\":true,\"valueName\":\"search_term_string\"}}],\"inLanguage\":\"es\"},{\"@type\":\"Organization\",\"@id\":\"http:\\\/\\\/veleztopografia.com\\\/#organization\",\"name\":\"V\u00e9lez Topograf\u00eda\",\"url\":\"http:\\\/\\\/veleztopografia.com\\\/\",\"logo\":{\"@type\":\"ImageObject\",\"inLanguage\":\"es\",\"@id\":\"http:\\\/\\\/veleztopografia.com\\\/#\\\/schema\\\/logo\\\/image\\\/\",\"url\":\"https:\\\/\\\/i0.wp.com\\\/veleztopografia.com\\\/wp-content\\\/uploads\\\/2019\\\/12\\\/LOGO-VELEZTOPOGRAFIA200-1.jpg?fit=400%2C200&ssl=1\",\"contentUrl\":\"https:\\\/\\\/i0.wp.com\\\/veleztopografia.com\\\/wp-content\\\/uploads\\\/2019\\\/12\\\/LOGO-VELEZTOPOGRAFIA200-1.jpg?fit=400%2C200&ssl=1\",\"width\":400,\"height\":200,\"caption\":\"V\u00e9lez Topograf\u00eda\"},\"image\":{\"@id\":\"http:\\\/\\\/veleztopografia.com\\\/#\\\/schema\\\/logo\\\/image\\\/\"},\"sameAs\":[\"https:\\\/\\\/www.facebook.com\\\/veleztopografia\",\"https:\\\/\\\/x.com\\\/alvaro_manen\",\"https:\\\/\\\/www.instagram.com\\\/alvaromanen\\\/\",\"https:\\\/\\\/www.linkedin.com\\\/in\\\/alvaro-manen-0a7b9a4b\\\/\",\"https:\\\/\\\/www.youtube.com\\\/channel\\\/UCBbmXfa52pAGpmufiMrR3qg\\\/videos\"]},{\"@type\":\"Person\",\"@id\":\"http:\\\/\\\/veleztopografia.com\\\/#\\\/schema\\\/person\\\/f77ff7cee140d8850a0f97fd34ac2601\",\"name\":\"amrtopomar@hotmail.com\",\"image\":{\"@type\":\"ImageObject\",\"inLanguage\":\"es\",\"@id\":\"https:\\\/\\\/secure.gravatar.com\\\/avatar\\\/1bebd10f775e886b97b35c18576a9d2e6b841c3f4b4f048fc10ffb01eb083731?s=96&d=mm&r=g\",\"url\":\"https:\\\/\\\/secure.gravatar.com\\\/avatar\\\/1bebd10f775e886b97b35c18576a9d2e6b841c3f4b4f048fc10ffb01eb083731?s=96&d=mm&r=g\",\"contentUrl\":\"https:\\\/\\\/secure.gravatar.com\\\/avatar\\\/1bebd10f775e886b97b35c18576a9d2e6b841c3f4b4f048fc10ffb01eb083731?s=96&d=mm&r=g\",\"caption\":\"amrtopomar@hotmail.com\"}}]}<\/script>\n<!-- \/ Yoast SEO Premium plugin. -->","yoast_head_json":{"title":"Top\u00f3grafo V\u00e9lez M\u00e1laga. Ingeniero topograf\u00eda medici\u00f3n fincas.","description":"Top\u00f3grafo en Velez-M\u00e1laga.Servicios de topograf\u00eda en la axarqu\u00eda y M\u00e1laga.Medici\u00f3n de fincas,catastro,levantamiento topogr\u00e1ficos,segregaciones,replanteosn,drones,fotogrametr\u00eda,filmaci\u00f3n a\u00e9rea..","robots":{"index":"index","follow":"follow","max-snippet":"max-snippet:-1","max-image-preview":"max-image-preview:large","max-video-preview":"max-video-preview:-1"},"canonical":"https:\/\/veleztopografia.com\/index.php\/2021\/01\/07\/topografo-en-sedella-malaga-medicion-de-parcela-y-comprobacion-de-lindes\/","og_locale":"es_ES","og_type":"article","og_title":"Top\u00f3grafo en Sedella (M\u00e1laga): Medici\u00f3n de parcela y comprobaci\u00f3n de lindes.","og_description":"Top\u00f3grafo en Velez-M\u00e1laga.Servicios de topograf\u00eda en la axarqu\u00eda y M\u00e1laga.Medici\u00f3n de fincas,catastro,levantamiento topogr\u00e1ficos,segregaciones,replanteosn,drones,fotogrametr\u00eda,filmaci\u00f3n a\u00e9rea..","og_url":"https:\/\/veleztopografia.com\/index.php\/2021\/01\/07\/topografo-en-sedella-malaga-medicion-de-parcela-y-comprobacion-de-lindes\/","og_site_name":"V\u00e9lez Topograf\u00eda","article_publisher":"https:\/\/www.facebook.com\/veleztopografia","article_published_time":"2021-01-07T18:34:08+00:00","article_modified_time":"2021-01-07T18:34:41+00:00","og_image":[{"url":"https:\/\/veleztopografia.com\/wp-content\/uploads\/2021\/01\/IMG_20201224_091049-1024x768.jpg","type":"","width":"","height":""}],"author":"amrtopomar@hotmail.com","twitter_card":"summary_large_image","twitter_creator":"@alvaro_manen","twitter_site":"@alvaro_manen","twitter_misc":{"Escrito por":"amrtopomar@hotmail.com","Tiempo de lectura":"1 minuto"},"schema":{"@context":"https:\/\/schema.org","@graph":[{"@type":"Article","@id":"https:\/\/veleztopografia.com\/index.php\/2021\/01\/07\/topografo-en-sedella-malaga-medicion-de-parcela-y-comprobacion-de-lindes\/#article","isPartOf":{"@id":"https:\/\/veleztopografia.com\/index.php\/2021\/01\/07\/topografo-en-sedella-malaga-medicion-de-parcela-y-comprobacion-de-lindes\/"},"author":{"name":"amrtopomar@hotmail.com","@id":"http:\/\/veleztopografia.com\/#\/schema\/person\/f77ff7cee140d8850a0f97fd34ac2601"},"headline":"Top\u00f3grafo en Sedella (M\u00e1laga): Medici\u00f3n de parcela y comprobaci\u00f3n de lindes.","datePublished":"2021-01-07T18:34:08+00:00","dateModified":"2021-01-07T18:34:41+00:00","mainEntityOfPage":{"@id":"https:\/\/veleztopografia.com\/index.php\/2021\/01\/07\/topografo-en-sedella-malaga-medicion-de-parcela-y-comprobacion-de-lindes\/"},"wordCount":129,"commentCount":0,"publisher":{"@id":"http:\/\/veleztopografia.com\/#organization"},"image":{"@id":"https:\/\/veleztopografia.com\/index.php\/2021\/01\/07\/topografo-en-sedella-malaga-medicion-de-parcela-y-comprobacion-de-lindes\/#primaryimage"},"thumbnailUrl":"https:\/\/veleztopografia.com\/wp-content\/uploads\/2021\/01\/IMG_20201224_091049-1024x768.jpg","keywords":["gps","leica","medicion","movimiento de tierras","parcela","sedella","topografia","topografo"],"articleSection":["Blog"],"inLanguage":"es","potentialAction":[{"@type":"CommentAction","name":"Comment","target":["https:\/\/veleztopografia.com\/index.php\/2021\/01\/07\/topografo-en-sedella-malaga-medicion-de-parcela-y-comprobacion-de-lindes\/#respond"]}]},{"@type":"WebPage","@id":"https:\/\/veleztopografia.com\/index.php\/2021\/01\/07\/topografo-en-sedella-malaga-medicion-de-parcela-y-comprobacion-de-lindes\/","url":"https:\/\/veleztopografia.com\/index.php\/2021\/01\/07\/topografo-en-sedella-malaga-medicion-de-parcela-y-comprobacion-de-lindes\/","name":"Top\u00f3grafo V\u00e9lez M\u00e1laga. Ingeniero topograf\u00eda medici\u00f3n fincas.","isPartOf":{"@id":"http:\/\/veleztopografia.com\/#website"},"primaryImageOfPage":{"@id":"https:\/\/veleztopografia.com\/index.php\/2021\/01\/07\/topografo-en-sedella-malaga-medicion-de-parcela-y-comprobacion-de-lindes\/#primaryimage"},"image":{"@id":"https:\/\/veleztopografia.com\/index.php\/2021\/01\/07\/topografo-en-sedella-malaga-medicion-de-parcela-y-comprobacion-de-lindes\/#primaryimage"},"thumbnailUrl":"https:\/\/veleztopografia.com\/wp-content\/uploads\/2021\/01\/IMG_20201224_091049-1024x768.jpg","datePublished":"2021-01-07T18:34:08+00:00","dateModified":"2021-01-07T18:34:41+00:00","description":"Top\u00f3grafo en Velez-M\u00e1laga.Servicios de topograf\u00eda en la axarqu\u00eda y M\u00e1laga.Medici\u00f3n de fincas,catastro,levantamiento topogr\u00e1ficos,segregaciones,replanteosn,drones,fotogrametr\u00eda,filmaci\u00f3n a\u00e9rea..","breadcrumb":{"@id":"https:\/\/veleztopografia.com\/index.php\/2021\/01\/07\/topografo-en-sedella-malaga-medicion-de-parcela-y-comprobacion-de-lindes\/#breadcrumb"},"inLanguage":"es","potentialAction":[{"@type":"ReadAction","target":["https:\/\/veleztopografia.com\/index.php\/2021\/01\/07\/topografo-en-sedella-malaga-medicion-de-parcela-y-comprobacion-de-lindes\/"]}]},{"@type":"ImageObject","inLanguage":"es","@id":"https:\/\/veleztopografia.com\/index.php\/2021\/01\/07\/topografo-en-sedella-malaga-medicion-de-parcela-y-comprobacion-de-lindes\/#primaryimage","url":"https:\/\/veleztopografia.com\/wp-content\/uploads\/2021\/01\/IMG_20201224_091049-1024x768.jpg","contentUrl":"https:\/\/veleztopografia.com\/wp-content\/uploads\/2021\/01\/IMG_20201224_091049-1024x768.jpg"},{"@type":"BreadcrumbList","@id":"https:\/\/veleztopografia.com\/index.php\/2021\/01\/07\/topografo-en-sedella-malaga-medicion-de-parcela-y-comprobacion-de-lindes\/#breadcrumb","itemListElement":[{"@type":"ListItem","position":1,"name":"Portada","item":"http:\/\/veleztopografia.com\/"},{"@type":"ListItem","position":2,"name":"Top\u00f3grafo en Sedella (M\u00e1laga): Medici\u00f3n de parcela y comprobaci\u00f3n de lindes."}]},{"@type":"WebSite","@id":"http:\/\/veleztopografia.com\/#website","url":"http:\/\/veleztopografia.com\/","name":"V\u00e9lez Topograf\u00eda","description":"Top\u00f3grafo de V\u00e9lez-M\u00e1laga. Servicios de topografia en la Axarqu\u00eda y M\u00e1laga.Medici\u00f3n de fincas,catastro,validacion gr\u00e1fica,etc..","publisher":{"@id":"http:\/\/veleztopografia.com\/#organization"},"potentialAction":[{"@type":"SearchAction","target":{"@type":"EntryPoint","urlTemplate":"http:\/\/veleztopografia.com\/?s={search_term_string}"},"query-input":{"@type":"PropertyValueSpecification","valueRequired":true,"valueName":"search_term_string"}}],"inLanguage":"es"},{"@type":"Organization","@id":"http:\/\/veleztopografia.com\/#organization","name":"V\u00e9lez Topograf\u00eda","url":"http:\/\/veleztopografia.com\/","logo":{"@type":"ImageObject","inLanguage":"es","@id":"http:\/\/veleztopografia.com\/#\/schema\/logo\/image\/","url":"https:\/\/i0.wp.com\/veleztopografia.com\/wp-content\/uploads\/2019\/12\/LOGO-VELEZTOPOGRAFIA200-1.jpg?fit=400%2C200&ssl=1","contentUrl":"https:\/\/i0.wp.com\/veleztopografia.com\/wp-content\/uploads\/2019\/12\/LOGO-VELEZTOPOGRAFIA200-1.jpg?fit=400%2C200&ssl=1","width":400,"height":200,"caption":"V\u00e9lez Topograf\u00eda"},"image":{"@id":"http:\/\/veleztopografia.com\/#\/schema\/logo\/image\/"},"sameAs":["https:\/\/www.facebook.com\/veleztopografia","https:\/\/x.com\/alvaro_manen","https:\/\/www.instagram.com\/alvaromanen\/","https:\/\/www.linkedin.com\/in\/alvaro-manen-0a7b9a4b\/","https:\/\/www.youtube.com\/channel\/UCBbmXfa52pAGpmufiMrR3qg\/videos"]},{"@type":"Person","@id":"http:\/\/veleztopografia.com\/#\/schema\/person\/f77ff7cee140d8850a0f97fd34ac2601","name":"amrtopomar@hotmail.com","image":{"@type":"ImageObject","inLanguage":"es","@id":"https:\/\/secure.gravatar.com\/avatar\/1bebd10f775e886b97b35c18576a9d2e6b841c3f4b4f048fc10ffb01eb083731?s=96&d=mm&r=g","url":"https:\/\/secure.gravatar.com\/avatar\/1bebd10f775e886b97b35c18576a9d2e6b841c3f4b4f048fc10ffb01eb083731?s=96&d=mm&r=g","contentUrl":"https:\/\/secure.gravatar.com\/avatar\/1bebd10f775e886b97b35c18576a9d2e6b841c3f4b4f048fc10ffb01eb083731?s=96&d=mm&r=g","caption":"amrtopomar@hotmail.com"}}]}},"uagb_featured_image_src":{"full":false,"thumbnail":false,"medium":false,"medium_large":false,"large":false,"1536x1536":false,"2048x2048":false,"wpvr_mobile":false},"uagb_author_info":{"display_name":"amrtopomar@hotmail.com","author_link":"https:\/\/veleztopografia.com\/index.php\/author\/amrtopomarhotmail-com\/"},"uagb_comment_info":0,"uagb_excerpt":"En esta ocasi\u00f3n nos han solcitado los servicios de topograf\u00eda para realizar una medici\u00f3n de parcela en Sedella. Nuestro cliente a observado que el vecino colindante est\u00e1 realizando unos movimientos de tierra muy pr\u00f3ximos a su linde y cree que probablemente se haya comido parte de su parcela. Por ello hemos medido el per\u00edmetro de&hellip;","_links":{"self":[{"href":"https:\/\/veleztopografia.com\/index.php\/wp-json\/wp\/v2\/posts\/2643","targetHints":{"allow":["GET"]}}],"collection":[{"href":"https:\/\/veleztopografia.com\/index.php\/wp-json\/wp\/v2\/posts"}],"about":[{"href":"https:\/\/veleztopografia.com\/index.php\/wp-json\/wp\/v2\/types\/post"}],"author":[{"embeddable":true,"href":"https:\/\/veleztopografia.com\/index.php\/wp-json\/wp\/v2\/users\/1"}],"replies":[{"embeddable":true,"href":"https:\/\/veleztopografia.com\/index.php\/wp-json\/wp\/v2\/comments?post=2643"}],"version-history":[{"count":1,"href":"https:\/\/veleztopografia.com\/index.php\/wp-json\/wp\/v2\/posts\/2643\/revisions"}],"predecessor-version":[{"id":2647,"href":"https:\/\/veleztopografia.com\/index.php\/wp-json\/wp\/v2\/posts\/2643\/revisions\/2647"}],"wp:attachment":[{"href":"https:\/\/veleztopografia.com\/index.php\/wp-json\/wp\/v2\/media?parent=2643"}],"wp:term":[{"taxonomy":"category","embeddable":true,"href":"https:\/\/veleztopografia.com\/index.php\/wp-json\/wp\/v2\/categories?post=2643"},{"taxonomy":"post_tag","embeddable":true,"href":"https:\/\/veleztopografia.com\/index.php\/wp-json\/wp\/v2\/tags?post=2643"}],"curies":[{"name":"wp","href":"https:\/\/api.w.org\/{rel}","templated":true}]}}