{"id":2584,"date":"2020-11-26T17:55:14","date_gmt":"2020-11-26T17:55:14","guid":{"rendered":"http:\/\/veleztopografia.com\/?p=2584"},"modified":"2020-11-26T17:55:18","modified_gmt":"2020-11-26T17:55:18","slug":"levantamiento-topografico-en-malaga-paraje-los-lagos","status":"publish","type":"post","link":"https:\/\/veleztopografia.com\/index.php\/2020\/11\/26\/levantamiento-topografico-en-malaga-paraje-los-lagos\/","title":{"rendered":"Levantamiento topogr\u00e1fico en M\u00e1laga, Paraje Los Lagos."},"content":{"rendered":"\n<figure class=\"wp-block-gallery columns-1 wp-block-gallery-2 is-layout-flex wp-block-gallery-is-layout-flex\"><ul class=\"blocks-gallery-grid\"><li class=\"blocks-gallery-item\"><figure><img fetchpriority=\"high\" decoding=\"async\" width=\"768\" height=\"1024\" src=\"https:\/\/veleztopografia.com\/wp-content\/uploads\/2020\/11\/IMG_20201125_113235-768x1024.jpg\" alt=\"IMG 20201125 113235\" data-id=\"2585\" data-full-url=\"https:\/\/veleztopografia.com\/wp-content\/uploads\/2020\/11\/IMG_20201125_113235.jpg\" data-link=\"https:\/\/veleztopografia.com\/?attachment_id=2585\" class=\"wp-image-2585\" srcset=\"https:\/\/veleztopografia.com\/wp-content\/uploads\/2020\/11\/IMG_20201125_113235-768x1024.jpg 768w, https:\/\/veleztopografia.com\/wp-content\/uploads\/2020\/11\/IMG_20201125_113235-225x300.jpg 225w, https:\/\/veleztopografia.com\/wp-content\/uploads\/2020\/11\/IMG_20201125_113235-1152x1536.jpg 1152w, https:\/\/veleztopografia.com\/wp-content\/uploads\/2020\/11\/IMG_20201125_113235-1536x2048.jpg 1536w, https:\/\/veleztopografia.com\/wp-content\/uploads\/2020\/11\/IMG_20201125_113235.jpg 1832w\" sizes=\"(max-width: 768px) 100vw, 768px\" \/><\/figure><\/li><\/ul><\/figure>\n\n\n\n<p>Un\u00a0<strong>Levantamiento Topogr\u00e1fico<\/strong>\u00a0permite conocer la geometr\u00eda de una parcela.\u00a0Determina\u00a0 su localizaci\u00f3n,\u00a0superficie,\u00a0l\u00edmites\u00a0y altitud de los diferentes puntos; para posteriormente disponer de\u00a0informaci\u00f3n precisa\u00a0que permita realizar cualquier proyecto constructivo.<\/p>\n\n\n\n<p>Hemos realizado un levantamiento topografico de una parcela, confiando nuevamente el cliente en nuestros <strong>servicios de topograf\u00eda en M\u00e1laga<\/strong>, para el posterior estudio de un proyecto medioambiental muy interesante y sostenible. La parcela tiene unas 8 Ha. de extensi\u00f3n con desniveles muy fuertes, pero cuenta con caminos a lo largo de todo el desarrollo de la misma que facilita su desplazamiento por la misma. Hemos empleado el GPS para la toma de datos, realiz\u00e1ndola durante casi tres d\u00edas consecutivos, aunque siempre hemos contado con la compa\u00f1\u00eda de nuestro joven ayudante.<\/p>\n\n\n\n<figure class=\"wp-block-gallery columns-2 is-cropped wp-block-gallery-3 is-layout-flex wp-block-gallery-is-layout-flex\"><ul class=\"blocks-gallery-grid\"><li class=\"blocks-gallery-item\"><figure><img decoding=\"async\" width=\"1024\" height=\"768\" src=\"https:\/\/veleztopografia.com\/wp-content\/uploads\/2020\/11\/IMG_20201125_104141-1024x768.jpg\" alt=\"IMG 20201125 104141\" data-id=\"2586\" data-full-url=\"https:\/\/veleztopografia.com\/wp-content\/uploads\/2020\/11\/IMG_20201125_104141.jpg\" data-link=\"https:\/\/veleztopografia.com\/?attachment_id=2586\" class=\"wp-image-2586\" srcset=\"https:\/\/veleztopografia.com\/wp-content\/uploads\/2020\/11\/IMG_20201125_104141-1024x768.jpg 1024w, https:\/\/veleztopografia.com\/wp-content\/uploads\/2020\/11\/IMG_20201125_104141-300x225.jpg 300w, https:\/\/veleztopografia.com\/wp-content\/uploads\/2020\/11\/IMG_20201125_104141-768x576.jpg 768w, https:\/\/veleztopografia.com\/wp-content\/uploads\/2020\/11\/IMG_20201125_104141-1536x1152.jpg 1536w, https:\/\/veleztopografia.com\/wp-content\/uploads\/2020\/11\/IMG_20201125_104141.jpg 1857w\" sizes=\"(max-width: 1024px) 100vw, 1024px\" \/><\/figure><\/li><li class=\"blocks-gallery-item\"><figure><img decoding=\"async\" width=\"1024\" height=\"768\" src=\"https:\/\/veleztopografia.com\/wp-content\/uploads\/2020\/11\/IMG_20201125_114346-1024x768.jpg\" alt=\"IMG 20201125 114346\" data-id=\"2587\" data-full-url=\"https:\/\/veleztopografia.com\/wp-content\/uploads\/2020\/11\/IMG_20201125_114346.jpg\" data-link=\"https:\/\/veleztopografia.com\/?attachment_id=2587\" class=\"wp-image-2587\" srcset=\"https:\/\/veleztopografia.com\/wp-content\/uploads\/2020\/11\/IMG_20201125_114346-1024x768.jpg 1024w, https:\/\/veleztopografia.com\/wp-content\/uploads\/2020\/11\/IMG_20201125_114346-300x225.jpg 300w, https:\/\/veleztopografia.com\/wp-content\/uploads\/2020\/11\/IMG_20201125_114346-768x576.jpg 768w, https:\/\/veleztopografia.com\/wp-content\/uploads\/2020\/11\/IMG_20201125_114346-1536x1152.jpg 1536w, https:\/\/veleztopografia.com\/wp-content\/uploads\/2020\/11\/IMG_20201125_114346.jpg 1733w\" sizes=\"(max-width: 1024px) 100vw, 1024px\" \/><\/figure><\/li><\/ul><\/figure>\n\n\n\n<p>Realizar <strong>este levantamiento topogr\u00e1fico con dron<\/strong>, hubiera sido un acierto y un ahorro de tiempo, pero por su cercan\u00eda a la zona CTR de M\u00e1laga, se relentizan los permisos para la ejecuci\u00f3n del mismo, sin garantizar que este se pueda ejecutar mediante el RPAS. <\/p>\n\n\n\n<p>En <strong>V\u00e9lez Topografia somo operadora autorizada por Aesa<\/strong>, pero trabajamos siempre de manera legal y cumpliendo la ley.<\/p>\n\n\n\n<p>Si necesita nuestro servicio como <strong>top\u00f3grafo en M\u00e1laga<\/strong>, no dude en pedirnos presupuesto sin compromiso.<\/p>\n","protected":false},"excerpt":{"rendered":"<p>Un\u00a0Levantamiento Topogr\u00e1fico\u00a0permite conocer la geometr\u00eda de una parcela.\u00a0Determina\u00a0 su localizaci\u00f3n,\u00a0superficie,\u00a0l\u00edmites\u00a0y altitud de los diferentes puntos; para posteriormente disponer de\u00a0informaci\u00f3n precisa\u00a0que permita realizar cualquier proyecto constructivo. Hemos realizado un levantamiento topografico de una parcela, confiando nuevamente el cliente en nuestros servicios de topograf\u00eda en M\u00e1laga, para el posterior estudio de un proyecto medioambiental muy interesante y [&hellip;]<\/p>\n","protected":false},"author":1,"featured_media":0,"comment_status":"open","ping_status":"open","sticky":false,"template":"","format":"standard","meta":{"_uag_custom_page_level_css":"","_monsterinsights_skip_tracking":false,"_monsterinsights_sitenote_active":false,"_monsterinsights_sitenote_note":"","_monsterinsights_sitenote_category":0,"site-sidebar-layout":"default","site-content-layout":"default","ast-site-content-layout":"default","site-content-style":"default","site-sidebar-style":"default","ast-global-header-display":"","ast-banner-title-visibility":"","ast-main-header-display":"","ast-hfb-above-header-display":"","ast-hfb-below-header-display":"","ast-hfb-mobile-header-display":"","site-post-title":"","ast-breadcrumbs-content":"","ast-featured-img":"","footer-sml-layout":"","ast-disable-related-posts":"","theme-transparent-header-meta":"default","adv-header-id-meta":"","stick-header-meta":"default","header-above-stick-meta":"","header-main-stick-meta":"","header-below-stick-meta":"","astra-migrate-meta-layouts":"default","ast-page-background-enabled":"default","ast-page-background-meta":{"desktop":{"background-color":"","background-image":"","background-repeat":"repeat","background-position":"center center","background-size":"auto","background-attachment":"scroll","background-type":"","background-media":"","overlay-type":"","overlay-color":"","overlay-opacity":"","overlay-gradient":""},"tablet":{"background-color":"","background-image":"","background-repeat":"repeat","background-position":"center center","background-size":"auto","background-attachment":"scroll","background-type":"","background-media":"","overlay-type":"","overlay-color":"","overlay-opacity":"","overlay-gradient":""},"mobile":{"background-color":"","background-image":"","background-repeat":"repeat","background-position":"center center","background-size":"auto","background-attachment":"scroll","background-type":"","background-media":"","overlay-type":"","overlay-color":"","overlay-opacity":"","overlay-gradient":""}},"ast-content-background-meta":{"desktop":{"background-color":"var(--ast-global-color-5)","background-image":"","background-repeat":"repeat","background-position":"center center","background-size":"auto","background-attachment":"scroll","background-type":"","background-media":"","overlay-type":"","overlay-color":"","overlay-opacity":"","overlay-gradient":""},"tablet":{"background-color":"var(--ast-global-color-5)","background-image":"","background-repeat":"repeat","background-position":"center center","background-size":"auto","background-attachment":"scroll","background-type":"","background-media":"","overlay-type":"","overlay-color":"","overlay-opacity":"","overlay-gradient":""},"mobile":{"background-color":"var(--ast-global-color-5)","background-image":"","background-repeat":"repeat","background-position":"center center","background-size":"auto","background-attachment":"scroll","background-type":"","background-media":"","overlay-type":"","overlay-color":"","overlay-opacity":"","overlay-gradient":""}},"footnotes":""},"categories":[5],"tags":[202,66,136,79,35,27,33],"class_list":["post-2584","post","type-post","status-publish","format-standard","hentry","category-blog","tag-curvas-de-nivel","tag-gps","tag-levantamiento","tag-levantamiento-topografico","tag-malaga","tag-medicion","tag-parcela"],"yoast_head":"<!-- This site is optimized with the Yoast SEO Premium plugin v24.1 (Yoast SEO v27.4) - https:\/\/yoast.com\/product\/yoast-seo-premium-wordpress\/ -->\n<title>Top\u00f3grafo V\u00e9lez M\u00e1laga. Ingeniero topograf\u00eda medici\u00f3n fincas.<\/title>\n<meta name=\"description\" content=\"Top\u00f3grafo en Velez-M\u00e1laga.Servicios de topograf\u00eda en la axarqu\u00eda y M\u00e1laga.Medici\u00f3n de fincas,catastro,levantamiento topogr\u00e1ficos,segregaciones,replanteosn,drones,fotogrametr\u00eda,filmaci\u00f3n a\u00e9rea..\" \/>\n<meta name=\"robots\" content=\"index, follow, max-snippet:-1, max-image-preview:large, max-video-preview:-1\" \/>\n<link rel=\"canonical\" href=\"https:\/\/veleztopografia.com\/index.php\/2020\/11\/26\/levantamiento-topografico-en-malaga-paraje-los-lagos\/\" \/>\n<meta property=\"og:locale\" content=\"es_ES\" \/>\n<meta property=\"og:type\" content=\"article\" \/>\n<meta property=\"og:title\" content=\"Levantamiento topogr\u00e1fico en M\u00e1laga, Paraje Los Lagos.\" \/>\n<meta property=\"og:description\" content=\"Top\u00f3grafo en Velez-M\u00e1laga.Servicios de topograf\u00eda en la axarqu\u00eda y M\u00e1laga.Medici\u00f3n de fincas,catastro,levantamiento topogr\u00e1ficos,segregaciones,replanteosn,drones,fotogrametr\u00eda,filmaci\u00f3n a\u00e9rea..\" \/>\n<meta property=\"og:url\" content=\"https:\/\/veleztopografia.com\/index.php\/2020\/11\/26\/levantamiento-topografico-en-malaga-paraje-los-lagos\/\" \/>\n<meta property=\"og:site_name\" content=\"V\u00e9lez Topograf\u00eda\" \/>\n<meta property=\"article:publisher\" content=\"https:\/\/www.facebook.com\/veleztopografia\" \/>\n<meta property=\"article:published_time\" content=\"2020-11-26T17:55:14+00:00\" \/>\n<meta property=\"article:modified_time\" content=\"2020-11-26T17:55:18+00:00\" \/>\n<meta property=\"og:image\" content=\"https:\/\/veleztopografia.com\/wp-content\/uploads\/2020\/11\/IMG_20201125_113235-768x1024.jpg\" \/>\n<meta name=\"author\" content=\"amrtopomar@hotmail.com\" \/>\n<meta name=\"twitter:card\" content=\"summary_large_image\" \/>\n<meta name=\"twitter:creator\" content=\"@alvaro_manen\" \/>\n<meta name=\"twitter:site\" content=\"@alvaro_manen\" \/>\n<meta name=\"twitter:label1\" content=\"Escrito por\" \/>\n\t<meta name=\"twitter:data1\" content=\"amrtopomar@hotmail.com\" \/>\n\t<meta name=\"twitter:label2\" content=\"Tiempo de lectura\" \/>\n\t<meta name=\"twitter:data2\" content=\"1 minuto\" \/>\n<script type=\"application\/ld+json\" class=\"yoast-schema-graph\">{\"@context\":\"https:\\\/\\\/schema.org\",\"@graph\":[{\"@type\":\"Article\",\"@id\":\"https:\\\/\\\/veleztopografia.com\\\/index.php\\\/2020\\\/11\\\/26\\\/levantamiento-topografico-en-malaga-paraje-los-lagos\\\/#article\",\"isPartOf\":{\"@id\":\"https:\\\/\\\/veleztopografia.com\\\/index.php\\\/2020\\\/11\\\/26\\\/levantamiento-topografico-en-malaga-paraje-los-lagos\\\/\"},\"author\":{\"name\":\"amrtopomar@hotmail.com\",\"@id\":\"http:\\\/\\\/veleztopografia.com\\\/#\\\/schema\\\/person\\\/f77ff7cee140d8850a0f97fd34ac2601\"},\"headline\":\"Levantamiento topogr\u00e1fico en M\u00e1laga, Paraje Los Lagos.\",\"datePublished\":\"2020-11-26T17:55:14+00:00\",\"dateModified\":\"2020-11-26T17:55:18+00:00\",\"mainEntityOfPage\":{\"@id\":\"https:\\\/\\\/veleztopografia.com\\\/index.php\\\/2020\\\/11\\\/26\\\/levantamiento-topografico-en-malaga-paraje-los-lagos\\\/\"},\"wordCount\":226,\"commentCount\":0,\"publisher\":{\"@id\":\"http:\\\/\\\/veleztopografia.com\\\/#organization\"},\"image\":{\"@id\":\"https:\\\/\\\/veleztopografia.com\\\/index.php\\\/2020\\\/11\\\/26\\\/levantamiento-topografico-en-malaga-paraje-los-lagos\\\/#primaryimage\"},\"thumbnailUrl\":\"https:\\\/\\\/veleztopografia.com\\\/wp-content\\\/uploads\\\/2020\\\/11\\\/IMG_20201125_113235-768x1024.jpg\",\"keywords\":[\"curvas de nivel\",\"gps\",\"levantamiento\",\"levantamiento topografico\",\"malaga\",\"medicion\",\"parcela\"],\"articleSection\":[\"Blog\"],\"inLanguage\":\"es\",\"potentialAction\":[{\"@type\":\"CommentAction\",\"name\":\"Comment\",\"target\":[\"https:\\\/\\\/veleztopografia.com\\\/index.php\\\/2020\\\/11\\\/26\\\/levantamiento-topografico-en-malaga-paraje-los-lagos\\\/#respond\"]}]},{\"@type\":\"WebPage\",\"@id\":\"https:\\\/\\\/veleztopografia.com\\\/index.php\\\/2020\\\/11\\\/26\\\/levantamiento-topografico-en-malaga-paraje-los-lagos\\\/\",\"url\":\"https:\\\/\\\/veleztopografia.com\\\/index.php\\\/2020\\\/11\\\/26\\\/levantamiento-topografico-en-malaga-paraje-los-lagos\\\/\",\"name\":\"Top\u00f3grafo V\u00e9lez M\u00e1laga. Ingeniero topograf\u00eda medici\u00f3n fincas.\",\"isPartOf\":{\"@id\":\"http:\\\/\\\/veleztopografia.com\\\/#website\"},\"primaryImageOfPage\":{\"@id\":\"https:\\\/\\\/veleztopografia.com\\\/index.php\\\/2020\\\/11\\\/26\\\/levantamiento-topografico-en-malaga-paraje-los-lagos\\\/#primaryimage\"},\"image\":{\"@id\":\"https:\\\/\\\/veleztopografia.com\\\/index.php\\\/2020\\\/11\\\/26\\\/levantamiento-topografico-en-malaga-paraje-los-lagos\\\/#primaryimage\"},\"thumbnailUrl\":\"https:\\\/\\\/veleztopografia.com\\\/wp-content\\\/uploads\\\/2020\\\/11\\\/IMG_20201125_113235-768x1024.jpg\",\"datePublished\":\"2020-11-26T17:55:14+00:00\",\"dateModified\":\"2020-11-26T17:55:18+00:00\",\"description\":\"Top\u00f3grafo en Velez-M\u00e1laga.Servicios de topograf\u00eda en la axarqu\u00eda y M\u00e1laga.Medici\u00f3n de fincas,catastro,levantamiento topogr\u00e1ficos,segregaciones,replanteosn,drones,fotogrametr\u00eda,filmaci\u00f3n a\u00e9rea..\",\"breadcrumb\":{\"@id\":\"https:\\\/\\\/veleztopografia.com\\\/index.php\\\/2020\\\/11\\\/26\\\/levantamiento-topografico-en-malaga-paraje-los-lagos\\\/#breadcrumb\"},\"inLanguage\":\"es\",\"potentialAction\":[{\"@type\":\"ReadAction\",\"target\":[\"https:\\\/\\\/veleztopografia.com\\\/index.php\\\/2020\\\/11\\\/26\\\/levantamiento-topografico-en-malaga-paraje-los-lagos\\\/\"]}]},{\"@type\":\"ImageObject\",\"inLanguage\":\"es\",\"@id\":\"https:\\\/\\\/veleztopografia.com\\\/index.php\\\/2020\\\/11\\\/26\\\/levantamiento-topografico-en-malaga-paraje-los-lagos\\\/#primaryimage\",\"url\":\"https:\\\/\\\/veleztopografia.com\\\/wp-content\\\/uploads\\\/2020\\\/11\\\/IMG_20201125_113235-768x1024.jpg\",\"contentUrl\":\"https:\\\/\\\/veleztopografia.com\\\/wp-content\\\/uploads\\\/2020\\\/11\\\/IMG_20201125_113235-768x1024.jpg\"},{\"@type\":\"BreadcrumbList\",\"@id\":\"https:\\\/\\\/veleztopografia.com\\\/index.php\\\/2020\\\/11\\\/26\\\/levantamiento-topografico-en-malaga-paraje-los-lagos\\\/#breadcrumb\",\"itemListElement\":[{\"@type\":\"ListItem\",\"position\":1,\"name\":\"Portada\",\"item\":\"http:\\\/\\\/veleztopografia.com\\\/\"},{\"@type\":\"ListItem\",\"position\":2,\"name\":\"Levantamiento topogr\u00e1fico en M\u00e1laga, Paraje Los Lagos.\"}]},{\"@type\":\"WebSite\",\"@id\":\"http:\\\/\\\/veleztopografia.com\\\/#website\",\"url\":\"http:\\\/\\\/veleztopografia.com\\\/\",\"name\":\"V\u00e9lez Topograf\u00eda\",\"description\":\"Top\u00f3grafo de V\u00e9lez-M\u00e1laga. Servicios de topografia en la Axarqu\u00eda y M\u00e1laga.Medici\u00f3n de fincas,catastro,validacion gr\u00e1fica,etc..\",\"publisher\":{\"@id\":\"http:\\\/\\\/veleztopografia.com\\\/#organization\"},\"potentialAction\":[{\"@type\":\"SearchAction\",\"target\":{\"@type\":\"EntryPoint\",\"urlTemplate\":\"http:\\\/\\\/veleztopografia.com\\\/?s={search_term_string}\"},\"query-input\":{\"@type\":\"PropertyValueSpecification\",\"valueRequired\":true,\"valueName\":\"search_term_string\"}}],\"inLanguage\":\"es\"},{\"@type\":\"Organization\",\"@id\":\"http:\\\/\\\/veleztopografia.com\\\/#organization\",\"name\":\"V\u00e9lez Topograf\u00eda\",\"url\":\"http:\\\/\\\/veleztopografia.com\\\/\",\"logo\":{\"@type\":\"ImageObject\",\"inLanguage\":\"es\",\"@id\":\"http:\\\/\\\/veleztopografia.com\\\/#\\\/schema\\\/logo\\\/image\\\/\",\"url\":\"https:\\\/\\\/i0.wp.com\\\/veleztopografia.com\\\/wp-content\\\/uploads\\\/2019\\\/12\\\/LOGO-VELEZTOPOGRAFIA200-1.jpg?fit=400%2C200&ssl=1\",\"contentUrl\":\"https:\\\/\\\/i0.wp.com\\\/veleztopografia.com\\\/wp-content\\\/uploads\\\/2019\\\/12\\\/LOGO-VELEZTOPOGRAFIA200-1.jpg?fit=400%2C200&ssl=1\",\"width\":400,\"height\":200,\"caption\":\"V\u00e9lez Topograf\u00eda\"},\"image\":{\"@id\":\"http:\\\/\\\/veleztopografia.com\\\/#\\\/schema\\\/logo\\\/image\\\/\"},\"sameAs\":[\"https:\\\/\\\/www.facebook.com\\\/veleztopografia\",\"https:\\\/\\\/x.com\\\/alvaro_manen\",\"https:\\\/\\\/www.instagram.com\\\/alvaromanen\\\/\",\"https:\\\/\\\/www.linkedin.com\\\/in\\\/alvaro-manen-0a7b9a4b\\\/\",\"https:\\\/\\\/www.youtube.com\\\/channel\\\/UCBbmXfa52pAGpmufiMrR3qg\\\/videos\"]},{\"@type\":\"Person\",\"@id\":\"http:\\\/\\\/veleztopografia.com\\\/#\\\/schema\\\/person\\\/f77ff7cee140d8850a0f97fd34ac2601\",\"name\":\"amrtopomar@hotmail.com\",\"image\":{\"@type\":\"ImageObject\",\"inLanguage\":\"es\",\"@id\":\"https:\\\/\\\/secure.gravatar.com\\\/avatar\\\/1bebd10f775e886b97b35c18576a9d2e6b841c3f4b4f048fc10ffb01eb083731?s=96&d=mm&r=g\",\"url\":\"https:\\\/\\\/secure.gravatar.com\\\/avatar\\\/1bebd10f775e886b97b35c18576a9d2e6b841c3f4b4f048fc10ffb01eb083731?s=96&d=mm&r=g\",\"contentUrl\":\"https:\\\/\\\/secure.gravatar.com\\\/avatar\\\/1bebd10f775e886b97b35c18576a9d2e6b841c3f4b4f048fc10ffb01eb083731?s=96&d=mm&r=g\",\"caption\":\"amrtopomar@hotmail.com\"}}]}<\/script>\n<!-- \/ Yoast SEO Premium plugin. -->","yoast_head_json":{"title":"Top\u00f3grafo V\u00e9lez M\u00e1laga. Ingeniero topograf\u00eda medici\u00f3n fincas.","description":"Top\u00f3grafo en Velez-M\u00e1laga.Servicios de topograf\u00eda en la axarqu\u00eda y M\u00e1laga.Medici\u00f3n de fincas,catastro,levantamiento topogr\u00e1ficos,segregaciones,replanteosn,drones,fotogrametr\u00eda,filmaci\u00f3n a\u00e9rea..","robots":{"index":"index","follow":"follow","max-snippet":"max-snippet:-1","max-image-preview":"max-image-preview:large","max-video-preview":"max-video-preview:-1"},"canonical":"https:\/\/veleztopografia.com\/index.php\/2020\/11\/26\/levantamiento-topografico-en-malaga-paraje-los-lagos\/","og_locale":"es_ES","og_type":"article","og_title":"Levantamiento topogr\u00e1fico en M\u00e1laga, Paraje Los Lagos.","og_description":"Top\u00f3grafo en Velez-M\u00e1laga.Servicios de topograf\u00eda en la axarqu\u00eda y M\u00e1laga.Medici\u00f3n de fincas,catastro,levantamiento topogr\u00e1ficos,segregaciones,replanteosn,drones,fotogrametr\u00eda,filmaci\u00f3n a\u00e9rea..","og_url":"https:\/\/veleztopografia.com\/index.php\/2020\/11\/26\/levantamiento-topografico-en-malaga-paraje-los-lagos\/","og_site_name":"V\u00e9lez Topograf\u00eda","article_publisher":"https:\/\/www.facebook.com\/veleztopografia","article_published_time":"2020-11-26T17:55:14+00:00","article_modified_time":"2020-11-26T17:55:18+00:00","og_image":[{"url":"https:\/\/veleztopografia.com\/wp-content\/uploads\/2020\/11\/IMG_20201125_113235-768x1024.jpg","type":"","width":"","height":""}],"author":"amrtopomar@hotmail.com","twitter_card":"summary_large_image","twitter_creator":"@alvaro_manen","twitter_site":"@alvaro_manen","twitter_misc":{"Escrito por":"amrtopomar@hotmail.com","Tiempo de lectura":"1 minuto"},"schema":{"@context":"https:\/\/schema.org","@graph":[{"@type":"Article","@id":"https:\/\/veleztopografia.com\/index.php\/2020\/11\/26\/levantamiento-topografico-en-malaga-paraje-los-lagos\/#article","isPartOf":{"@id":"https:\/\/veleztopografia.com\/index.php\/2020\/11\/26\/levantamiento-topografico-en-malaga-paraje-los-lagos\/"},"author":{"name":"amrtopomar@hotmail.com","@id":"http:\/\/veleztopografia.com\/#\/schema\/person\/f77ff7cee140d8850a0f97fd34ac2601"},"headline":"Levantamiento topogr\u00e1fico en M\u00e1laga, Paraje Los Lagos.","datePublished":"2020-11-26T17:55:14+00:00","dateModified":"2020-11-26T17:55:18+00:00","mainEntityOfPage":{"@id":"https:\/\/veleztopografia.com\/index.php\/2020\/11\/26\/levantamiento-topografico-en-malaga-paraje-los-lagos\/"},"wordCount":226,"commentCount":0,"publisher":{"@id":"http:\/\/veleztopografia.com\/#organization"},"image":{"@id":"https:\/\/veleztopografia.com\/index.php\/2020\/11\/26\/levantamiento-topografico-en-malaga-paraje-los-lagos\/#primaryimage"},"thumbnailUrl":"https:\/\/veleztopografia.com\/wp-content\/uploads\/2020\/11\/IMG_20201125_113235-768x1024.jpg","keywords":["curvas de nivel","gps","levantamiento","levantamiento topografico","malaga","medicion","parcela"],"articleSection":["Blog"],"inLanguage":"es","potentialAction":[{"@type":"CommentAction","name":"Comment","target":["https:\/\/veleztopografia.com\/index.php\/2020\/11\/26\/levantamiento-topografico-en-malaga-paraje-los-lagos\/#respond"]}]},{"@type":"WebPage","@id":"https:\/\/veleztopografia.com\/index.php\/2020\/11\/26\/levantamiento-topografico-en-malaga-paraje-los-lagos\/","url":"https:\/\/veleztopografia.com\/index.php\/2020\/11\/26\/levantamiento-topografico-en-malaga-paraje-los-lagos\/","name":"Top\u00f3grafo V\u00e9lez M\u00e1laga. Ingeniero topograf\u00eda medici\u00f3n fincas.","isPartOf":{"@id":"http:\/\/veleztopografia.com\/#website"},"primaryImageOfPage":{"@id":"https:\/\/veleztopografia.com\/index.php\/2020\/11\/26\/levantamiento-topografico-en-malaga-paraje-los-lagos\/#primaryimage"},"image":{"@id":"https:\/\/veleztopografia.com\/index.php\/2020\/11\/26\/levantamiento-topografico-en-malaga-paraje-los-lagos\/#primaryimage"},"thumbnailUrl":"https:\/\/veleztopografia.com\/wp-content\/uploads\/2020\/11\/IMG_20201125_113235-768x1024.jpg","datePublished":"2020-11-26T17:55:14+00:00","dateModified":"2020-11-26T17:55:18+00:00","description":"Top\u00f3grafo en Velez-M\u00e1laga.Servicios de topograf\u00eda en la axarqu\u00eda y M\u00e1laga.Medici\u00f3n de fincas,catastro,levantamiento topogr\u00e1ficos,segregaciones,replanteosn,drones,fotogrametr\u00eda,filmaci\u00f3n a\u00e9rea..","breadcrumb":{"@id":"https:\/\/veleztopografia.com\/index.php\/2020\/11\/26\/levantamiento-topografico-en-malaga-paraje-los-lagos\/#breadcrumb"},"inLanguage":"es","potentialAction":[{"@type":"ReadAction","target":["https:\/\/veleztopografia.com\/index.php\/2020\/11\/26\/levantamiento-topografico-en-malaga-paraje-los-lagos\/"]}]},{"@type":"ImageObject","inLanguage":"es","@id":"https:\/\/veleztopografia.com\/index.php\/2020\/11\/26\/levantamiento-topografico-en-malaga-paraje-los-lagos\/#primaryimage","url":"https:\/\/veleztopografia.com\/wp-content\/uploads\/2020\/11\/IMG_20201125_113235-768x1024.jpg","contentUrl":"https:\/\/veleztopografia.com\/wp-content\/uploads\/2020\/11\/IMG_20201125_113235-768x1024.jpg"},{"@type":"BreadcrumbList","@id":"https:\/\/veleztopografia.com\/index.php\/2020\/11\/26\/levantamiento-topografico-en-malaga-paraje-los-lagos\/#breadcrumb","itemListElement":[{"@type":"ListItem","position":1,"name":"Portada","item":"http:\/\/veleztopografia.com\/"},{"@type":"ListItem","position":2,"name":"Levantamiento topogr\u00e1fico en M\u00e1laga, Paraje Los Lagos."}]},{"@type":"WebSite","@id":"http:\/\/veleztopografia.com\/#website","url":"http:\/\/veleztopografia.com\/","name":"V\u00e9lez Topograf\u00eda","description":"Top\u00f3grafo de V\u00e9lez-M\u00e1laga. Servicios de topografia en la Axarqu\u00eda y M\u00e1laga.Medici\u00f3n de fincas,catastro,validacion gr\u00e1fica,etc..","publisher":{"@id":"http:\/\/veleztopografia.com\/#organization"},"potentialAction":[{"@type":"SearchAction","target":{"@type":"EntryPoint","urlTemplate":"http:\/\/veleztopografia.com\/?s={search_term_string}"},"query-input":{"@type":"PropertyValueSpecification","valueRequired":true,"valueName":"search_term_string"}}],"inLanguage":"es"},{"@type":"Organization","@id":"http:\/\/veleztopografia.com\/#organization","name":"V\u00e9lez Topograf\u00eda","url":"http:\/\/veleztopografia.com\/","logo":{"@type":"ImageObject","inLanguage":"es","@id":"http:\/\/veleztopografia.com\/#\/schema\/logo\/image\/","url":"https:\/\/i0.wp.com\/veleztopografia.com\/wp-content\/uploads\/2019\/12\/LOGO-VELEZTOPOGRAFIA200-1.jpg?fit=400%2C200&ssl=1","contentUrl":"https:\/\/i0.wp.com\/veleztopografia.com\/wp-content\/uploads\/2019\/12\/LOGO-VELEZTOPOGRAFIA200-1.jpg?fit=400%2C200&ssl=1","width":400,"height":200,"caption":"V\u00e9lez Topograf\u00eda"},"image":{"@id":"http:\/\/veleztopografia.com\/#\/schema\/logo\/image\/"},"sameAs":["https:\/\/www.facebook.com\/veleztopografia","https:\/\/x.com\/alvaro_manen","https:\/\/www.instagram.com\/alvaromanen\/","https:\/\/www.linkedin.com\/in\/alvaro-manen-0a7b9a4b\/","https:\/\/www.youtube.com\/channel\/UCBbmXfa52pAGpmufiMrR3qg\/videos"]},{"@type":"Person","@id":"http:\/\/veleztopografia.com\/#\/schema\/person\/f77ff7cee140d8850a0f97fd34ac2601","name":"amrtopomar@hotmail.com","image":{"@type":"ImageObject","inLanguage":"es","@id":"https:\/\/secure.gravatar.com\/avatar\/1bebd10f775e886b97b35c18576a9d2e6b841c3f4b4f048fc10ffb01eb083731?s=96&d=mm&r=g","url":"https:\/\/secure.gravatar.com\/avatar\/1bebd10f775e886b97b35c18576a9d2e6b841c3f4b4f048fc10ffb01eb083731?s=96&d=mm&r=g","contentUrl":"https:\/\/secure.gravatar.com\/avatar\/1bebd10f775e886b97b35c18576a9d2e6b841c3f4b4f048fc10ffb01eb083731?s=96&d=mm&r=g","caption":"amrtopomar@hotmail.com"}}]}},"uagb_featured_image_src":{"full":false,"thumbnail":false,"medium":false,"medium_large":false,"large":false,"1536x1536":false,"2048x2048":false,"wpvr_mobile":false},"uagb_author_info":{"display_name":"amrtopomar@hotmail.com","author_link":"https:\/\/veleztopografia.com\/index.php\/author\/amrtopomarhotmail-com\/"},"uagb_comment_info":1,"uagb_excerpt":"Un\u00a0Levantamiento Topogr\u00e1fico\u00a0permite conocer la geometr\u00eda de una parcela.\u00a0Determina\u00a0 su localizaci\u00f3n,\u00a0superficie,\u00a0l\u00edmites\u00a0y altitud de los diferentes puntos; para posteriormente disponer de\u00a0informaci\u00f3n precisa\u00a0que permita realizar cualquier proyecto constructivo. Hemos realizado un levantamiento topografico de una parcela, confiando nuevamente el cliente en nuestros servicios de topograf\u00eda en M\u00e1laga, para el posterior estudio de un proyecto medioambiental muy interesante y&hellip;","_links":{"self":[{"href":"https:\/\/veleztopografia.com\/index.php\/wp-json\/wp\/v2\/posts\/2584","targetHints":{"allow":["GET"]}}],"collection":[{"href":"https:\/\/veleztopografia.com\/index.php\/wp-json\/wp\/v2\/posts"}],"about":[{"href":"https:\/\/veleztopografia.com\/index.php\/wp-json\/wp\/v2\/types\/post"}],"author":[{"embeddable":true,"href":"https:\/\/veleztopografia.com\/index.php\/wp-json\/wp\/v2\/users\/1"}],"replies":[{"embeddable":true,"href":"https:\/\/veleztopografia.com\/index.php\/wp-json\/wp\/v2\/comments?post=2584"}],"version-history":[{"count":1,"href":"https:\/\/veleztopografia.com\/index.php\/wp-json\/wp\/v2\/posts\/2584\/revisions"}],"predecessor-version":[{"id":2588,"href":"https:\/\/veleztopografia.com\/index.php\/wp-json\/wp\/v2\/posts\/2584\/revisions\/2588"}],"wp:attachment":[{"href":"https:\/\/veleztopografia.com\/index.php\/wp-json\/wp\/v2\/media?parent=2584"}],"wp:term":[{"taxonomy":"category","embeddable":true,"href":"https:\/\/veleztopografia.com\/index.php\/wp-json\/wp\/v2\/categories?post=2584"},{"taxonomy":"post_tag","embeddable":true,"href":"https:\/\/veleztopografia.com\/index.php\/wp-json\/wp\/v2\/tags?post=2584"}],"curies":[{"name":"wp","href":"https:\/\/api.w.org\/{rel}","templated":true}]}}