{"id":2546,"date":"2020-10-30T16:41:38","date_gmt":"2020-10-30T16:41:38","guid":{"rendered":"http:\/\/veleztopografia.com\/?p=2546"},"modified":"2020-10-30T16:41:43","modified_gmt":"2020-10-30T16:41:43","slug":"medicion-de-parcela-en-casabermeja-malaga","status":"publish","type":"post","link":"https:\/\/veleztopografia.com\/index.php\/2020\/10\/30\/medicion-de-parcela-en-casabermeja-malaga\/","title":{"rendered":"Medici\u00f3n de parcela en Casabermeja, M\u00e1laga"},"content":{"rendered":"\n<figure class=\"wp-block-gallery columns-1 is-cropped wp-block-gallery-2 is-layout-flex wp-block-gallery-is-layout-flex\"><ul class=\"blocks-gallery-grid\"><li class=\"blocks-gallery-item\"><figure><img fetchpriority=\"high\" decoding=\"async\" width=\"1024\" height=\"706\" src=\"https:\/\/veleztopografia.com\/wp-content\/uploads\/2020\/10\/IMG_20201029_100624-1024x706.jpg\" alt=\"IMG 20201029 100624\" data-id=\"2547\" data-full-url=\"https:\/\/veleztopografia.com\/wp-content\/uploads\/2020\/10\/IMG_20201029_100624.jpg\" data-link=\"https:\/\/veleztopografia.com\/?attachment_id=2547\" class=\"wp-image-2547\" srcset=\"https:\/\/veleztopografia.com\/wp-content\/uploads\/2020\/10\/IMG_20201029_100624-1024x706.jpg 1024w, https:\/\/veleztopografia.com\/wp-content\/uploads\/2020\/10\/IMG_20201029_100624-300x207.jpg 300w, https:\/\/veleztopografia.com\/wp-content\/uploads\/2020\/10\/IMG_20201029_100624-768x530.jpg 768w, https:\/\/veleztopografia.com\/wp-content\/uploads\/2020\/10\/IMG_20201029_100624-1536x1059.jpg 1536w, https:\/\/veleztopografia.com\/wp-content\/uploads\/2020\/10\/IMG_20201029_100624.jpg 2000w\" sizes=\"(max-width: 1024px) 100vw, 1024px\" \/><\/figure><\/li><\/ul><\/figure>\n\n\n\n<p>Una de la cosas que m\u00e1s me gusta de este trabajo, es el poder disfrutar de la naturaleza y el aire limpio, sobre todo ahora que andamos todo el d\u00eda con la mascarilla puesta.<\/p>\n\n\n\n<p>Hemos realizado la <strong>medici\u00f3n de una parcela en Casabermeja,  <\/strong>con el objeto de poder encajar un viejo plano parcelario realizado en el a\u00f1o 2.001 por unos de los primeros Ingeniertos T\u00e9cnicos en Topograf\u00eda en Espa\u00f1a, al cual tengo mucho respecto y admiraci\u00f3n, con la finalidad de replantear las lindes que aparecen el plano. <\/p>\n\n\n\n<p>Tomaremos todos aquellos elementos que sean de inter\u00e9s y que se puedan identificar en el plano para despu\u00e9s en gabinete encajar el plano en papel con la realidad y asi poder realizar los c\u00e1lculos de linderos que necesitan nuestros clientes.<\/p>\n\n\n\n<figure class=\"wp-block-gallery columns-2 wp-block-gallery-3 is-layout-flex wp-block-gallery-is-layout-flex\"><ul class=\"blocks-gallery-grid\"><li class=\"blocks-gallery-item\"><figure><img decoding=\"async\" width=\"682\" height=\"1024\" src=\"https:\/\/veleztopografia.com\/wp-content\/uploads\/2020\/10\/IMG_20201029_101802-682x1024.jpg\" alt=\"IMG 20201029 101802\" data-id=\"2548\" data-full-url=\"https:\/\/veleztopografia.com\/wp-content\/uploads\/2020\/10\/IMG_20201029_101802.jpg\" data-link=\"https:\/\/veleztopografia.com\/?attachment_id=2548\" class=\"wp-image-2548\" srcset=\"https:\/\/veleztopografia.com\/wp-content\/uploads\/2020\/10\/IMG_20201029_101802-682x1024.jpg 682w, https:\/\/veleztopografia.com\/wp-content\/uploads\/2020\/10\/IMG_20201029_101802-200x300.jpg 200w, https:\/\/veleztopografia.com\/wp-content\/uploads\/2020\/10\/IMG_20201029_101802-768x1152.jpg 768w, https:\/\/veleztopografia.com\/wp-content\/uploads\/2020\/10\/IMG_20201029_101802-1024x1536.jpg 1024w, https:\/\/veleztopografia.com\/wp-content\/uploads\/2020\/10\/IMG_20201029_101802.jpg 1333w\" sizes=\"(max-width: 682px) 100vw, 682px\" \/><\/figure><\/li><li class=\"blocks-gallery-item\"><figure><img decoding=\"async\" width=\"768\" height=\"1024\" src=\"https:\/\/veleztopografia.com\/wp-content\/uploads\/2020\/10\/IMG_20201029_103623-768x1024.jpg\" alt=\"IMG 20201029 103623\" data-id=\"2549\" data-full-url=\"https:\/\/veleztopografia.com\/wp-content\/uploads\/2020\/10\/IMG_20201029_103623.jpg\" data-link=\"https:\/\/veleztopografia.com\/?attachment_id=2549\" class=\"wp-image-2549\" srcset=\"https:\/\/veleztopografia.com\/wp-content\/uploads\/2020\/10\/IMG_20201029_103623-768x1024.jpg 768w, https:\/\/veleztopografia.com\/wp-content\/uploads\/2020\/10\/IMG_20201029_103623-225x300.jpg 225w, https:\/\/veleztopografia.com\/wp-content\/uploads\/2020\/10\/IMG_20201029_103623-1152x1536.jpg 1152w, https:\/\/veleztopografia.com\/wp-content\/uploads\/2020\/10\/IMG_20201029_103623.jpg 1500w\" sizes=\"(max-width: 768px) 100vw, 768px\" \/><\/figure><\/li><\/ul><\/figure>\n","protected":false},"excerpt":{"rendered":"<p>Una de la cosas que m\u00e1s me gusta de este trabajo, es el poder disfrutar de la naturaleza y el aire limpio, sobre todo ahora que andamos todo el d\u00eda con la mascarilla puesta. Hemos realizado la medici\u00f3n de una parcela en Casabermeja, con el objeto de poder encajar un viejo plano parcelario realizado en [&hellip;]<\/p>\n","protected":false},"author":1,"featured_media":0,"comment_status":"open","ping_status":"open","sticky":false,"template":"","format":"standard","meta":{"_uag_custom_page_level_css":"","_monsterinsights_skip_tracking":false,"_monsterinsights_sitenote_active":false,"_monsterinsights_sitenote_note":"","_monsterinsights_sitenote_category":0,"site-sidebar-layout":"default","site-content-layout":"default","ast-site-content-layout":"default","site-content-style":"default","site-sidebar-style":"default","ast-global-header-display":"","ast-banner-title-visibility":"","ast-main-header-display":"","ast-hfb-above-header-display":"","ast-hfb-below-header-display":"","ast-hfb-mobile-header-display":"","site-post-title":"","ast-breadcrumbs-content":"","ast-featured-img":"","footer-sml-layout":"","ast-disable-related-posts":"","theme-transparent-header-meta":"default","adv-header-id-meta":"","stick-header-meta":"default","header-above-stick-meta":"","header-main-stick-meta":"","header-below-stick-meta":"","astra-migrate-meta-layouts":"default","ast-page-background-enabled":"default","ast-page-background-meta":{"desktop":{"background-color":"","background-image":"","background-repeat":"repeat","background-position":"center center","background-size":"auto","background-attachment":"scroll","background-type":"","background-media":"","overlay-type":"","overlay-color":"","overlay-opacity":"","overlay-gradient":""},"tablet":{"background-color":"","background-image":"","background-repeat":"repeat","background-position":"center center","background-size":"auto","background-attachment":"scroll","background-type":"","background-media":"","overlay-type":"","overlay-color":"","overlay-opacity":"","overlay-gradient":""},"mobile":{"background-color":"","background-image":"","background-repeat":"repeat","background-position":"center center","background-size":"auto","background-attachment":"scroll","background-type":"","background-media":"","overlay-type":"","overlay-color":"","overlay-opacity":"","overlay-gradient":""}},"ast-content-background-meta":{"desktop":{"background-color":"var(--ast-global-color-5)","background-image":"","background-repeat":"repeat","background-position":"center center","background-size":"auto","background-attachment":"scroll","background-type":"","background-media":"","overlay-type":"","overlay-color":"","overlay-opacity":"","overlay-gradient":""},"tablet":{"background-color":"var(--ast-global-color-5)","background-image":"","background-repeat":"repeat","background-position":"center center","background-size":"auto","background-attachment":"scroll","background-type":"","background-media":"","overlay-type":"","overlay-color":"","overlay-opacity":"","overlay-gradient":""},"mobile":{"background-color":"var(--ast-global-color-5)","background-image":"","background-repeat":"repeat","background-position":"center center","background-size":"auto","background-attachment":"scroll","background-type":"","background-media":"","overlay-type":"","overlay-color":"","overlay-opacity":"","overlay-gradient":""}},"footnotes":""},"categories":[5],"tags":[40,101,16,35,27,33,23],"class_list":["post-2546","post","type-post","status-publish","format-standard","hentry","category-blog","tag-casabermeja","tag-encaje","tag-ingeniero-topografo","tag-malaga","tag-medicion","tag-parcela","tag-replanteo"],"yoast_head":"<!-- This site is optimized with the Yoast SEO Premium plugin v24.1 (Yoast SEO v27.4) - https:\/\/yoast.com\/product\/yoast-seo-premium-wordpress\/ -->\n<title>Top\u00f3grafo V\u00e9lez M\u00e1laga. Ingeniero topograf\u00eda medici\u00f3n fincas.<\/title>\n<meta name=\"description\" content=\"Top\u00f3grafo en Velez-M\u00e1laga.Servicios de topograf\u00eda en la axarqu\u00eda y M\u00e1laga.Medici\u00f3n de fincas,catastro,levantamiento topogr\u00e1ficos,segregaciones,replanteosn,drones,fotogrametr\u00eda,filmaci\u00f3n a\u00e9rea..\" \/>\n<meta name=\"robots\" content=\"index, follow, max-snippet:-1, max-image-preview:large, max-video-preview:-1\" \/>\n<link rel=\"canonical\" href=\"https:\/\/veleztopografia.com\/index.php\/2020\/10\/30\/medicion-de-parcela-en-casabermeja-malaga\/\" \/>\n<meta property=\"og:locale\" content=\"es_ES\" \/>\n<meta property=\"og:type\" content=\"article\" \/>\n<meta property=\"og:title\" content=\"Medici\u00f3n de parcela en Casabermeja, M\u00e1laga\" \/>\n<meta property=\"og:description\" content=\"Top\u00f3grafo en Velez-M\u00e1laga.Servicios de topograf\u00eda en la axarqu\u00eda y M\u00e1laga.Medici\u00f3n de fincas,catastro,levantamiento topogr\u00e1ficos,segregaciones,replanteosn,drones,fotogrametr\u00eda,filmaci\u00f3n a\u00e9rea..\" \/>\n<meta property=\"og:url\" content=\"https:\/\/veleztopografia.com\/index.php\/2020\/10\/30\/medicion-de-parcela-en-casabermeja-malaga\/\" \/>\n<meta property=\"og:site_name\" content=\"V\u00e9lez Topograf\u00eda\" \/>\n<meta property=\"article:publisher\" content=\"https:\/\/www.facebook.com\/veleztopografia\" \/>\n<meta property=\"article:published_time\" content=\"2020-10-30T16:41:38+00:00\" \/>\n<meta property=\"article:modified_time\" content=\"2020-10-30T16:41:43+00:00\" \/>\n<meta property=\"og:image\" content=\"https:\/\/veleztopografia.com\/wp-content\/uploads\/2020\/10\/IMG_20201029_100624-1024x706.jpg\" \/>\n<meta name=\"author\" content=\"amrtopomar@hotmail.com\" \/>\n<meta name=\"twitter:card\" content=\"summary_large_image\" \/>\n<meta name=\"twitter:creator\" content=\"@alvaro_manen\" \/>\n<meta name=\"twitter:site\" content=\"@alvaro_manen\" \/>\n<meta name=\"twitter:label1\" content=\"Escrito por\" \/>\n\t<meta name=\"twitter:data1\" content=\"amrtopomar@hotmail.com\" \/>\n\t<meta name=\"twitter:label2\" content=\"Tiempo de lectura\" \/>\n\t<meta name=\"twitter:data2\" content=\"1 minuto\" \/>\n<script type=\"application\/ld+json\" class=\"yoast-schema-graph\">{\"@context\":\"https:\\\/\\\/schema.org\",\"@graph\":[{\"@type\":\"Article\",\"@id\":\"https:\\\/\\\/veleztopografia.com\\\/index.php\\\/2020\\\/10\\\/30\\\/medicion-de-parcela-en-casabermeja-malaga\\\/#article\",\"isPartOf\":{\"@id\":\"https:\\\/\\\/veleztopografia.com\\\/index.php\\\/2020\\\/10\\\/30\\\/medicion-de-parcela-en-casabermeja-malaga\\\/\"},\"author\":{\"name\":\"amrtopomar@hotmail.com\",\"@id\":\"http:\\\/\\\/veleztopografia.com\\\/#\\\/schema\\\/person\\\/f77ff7cee140d8850a0f97fd34ac2601\"},\"headline\":\"Medici\u00f3n de parcela en Casabermeja, M\u00e1laga\",\"datePublished\":\"2020-10-30T16:41:38+00:00\",\"dateModified\":\"2020-10-30T16:41:43+00:00\",\"mainEntityOfPage\":{\"@id\":\"https:\\\/\\\/veleztopografia.com\\\/index.php\\\/2020\\\/10\\\/30\\\/medicion-de-parcela-en-casabermeja-malaga\\\/\"},\"wordCount\":145,\"commentCount\":0,\"publisher\":{\"@id\":\"http:\\\/\\\/veleztopografia.com\\\/#organization\"},\"image\":{\"@id\":\"https:\\\/\\\/veleztopografia.com\\\/index.php\\\/2020\\\/10\\\/30\\\/medicion-de-parcela-en-casabermeja-malaga\\\/#primaryimage\"},\"thumbnailUrl\":\"https:\\\/\\\/veleztopografia.com\\\/wp-content\\\/uploads\\\/2020\\\/10\\\/IMG_20201029_100624-1024x706.jpg\",\"keywords\":[\"casabermeja\",\"encaje\",\"ingeniero topografo\",\"malaga\",\"medicion\",\"parcela\",\"replanteo\"],\"articleSection\":[\"Blog\"],\"inLanguage\":\"es\",\"potentialAction\":[{\"@type\":\"CommentAction\",\"name\":\"Comment\",\"target\":[\"https:\\\/\\\/veleztopografia.com\\\/index.php\\\/2020\\\/10\\\/30\\\/medicion-de-parcela-en-casabermeja-malaga\\\/#respond\"]}]},{\"@type\":\"WebPage\",\"@id\":\"https:\\\/\\\/veleztopografia.com\\\/index.php\\\/2020\\\/10\\\/30\\\/medicion-de-parcela-en-casabermeja-malaga\\\/\",\"url\":\"https:\\\/\\\/veleztopografia.com\\\/index.php\\\/2020\\\/10\\\/30\\\/medicion-de-parcela-en-casabermeja-malaga\\\/\",\"name\":\"Top\u00f3grafo V\u00e9lez M\u00e1laga. Ingeniero topograf\u00eda medici\u00f3n fincas.\",\"isPartOf\":{\"@id\":\"http:\\\/\\\/veleztopografia.com\\\/#website\"},\"primaryImageOfPage\":{\"@id\":\"https:\\\/\\\/veleztopografia.com\\\/index.php\\\/2020\\\/10\\\/30\\\/medicion-de-parcela-en-casabermeja-malaga\\\/#primaryimage\"},\"image\":{\"@id\":\"https:\\\/\\\/veleztopografia.com\\\/index.php\\\/2020\\\/10\\\/30\\\/medicion-de-parcela-en-casabermeja-malaga\\\/#primaryimage\"},\"thumbnailUrl\":\"https:\\\/\\\/veleztopografia.com\\\/wp-content\\\/uploads\\\/2020\\\/10\\\/IMG_20201029_100624-1024x706.jpg\",\"datePublished\":\"2020-10-30T16:41:38+00:00\",\"dateModified\":\"2020-10-30T16:41:43+00:00\",\"description\":\"Top\u00f3grafo en Velez-M\u00e1laga.Servicios de topograf\u00eda en la axarqu\u00eda y M\u00e1laga.Medici\u00f3n de fincas,catastro,levantamiento topogr\u00e1ficos,segregaciones,replanteosn,drones,fotogrametr\u00eda,filmaci\u00f3n a\u00e9rea..\",\"breadcrumb\":{\"@id\":\"https:\\\/\\\/veleztopografia.com\\\/index.php\\\/2020\\\/10\\\/30\\\/medicion-de-parcela-en-casabermeja-malaga\\\/#breadcrumb\"},\"inLanguage\":\"es\",\"potentialAction\":[{\"@type\":\"ReadAction\",\"target\":[\"https:\\\/\\\/veleztopografia.com\\\/index.php\\\/2020\\\/10\\\/30\\\/medicion-de-parcela-en-casabermeja-malaga\\\/\"]}]},{\"@type\":\"ImageObject\",\"inLanguage\":\"es\",\"@id\":\"https:\\\/\\\/veleztopografia.com\\\/index.php\\\/2020\\\/10\\\/30\\\/medicion-de-parcela-en-casabermeja-malaga\\\/#primaryimage\",\"url\":\"https:\\\/\\\/veleztopografia.com\\\/wp-content\\\/uploads\\\/2020\\\/10\\\/IMG_20201029_100624-1024x706.jpg\",\"contentUrl\":\"https:\\\/\\\/veleztopografia.com\\\/wp-content\\\/uploads\\\/2020\\\/10\\\/IMG_20201029_100624-1024x706.jpg\"},{\"@type\":\"BreadcrumbList\",\"@id\":\"https:\\\/\\\/veleztopografia.com\\\/index.php\\\/2020\\\/10\\\/30\\\/medicion-de-parcela-en-casabermeja-malaga\\\/#breadcrumb\",\"itemListElement\":[{\"@type\":\"ListItem\",\"position\":1,\"name\":\"Portada\",\"item\":\"http:\\\/\\\/veleztopografia.com\\\/\"},{\"@type\":\"ListItem\",\"position\":2,\"name\":\"Medici\u00f3n de parcela en Casabermeja, M\u00e1laga\"}]},{\"@type\":\"WebSite\",\"@id\":\"http:\\\/\\\/veleztopografia.com\\\/#website\",\"url\":\"http:\\\/\\\/veleztopografia.com\\\/\",\"name\":\"V\u00e9lez Topograf\u00eda\",\"description\":\"Top\u00f3grafo de V\u00e9lez-M\u00e1laga. Servicios de topografia en la Axarqu\u00eda y M\u00e1laga.Medici\u00f3n de fincas,catastro,validacion gr\u00e1fica,etc..\",\"publisher\":{\"@id\":\"http:\\\/\\\/veleztopografia.com\\\/#organization\"},\"potentialAction\":[{\"@type\":\"SearchAction\",\"target\":{\"@type\":\"EntryPoint\",\"urlTemplate\":\"http:\\\/\\\/veleztopografia.com\\\/?s={search_term_string}\"},\"query-input\":{\"@type\":\"PropertyValueSpecification\",\"valueRequired\":true,\"valueName\":\"search_term_string\"}}],\"inLanguage\":\"es\"},{\"@type\":\"Organization\",\"@id\":\"http:\\\/\\\/veleztopografia.com\\\/#organization\",\"name\":\"V\u00e9lez Topograf\u00eda\",\"url\":\"http:\\\/\\\/veleztopografia.com\\\/\",\"logo\":{\"@type\":\"ImageObject\",\"inLanguage\":\"es\",\"@id\":\"http:\\\/\\\/veleztopografia.com\\\/#\\\/schema\\\/logo\\\/image\\\/\",\"url\":\"https:\\\/\\\/i0.wp.com\\\/veleztopografia.com\\\/wp-content\\\/uploads\\\/2019\\\/12\\\/LOGO-VELEZTOPOGRAFIA200-1.jpg?fit=400%2C200&ssl=1\",\"contentUrl\":\"https:\\\/\\\/i0.wp.com\\\/veleztopografia.com\\\/wp-content\\\/uploads\\\/2019\\\/12\\\/LOGO-VELEZTOPOGRAFIA200-1.jpg?fit=400%2C200&ssl=1\",\"width\":400,\"height\":200,\"caption\":\"V\u00e9lez Topograf\u00eda\"},\"image\":{\"@id\":\"http:\\\/\\\/veleztopografia.com\\\/#\\\/schema\\\/logo\\\/image\\\/\"},\"sameAs\":[\"https:\\\/\\\/www.facebook.com\\\/veleztopografia\",\"https:\\\/\\\/x.com\\\/alvaro_manen\",\"https:\\\/\\\/www.instagram.com\\\/alvaromanen\\\/\",\"https:\\\/\\\/www.linkedin.com\\\/in\\\/alvaro-manen-0a7b9a4b\\\/\",\"https:\\\/\\\/www.youtube.com\\\/channel\\\/UCBbmXfa52pAGpmufiMrR3qg\\\/videos\"]},{\"@type\":\"Person\",\"@id\":\"http:\\\/\\\/veleztopografia.com\\\/#\\\/schema\\\/person\\\/f77ff7cee140d8850a0f97fd34ac2601\",\"name\":\"amrtopomar@hotmail.com\",\"image\":{\"@type\":\"ImageObject\",\"inLanguage\":\"es\",\"@id\":\"https:\\\/\\\/secure.gravatar.com\\\/avatar\\\/1bebd10f775e886b97b35c18576a9d2e6b841c3f4b4f048fc10ffb01eb083731?s=96&d=mm&r=g\",\"url\":\"https:\\\/\\\/secure.gravatar.com\\\/avatar\\\/1bebd10f775e886b97b35c18576a9d2e6b841c3f4b4f048fc10ffb01eb083731?s=96&d=mm&r=g\",\"contentUrl\":\"https:\\\/\\\/secure.gravatar.com\\\/avatar\\\/1bebd10f775e886b97b35c18576a9d2e6b841c3f4b4f048fc10ffb01eb083731?s=96&d=mm&r=g\",\"caption\":\"amrtopomar@hotmail.com\"}}]}<\/script>\n<!-- \/ Yoast SEO Premium plugin. -->","yoast_head_json":{"title":"Top\u00f3grafo V\u00e9lez M\u00e1laga. Ingeniero topograf\u00eda medici\u00f3n fincas.","description":"Top\u00f3grafo en Velez-M\u00e1laga.Servicios de topograf\u00eda en la axarqu\u00eda y M\u00e1laga.Medici\u00f3n de fincas,catastro,levantamiento topogr\u00e1ficos,segregaciones,replanteosn,drones,fotogrametr\u00eda,filmaci\u00f3n a\u00e9rea..","robots":{"index":"index","follow":"follow","max-snippet":"max-snippet:-1","max-image-preview":"max-image-preview:large","max-video-preview":"max-video-preview:-1"},"canonical":"https:\/\/veleztopografia.com\/index.php\/2020\/10\/30\/medicion-de-parcela-en-casabermeja-malaga\/","og_locale":"es_ES","og_type":"article","og_title":"Medici\u00f3n de parcela en Casabermeja, M\u00e1laga","og_description":"Top\u00f3grafo en Velez-M\u00e1laga.Servicios de topograf\u00eda en la axarqu\u00eda y M\u00e1laga.Medici\u00f3n de fincas,catastro,levantamiento topogr\u00e1ficos,segregaciones,replanteosn,drones,fotogrametr\u00eda,filmaci\u00f3n a\u00e9rea..","og_url":"https:\/\/veleztopografia.com\/index.php\/2020\/10\/30\/medicion-de-parcela-en-casabermeja-malaga\/","og_site_name":"V\u00e9lez Topograf\u00eda","article_publisher":"https:\/\/www.facebook.com\/veleztopografia","article_published_time":"2020-10-30T16:41:38+00:00","article_modified_time":"2020-10-30T16:41:43+00:00","og_image":[{"url":"https:\/\/veleztopografia.com\/wp-content\/uploads\/2020\/10\/IMG_20201029_100624-1024x706.jpg","type":"","width":"","height":""}],"author":"amrtopomar@hotmail.com","twitter_card":"summary_large_image","twitter_creator":"@alvaro_manen","twitter_site":"@alvaro_manen","twitter_misc":{"Escrito por":"amrtopomar@hotmail.com","Tiempo de lectura":"1 minuto"},"schema":{"@context":"https:\/\/schema.org","@graph":[{"@type":"Article","@id":"https:\/\/veleztopografia.com\/index.php\/2020\/10\/30\/medicion-de-parcela-en-casabermeja-malaga\/#article","isPartOf":{"@id":"https:\/\/veleztopografia.com\/index.php\/2020\/10\/30\/medicion-de-parcela-en-casabermeja-malaga\/"},"author":{"name":"amrtopomar@hotmail.com","@id":"http:\/\/veleztopografia.com\/#\/schema\/person\/f77ff7cee140d8850a0f97fd34ac2601"},"headline":"Medici\u00f3n de parcela en Casabermeja, M\u00e1laga","datePublished":"2020-10-30T16:41:38+00:00","dateModified":"2020-10-30T16:41:43+00:00","mainEntityOfPage":{"@id":"https:\/\/veleztopografia.com\/index.php\/2020\/10\/30\/medicion-de-parcela-en-casabermeja-malaga\/"},"wordCount":145,"commentCount":0,"publisher":{"@id":"http:\/\/veleztopografia.com\/#organization"},"image":{"@id":"https:\/\/veleztopografia.com\/index.php\/2020\/10\/30\/medicion-de-parcela-en-casabermeja-malaga\/#primaryimage"},"thumbnailUrl":"https:\/\/veleztopografia.com\/wp-content\/uploads\/2020\/10\/IMG_20201029_100624-1024x706.jpg","keywords":["casabermeja","encaje","ingeniero topografo","malaga","medicion","parcela","replanteo"],"articleSection":["Blog"],"inLanguage":"es","potentialAction":[{"@type":"CommentAction","name":"Comment","target":["https:\/\/veleztopografia.com\/index.php\/2020\/10\/30\/medicion-de-parcela-en-casabermeja-malaga\/#respond"]}]},{"@type":"WebPage","@id":"https:\/\/veleztopografia.com\/index.php\/2020\/10\/30\/medicion-de-parcela-en-casabermeja-malaga\/","url":"https:\/\/veleztopografia.com\/index.php\/2020\/10\/30\/medicion-de-parcela-en-casabermeja-malaga\/","name":"Top\u00f3grafo V\u00e9lez M\u00e1laga. Ingeniero topograf\u00eda medici\u00f3n fincas.","isPartOf":{"@id":"http:\/\/veleztopografia.com\/#website"},"primaryImageOfPage":{"@id":"https:\/\/veleztopografia.com\/index.php\/2020\/10\/30\/medicion-de-parcela-en-casabermeja-malaga\/#primaryimage"},"image":{"@id":"https:\/\/veleztopografia.com\/index.php\/2020\/10\/30\/medicion-de-parcela-en-casabermeja-malaga\/#primaryimage"},"thumbnailUrl":"https:\/\/veleztopografia.com\/wp-content\/uploads\/2020\/10\/IMG_20201029_100624-1024x706.jpg","datePublished":"2020-10-30T16:41:38+00:00","dateModified":"2020-10-30T16:41:43+00:00","description":"Top\u00f3grafo en Velez-M\u00e1laga.Servicios de topograf\u00eda en la axarqu\u00eda y M\u00e1laga.Medici\u00f3n de fincas,catastro,levantamiento topogr\u00e1ficos,segregaciones,replanteosn,drones,fotogrametr\u00eda,filmaci\u00f3n a\u00e9rea..","breadcrumb":{"@id":"https:\/\/veleztopografia.com\/index.php\/2020\/10\/30\/medicion-de-parcela-en-casabermeja-malaga\/#breadcrumb"},"inLanguage":"es","potentialAction":[{"@type":"ReadAction","target":["https:\/\/veleztopografia.com\/index.php\/2020\/10\/30\/medicion-de-parcela-en-casabermeja-malaga\/"]}]},{"@type":"ImageObject","inLanguage":"es","@id":"https:\/\/veleztopografia.com\/index.php\/2020\/10\/30\/medicion-de-parcela-en-casabermeja-malaga\/#primaryimage","url":"https:\/\/veleztopografia.com\/wp-content\/uploads\/2020\/10\/IMG_20201029_100624-1024x706.jpg","contentUrl":"https:\/\/veleztopografia.com\/wp-content\/uploads\/2020\/10\/IMG_20201029_100624-1024x706.jpg"},{"@type":"BreadcrumbList","@id":"https:\/\/veleztopografia.com\/index.php\/2020\/10\/30\/medicion-de-parcela-en-casabermeja-malaga\/#breadcrumb","itemListElement":[{"@type":"ListItem","position":1,"name":"Portada","item":"http:\/\/veleztopografia.com\/"},{"@type":"ListItem","position":2,"name":"Medici\u00f3n de parcela en Casabermeja, M\u00e1laga"}]},{"@type":"WebSite","@id":"http:\/\/veleztopografia.com\/#website","url":"http:\/\/veleztopografia.com\/","name":"V\u00e9lez Topograf\u00eda","description":"Top\u00f3grafo de V\u00e9lez-M\u00e1laga. Servicios de topografia en la Axarqu\u00eda y M\u00e1laga.Medici\u00f3n de fincas,catastro,validacion gr\u00e1fica,etc..","publisher":{"@id":"http:\/\/veleztopografia.com\/#organization"},"potentialAction":[{"@type":"SearchAction","target":{"@type":"EntryPoint","urlTemplate":"http:\/\/veleztopografia.com\/?s={search_term_string}"},"query-input":{"@type":"PropertyValueSpecification","valueRequired":true,"valueName":"search_term_string"}}],"inLanguage":"es"},{"@type":"Organization","@id":"http:\/\/veleztopografia.com\/#organization","name":"V\u00e9lez Topograf\u00eda","url":"http:\/\/veleztopografia.com\/","logo":{"@type":"ImageObject","inLanguage":"es","@id":"http:\/\/veleztopografia.com\/#\/schema\/logo\/image\/","url":"https:\/\/i0.wp.com\/veleztopografia.com\/wp-content\/uploads\/2019\/12\/LOGO-VELEZTOPOGRAFIA200-1.jpg?fit=400%2C200&ssl=1","contentUrl":"https:\/\/i0.wp.com\/veleztopografia.com\/wp-content\/uploads\/2019\/12\/LOGO-VELEZTOPOGRAFIA200-1.jpg?fit=400%2C200&ssl=1","width":400,"height":200,"caption":"V\u00e9lez Topograf\u00eda"},"image":{"@id":"http:\/\/veleztopografia.com\/#\/schema\/logo\/image\/"},"sameAs":["https:\/\/www.facebook.com\/veleztopografia","https:\/\/x.com\/alvaro_manen","https:\/\/www.instagram.com\/alvaromanen\/","https:\/\/www.linkedin.com\/in\/alvaro-manen-0a7b9a4b\/","https:\/\/www.youtube.com\/channel\/UCBbmXfa52pAGpmufiMrR3qg\/videos"]},{"@type":"Person","@id":"http:\/\/veleztopografia.com\/#\/schema\/person\/f77ff7cee140d8850a0f97fd34ac2601","name":"amrtopomar@hotmail.com","image":{"@type":"ImageObject","inLanguage":"es","@id":"https:\/\/secure.gravatar.com\/avatar\/1bebd10f775e886b97b35c18576a9d2e6b841c3f4b4f048fc10ffb01eb083731?s=96&d=mm&r=g","url":"https:\/\/secure.gravatar.com\/avatar\/1bebd10f775e886b97b35c18576a9d2e6b841c3f4b4f048fc10ffb01eb083731?s=96&d=mm&r=g","contentUrl":"https:\/\/secure.gravatar.com\/avatar\/1bebd10f775e886b97b35c18576a9d2e6b841c3f4b4f048fc10ffb01eb083731?s=96&d=mm&r=g","caption":"amrtopomar@hotmail.com"}}]}},"uagb_featured_image_src":{"full":false,"thumbnail":false,"medium":false,"medium_large":false,"large":false,"1536x1536":false,"2048x2048":false,"wpvr_mobile":false},"uagb_author_info":{"display_name":"amrtopomar@hotmail.com","author_link":"https:\/\/veleztopografia.com\/index.php\/author\/amrtopomarhotmail-com\/"},"uagb_comment_info":0,"uagb_excerpt":"Una de la cosas que m\u00e1s me gusta de este trabajo, es el poder disfrutar de la naturaleza y el aire limpio, sobre todo ahora que andamos todo el d\u00eda con la mascarilla puesta. Hemos realizado la medici\u00f3n de una parcela en Casabermeja, con el objeto de poder encajar un viejo plano parcelario realizado en&hellip;","_links":{"self":[{"href":"https:\/\/veleztopografia.com\/index.php\/wp-json\/wp\/v2\/posts\/2546","targetHints":{"allow":["GET"]}}],"collection":[{"href":"https:\/\/veleztopografia.com\/index.php\/wp-json\/wp\/v2\/posts"}],"about":[{"href":"https:\/\/veleztopografia.com\/index.php\/wp-json\/wp\/v2\/types\/post"}],"author":[{"embeddable":true,"href":"https:\/\/veleztopografia.com\/index.php\/wp-json\/wp\/v2\/users\/1"}],"replies":[{"embeddable":true,"href":"https:\/\/veleztopografia.com\/index.php\/wp-json\/wp\/v2\/comments?post=2546"}],"version-history":[{"count":1,"href":"https:\/\/veleztopografia.com\/index.php\/wp-json\/wp\/v2\/posts\/2546\/revisions"}],"predecessor-version":[{"id":2550,"href":"https:\/\/veleztopografia.com\/index.php\/wp-json\/wp\/v2\/posts\/2546\/revisions\/2550"}],"wp:attachment":[{"href":"https:\/\/veleztopografia.com\/index.php\/wp-json\/wp\/v2\/media?parent=2546"}],"wp:term":[{"taxonomy":"category","embeddable":true,"href":"https:\/\/veleztopografia.com\/index.php\/wp-json\/wp\/v2\/categories?post=2546"},{"taxonomy":"post_tag","embeddable":true,"href":"https:\/\/veleztopografia.com\/index.php\/wp-json\/wp\/v2\/tags?post=2546"}],"curies":[{"name":"wp","href":"https:\/\/api.w.org\/{rel}","templated":true}]}}