{"id":2514,"date":"2020-10-07T13:36:58","date_gmt":"2020-10-07T13:36:58","guid":{"rendered":"http:\/\/veleztopografia.com\/?p=2514"},"modified":"2020-10-07T13:37:02","modified_gmt":"2020-10-07T13:37:02","slug":"levantamiento-topografico-en-velez-malaga-para-proyecto-de-vivienda-unifamiliar","status":"publish","type":"post","link":"https:\/\/veleztopografia.com\/index.php\/2020\/10\/07\/levantamiento-topografico-en-velez-malaga-para-proyecto-de-vivienda-unifamiliar\/","title":{"rendered":"Levantamiento topogr\u00e1fico en V\u00e9lez-M\u00e1laga, para proyecto de Vivienda Unifamiliar"},"content":{"rendered":"\n<p>Este trabajo lo hemos realizado en la zona del Hospital de la Axarqu\u00eda en V\u00e9lez-M\u00e1laga (Torre del Mar).<\/p>\n\n\n\n<figure class=\"wp-block-gallery columns-1 is-cropped wp-block-gallery-2 is-layout-flex wp-block-gallery-is-layout-flex\"><ul class=\"blocks-gallery-grid\"><li class=\"blocks-gallery-item\"><figure><img fetchpriority=\"high\" decoding=\"async\" width=\"1024\" height=\"638\" src=\"https:\/\/veleztopografia.com\/wp-content\/uploads\/2020\/10\/IMG_20200922_103320-1024x638.jpg\" alt=\"IMG 20200922 103320\" data-id=\"2515\" data-full-url=\"https:\/\/veleztopografia.com\/wp-content\/uploads\/2020\/10\/IMG_20200922_103320.jpg\" data-link=\"https:\/\/veleztopografia.com\/?attachment_id=2515\" class=\"wp-image-2515\" srcset=\"https:\/\/veleztopografia.com\/wp-content\/uploads\/2020\/10\/IMG_20200922_103320-1024x638.jpg 1024w, https:\/\/veleztopografia.com\/wp-content\/uploads\/2020\/10\/IMG_20200922_103320-300x187.jpg 300w, https:\/\/veleztopografia.com\/wp-content\/uploads\/2020\/10\/IMG_20200922_103320-768x479.jpg 768w, https:\/\/veleztopografia.com\/wp-content\/uploads\/2020\/10\/IMG_20200922_103320-1536x958.jpg 1536w, https:\/\/veleztopografia.com\/wp-content\/uploads\/2020\/10\/IMG_20200922_103320.jpg 2000w\" sizes=\"(max-width: 1024px) 100vw, 1024px\" \/><\/figure><\/li><\/ul><\/figure>\n\n\n\n<p>Hemos realizado el <strong>levantamiento topogr\u00e1fico de una parcela<\/strong>, para su posterior dise\u00f1o de vivienda unifamiliar en la misma.<\/p>\n\n\n\n<p>Realizar un <strong>levantamiento topogr\u00e1fico, <\/strong>de la zona en la cual se va a desarrollar el proyecto con precisi\u00f3n y calidad, facilitar le trabajo a los arquitectos, a la vez que se garantiza el estudio previo a la ejecuci\u00f3n del proyecto.<\/p>\n\n\n\n<figure class=\"wp-block-gallery columns-1 is-cropped wp-block-gallery-3 is-layout-flex wp-block-gallery-is-layout-flex\"><ul class=\"blocks-gallery-grid\"><li class=\"blocks-gallery-item\"><figure><img decoding=\"async\" width=\"576\" height=\"1024\" src=\"https:\/\/veleztopografia.com\/wp-content\/uploads\/2020\/10\/IMG_20200922_101223-576x1024.jpg\" alt=\"IMG 20200922 101223\" data-id=\"2516\" data-full-url=\"https:\/\/veleztopografia.com\/wp-content\/uploads\/2020\/10\/IMG_20200922_101223-scaled.jpg\" data-link=\"https:\/\/veleztopografia.com\/?attachment_id=2516\" class=\"wp-image-2516\" srcset=\"https:\/\/veleztopografia.com\/wp-content\/uploads\/2020\/10\/IMG_20200922_101223-576x1024.jpg 576w, https:\/\/veleztopografia.com\/wp-content\/uploads\/2020\/10\/IMG_20200922_101223-169x300.jpg 169w, https:\/\/veleztopografia.com\/wp-content\/uploads\/2020\/10\/IMG_20200922_101223-768x1365.jpg 768w, https:\/\/veleztopografia.com\/wp-content\/uploads\/2020\/10\/IMG_20200922_101223-864x1536.jpg 864w, https:\/\/veleztopografia.com\/wp-content\/uploads\/2020\/10\/IMG_20200922_101223-1152x2048.jpg 1152w, https:\/\/veleztopografia.com\/wp-content\/uploads\/2020\/10\/IMG_20200922_101223-scaled.jpg 1440w\" sizes=\"(max-width: 576px) 100vw, 576px\" \/><\/figure><\/li><\/ul><\/figure>\n\n\n\n<p>Hemos realizado el <strong>levantamiento topogr\u00e1fico en V\u00e9lez-M\u00e1laga<\/strong>, con GPS Leica 1200 mediante t\u00e9cnicas GNSS, conectados a la red andaluza de posicionamiento.<\/p>\n\n\n\n<p>La zona presenta desniveles suaves, por lo que para medir la parcela la dificultad ha sido baja, aunque con abundante maleza.<\/p>\n\n\n\n<p><\/p>\n","protected":false},"excerpt":{"rendered":"<p>Este trabajo lo hemos realizado en la zona del Hospital de la Axarqu\u00eda en V\u00e9lez-M\u00e1laga (Torre del Mar). Hemos realizado el levantamiento topogr\u00e1fico de una parcela, para su posterior dise\u00f1o de vivienda unifamiliar en la misma. Realizar un levantamiento topogr\u00e1fico, de la zona en la cual se va a desarrollar el proyecto con precisi\u00f3n y [&hellip;]<\/p>\n","protected":false},"author":1,"featured_media":0,"comment_status":"open","ping_status":"open","sticky":false,"template":"","format":"standard","meta":{"_uag_custom_page_level_css":"","_monsterinsights_skip_tracking":false,"_monsterinsights_sitenote_active":false,"_monsterinsights_sitenote_note":"","_monsterinsights_sitenote_category":0,"site-sidebar-layout":"default","site-content-layout":"default","ast-site-content-layout":"default","site-content-style":"default","site-sidebar-style":"default","ast-global-header-display":"","ast-banner-title-visibility":"","ast-main-header-display":"","ast-hfb-above-header-display":"","ast-hfb-below-header-display":"","ast-hfb-mobile-header-display":"","site-post-title":"","ast-breadcrumbs-content":"","ast-featured-img":"","footer-sml-layout":"","ast-disable-related-posts":"","theme-transparent-header-meta":"default","adv-header-id-meta":"","stick-header-meta":"default","header-above-stick-meta":"","header-main-stick-meta":"","header-below-stick-meta":"","astra-migrate-meta-layouts":"default","ast-page-background-enabled":"default","ast-page-background-meta":{"desktop":{"background-color":"","background-image":"","background-repeat":"repeat","background-position":"center center","background-size":"auto","background-attachment":"scroll","background-type":"","background-media":"","overlay-type":"","overlay-color":"","overlay-opacity":"","overlay-gradient":""},"tablet":{"background-color":"","background-image":"","background-repeat":"repeat","background-position":"center center","background-size":"auto","background-attachment":"scroll","background-type":"","background-media":"","overlay-type":"","overlay-color":"","overlay-opacity":"","overlay-gradient":""},"mobile":{"background-color":"","background-image":"","background-repeat":"repeat","background-position":"center center","background-size":"auto","background-attachment":"scroll","background-type":"","background-media":"","overlay-type":"","overlay-color":"","overlay-opacity":"","overlay-gradient":""}},"ast-content-background-meta":{"desktop":{"background-color":"var(--ast-global-color-5)","background-image":"","background-repeat":"repeat","background-position":"center center","background-size":"auto","background-attachment":"scroll","background-type":"","background-media":"","overlay-type":"","overlay-color":"","overlay-opacity":"","overlay-gradient":""},"tablet":{"background-color":"var(--ast-global-color-5)","background-image":"","background-repeat":"repeat","background-position":"center center","background-size":"auto","background-attachment":"scroll","background-type":"","background-media":"","overlay-type":"","overlay-color":"","overlay-opacity":"","overlay-gradient":""},"mobile":{"background-color":"var(--ast-global-color-5)","background-image":"","background-repeat":"repeat","background-position":"center center","background-size":"auto","background-attachment":"scroll","background-type":"","background-media":"","overlay-type":"","overlay-color":"","overlay-opacity":"","overlay-gradient":""}},"footnotes":""},"categories":[5],"tags":[66,144,79,33,188,50,7],"class_list":["post-2514","post","type-post","status-publish","format-standard","hentry","category-blog","tag-gps","tag-leica","tag-levantamiento-topografico","tag-parcela","tag-torre-del-mar","tag-urbana","tag-velez"],"yoast_head":"<!-- This site is optimized with the Yoast SEO Premium plugin v24.1 (Yoast SEO v27.4) - https:\/\/yoast.com\/product\/yoast-seo-premium-wordpress\/ -->\n<title>Top\u00f3grafo V\u00e9lez M\u00e1laga. Ingeniero topograf\u00eda medici\u00f3n fincas.<\/title>\n<meta name=\"description\" content=\"Top\u00f3grafo en Velez-M\u00e1laga.Servicios de topograf\u00eda en la axarqu\u00eda y M\u00e1laga.Medici\u00f3n de fincas,catastro,levantamiento topogr\u00e1ficos,segregaciones,replanteosn,drones,fotogrametr\u00eda,filmaci\u00f3n a\u00e9rea..\" \/>\n<meta name=\"robots\" content=\"index, follow, max-snippet:-1, max-image-preview:large, max-video-preview:-1\" \/>\n<link rel=\"canonical\" href=\"http:\/\/veleztopografia.com\/index.php\/2020\/10\/07\/levantamiento-topografico-en-velez-malaga-para-proyecto-de-vivienda-unifamiliar\/\" \/>\n<meta property=\"og:locale\" content=\"es_ES\" \/>\n<meta property=\"og:type\" content=\"article\" \/>\n<meta property=\"og:title\" content=\"Levantamiento topogr\u00e1fico en V\u00e9lez-M\u00e1laga, para proyecto de Vivienda Unifamiliar\" \/>\n<meta property=\"og:description\" content=\"Top\u00f3grafo en Velez-M\u00e1laga.Servicios de topograf\u00eda en la axarqu\u00eda y M\u00e1laga.Medici\u00f3n de fincas,catastro,levantamiento topogr\u00e1ficos,segregaciones,replanteosn,drones,fotogrametr\u00eda,filmaci\u00f3n a\u00e9rea..\" \/>\n<meta property=\"og:url\" content=\"http:\/\/veleztopografia.com\/index.php\/2020\/10\/07\/levantamiento-topografico-en-velez-malaga-para-proyecto-de-vivienda-unifamiliar\/\" \/>\n<meta property=\"og:site_name\" content=\"V\u00e9lez Topograf\u00eda\" \/>\n<meta property=\"article:publisher\" content=\"https:\/\/www.facebook.com\/veleztopografia\" \/>\n<meta property=\"article:published_time\" content=\"2020-10-07T13:36:58+00:00\" \/>\n<meta property=\"article:modified_time\" content=\"2020-10-07T13:37:02+00:00\" \/>\n<meta property=\"og:image\" content=\"https:\/\/veleztopografia.com\/wp-content\/uploads\/2020\/10\/IMG_20200922_103320-1024x638.jpg\" \/>\n<meta name=\"author\" content=\"amrtopomar@hotmail.com\" \/>\n<meta name=\"twitter:card\" content=\"summary_large_image\" \/>\n<meta name=\"twitter:creator\" content=\"@alvaro_manen\" \/>\n<meta name=\"twitter:site\" content=\"@alvaro_manen\" \/>\n<meta name=\"twitter:label1\" content=\"Escrito por\" \/>\n\t<meta name=\"twitter:data1\" content=\"amrtopomar@hotmail.com\" \/>\n\t<meta name=\"twitter:label2\" content=\"Tiempo de lectura\" \/>\n\t<meta name=\"twitter:data2\" content=\"1 minuto\" \/>\n<script type=\"application\/ld+json\" class=\"yoast-schema-graph\">{\"@context\":\"https:\\\/\\\/schema.org\",\"@graph\":[{\"@type\":\"Article\",\"@id\":\"http:\\\/\\\/veleztopografia.com\\\/index.php\\\/2020\\\/10\\\/07\\\/levantamiento-topografico-en-velez-malaga-para-proyecto-de-vivienda-unifamiliar\\\/#article\",\"isPartOf\":{\"@id\":\"http:\\\/\\\/veleztopografia.com\\\/index.php\\\/2020\\\/10\\\/07\\\/levantamiento-topografico-en-velez-malaga-para-proyecto-de-vivienda-unifamiliar\\\/\"},\"author\":{\"name\":\"amrtopomar@hotmail.com\",\"@id\":\"http:\\\/\\\/veleztopografia.com\\\/#\\\/schema\\\/person\\\/f77ff7cee140d8850a0f97fd34ac2601\"},\"headline\":\"Levantamiento topogr\u00e1fico en V\u00e9lez-M\u00e1laga, para proyecto de Vivienda Unifamiliar\",\"datePublished\":\"2020-10-07T13:36:58+00:00\",\"dateModified\":\"2020-10-07T13:37:02+00:00\",\"mainEntityOfPage\":{\"@id\":\"http:\\\/\\\/veleztopografia.com\\\/index.php\\\/2020\\\/10\\\/07\\\/levantamiento-topografico-en-velez-malaga-para-proyecto-de-vivienda-unifamiliar\\\/\"},\"wordCount\":141,\"commentCount\":0,\"publisher\":{\"@id\":\"http:\\\/\\\/veleztopografia.com\\\/#organization\"},\"image\":{\"@id\":\"http:\\\/\\\/veleztopografia.com\\\/index.php\\\/2020\\\/10\\\/07\\\/levantamiento-topografico-en-velez-malaga-para-proyecto-de-vivienda-unifamiliar\\\/#primaryimage\"},\"thumbnailUrl\":\"https:\\\/\\\/veleztopografia.com\\\/wp-content\\\/uploads\\\/2020\\\/10\\\/IMG_20200922_103320-1024x638.jpg\",\"keywords\":[\"gps\",\"leica\",\"levantamiento topografico\",\"parcela\",\"torre del mar\",\"urbana\",\"velez\"],\"articleSection\":[\"Blog\"],\"inLanguage\":\"es\",\"potentialAction\":[{\"@type\":\"CommentAction\",\"name\":\"Comment\",\"target\":[\"http:\\\/\\\/veleztopografia.com\\\/index.php\\\/2020\\\/10\\\/07\\\/levantamiento-topografico-en-velez-malaga-para-proyecto-de-vivienda-unifamiliar\\\/#respond\"]}]},{\"@type\":\"WebPage\",\"@id\":\"http:\\\/\\\/veleztopografia.com\\\/index.php\\\/2020\\\/10\\\/07\\\/levantamiento-topografico-en-velez-malaga-para-proyecto-de-vivienda-unifamiliar\\\/\",\"url\":\"http:\\\/\\\/veleztopografia.com\\\/index.php\\\/2020\\\/10\\\/07\\\/levantamiento-topografico-en-velez-malaga-para-proyecto-de-vivienda-unifamiliar\\\/\",\"name\":\"Top\u00f3grafo V\u00e9lez M\u00e1laga. Ingeniero topograf\u00eda medici\u00f3n fincas.\",\"isPartOf\":{\"@id\":\"http:\\\/\\\/veleztopografia.com\\\/#website\"},\"primaryImageOfPage\":{\"@id\":\"http:\\\/\\\/veleztopografia.com\\\/index.php\\\/2020\\\/10\\\/07\\\/levantamiento-topografico-en-velez-malaga-para-proyecto-de-vivienda-unifamiliar\\\/#primaryimage\"},\"image\":{\"@id\":\"http:\\\/\\\/veleztopografia.com\\\/index.php\\\/2020\\\/10\\\/07\\\/levantamiento-topografico-en-velez-malaga-para-proyecto-de-vivienda-unifamiliar\\\/#primaryimage\"},\"thumbnailUrl\":\"https:\\\/\\\/veleztopografia.com\\\/wp-content\\\/uploads\\\/2020\\\/10\\\/IMG_20200922_103320-1024x638.jpg\",\"datePublished\":\"2020-10-07T13:36:58+00:00\",\"dateModified\":\"2020-10-07T13:37:02+00:00\",\"description\":\"Top\u00f3grafo en Velez-M\u00e1laga.Servicios de topograf\u00eda en la axarqu\u00eda y M\u00e1laga.Medici\u00f3n de fincas,catastro,levantamiento topogr\u00e1ficos,segregaciones,replanteosn,drones,fotogrametr\u00eda,filmaci\u00f3n a\u00e9rea..\",\"breadcrumb\":{\"@id\":\"http:\\\/\\\/veleztopografia.com\\\/index.php\\\/2020\\\/10\\\/07\\\/levantamiento-topografico-en-velez-malaga-para-proyecto-de-vivienda-unifamiliar\\\/#breadcrumb\"},\"inLanguage\":\"es\",\"potentialAction\":[{\"@type\":\"ReadAction\",\"target\":[\"http:\\\/\\\/veleztopografia.com\\\/index.php\\\/2020\\\/10\\\/07\\\/levantamiento-topografico-en-velez-malaga-para-proyecto-de-vivienda-unifamiliar\\\/\"]}]},{\"@type\":\"ImageObject\",\"inLanguage\":\"es\",\"@id\":\"http:\\\/\\\/veleztopografia.com\\\/index.php\\\/2020\\\/10\\\/07\\\/levantamiento-topografico-en-velez-malaga-para-proyecto-de-vivienda-unifamiliar\\\/#primaryimage\",\"url\":\"https:\\\/\\\/veleztopografia.com\\\/wp-content\\\/uploads\\\/2020\\\/10\\\/IMG_20200922_103320-1024x638.jpg\",\"contentUrl\":\"https:\\\/\\\/veleztopografia.com\\\/wp-content\\\/uploads\\\/2020\\\/10\\\/IMG_20200922_103320-1024x638.jpg\"},{\"@type\":\"BreadcrumbList\",\"@id\":\"http:\\\/\\\/veleztopografia.com\\\/index.php\\\/2020\\\/10\\\/07\\\/levantamiento-topografico-en-velez-malaga-para-proyecto-de-vivienda-unifamiliar\\\/#breadcrumb\",\"itemListElement\":[{\"@type\":\"ListItem\",\"position\":1,\"name\":\"Portada\",\"item\":\"http:\\\/\\\/veleztopografia.com\\\/\"},{\"@type\":\"ListItem\",\"position\":2,\"name\":\"Levantamiento topogr\u00e1fico en V\u00e9lez-M\u00e1laga, para proyecto de Vivienda Unifamiliar\"}]},{\"@type\":\"WebSite\",\"@id\":\"http:\\\/\\\/veleztopografia.com\\\/#website\",\"url\":\"http:\\\/\\\/veleztopografia.com\\\/\",\"name\":\"V\u00e9lez Topograf\u00eda\",\"description\":\"Top\u00f3grafo de V\u00e9lez-M\u00e1laga. Servicios de topografia en la Axarqu\u00eda y M\u00e1laga.Medici\u00f3n de fincas,catastro,validacion gr\u00e1fica,etc..\",\"publisher\":{\"@id\":\"http:\\\/\\\/veleztopografia.com\\\/#organization\"},\"potentialAction\":[{\"@type\":\"SearchAction\",\"target\":{\"@type\":\"EntryPoint\",\"urlTemplate\":\"http:\\\/\\\/veleztopografia.com\\\/?s={search_term_string}\"},\"query-input\":{\"@type\":\"PropertyValueSpecification\",\"valueRequired\":true,\"valueName\":\"search_term_string\"}}],\"inLanguage\":\"es\"},{\"@type\":\"Organization\",\"@id\":\"http:\\\/\\\/veleztopografia.com\\\/#organization\",\"name\":\"V\u00e9lez Topograf\u00eda\",\"url\":\"http:\\\/\\\/veleztopografia.com\\\/\",\"logo\":{\"@type\":\"ImageObject\",\"inLanguage\":\"es\",\"@id\":\"http:\\\/\\\/veleztopografia.com\\\/#\\\/schema\\\/logo\\\/image\\\/\",\"url\":\"https:\\\/\\\/i0.wp.com\\\/veleztopografia.com\\\/wp-content\\\/uploads\\\/2019\\\/12\\\/LOGO-VELEZTOPOGRAFIA200-1.jpg?fit=400%2C200&ssl=1\",\"contentUrl\":\"https:\\\/\\\/i0.wp.com\\\/veleztopografia.com\\\/wp-content\\\/uploads\\\/2019\\\/12\\\/LOGO-VELEZTOPOGRAFIA200-1.jpg?fit=400%2C200&ssl=1\",\"width\":400,\"height\":200,\"caption\":\"V\u00e9lez Topograf\u00eda\"},\"image\":{\"@id\":\"http:\\\/\\\/veleztopografia.com\\\/#\\\/schema\\\/logo\\\/image\\\/\"},\"sameAs\":[\"https:\\\/\\\/www.facebook.com\\\/veleztopografia\",\"https:\\\/\\\/x.com\\\/alvaro_manen\",\"https:\\\/\\\/www.instagram.com\\\/alvaromanen\\\/\",\"https:\\\/\\\/www.linkedin.com\\\/in\\\/alvaro-manen-0a7b9a4b\\\/\",\"https:\\\/\\\/www.youtube.com\\\/channel\\\/UCBbmXfa52pAGpmufiMrR3qg\\\/videos\"]},{\"@type\":\"Person\",\"@id\":\"http:\\\/\\\/veleztopografia.com\\\/#\\\/schema\\\/person\\\/f77ff7cee140d8850a0f97fd34ac2601\",\"name\":\"amrtopomar@hotmail.com\",\"image\":{\"@type\":\"ImageObject\",\"inLanguage\":\"es\",\"@id\":\"https:\\\/\\\/secure.gravatar.com\\\/avatar\\\/1bebd10f775e886b97b35c18576a9d2e6b841c3f4b4f048fc10ffb01eb083731?s=96&d=mm&r=g\",\"url\":\"https:\\\/\\\/secure.gravatar.com\\\/avatar\\\/1bebd10f775e886b97b35c18576a9d2e6b841c3f4b4f048fc10ffb01eb083731?s=96&d=mm&r=g\",\"contentUrl\":\"https:\\\/\\\/secure.gravatar.com\\\/avatar\\\/1bebd10f775e886b97b35c18576a9d2e6b841c3f4b4f048fc10ffb01eb083731?s=96&d=mm&r=g\",\"caption\":\"amrtopomar@hotmail.com\"}}]}<\/script>\n<!-- \/ Yoast SEO Premium plugin. -->","yoast_head_json":{"title":"Top\u00f3grafo V\u00e9lez M\u00e1laga. Ingeniero topograf\u00eda medici\u00f3n fincas.","description":"Top\u00f3grafo en Velez-M\u00e1laga.Servicios de topograf\u00eda en la axarqu\u00eda y M\u00e1laga.Medici\u00f3n de fincas,catastro,levantamiento topogr\u00e1ficos,segregaciones,replanteosn,drones,fotogrametr\u00eda,filmaci\u00f3n a\u00e9rea..","robots":{"index":"index","follow":"follow","max-snippet":"max-snippet:-1","max-image-preview":"max-image-preview:large","max-video-preview":"max-video-preview:-1"},"canonical":"http:\/\/veleztopografia.com\/index.php\/2020\/10\/07\/levantamiento-topografico-en-velez-malaga-para-proyecto-de-vivienda-unifamiliar\/","og_locale":"es_ES","og_type":"article","og_title":"Levantamiento topogr\u00e1fico en V\u00e9lez-M\u00e1laga, para proyecto de Vivienda Unifamiliar","og_description":"Top\u00f3grafo en Velez-M\u00e1laga.Servicios de topograf\u00eda en la axarqu\u00eda y M\u00e1laga.Medici\u00f3n de fincas,catastro,levantamiento topogr\u00e1ficos,segregaciones,replanteosn,drones,fotogrametr\u00eda,filmaci\u00f3n a\u00e9rea..","og_url":"http:\/\/veleztopografia.com\/index.php\/2020\/10\/07\/levantamiento-topografico-en-velez-malaga-para-proyecto-de-vivienda-unifamiliar\/","og_site_name":"V\u00e9lez Topograf\u00eda","article_publisher":"https:\/\/www.facebook.com\/veleztopografia","article_published_time":"2020-10-07T13:36:58+00:00","article_modified_time":"2020-10-07T13:37:02+00:00","og_image":[{"url":"https:\/\/veleztopografia.com\/wp-content\/uploads\/2020\/10\/IMG_20200922_103320-1024x638.jpg","type":"","width":"","height":""}],"author":"amrtopomar@hotmail.com","twitter_card":"summary_large_image","twitter_creator":"@alvaro_manen","twitter_site":"@alvaro_manen","twitter_misc":{"Escrito por":"amrtopomar@hotmail.com","Tiempo de lectura":"1 minuto"},"schema":{"@context":"https:\/\/schema.org","@graph":[{"@type":"Article","@id":"http:\/\/veleztopografia.com\/index.php\/2020\/10\/07\/levantamiento-topografico-en-velez-malaga-para-proyecto-de-vivienda-unifamiliar\/#article","isPartOf":{"@id":"http:\/\/veleztopografia.com\/index.php\/2020\/10\/07\/levantamiento-topografico-en-velez-malaga-para-proyecto-de-vivienda-unifamiliar\/"},"author":{"name":"amrtopomar@hotmail.com","@id":"http:\/\/veleztopografia.com\/#\/schema\/person\/f77ff7cee140d8850a0f97fd34ac2601"},"headline":"Levantamiento topogr\u00e1fico en V\u00e9lez-M\u00e1laga, para proyecto de Vivienda Unifamiliar","datePublished":"2020-10-07T13:36:58+00:00","dateModified":"2020-10-07T13:37:02+00:00","mainEntityOfPage":{"@id":"http:\/\/veleztopografia.com\/index.php\/2020\/10\/07\/levantamiento-topografico-en-velez-malaga-para-proyecto-de-vivienda-unifamiliar\/"},"wordCount":141,"commentCount":0,"publisher":{"@id":"http:\/\/veleztopografia.com\/#organization"},"image":{"@id":"http:\/\/veleztopografia.com\/index.php\/2020\/10\/07\/levantamiento-topografico-en-velez-malaga-para-proyecto-de-vivienda-unifamiliar\/#primaryimage"},"thumbnailUrl":"https:\/\/veleztopografia.com\/wp-content\/uploads\/2020\/10\/IMG_20200922_103320-1024x638.jpg","keywords":["gps","leica","levantamiento topografico","parcela","torre del mar","urbana","velez"],"articleSection":["Blog"],"inLanguage":"es","potentialAction":[{"@type":"CommentAction","name":"Comment","target":["http:\/\/veleztopografia.com\/index.php\/2020\/10\/07\/levantamiento-topografico-en-velez-malaga-para-proyecto-de-vivienda-unifamiliar\/#respond"]}]},{"@type":"WebPage","@id":"http:\/\/veleztopografia.com\/index.php\/2020\/10\/07\/levantamiento-topografico-en-velez-malaga-para-proyecto-de-vivienda-unifamiliar\/","url":"http:\/\/veleztopografia.com\/index.php\/2020\/10\/07\/levantamiento-topografico-en-velez-malaga-para-proyecto-de-vivienda-unifamiliar\/","name":"Top\u00f3grafo V\u00e9lez M\u00e1laga. Ingeniero topograf\u00eda medici\u00f3n fincas.","isPartOf":{"@id":"http:\/\/veleztopografia.com\/#website"},"primaryImageOfPage":{"@id":"http:\/\/veleztopografia.com\/index.php\/2020\/10\/07\/levantamiento-topografico-en-velez-malaga-para-proyecto-de-vivienda-unifamiliar\/#primaryimage"},"image":{"@id":"http:\/\/veleztopografia.com\/index.php\/2020\/10\/07\/levantamiento-topografico-en-velez-malaga-para-proyecto-de-vivienda-unifamiliar\/#primaryimage"},"thumbnailUrl":"https:\/\/veleztopografia.com\/wp-content\/uploads\/2020\/10\/IMG_20200922_103320-1024x638.jpg","datePublished":"2020-10-07T13:36:58+00:00","dateModified":"2020-10-07T13:37:02+00:00","description":"Top\u00f3grafo en Velez-M\u00e1laga.Servicios de topograf\u00eda en la axarqu\u00eda y M\u00e1laga.Medici\u00f3n de fincas,catastro,levantamiento topogr\u00e1ficos,segregaciones,replanteosn,drones,fotogrametr\u00eda,filmaci\u00f3n a\u00e9rea..","breadcrumb":{"@id":"http:\/\/veleztopografia.com\/index.php\/2020\/10\/07\/levantamiento-topografico-en-velez-malaga-para-proyecto-de-vivienda-unifamiliar\/#breadcrumb"},"inLanguage":"es","potentialAction":[{"@type":"ReadAction","target":["http:\/\/veleztopografia.com\/index.php\/2020\/10\/07\/levantamiento-topografico-en-velez-malaga-para-proyecto-de-vivienda-unifamiliar\/"]}]},{"@type":"ImageObject","inLanguage":"es","@id":"http:\/\/veleztopografia.com\/index.php\/2020\/10\/07\/levantamiento-topografico-en-velez-malaga-para-proyecto-de-vivienda-unifamiliar\/#primaryimage","url":"https:\/\/veleztopografia.com\/wp-content\/uploads\/2020\/10\/IMG_20200922_103320-1024x638.jpg","contentUrl":"https:\/\/veleztopografia.com\/wp-content\/uploads\/2020\/10\/IMG_20200922_103320-1024x638.jpg"},{"@type":"BreadcrumbList","@id":"http:\/\/veleztopografia.com\/index.php\/2020\/10\/07\/levantamiento-topografico-en-velez-malaga-para-proyecto-de-vivienda-unifamiliar\/#breadcrumb","itemListElement":[{"@type":"ListItem","position":1,"name":"Portada","item":"http:\/\/veleztopografia.com\/"},{"@type":"ListItem","position":2,"name":"Levantamiento topogr\u00e1fico en V\u00e9lez-M\u00e1laga, para proyecto de Vivienda Unifamiliar"}]},{"@type":"WebSite","@id":"http:\/\/veleztopografia.com\/#website","url":"http:\/\/veleztopografia.com\/","name":"V\u00e9lez Topograf\u00eda","description":"Top\u00f3grafo de V\u00e9lez-M\u00e1laga. Servicios de topografia en la Axarqu\u00eda y M\u00e1laga.Medici\u00f3n de fincas,catastro,validacion gr\u00e1fica,etc..","publisher":{"@id":"http:\/\/veleztopografia.com\/#organization"},"potentialAction":[{"@type":"SearchAction","target":{"@type":"EntryPoint","urlTemplate":"http:\/\/veleztopografia.com\/?s={search_term_string}"},"query-input":{"@type":"PropertyValueSpecification","valueRequired":true,"valueName":"search_term_string"}}],"inLanguage":"es"},{"@type":"Organization","@id":"http:\/\/veleztopografia.com\/#organization","name":"V\u00e9lez Topograf\u00eda","url":"http:\/\/veleztopografia.com\/","logo":{"@type":"ImageObject","inLanguage":"es","@id":"http:\/\/veleztopografia.com\/#\/schema\/logo\/image\/","url":"https:\/\/i0.wp.com\/veleztopografia.com\/wp-content\/uploads\/2019\/12\/LOGO-VELEZTOPOGRAFIA200-1.jpg?fit=400%2C200&ssl=1","contentUrl":"https:\/\/i0.wp.com\/veleztopografia.com\/wp-content\/uploads\/2019\/12\/LOGO-VELEZTOPOGRAFIA200-1.jpg?fit=400%2C200&ssl=1","width":400,"height":200,"caption":"V\u00e9lez Topograf\u00eda"},"image":{"@id":"http:\/\/veleztopografia.com\/#\/schema\/logo\/image\/"},"sameAs":["https:\/\/www.facebook.com\/veleztopografia","https:\/\/x.com\/alvaro_manen","https:\/\/www.instagram.com\/alvaromanen\/","https:\/\/www.linkedin.com\/in\/alvaro-manen-0a7b9a4b\/","https:\/\/www.youtube.com\/channel\/UCBbmXfa52pAGpmufiMrR3qg\/videos"]},{"@type":"Person","@id":"http:\/\/veleztopografia.com\/#\/schema\/person\/f77ff7cee140d8850a0f97fd34ac2601","name":"amrtopomar@hotmail.com","image":{"@type":"ImageObject","inLanguage":"es","@id":"https:\/\/secure.gravatar.com\/avatar\/1bebd10f775e886b97b35c18576a9d2e6b841c3f4b4f048fc10ffb01eb083731?s=96&d=mm&r=g","url":"https:\/\/secure.gravatar.com\/avatar\/1bebd10f775e886b97b35c18576a9d2e6b841c3f4b4f048fc10ffb01eb083731?s=96&d=mm&r=g","contentUrl":"https:\/\/secure.gravatar.com\/avatar\/1bebd10f775e886b97b35c18576a9d2e6b841c3f4b4f048fc10ffb01eb083731?s=96&d=mm&r=g","caption":"amrtopomar@hotmail.com"}}]}},"uagb_featured_image_src":{"full":false,"thumbnail":false,"medium":false,"medium_large":false,"large":false,"1536x1536":false,"2048x2048":false,"wpvr_mobile":false},"uagb_author_info":{"display_name":"amrtopomar@hotmail.com","author_link":"https:\/\/veleztopografia.com\/index.php\/author\/amrtopomarhotmail-com\/"},"uagb_comment_info":1,"uagb_excerpt":"Este trabajo lo hemos realizado en la zona del Hospital de la Axarqu\u00eda en V\u00e9lez-M\u00e1laga (Torre del Mar). Hemos realizado el levantamiento topogr\u00e1fico de una parcela, para su posterior dise\u00f1o de vivienda unifamiliar en la misma. Realizar un levantamiento topogr\u00e1fico, de la zona en la cual se va a desarrollar el proyecto con precisi\u00f3n y&hellip;","_links":{"self":[{"href":"https:\/\/veleztopografia.com\/index.php\/wp-json\/wp\/v2\/posts\/2514","targetHints":{"allow":["GET"]}}],"collection":[{"href":"https:\/\/veleztopografia.com\/index.php\/wp-json\/wp\/v2\/posts"}],"about":[{"href":"https:\/\/veleztopografia.com\/index.php\/wp-json\/wp\/v2\/types\/post"}],"author":[{"embeddable":true,"href":"https:\/\/veleztopografia.com\/index.php\/wp-json\/wp\/v2\/users\/1"}],"replies":[{"embeddable":true,"href":"https:\/\/veleztopografia.com\/index.php\/wp-json\/wp\/v2\/comments?post=2514"}],"version-history":[{"count":2,"href":"https:\/\/veleztopografia.com\/index.php\/wp-json\/wp\/v2\/posts\/2514\/revisions"}],"predecessor-version":[{"id":2518,"href":"https:\/\/veleztopografia.com\/index.php\/wp-json\/wp\/v2\/posts\/2514\/revisions\/2518"}],"wp:attachment":[{"href":"https:\/\/veleztopografia.com\/index.php\/wp-json\/wp\/v2\/media?parent=2514"}],"wp:term":[{"taxonomy":"category","embeddable":true,"href":"https:\/\/veleztopografia.com\/index.php\/wp-json\/wp\/v2\/categories?post=2514"},{"taxonomy":"post_tag","embeddable":true,"href":"https:\/\/veleztopografia.com\/index.php\/wp-json\/wp\/v2\/tags?post=2514"}],"curies":[{"name":"wp","href":"https:\/\/api.w.org\/{rel}","templated":true}]}}