{"id":2492,"date":"2020-09-21T17:29:09","date_gmt":"2020-09-21T17:29:09","guid":{"rendered":"http:\/\/veleztopografia.com\/?p=2492"},"modified":"2020-09-21T17:29:59","modified_gmt":"2020-09-21T17:29:59","slug":"medicion-y-control-de-movimiento-de-tierras-de-obra-en-estepona-malaga","status":"publish","type":"post","link":"https:\/\/veleztopografia.com\/index.php\/2020\/09\/21\/medicion-y-control-de-movimiento-de-tierras-de-obra-en-estepona-malaga\/","title":{"rendered":"Medici\u00f3n y control de movimiento de tierras de obra en Estepona (M\u00e1laga)"},"content":{"rendered":"\n<p>Uno de los servicios que ofrece V\u00e9lez Topograf\u00eda es el mediciones y control de movimientos de tierra tanto en obra civil como en edificaci\u00f3n.<\/p>\n\n\n\n<p>En esta obra controlamos todo el movimiento de tierras realizado por la empresa encargada de su ejecuci\u00f3n. Perder unidades de medici\u00f3n<\/p>\n\n\n\n<p>por no invertir en los <strong>servicios de un top\u00f3grafo profesional<\/strong>, es un error muy frecuente de peque\u00f1as y medianas empresas.<\/p>\n\n\n\n<figure class=\"wp-block-gallery columns-2 is-cropped wp-block-gallery-2 is-layout-flex wp-block-gallery-is-layout-flex\"><ul class=\"blocks-gallery-grid\"><li class=\"blocks-gallery-item\"><figure><img fetchpriority=\"high\" decoding=\"async\" width=\"1024\" height=\"732\" src=\"http:\/\/veleztopografia.com\/wp-content\/uploads\/2020\/09\/IMG_20200921_101842_1-1024x732.jpg\" alt=\"topografo en estepona movimiento de tierras\" data-id=\"2493\" data-full-url=\"http:\/\/veleztopografia.com\/wp-content\/uploads\/2020\/09\/IMG_20200921_101842_1.jpg\" data-link=\"http:\/\/veleztopografia.com\/?attachment_id=2493\" class=\"wp-image-2493\" srcset=\"https:\/\/veleztopografia.com\/wp-content\/uploads\/2020\/09\/IMG_20200921_101842_1-1024x732.jpg 1024w, https:\/\/veleztopografia.com\/wp-content\/uploads\/2020\/09\/IMG_20200921_101842_1-300x214.jpg 300w, https:\/\/veleztopografia.com\/wp-content\/uploads\/2020\/09\/IMG_20200921_101842_1-768x549.jpg 768w, https:\/\/veleztopografia.com\/wp-content\/uploads\/2020\/09\/IMG_20200921_101842_1-1536x1097.jpg 1536w, https:\/\/veleztopografia.com\/wp-content\/uploads\/2020\/09\/IMG_20200921_101842_1.jpg 2000w\" sizes=\"(max-width: 1024px) 100vw, 1024px\" \/><figcaption class=\"blocks-gallery-item__caption\">topografo en estepona movimiento de tierras<\/figcaption><\/figure><\/li><li class=\"blocks-gallery-item\"><figure><img decoding=\"async\" width=\"1024\" height=\"692\" src=\"http:\/\/veleztopografia.com\/wp-content\/uploads\/2020\/09\/IMG_20200921_110306-1024x692.jpg\" alt=\"topografo en estepona movimiento de tierras\" data-id=\"2494\" data-full-url=\"http:\/\/veleztopografia.com\/wp-content\/uploads\/2020\/09\/IMG_20200921_110306.jpg\" data-link=\"http:\/\/veleztopografia.com\/?attachment_id=2494\" class=\"wp-image-2494\" srcset=\"https:\/\/veleztopografia.com\/wp-content\/uploads\/2020\/09\/IMG_20200921_110306-1024x692.jpg 1024w, https:\/\/veleztopografia.com\/wp-content\/uploads\/2020\/09\/IMG_20200921_110306-300x203.jpg 300w, https:\/\/veleztopografia.com\/wp-content\/uploads\/2020\/09\/IMG_20200921_110306-768x519.jpg 768w, https:\/\/veleztopografia.com\/wp-content\/uploads\/2020\/09\/IMG_20200921_110306-1536x1038.jpg 1536w, https:\/\/veleztopografia.com\/wp-content\/uploads\/2020\/09\/IMG_20200921_110306.jpg 2000w\" sizes=\"(max-width: 1024px) 100vw, 1024px\" \/><figcaption class=\"blocks-gallery-item__caption\">topografo en estepona movimiento de tierras<\/figcaption><\/figure><\/li><\/ul><\/figure>\n\n\n\n<p>Mensualmente o cuando lo solicite, nuestro cliente tiene una medici\u00f3n exacta del movimiento de tierras realizado en sus obras.En este caso ha sido una en<strong> Estepona (M\u00e1laga).<\/strong><\/p>\n\n\n\n<p>La fase del movimiento de tierras es uno de estos puntos clave donde la topograf\u00eda es esencial para llevar a cabo la buena ejecuci\u00f3n de esta parte del proyecto y llevar un control exhaustivo, tanto altim\u00e9trico como volum\u00e9trico, de los diferentes paquetes y partidas planteados en los proyectos de estas grandes obras.<\/p>\n\n\n\n<figure class=\"wp-block-gallery columns-2 is-cropped wp-block-gallery-3 is-layout-flex wp-block-gallery-is-layout-flex\"><ul class=\"blocks-gallery-grid\"><li class=\"blocks-gallery-item\"><figure><img decoding=\"async\" width=\"1024\" height=\"642\" src=\"http:\/\/veleztopografia.com\/wp-content\/uploads\/2020\/09\/IMG_20200921_095950-1024x642.jpg\" alt=\"topografo en estepona movimiento de tierras\" data-id=\"2495\" data-full-url=\"http:\/\/veleztopografia.com\/wp-content\/uploads\/2020\/09\/IMG_20200921_095950.jpg\" data-link=\"http:\/\/veleztopografia.com\/?attachment_id=2495\" class=\"wp-image-2495\" srcset=\"https:\/\/veleztopografia.com\/wp-content\/uploads\/2020\/09\/IMG_20200921_095950-1024x642.jpg 1024w, https:\/\/veleztopografia.com\/wp-content\/uploads\/2020\/09\/IMG_20200921_095950-300x188.jpg 300w, https:\/\/veleztopografia.com\/wp-content\/uploads\/2020\/09\/IMG_20200921_095950-768x482.jpg 768w, https:\/\/veleztopografia.com\/wp-content\/uploads\/2020\/09\/IMG_20200921_095950-1536x963.jpg 1536w, https:\/\/veleztopografia.com\/wp-content\/uploads\/2020\/09\/IMG_20200921_095950.jpg 2000w\" sizes=\"(max-width: 1024px) 100vw, 1024px\" \/><\/figure><\/li><li class=\"blocks-gallery-item\"><figure><img loading=\"lazy\" decoding=\"async\" width=\"1024\" height=\"694\" src=\"http:\/\/veleztopografia.com\/wp-content\/uploads\/2020\/09\/IMG_20200921_114945_1-1024x694.jpg\" alt=\"topografo en estepona movimiento de tierras\" data-id=\"2496\" data-full-url=\"http:\/\/veleztopografia.com\/wp-content\/uploads\/2020\/09\/IMG_20200921_114945_1.jpg\" data-link=\"http:\/\/veleztopografia.com\/?attachment_id=2496\" class=\"wp-image-2496\" srcset=\"https:\/\/veleztopografia.com\/wp-content\/uploads\/2020\/09\/IMG_20200921_114945_1-1024x694.jpg 1024w, https:\/\/veleztopografia.com\/wp-content\/uploads\/2020\/09\/IMG_20200921_114945_1-300x203.jpg 300w, https:\/\/veleztopografia.com\/wp-content\/uploads\/2020\/09\/IMG_20200921_114945_1-768x520.jpg 768w, https:\/\/veleztopografia.com\/wp-content\/uploads\/2020\/09\/IMG_20200921_114945_1-1536x1041.jpg 1536w, https:\/\/veleztopografia.com\/wp-content\/uploads\/2020\/09\/IMG_20200921_114945_1.jpg 2000w\" sizes=\"(max-width: 1024px) 100vw, 1024px\" \/><\/figure><\/li><\/ul><\/figure>\n\n\n\n<p>Para realizar la medici\u00f3n de la excavaci\u00f3n, hemos tenido que realizar dos estacionamientos debido a la maquinaria existente en la zona de trabajo, que imped\u00edan la visibilidad de ciertas zonas.<\/p>\n\n\n\n<p>El gps lo hemos utilizado para colocar varias bases, donde poder orientar las estaci\u00f3n total, y as\u00ed trasladar el trabajo a las coordenadas al sistema empleado en la medici\u00f3n a origen realizada<\/p>\n\n\n\n<p>hace unos meses.<\/p>\n","protected":false},"excerpt":{"rendered":"<p>Uno de los servicios que ofrece V\u00e9lez Topograf\u00eda es el mediciones y control de movimientos de tierra tanto en obra civil como en edificaci\u00f3n. En esta obra controlamos todo el movimiento de tierras realizado por la empresa encargada de su ejecuci\u00f3n. Perder unidades de medici\u00f3n por no invertir en los servicios de un top\u00f3grafo profesional, [&hellip;]<\/p>\n","protected":false},"author":1,"featured_media":0,"comment_status":"open","ping_status":"open","sticky":false,"template":"","format":"standard","meta":{"_uag_custom_page_level_css":"","_monsterinsights_skip_tracking":false,"_monsterinsights_sitenote_active":false,"_monsterinsights_sitenote_note":"","_monsterinsights_sitenote_category":0,"site-sidebar-layout":"default","site-content-layout":"default","ast-site-content-layout":"default","site-content-style":"default","site-sidebar-style":"default","ast-global-header-display":"","ast-banner-title-visibility":"","ast-main-header-display":"","ast-hfb-above-header-display":"","ast-hfb-below-header-display":"","ast-hfb-mobile-header-display":"","site-post-title":"","ast-breadcrumbs-content":"","ast-featured-img":"","footer-sml-layout":"","ast-disable-related-posts":"","theme-transparent-header-meta":"default","adv-header-id-meta":"","stick-header-meta":"default","header-above-stick-meta":"","header-main-stick-meta":"","header-below-stick-meta":"","astra-migrate-meta-layouts":"default","ast-page-background-enabled":"default","ast-page-background-meta":{"desktop":{"background-color":"","background-image":"","background-repeat":"repeat","background-position":"center center","background-size":"auto","background-attachment":"scroll","background-type":"","background-media":"","overlay-type":"","overlay-color":"","overlay-opacity":"","overlay-gradient":""},"tablet":{"background-color":"","background-image":"","background-repeat":"repeat","background-position":"center center","background-size":"auto","background-attachment":"scroll","background-type":"","background-media":"","overlay-type":"","overlay-color":"","overlay-opacity":"","overlay-gradient":""},"mobile":{"background-color":"","background-image":"","background-repeat":"repeat","background-position":"center center","background-size":"auto","background-attachment":"scroll","background-type":"","background-media":"","overlay-type":"","overlay-color":"","overlay-opacity":"","overlay-gradient":""}},"ast-content-background-meta":{"desktop":{"background-color":"var(--ast-global-color-5)","background-image":"","background-repeat":"repeat","background-position":"center center","background-size":"auto","background-attachment":"scroll","background-type":"","background-media":"","overlay-type":"","overlay-color":"","overlay-opacity":"","overlay-gradient":""},"tablet":{"background-color":"var(--ast-global-color-5)","background-image":"","background-repeat":"repeat","background-position":"center center","background-size":"auto","background-attachment":"scroll","background-type":"","background-media":"","overlay-type":"","overlay-color":"","overlay-opacity":"","overlay-gradient":""},"mobile":{"background-color":"var(--ast-global-color-5)","background-image":"","background-repeat":"repeat","background-position":"center center","background-size":"auto","background-attachment":"scroll","background-type":"","background-media":"","overlay-type":"","overlay-color":"","overlay-opacity":"","overlay-gradient":""}},"footnotes":""},"categories":[5],"tags":[185,129,130,43,48,121],"class_list":["post-2492","post","type-post","status-publish","format-standard","hentry","category-blog","tag-control","tag-estepona","tag-excavacion","tag-movimiento-de-tierras","tag-topografia","tag-topografo-2"],"yoast_head":"<!-- This site is optimized with the Yoast SEO Premium plugin v24.1 (Yoast SEO v27.4) - https:\/\/yoast.com\/product\/yoast-seo-premium-wordpress\/ -->\n<title>Top\u00f3grafo V\u00e9lez M\u00e1laga. Ingeniero topograf\u00eda medici\u00f3n fincas.<\/title>\n<meta name=\"description\" content=\"Top\u00f3grafo en Velez-M\u00e1laga.Servicios de topograf\u00eda en la axarqu\u00eda y M\u00e1laga.Medici\u00f3n de fincas,catastro,levantamiento topogr\u00e1ficos,segregaciones,replanteosn,drones,fotogrametr\u00eda,filmaci\u00f3n a\u00e9rea..\" \/>\n<meta name=\"robots\" content=\"index, follow, max-snippet:-1, max-image-preview:large, max-video-preview:-1\" \/>\n<link rel=\"canonical\" href=\"http:\/\/veleztopografia.com\/index.php\/2020\/09\/21\/medicion-y-control-de-movimiento-de-tierras-de-obra-en-estepona-malaga\/\" \/>\n<meta property=\"og:locale\" content=\"es_ES\" \/>\n<meta property=\"og:type\" content=\"article\" \/>\n<meta property=\"og:title\" content=\"Medici\u00f3n y control de movimiento de tierras de obra en Estepona (M\u00e1laga)\" \/>\n<meta property=\"og:description\" content=\"Top\u00f3grafo en Velez-M\u00e1laga.Servicios de topograf\u00eda en la axarqu\u00eda y M\u00e1laga.Medici\u00f3n de fincas,catastro,levantamiento topogr\u00e1ficos,segregaciones,replanteosn,drones,fotogrametr\u00eda,filmaci\u00f3n a\u00e9rea..\" \/>\n<meta property=\"og:url\" content=\"http:\/\/veleztopografia.com\/index.php\/2020\/09\/21\/medicion-y-control-de-movimiento-de-tierras-de-obra-en-estepona-malaga\/\" \/>\n<meta property=\"og:site_name\" content=\"V\u00e9lez Topograf\u00eda\" \/>\n<meta property=\"article:publisher\" content=\"https:\/\/www.facebook.com\/veleztopografia\" \/>\n<meta property=\"article:published_time\" content=\"2020-09-21T17:29:09+00:00\" \/>\n<meta property=\"article:modified_time\" content=\"2020-09-21T17:29:59+00:00\" \/>\n<meta property=\"og:image\" content=\"http:\/\/veleztopografia.com\/wp-content\/uploads\/2020\/09\/IMG_20200921_101842_1-1024x732.jpg\" \/>\n<meta name=\"author\" content=\"amrtopomar@hotmail.com\" \/>\n<meta name=\"twitter:card\" content=\"summary_large_image\" \/>\n<meta name=\"twitter:creator\" content=\"@alvaro_manen\" \/>\n<meta name=\"twitter:site\" content=\"@alvaro_manen\" \/>\n<meta name=\"twitter:label1\" content=\"Escrito por\" \/>\n\t<meta name=\"twitter:data1\" content=\"amrtopomar@hotmail.com\" \/>\n\t<meta name=\"twitter:label2\" content=\"Tiempo de lectura\" \/>\n\t<meta name=\"twitter:data2\" content=\"1 minuto\" \/>\n<script type=\"application\/ld+json\" class=\"yoast-schema-graph\">{\"@context\":\"https:\\\/\\\/schema.org\",\"@graph\":[{\"@type\":\"Article\",\"@id\":\"http:\\\/\\\/veleztopografia.com\\\/index.php\\\/2020\\\/09\\\/21\\\/medicion-y-control-de-movimiento-de-tierras-de-obra-en-estepona-malaga\\\/#article\",\"isPartOf\":{\"@id\":\"http:\\\/\\\/veleztopografia.com\\\/index.php\\\/2020\\\/09\\\/21\\\/medicion-y-control-de-movimiento-de-tierras-de-obra-en-estepona-malaga\\\/\"},\"author\":{\"name\":\"amrtopomar@hotmail.com\",\"@id\":\"http:\\\/\\\/veleztopografia.com\\\/#\\\/schema\\\/person\\\/f77ff7cee140d8850a0f97fd34ac2601\"},\"headline\":\"Medici\u00f3n y control de movimiento de tierras de obra en Estepona (M\u00e1laga)\",\"datePublished\":\"2020-09-21T17:29:09+00:00\",\"dateModified\":\"2020-09-21T17:29:59+00:00\",\"mainEntityOfPage\":{\"@id\":\"http:\\\/\\\/veleztopografia.com\\\/index.php\\\/2020\\\/09\\\/21\\\/medicion-y-control-de-movimiento-de-tierras-de-obra-en-estepona-malaga\\\/\"},\"wordCount\":254,\"commentCount\":0,\"publisher\":{\"@id\":\"http:\\\/\\\/veleztopografia.com\\\/#organization\"},\"image\":{\"@id\":\"http:\\\/\\\/veleztopografia.com\\\/index.php\\\/2020\\\/09\\\/21\\\/medicion-y-control-de-movimiento-de-tierras-de-obra-en-estepona-malaga\\\/#primaryimage\"},\"thumbnailUrl\":\"http:\\\/\\\/veleztopografia.com\\\/wp-content\\\/uploads\\\/2020\\\/09\\\/IMG_20200921_101842_1-1024x732.jpg\",\"keywords\":[\"control\",\"estepona\",\"excavacion\",\"movimiento de tierras\",\"topografia\",\"topografo\"],\"articleSection\":[\"Blog\"],\"inLanguage\":\"es\",\"potentialAction\":[{\"@type\":\"CommentAction\",\"name\":\"Comment\",\"target\":[\"http:\\\/\\\/veleztopografia.com\\\/index.php\\\/2020\\\/09\\\/21\\\/medicion-y-control-de-movimiento-de-tierras-de-obra-en-estepona-malaga\\\/#respond\"]}]},{\"@type\":\"WebPage\",\"@id\":\"http:\\\/\\\/veleztopografia.com\\\/index.php\\\/2020\\\/09\\\/21\\\/medicion-y-control-de-movimiento-de-tierras-de-obra-en-estepona-malaga\\\/\",\"url\":\"http:\\\/\\\/veleztopografia.com\\\/index.php\\\/2020\\\/09\\\/21\\\/medicion-y-control-de-movimiento-de-tierras-de-obra-en-estepona-malaga\\\/\",\"name\":\"Top\u00f3grafo V\u00e9lez M\u00e1laga. Ingeniero topograf\u00eda medici\u00f3n fincas.\",\"isPartOf\":{\"@id\":\"http:\\\/\\\/veleztopografia.com\\\/#website\"},\"primaryImageOfPage\":{\"@id\":\"http:\\\/\\\/veleztopografia.com\\\/index.php\\\/2020\\\/09\\\/21\\\/medicion-y-control-de-movimiento-de-tierras-de-obra-en-estepona-malaga\\\/#primaryimage\"},\"image\":{\"@id\":\"http:\\\/\\\/veleztopografia.com\\\/index.php\\\/2020\\\/09\\\/21\\\/medicion-y-control-de-movimiento-de-tierras-de-obra-en-estepona-malaga\\\/#primaryimage\"},\"thumbnailUrl\":\"http:\\\/\\\/veleztopografia.com\\\/wp-content\\\/uploads\\\/2020\\\/09\\\/IMG_20200921_101842_1-1024x732.jpg\",\"datePublished\":\"2020-09-21T17:29:09+00:00\",\"dateModified\":\"2020-09-21T17:29:59+00:00\",\"description\":\"Top\u00f3grafo en Velez-M\u00e1laga.Servicios de topograf\u00eda en la axarqu\u00eda y M\u00e1laga.Medici\u00f3n de fincas,catastro,levantamiento topogr\u00e1ficos,segregaciones,replanteosn,drones,fotogrametr\u00eda,filmaci\u00f3n a\u00e9rea..\",\"breadcrumb\":{\"@id\":\"http:\\\/\\\/veleztopografia.com\\\/index.php\\\/2020\\\/09\\\/21\\\/medicion-y-control-de-movimiento-de-tierras-de-obra-en-estepona-malaga\\\/#breadcrumb\"},\"inLanguage\":\"es\",\"potentialAction\":[{\"@type\":\"ReadAction\",\"target\":[\"http:\\\/\\\/veleztopografia.com\\\/index.php\\\/2020\\\/09\\\/21\\\/medicion-y-control-de-movimiento-de-tierras-de-obra-en-estepona-malaga\\\/\"]}]},{\"@type\":\"ImageObject\",\"inLanguage\":\"es\",\"@id\":\"http:\\\/\\\/veleztopografia.com\\\/index.php\\\/2020\\\/09\\\/21\\\/medicion-y-control-de-movimiento-de-tierras-de-obra-en-estepona-malaga\\\/#primaryimage\",\"url\":\"https:\\\/\\\/veleztopografia.com\\\/wp-content\\\/uploads\\\/2020\\\/09\\\/IMG_20200921_101842_1.jpg\",\"contentUrl\":\"https:\\\/\\\/veleztopografia.com\\\/wp-content\\\/uploads\\\/2020\\\/09\\\/IMG_20200921_101842_1.jpg\",\"width\":2000,\"height\":1429,\"caption\":\"topografo en estepona movimiento de tierras\"},{\"@type\":\"BreadcrumbList\",\"@id\":\"http:\\\/\\\/veleztopografia.com\\\/index.php\\\/2020\\\/09\\\/21\\\/medicion-y-control-de-movimiento-de-tierras-de-obra-en-estepona-malaga\\\/#breadcrumb\",\"itemListElement\":[{\"@type\":\"ListItem\",\"position\":1,\"name\":\"Portada\",\"item\":\"http:\\\/\\\/veleztopografia.com\\\/\"},{\"@type\":\"ListItem\",\"position\":2,\"name\":\"Medici\u00f3n y control de movimiento de tierras de obra en Estepona (M\u00e1laga)\"}]},{\"@type\":\"WebSite\",\"@id\":\"http:\\\/\\\/veleztopografia.com\\\/#website\",\"url\":\"http:\\\/\\\/veleztopografia.com\\\/\",\"name\":\"V\u00e9lez Topograf\u00eda\",\"description\":\"Top\u00f3grafo de V\u00e9lez-M\u00e1laga. Servicios de topografia en la Axarqu\u00eda y M\u00e1laga.Medici\u00f3n de fincas,catastro,validacion gr\u00e1fica,etc..\",\"publisher\":{\"@id\":\"http:\\\/\\\/veleztopografia.com\\\/#organization\"},\"potentialAction\":[{\"@type\":\"SearchAction\",\"target\":{\"@type\":\"EntryPoint\",\"urlTemplate\":\"http:\\\/\\\/veleztopografia.com\\\/?s={search_term_string}\"},\"query-input\":{\"@type\":\"PropertyValueSpecification\",\"valueRequired\":true,\"valueName\":\"search_term_string\"}}],\"inLanguage\":\"es\"},{\"@type\":\"Organization\",\"@id\":\"http:\\\/\\\/veleztopografia.com\\\/#organization\",\"name\":\"V\u00e9lez Topograf\u00eda\",\"url\":\"http:\\\/\\\/veleztopografia.com\\\/\",\"logo\":{\"@type\":\"ImageObject\",\"inLanguage\":\"es\",\"@id\":\"http:\\\/\\\/veleztopografia.com\\\/#\\\/schema\\\/logo\\\/image\\\/\",\"url\":\"https:\\\/\\\/i0.wp.com\\\/veleztopografia.com\\\/wp-content\\\/uploads\\\/2019\\\/12\\\/LOGO-VELEZTOPOGRAFIA200-1.jpg?fit=400%2C200&ssl=1\",\"contentUrl\":\"https:\\\/\\\/i0.wp.com\\\/veleztopografia.com\\\/wp-content\\\/uploads\\\/2019\\\/12\\\/LOGO-VELEZTOPOGRAFIA200-1.jpg?fit=400%2C200&ssl=1\",\"width\":400,\"height\":200,\"caption\":\"V\u00e9lez Topograf\u00eda\"},\"image\":{\"@id\":\"http:\\\/\\\/veleztopografia.com\\\/#\\\/schema\\\/logo\\\/image\\\/\"},\"sameAs\":[\"https:\\\/\\\/www.facebook.com\\\/veleztopografia\",\"https:\\\/\\\/x.com\\\/alvaro_manen\",\"https:\\\/\\\/www.instagram.com\\\/alvaromanen\\\/\",\"https:\\\/\\\/www.linkedin.com\\\/in\\\/alvaro-manen-0a7b9a4b\\\/\",\"https:\\\/\\\/www.youtube.com\\\/channel\\\/UCBbmXfa52pAGpmufiMrR3qg\\\/videos\"]},{\"@type\":\"Person\",\"@id\":\"http:\\\/\\\/veleztopografia.com\\\/#\\\/schema\\\/person\\\/f77ff7cee140d8850a0f97fd34ac2601\",\"name\":\"amrtopomar@hotmail.com\",\"image\":{\"@type\":\"ImageObject\",\"inLanguage\":\"es\",\"@id\":\"https:\\\/\\\/secure.gravatar.com\\\/avatar\\\/1bebd10f775e886b97b35c18576a9d2e6b841c3f4b4f048fc10ffb01eb083731?s=96&d=mm&r=g\",\"url\":\"https:\\\/\\\/secure.gravatar.com\\\/avatar\\\/1bebd10f775e886b97b35c18576a9d2e6b841c3f4b4f048fc10ffb01eb083731?s=96&d=mm&r=g\",\"contentUrl\":\"https:\\\/\\\/secure.gravatar.com\\\/avatar\\\/1bebd10f775e886b97b35c18576a9d2e6b841c3f4b4f048fc10ffb01eb083731?s=96&d=mm&r=g\",\"caption\":\"amrtopomar@hotmail.com\"}}]}<\/script>\n<!-- \/ Yoast SEO Premium plugin. -->","yoast_head_json":{"title":"Top\u00f3grafo V\u00e9lez M\u00e1laga. Ingeniero topograf\u00eda medici\u00f3n fincas.","description":"Top\u00f3grafo en Velez-M\u00e1laga.Servicios de topograf\u00eda en la axarqu\u00eda y M\u00e1laga.Medici\u00f3n de fincas,catastro,levantamiento topogr\u00e1ficos,segregaciones,replanteosn,drones,fotogrametr\u00eda,filmaci\u00f3n a\u00e9rea..","robots":{"index":"index","follow":"follow","max-snippet":"max-snippet:-1","max-image-preview":"max-image-preview:large","max-video-preview":"max-video-preview:-1"},"canonical":"http:\/\/veleztopografia.com\/index.php\/2020\/09\/21\/medicion-y-control-de-movimiento-de-tierras-de-obra-en-estepona-malaga\/","og_locale":"es_ES","og_type":"article","og_title":"Medici\u00f3n y control de movimiento de tierras de obra en Estepona (M\u00e1laga)","og_description":"Top\u00f3grafo en Velez-M\u00e1laga.Servicios de topograf\u00eda en la axarqu\u00eda y M\u00e1laga.Medici\u00f3n de fincas,catastro,levantamiento topogr\u00e1ficos,segregaciones,replanteosn,drones,fotogrametr\u00eda,filmaci\u00f3n a\u00e9rea..","og_url":"http:\/\/veleztopografia.com\/index.php\/2020\/09\/21\/medicion-y-control-de-movimiento-de-tierras-de-obra-en-estepona-malaga\/","og_site_name":"V\u00e9lez Topograf\u00eda","article_publisher":"https:\/\/www.facebook.com\/veleztopografia","article_published_time":"2020-09-21T17:29:09+00:00","article_modified_time":"2020-09-21T17:29:59+00:00","og_image":[{"url":"http:\/\/veleztopografia.com\/wp-content\/uploads\/2020\/09\/IMG_20200921_101842_1-1024x732.jpg","type":"","width":"","height":""}],"author":"amrtopomar@hotmail.com","twitter_card":"summary_large_image","twitter_creator":"@alvaro_manen","twitter_site":"@alvaro_manen","twitter_misc":{"Escrito por":"amrtopomar@hotmail.com","Tiempo de lectura":"1 minuto"},"schema":{"@context":"https:\/\/schema.org","@graph":[{"@type":"Article","@id":"http:\/\/veleztopografia.com\/index.php\/2020\/09\/21\/medicion-y-control-de-movimiento-de-tierras-de-obra-en-estepona-malaga\/#article","isPartOf":{"@id":"http:\/\/veleztopografia.com\/index.php\/2020\/09\/21\/medicion-y-control-de-movimiento-de-tierras-de-obra-en-estepona-malaga\/"},"author":{"name":"amrtopomar@hotmail.com","@id":"http:\/\/veleztopografia.com\/#\/schema\/person\/f77ff7cee140d8850a0f97fd34ac2601"},"headline":"Medici\u00f3n y control de movimiento de tierras de obra en Estepona (M\u00e1laga)","datePublished":"2020-09-21T17:29:09+00:00","dateModified":"2020-09-21T17:29:59+00:00","mainEntityOfPage":{"@id":"http:\/\/veleztopografia.com\/index.php\/2020\/09\/21\/medicion-y-control-de-movimiento-de-tierras-de-obra-en-estepona-malaga\/"},"wordCount":254,"commentCount":0,"publisher":{"@id":"http:\/\/veleztopografia.com\/#organization"},"image":{"@id":"http:\/\/veleztopografia.com\/index.php\/2020\/09\/21\/medicion-y-control-de-movimiento-de-tierras-de-obra-en-estepona-malaga\/#primaryimage"},"thumbnailUrl":"http:\/\/veleztopografia.com\/wp-content\/uploads\/2020\/09\/IMG_20200921_101842_1-1024x732.jpg","keywords":["control","estepona","excavacion","movimiento de tierras","topografia","topografo"],"articleSection":["Blog"],"inLanguage":"es","potentialAction":[{"@type":"CommentAction","name":"Comment","target":["http:\/\/veleztopografia.com\/index.php\/2020\/09\/21\/medicion-y-control-de-movimiento-de-tierras-de-obra-en-estepona-malaga\/#respond"]}]},{"@type":"WebPage","@id":"http:\/\/veleztopografia.com\/index.php\/2020\/09\/21\/medicion-y-control-de-movimiento-de-tierras-de-obra-en-estepona-malaga\/","url":"http:\/\/veleztopografia.com\/index.php\/2020\/09\/21\/medicion-y-control-de-movimiento-de-tierras-de-obra-en-estepona-malaga\/","name":"Top\u00f3grafo V\u00e9lez M\u00e1laga. Ingeniero topograf\u00eda medici\u00f3n fincas.","isPartOf":{"@id":"http:\/\/veleztopografia.com\/#website"},"primaryImageOfPage":{"@id":"http:\/\/veleztopografia.com\/index.php\/2020\/09\/21\/medicion-y-control-de-movimiento-de-tierras-de-obra-en-estepona-malaga\/#primaryimage"},"image":{"@id":"http:\/\/veleztopografia.com\/index.php\/2020\/09\/21\/medicion-y-control-de-movimiento-de-tierras-de-obra-en-estepona-malaga\/#primaryimage"},"thumbnailUrl":"http:\/\/veleztopografia.com\/wp-content\/uploads\/2020\/09\/IMG_20200921_101842_1-1024x732.jpg","datePublished":"2020-09-21T17:29:09+00:00","dateModified":"2020-09-21T17:29:59+00:00","description":"Top\u00f3grafo en Velez-M\u00e1laga.Servicios de topograf\u00eda en la axarqu\u00eda y M\u00e1laga.Medici\u00f3n de fincas,catastro,levantamiento topogr\u00e1ficos,segregaciones,replanteosn,drones,fotogrametr\u00eda,filmaci\u00f3n a\u00e9rea..","breadcrumb":{"@id":"http:\/\/veleztopografia.com\/index.php\/2020\/09\/21\/medicion-y-control-de-movimiento-de-tierras-de-obra-en-estepona-malaga\/#breadcrumb"},"inLanguage":"es","potentialAction":[{"@type":"ReadAction","target":["http:\/\/veleztopografia.com\/index.php\/2020\/09\/21\/medicion-y-control-de-movimiento-de-tierras-de-obra-en-estepona-malaga\/"]}]},{"@type":"ImageObject","inLanguage":"es","@id":"http:\/\/veleztopografia.com\/index.php\/2020\/09\/21\/medicion-y-control-de-movimiento-de-tierras-de-obra-en-estepona-malaga\/#primaryimage","url":"https:\/\/veleztopografia.com\/wp-content\/uploads\/2020\/09\/IMG_20200921_101842_1.jpg","contentUrl":"https:\/\/veleztopografia.com\/wp-content\/uploads\/2020\/09\/IMG_20200921_101842_1.jpg","width":2000,"height":1429,"caption":"topografo en estepona movimiento de tierras"},{"@type":"BreadcrumbList","@id":"http:\/\/veleztopografia.com\/index.php\/2020\/09\/21\/medicion-y-control-de-movimiento-de-tierras-de-obra-en-estepona-malaga\/#breadcrumb","itemListElement":[{"@type":"ListItem","position":1,"name":"Portada","item":"http:\/\/veleztopografia.com\/"},{"@type":"ListItem","position":2,"name":"Medici\u00f3n y control de movimiento de tierras de obra en Estepona (M\u00e1laga)"}]},{"@type":"WebSite","@id":"http:\/\/veleztopografia.com\/#website","url":"http:\/\/veleztopografia.com\/","name":"V\u00e9lez Topograf\u00eda","description":"Top\u00f3grafo de V\u00e9lez-M\u00e1laga. Servicios de topografia en la Axarqu\u00eda y M\u00e1laga.Medici\u00f3n de fincas,catastro,validacion gr\u00e1fica,etc..","publisher":{"@id":"http:\/\/veleztopografia.com\/#organization"},"potentialAction":[{"@type":"SearchAction","target":{"@type":"EntryPoint","urlTemplate":"http:\/\/veleztopografia.com\/?s={search_term_string}"},"query-input":{"@type":"PropertyValueSpecification","valueRequired":true,"valueName":"search_term_string"}}],"inLanguage":"es"},{"@type":"Organization","@id":"http:\/\/veleztopografia.com\/#organization","name":"V\u00e9lez Topograf\u00eda","url":"http:\/\/veleztopografia.com\/","logo":{"@type":"ImageObject","inLanguage":"es","@id":"http:\/\/veleztopografia.com\/#\/schema\/logo\/image\/","url":"https:\/\/i0.wp.com\/veleztopografia.com\/wp-content\/uploads\/2019\/12\/LOGO-VELEZTOPOGRAFIA200-1.jpg?fit=400%2C200&ssl=1","contentUrl":"https:\/\/i0.wp.com\/veleztopografia.com\/wp-content\/uploads\/2019\/12\/LOGO-VELEZTOPOGRAFIA200-1.jpg?fit=400%2C200&ssl=1","width":400,"height":200,"caption":"V\u00e9lez Topograf\u00eda"},"image":{"@id":"http:\/\/veleztopografia.com\/#\/schema\/logo\/image\/"},"sameAs":["https:\/\/www.facebook.com\/veleztopografia","https:\/\/x.com\/alvaro_manen","https:\/\/www.instagram.com\/alvaromanen\/","https:\/\/www.linkedin.com\/in\/alvaro-manen-0a7b9a4b\/","https:\/\/www.youtube.com\/channel\/UCBbmXfa52pAGpmufiMrR3qg\/videos"]},{"@type":"Person","@id":"http:\/\/veleztopografia.com\/#\/schema\/person\/f77ff7cee140d8850a0f97fd34ac2601","name":"amrtopomar@hotmail.com","image":{"@type":"ImageObject","inLanguage":"es","@id":"https:\/\/secure.gravatar.com\/avatar\/1bebd10f775e886b97b35c18576a9d2e6b841c3f4b4f048fc10ffb01eb083731?s=96&d=mm&r=g","url":"https:\/\/secure.gravatar.com\/avatar\/1bebd10f775e886b97b35c18576a9d2e6b841c3f4b4f048fc10ffb01eb083731?s=96&d=mm&r=g","contentUrl":"https:\/\/secure.gravatar.com\/avatar\/1bebd10f775e886b97b35c18576a9d2e6b841c3f4b4f048fc10ffb01eb083731?s=96&d=mm&r=g","caption":"amrtopomar@hotmail.com"}}]}},"uagb_featured_image_src":{"full":false,"thumbnail":false,"medium":false,"medium_large":false,"large":false,"1536x1536":false,"2048x2048":false,"wpvr_mobile":false},"uagb_author_info":{"display_name":"amrtopomar@hotmail.com","author_link":"https:\/\/veleztopografia.com\/index.php\/author\/amrtopomarhotmail-com\/"},"uagb_comment_info":1,"uagb_excerpt":"Uno de los servicios que ofrece V\u00e9lez Topograf\u00eda es el mediciones y control de movimientos de tierra tanto en obra civil como en edificaci\u00f3n. En esta obra controlamos todo el movimiento de tierras realizado por la empresa encargada de su ejecuci\u00f3n. Perder unidades de medici\u00f3n por no invertir en los servicios de un top\u00f3grafo profesional,&hellip;","_links":{"self":[{"href":"https:\/\/veleztopografia.com\/index.php\/wp-json\/wp\/v2\/posts\/2492","targetHints":{"allow":["GET"]}}],"collection":[{"href":"https:\/\/veleztopografia.com\/index.php\/wp-json\/wp\/v2\/posts"}],"about":[{"href":"https:\/\/veleztopografia.com\/index.php\/wp-json\/wp\/v2\/types\/post"}],"author":[{"embeddable":true,"href":"https:\/\/veleztopografia.com\/index.php\/wp-json\/wp\/v2\/users\/1"}],"replies":[{"embeddable":true,"href":"https:\/\/veleztopografia.com\/index.php\/wp-json\/wp\/v2\/comments?post=2492"}],"version-history":[{"count":1,"href":"https:\/\/veleztopografia.com\/index.php\/wp-json\/wp\/v2\/posts\/2492\/revisions"}],"predecessor-version":[{"id":2497,"href":"https:\/\/veleztopografia.com\/index.php\/wp-json\/wp\/v2\/posts\/2492\/revisions\/2497"}],"wp:attachment":[{"href":"https:\/\/veleztopografia.com\/index.php\/wp-json\/wp\/v2\/media?parent=2492"}],"wp:term":[{"taxonomy":"category","embeddable":true,"href":"https:\/\/veleztopografia.com\/index.php\/wp-json\/wp\/v2\/categories?post=2492"},{"taxonomy":"post_tag","embeddable":true,"href":"https:\/\/veleztopografia.com\/index.php\/wp-json\/wp\/v2\/tags?post=2492"}],"curies":[{"name":"wp","href":"https:\/\/api.w.org\/{rel}","templated":true}]}}