{"id":2470,"date":"2020-09-08T19:02:21","date_gmt":"2020-09-08T19:02:21","guid":{"rendered":"http:\/\/veleztopografia.com\/?p=2470"},"modified":"2020-09-08T19:02:50","modified_gmt":"2020-09-08T19:02:50","slug":"topografo-en-almansa-albacetelevantamiento-topografico-de-estacion-de-servicio","status":"publish","type":"post","link":"https:\/\/veleztopografia.com\/index.php\/2020\/09\/08\/topografo-en-almansa-albacetelevantamiento-topografico-de-estacion-de-servicio\/","title":{"rendered":"Top\u00f3grafo en Almansa (Albacete):Levantamiento topogr\u00e1fico de estaci\u00f3n de servicio"},"content":{"rendered":"\n<p><\/p>\n\n\n\n<p>Hemos realizado una toma de datos inicial con el GPS <strong>Leica 1200<\/strong> con detalle de todas sus instalaciones y dem\u00e1s construcciones para futura reforma y<\/p>\n\n\n\n<p>posteriormente hemos completado la toma de datos en zonas m\u00e1s delicadas con la estaci\u00f3n total <strong>trimble S8 <\/strong>de 1\u2033 realizando dos estacionamientos.<\/p>\n\n\n\n<p>Hemos empleado para<strong> georreferenciar <\/strong>el trabajo la estaci\u00f3n de AYORA perteneciente a la red GNSS Valenciana, con la que hemos obtenido precisiones muy altas.<\/p>\n\n\n\n<p>En <strong>V\u00e9lez Topograf\u00eda<\/strong> ofrecemos servicios topogr\u00e1fico en todo el territorio nacional.<\/p>\n\n\n\n<figure class=\"wp-block-gallery columns-3 wp-block-gallery-2 is-layout-flex wp-block-gallery-is-layout-flex\"><ul class=\"blocks-gallery-grid\"><li class=\"blocks-gallery-item\"><figure><img fetchpriority=\"high\" decoding=\"async\" width=\"2000\" height=\"1500\" src=\"http:\/\/veleztopografia.com\/wp-content\/uploads\/2020\/09\/IMG_20200817_091953.jpg\" alt=\"topografo en almansa albacete\" data-id=\"2471\" data-link=\"http:\/\/veleztopografia.com\/?attachment_id=2471\" class=\"wp-image-2471\" srcset=\"https:\/\/veleztopografia.com\/wp-content\/uploads\/2020\/09\/IMG_20200817_091953.jpg 2000w, https:\/\/veleztopografia.com\/wp-content\/uploads\/2020\/09\/IMG_20200817_091953-300x225.jpg 300w, https:\/\/veleztopografia.com\/wp-content\/uploads\/2020\/09\/IMG_20200817_091953-1024x768.jpg 1024w, https:\/\/veleztopografia.com\/wp-content\/uploads\/2020\/09\/IMG_20200817_091953-768x576.jpg 768w, https:\/\/veleztopografia.com\/wp-content\/uploads\/2020\/09\/IMG_20200817_091953-1536x1152.jpg 1536w\" sizes=\"(max-width: 2000px) 100vw, 2000px\" \/><\/figure><\/li><li class=\"blocks-gallery-item\"><figure><img decoding=\"async\" width=\"2000\" height=\"1427\" src=\"http:\/\/veleztopografia.com\/wp-content\/uploads\/2020\/09\/IMG_20200817_104448.jpg\" alt=\"topografo en almansa albacete\" data-id=\"2472\" data-link=\"http:\/\/veleztopografia.com\/?attachment_id=2472\" class=\"wp-image-2472\" srcset=\"https:\/\/veleztopografia.com\/wp-content\/uploads\/2020\/09\/IMG_20200817_104448.jpg 2000w, https:\/\/veleztopografia.com\/wp-content\/uploads\/2020\/09\/IMG_20200817_104448-300x214.jpg 300w, https:\/\/veleztopografia.com\/wp-content\/uploads\/2020\/09\/IMG_20200817_104448-1024x731.jpg 1024w, https:\/\/veleztopografia.com\/wp-content\/uploads\/2020\/09\/IMG_20200817_104448-768x548.jpg 768w, https:\/\/veleztopografia.com\/wp-content\/uploads\/2020\/09\/IMG_20200817_104448-1536x1096.jpg 1536w\" sizes=\"(max-width: 2000px) 100vw, 2000px\" \/><\/figure><\/li><li class=\"blocks-gallery-item\"><figure><img decoding=\"async\" width=\"2000\" height=\"1500\" src=\"http:\/\/veleztopografia.com\/wp-content\/uploads\/2020\/09\/IMG_20200817_112344.jpg\" alt=\"topografo en almansa albacete\" data-id=\"2473\" data-link=\"http:\/\/veleztopografia.com\/?attachment_id=2473\" class=\"wp-image-2473\" srcset=\"https:\/\/veleztopografia.com\/wp-content\/uploads\/2020\/09\/IMG_20200817_112344.jpg 2000w, https:\/\/veleztopografia.com\/wp-content\/uploads\/2020\/09\/IMG_20200817_112344-300x225.jpg 300w, https:\/\/veleztopografia.com\/wp-content\/uploads\/2020\/09\/IMG_20200817_112344-1024x768.jpg 1024w, https:\/\/veleztopografia.com\/wp-content\/uploads\/2020\/09\/IMG_20200817_112344-768x576.jpg 768w, https:\/\/veleztopografia.com\/wp-content\/uploads\/2020\/09\/IMG_20200817_112344-1536x1152.jpg 1536w\" sizes=\"(max-width: 2000px) 100vw, 2000px\" \/><\/figure><\/li><li class=\"blocks-gallery-item\"><figure><img loading=\"lazy\" decoding=\"async\" width=\"2000\" height=\"1500\" src=\"https:\/\/veleztopografia.com\/wp-content\/uploads\/2020\/09\/IMG_20200817_113327.jpg\" alt=\"IMG 20200817 113327\" data-id=\"2474\" data-full-url=\"https:\/\/veleztopografia.com\/wp-content\/uploads\/2020\/09\/IMG_20200817_113327.jpg\" data-link=\"https:\/\/veleztopografia.com\/?attachment_id=2474\" class=\"wp-image-2474\" srcset=\"https:\/\/veleztopografia.com\/wp-content\/uploads\/2020\/09\/IMG_20200817_113327.jpg 2000w, https:\/\/veleztopografia.com\/wp-content\/uploads\/2020\/09\/IMG_20200817_113327-300x225.jpg 300w, https:\/\/veleztopografia.com\/wp-content\/uploads\/2020\/09\/IMG_20200817_113327-1024x768.jpg 1024w, https:\/\/veleztopografia.com\/wp-content\/uploads\/2020\/09\/IMG_20200817_113327-768x576.jpg 768w, https:\/\/veleztopografia.com\/wp-content\/uploads\/2020\/09\/IMG_20200817_113327-1536x1152.jpg 1536w\" sizes=\"(max-width: 2000px) 100vw, 2000px\" \/><figcaption class=\"blocks-gallery-item__caption\">IMG 20200817 113327<\/figcaption><\/figure><\/li><\/ul><\/figure>\n","protected":false},"excerpt":{"rendered":"<p>Hemos realizado una toma de datos inicial con el GPS Leica 1200 con detalle de todas sus instalaciones y dem\u00e1s construcciones para futura reforma y posteriormente hemos completado la toma de datos en zonas m\u00e1s delicadas con la estaci\u00f3n total trimble S8 de 1\u2033 realizando dos estacionamientos. Hemos empleado para georreferenciar el trabajo la estaci\u00f3n [&hellip;]<\/p>\n","protected":false},"author":1,"featured_media":0,"comment_status":"open","ping_status":"open","sticky":false,"template":"","format":"standard","meta":{"_uag_custom_page_level_css":"","_monsterinsights_skip_tracking":false,"_monsterinsights_sitenote_active":false,"_monsterinsights_sitenote_note":"","_monsterinsights_sitenote_category":0,"site-sidebar-layout":"default","site-content-layout":"default","ast-site-content-layout":"default","site-content-style":"default","site-sidebar-style":"default","ast-global-header-display":"","ast-banner-title-visibility":"","ast-main-header-display":"","ast-hfb-above-header-display":"","ast-hfb-below-header-display":"","ast-hfb-mobile-header-display":"","site-post-title":"","ast-breadcrumbs-content":"","ast-featured-img":"","footer-sml-layout":"","ast-disable-related-posts":"","theme-transparent-header-meta":"default","adv-header-id-meta":"","stick-header-meta":"default","header-above-stick-meta":"","header-main-stick-meta":"","header-below-stick-meta":"","astra-migrate-meta-layouts":"default","ast-page-background-enabled":"default","ast-page-background-meta":{"desktop":{"background-color":"","background-image":"","background-repeat":"repeat","background-position":"center center","background-size":"auto","background-attachment":"scroll","background-type":"","background-media":"","overlay-type":"","overlay-color":"","overlay-opacity":"","overlay-gradient":""},"tablet":{"background-color":"","background-image":"","background-repeat":"repeat","background-position":"center center","background-size":"auto","background-attachment":"scroll","background-type":"","background-media":"","overlay-type":"","overlay-color":"","overlay-opacity":"","overlay-gradient":""},"mobile":{"background-color":"","background-image":"","background-repeat":"repeat","background-position":"center center","background-size":"auto","background-attachment":"scroll","background-type":"","background-media":"","overlay-type":"","overlay-color":"","overlay-opacity":"","overlay-gradient":""}},"ast-content-background-meta":{"desktop":{"background-color":"var(--ast-global-color-5)","background-image":"","background-repeat":"repeat","background-position":"center center","background-size":"auto","background-attachment":"scroll","background-type":"","background-media":"","overlay-type":"","overlay-color":"","overlay-opacity":"","overlay-gradient":""},"tablet":{"background-color":"var(--ast-global-color-5)","background-image":"","background-repeat":"repeat","background-position":"center center","background-size":"auto","background-attachment":"scroll","background-type":"","background-media":"","overlay-type":"","overlay-color":"","overlay-opacity":"","overlay-gradient":""},"mobile":{"background-color":"var(--ast-global-color-5)","background-image":"","background-repeat":"repeat","background-position":"center center","background-size":"auto","background-attachment":"scroll","background-type":"","background-media":"","overlay-type":"","overlay-color":"","overlay-opacity":"","overlay-gradient":""}},"footnotes":""},"categories":[5],"tags":[179,178,139,180,79,48],"class_list":["post-2470","post","type-post","status-publish","format-standard","hentry","category-blog","tag-albacete","tag-almansa","tag-estacion-de-servicio","tag-gnss","tag-levantamiento-topografico","tag-topografia"],"yoast_head":"<!-- This site is optimized with the Yoast SEO Premium plugin v24.1 (Yoast SEO v27.4) - https:\/\/yoast.com\/product\/yoast-seo-premium-wordpress\/ -->\n<title>Top\u00f3grafo V\u00e9lez M\u00e1laga. Ingeniero topograf\u00eda medici\u00f3n fincas.<\/title>\n<meta name=\"description\" content=\"Top\u00f3grafo en Velez-M\u00e1laga.Servicios de topograf\u00eda en la axarqu\u00eda y M\u00e1laga.Medici\u00f3n de fincas,catastro,levantamiento topogr\u00e1ficos,segregaciones,replanteosn,drones,fotogrametr\u00eda,filmaci\u00f3n a\u00e9rea..\" \/>\n<meta name=\"robots\" content=\"index, follow, max-snippet:-1, max-image-preview:large, max-video-preview:-1\" \/>\n<link rel=\"canonical\" href=\"http:\/\/veleztopografia.com\/index.php\/2020\/09\/08\/topografo-en-almansa-albacetelevantamiento-topografico-de-estacion-de-servicio\/\" \/>\n<meta property=\"og:locale\" content=\"es_ES\" \/>\n<meta property=\"og:type\" content=\"article\" \/>\n<meta property=\"og:title\" content=\"Top\u00f3grafo en Almansa (Albacete):Levantamiento topogr\u00e1fico de estaci\u00f3n de servicio\" \/>\n<meta property=\"og:description\" content=\"Top\u00f3grafo en Velez-M\u00e1laga.Servicios de topograf\u00eda en la axarqu\u00eda y M\u00e1laga.Medici\u00f3n de fincas,catastro,levantamiento topogr\u00e1ficos,segregaciones,replanteosn,drones,fotogrametr\u00eda,filmaci\u00f3n a\u00e9rea..\" \/>\n<meta property=\"og:url\" content=\"http:\/\/veleztopografia.com\/index.php\/2020\/09\/08\/topografo-en-almansa-albacetelevantamiento-topografico-de-estacion-de-servicio\/\" \/>\n<meta property=\"og:site_name\" content=\"V\u00e9lez Topograf\u00eda\" \/>\n<meta property=\"article:publisher\" content=\"https:\/\/www.facebook.com\/veleztopografia\" \/>\n<meta property=\"article:published_time\" content=\"2020-09-08T19:02:21+00:00\" \/>\n<meta property=\"article:modified_time\" content=\"2020-09-08T19:02:50+00:00\" \/>\n<meta property=\"og:image\" content=\"http:\/\/veleztopografia.com\/wp-content\/uploads\/2020\/09\/IMG_20200817_091953.jpg\" \/>\n<meta name=\"author\" content=\"amrtopomar@hotmail.com\" \/>\n<meta name=\"twitter:card\" content=\"summary_large_image\" \/>\n<meta name=\"twitter:creator\" content=\"@alvaro_manen\" \/>\n<meta name=\"twitter:site\" content=\"@alvaro_manen\" \/>\n<meta name=\"twitter:label1\" content=\"Escrito por\" \/>\n\t<meta name=\"twitter:data1\" content=\"amrtopomar@hotmail.com\" \/>\n<script type=\"application\/ld+json\" class=\"yoast-schema-graph\">{\"@context\":\"https:\\\/\\\/schema.org\",\"@graph\":[{\"@type\":\"Article\",\"@id\":\"http:\\\/\\\/veleztopografia.com\\\/index.php\\\/2020\\\/09\\\/08\\\/topografo-en-almansa-albacetelevantamiento-topografico-de-estacion-de-servicio\\\/#article\",\"isPartOf\":{\"@id\":\"http:\\\/\\\/veleztopografia.com\\\/index.php\\\/2020\\\/09\\\/08\\\/topografo-en-almansa-albacetelevantamiento-topografico-de-estacion-de-servicio\\\/\"},\"author\":{\"name\":\"amrtopomar@hotmail.com\",\"@id\":\"http:\\\/\\\/veleztopografia.com\\\/#\\\/schema\\\/person\\\/f77ff7cee140d8850a0f97fd34ac2601\"},\"headline\":\"Top\u00f3grafo en Almansa (Albacete):Levantamiento topogr\u00e1fico de estaci\u00f3n de servicio\",\"datePublished\":\"2020-09-08T19:02:21+00:00\",\"dateModified\":\"2020-09-08T19:02:50+00:00\",\"mainEntityOfPage\":{\"@id\":\"http:\\\/\\\/veleztopografia.com\\\/index.php\\\/2020\\\/09\\\/08\\\/topografo-en-almansa-albacetelevantamiento-topografico-de-estacion-de-servicio\\\/\"},\"wordCount\":101,\"commentCount\":0,\"publisher\":{\"@id\":\"http:\\\/\\\/veleztopografia.com\\\/#organization\"},\"image\":{\"@id\":\"http:\\\/\\\/veleztopografia.com\\\/index.php\\\/2020\\\/09\\\/08\\\/topografo-en-almansa-albacetelevantamiento-topografico-de-estacion-de-servicio\\\/#primaryimage\"},\"thumbnailUrl\":\"http:\\\/\\\/veleztopografia.com\\\/wp-content\\\/uploads\\\/2020\\\/09\\\/IMG_20200817_091953.jpg\",\"keywords\":[\"albacete\",\"almansa\",\"estacion de servicio\",\"gnss\",\"levantamiento topografico\",\"topografia\"],\"articleSection\":[\"Blog\"],\"inLanguage\":\"es\",\"potentialAction\":[{\"@type\":\"CommentAction\",\"name\":\"Comment\",\"target\":[\"http:\\\/\\\/veleztopografia.com\\\/index.php\\\/2020\\\/09\\\/08\\\/topografo-en-almansa-albacetelevantamiento-topografico-de-estacion-de-servicio\\\/#respond\"]}]},{\"@type\":\"WebPage\",\"@id\":\"http:\\\/\\\/veleztopografia.com\\\/index.php\\\/2020\\\/09\\\/08\\\/topografo-en-almansa-albacetelevantamiento-topografico-de-estacion-de-servicio\\\/\",\"url\":\"http:\\\/\\\/veleztopografia.com\\\/index.php\\\/2020\\\/09\\\/08\\\/topografo-en-almansa-albacetelevantamiento-topografico-de-estacion-de-servicio\\\/\",\"name\":\"Top\u00f3grafo V\u00e9lez M\u00e1laga. Ingeniero topograf\u00eda medici\u00f3n fincas.\",\"isPartOf\":{\"@id\":\"http:\\\/\\\/veleztopografia.com\\\/#website\"},\"primaryImageOfPage\":{\"@id\":\"http:\\\/\\\/veleztopografia.com\\\/index.php\\\/2020\\\/09\\\/08\\\/topografo-en-almansa-albacetelevantamiento-topografico-de-estacion-de-servicio\\\/#primaryimage\"},\"image\":{\"@id\":\"http:\\\/\\\/veleztopografia.com\\\/index.php\\\/2020\\\/09\\\/08\\\/topografo-en-almansa-albacetelevantamiento-topografico-de-estacion-de-servicio\\\/#primaryimage\"},\"thumbnailUrl\":\"http:\\\/\\\/veleztopografia.com\\\/wp-content\\\/uploads\\\/2020\\\/09\\\/IMG_20200817_091953.jpg\",\"datePublished\":\"2020-09-08T19:02:21+00:00\",\"dateModified\":\"2020-09-08T19:02:50+00:00\",\"description\":\"Top\u00f3grafo en Velez-M\u00e1laga.Servicios de topograf\u00eda en la axarqu\u00eda y M\u00e1laga.Medici\u00f3n de fincas,catastro,levantamiento topogr\u00e1ficos,segregaciones,replanteosn,drones,fotogrametr\u00eda,filmaci\u00f3n a\u00e9rea..\",\"breadcrumb\":{\"@id\":\"http:\\\/\\\/veleztopografia.com\\\/index.php\\\/2020\\\/09\\\/08\\\/topografo-en-almansa-albacetelevantamiento-topografico-de-estacion-de-servicio\\\/#breadcrumb\"},\"inLanguage\":\"es\",\"potentialAction\":[{\"@type\":\"ReadAction\",\"target\":[\"http:\\\/\\\/veleztopografia.com\\\/index.php\\\/2020\\\/09\\\/08\\\/topografo-en-almansa-albacetelevantamiento-topografico-de-estacion-de-servicio\\\/\"]}]},{\"@type\":\"ImageObject\",\"inLanguage\":\"es\",\"@id\":\"http:\\\/\\\/veleztopografia.com\\\/index.php\\\/2020\\\/09\\\/08\\\/topografo-en-almansa-albacetelevantamiento-topografico-de-estacion-de-servicio\\\/#primaryimage\",\"url\":\"https:\\\/\\\/veleztopografia.com\\\/wp-content\\\/uploads\\\/2020\\\/09\\\/IMG_20200817_091953.jpg\",\"contentUrl\":\"https:\\\/\\\/veleztopografia.com\\\/wp-content\\\/uploads\\\/2020\\\/09\\\/IMG_20200817_091953.jpg\",\"width\":2000,\"height\":1500,\"caption\":\"topografo en almansa albacete\"},{\"@type\":\"BreadcrumbList\",\"@id\":\"http:\\\/\\\/veleztopografia.com\\\/index.php\\\/2020\\\/09\\\/08\\\/topografo-en-almansa-albacetelevantamiento-topografico-de-estacion-de-servicio\\\/#breadcrumb\",\"itemListElement\":[{\"@type\":\"ListItem\",\"position\":1,\"name\":\"Portada\",\"item\":\"http:\\\/\\\/veleztopografia.com\\\/\"},{\"@type\":\"ListItem\",\"position\":2,\"name\":\"Top\u00f3grafo en Almansa (Albacete):Levantamiento topogr\u00e1fico de estaci\u00f3n de servicio\"}]},{\"@type\":\"WebSite\",\"@id\":\"http:\\\/\\\/veleztopografia.com\\\/#website\",\"url\":\"http:\\\/\\\/veleztopografia.com\\\/\",\"name\":\"V\u00e9lez Topograf\u00eda\",\"description\":\"Top\u00f3grafo de V\u00e9lez-M\u00e1laga. Servicios de topografia en la Axarqu\u00eda y M\u00e1laga.Medici\u00f3n de fincas,catastro,validacion gr\u00e1fica,etc..\",\"publisher\":{\"@id\":\"http:\\\/\\\/veleztopografia.com\\\/#organization\"},\"potentialAction\":[{\"@type\":\"SearchAction\",\"target\":{\"@type\":\"EntryPoint\",\"urlTemplate\":\"http:\\\/\\\/veleztopografia.com\\\/?s={search_term_string}\"},\"query-input\":{\"@type\":\"PropertyValueSpecification\",\"valueRequired\":true,\"valueName\":\"search_term_string\"}}],\"inLanguage\":\"es\"},{\"@type\":\"Organization\",\"@id\":\"http:\\\/\\\/veleztopografia.com\\\/#organization\",\"name\":\"V\u00e9lez Topograf\u00eda\",\"url\":\"http:\\\/\\\/veleztopografia.com\\\/\",\"logo\":{\"@type\":\"ImageObject\",\"inLanguage\":\"es\",\"@id\":\"http:\\\/\\\/veleztopografia.com\\\/#\\\/schema\\\/logo\\\/image\\\/\",\"url\":\"https:\\\/\\\/i0.wp.com\\\/veleztopografia.com\\\/wp-content\\\/uploads\\\/2019\\\/12\\\/LOGO-VELEZTOPOGRAFIA200-1.jpg?fit=400%2C200&ssl=1\",\"contentUrl\":\"https:\\\/\\\/i0.wp.com\\\/veleztopografia.com\\\/wp-content\\\/uploads\\\/2019\\\/12\\\/LOGO-VELEZTOPOGRAFIA200-1.jpg?fit=400%2C200&ssl=1\",\"width\":400,\"height\":200,\"caption\":\"V\u00e9lez Topograf\u00eda\"},\"image\":{\"@id\":\"http:\\\/\\\/veleztopografia.com\\\/#\\\/schema\\\/logo\\\/image\\\/\"},\"sameAs\":[\"https:\\\/\\\/www.facebook.com\\\/veleztopografia\",\"https:\\\/\\\/x.com\\\/alvaro_manen\",\"https:\\\/\\\/www.instagram.com\\\/alvaromanen\\\/\",\"https:\\\/\\\/www.linkedin.com\\\/in\\\/alvaro-manen-0a7b9a4b\\\/\",\"https:\\\/\\\/www.youtube.com\\\/channel\\\/UCBbmXfa52pAGpmufiMrR3qg\\\/videos\"]},{\"@type\":\"Person\",\"@id\":\"http:\\\/\\\/veleztopografia.com\\\/#\\\/schema\\\/person\\\/f77ff7cee140d8850a0f97fd34ac2601\",\"name\":\"amrtopomar@hotmail.com\",\"image\":{\"@type\":\"ImageObject\",\"inLanguage\":\"es\",\"@id\":\"https:\\\/\\\/secure.gravatar.com\\\/avatar\\\/1bebd10f775e886b97b35c18576a9d2e6b841c3f4b4f048fc10ffb01eb083731?s=96&d=mm&r=g\",\"url\":\"https:\\\/\\\/secure.gravatar.com\\\/avatar\\\/1bebd10f775e886b97b35c18576a9d2e6b841c3f4b4f048fc10ffb01eb083731?s=96&d=mm&r=g\",\"contentUrl\":\"https:\\\/\\\/secure.gravatar.com\\\/avatar\\\/1bebd10f775e886b97b35c18576a9d2e6b841c3f4b4f048fc10ffb01eb083731?s=96&d=mm&r=g\",\"caption\":\"amrtopomar@hotmail.com\"}}]}<\/script>\n<!-- \/ Yoast SEO Premium plugin. -->","yoast_head_json":{"title":"Top\u00f3grafo V\u00e9lez M\u00e1laga. Ingeniero topograf\u00eda medici\u00f3n fincas.","description":"Top\u00f3grafo en Velez-M\u00e1laga.Servicios de topograf\u00eda en la axarqu\u00eda y M\u00e1laga.Medici\u00f3n de fincas,catastro,levantamiento topogr\u00e1ficos,segregaciones,replanteosn,drones,fotogrametr\u00eda,filmaci\u00f3n a\u00e9rea..","robots":{"index":"index","follow":"follow","max-snippet":"max-snippet:-1","max-image-preview":"max-image-preview:large","max-video-preview":"max-video-preview:-1"},"canonical":"http:\/\/veleztopografia.com\/index.php\/2020\/09\/08\/topografo-en-almansa-albacetelevantamiento-topografico-de-estacion-de-servicio\/","og_locale":"es_ES","og_type":"article","og_title":"Top\u00f3grafo en Almansa (Albacete):Levantamiento topogr\u00e1fico de estaci\u00f3n de servicio","og_description":"Top\u00f3grafo en Velez-M\u00e1laga.Servicios de topograf\u00eda en la axarqu\u00eda y M\u00e1laga.Medici\u00f3n de fincas,catastro,levantamiento topogr\u00e1ficos,segregaciones,replanteosn,drones,fotogrametr\u00eda,filmaci\u00f3n a\u00e9rea..","og_url":"http:\/\/veleztopografia.com\/index.php\/2020\/09\/08\/topografo-en-almansa-albacetelevantamiento-topografico-de-estacion-de-servicio\/","og_site_name":"V\u00e9lez Topograf\u00eda","article_publisher":"https:\/\/www.facebook.com\/veleztopografia","article_published_time":"2020-09-08T19:02:21+00:00","article_modified_time":"2020-09-08T19:02:50+00:00","og_image":[{"url":"http:\/\/veleztopografia.com\/wp-content\/uploads\/2020\/09\/IMG_20200817_091953.jpg","type":"","width":"","height":""}],"author":"amrtopomar@hotmail.com","twitter_card":"summary_large_image","twitter_creator":"@alvaro_manen","twitter_site":"@alvaro_manen","twitter_misc":{"Escrito por":"amrtopomar@hotmail.com"},"schema":{"@context":"https:\/\/schema.org","@graph":[{"@type":"Article","@id":"http:\/\/veleztopografia.com\/index.php\/2020\/09\/08\/topografo-en-almansa-albacetelevantamiento-topografico-de-estacion-de-servicio\/#article","isPartOf":{"@id":"http:\/\/veleztopografia.com\/index.php\/2020\/09\/08\/topografo-en-almansa-albacetelevantamiento-topografico-de-estacion-de-servicio\/"},"author":{"name":"amrtopomar@hotmail.com","@id":"http:\/\/veleztopografia.com\/#\/schema\/person\/f77ff7cee140d8850a0f97fd34ac2601"},"headline":"Top\u00f3grafo en Almansa (Albacete):Levantamiento topogr\u00e1fico de estaci\u00f3n de servicio","datePublished":"2020-09-08T19:02:21+00:00","dateModified":"2020-09-08T19:02:50+00:00","mainEntityOfPage":{"@id":"http:\/\/veleztopografia.com\/index.php\/2020\/09\/08\/topografo-en-almansa-albacetelevantamiento-topografico-de-estacion-de-servicio\/"},"wordCount":101,"commentCount":0,"publisher":{"@id":"http:\/\/veleztopografia.com\/#organization"},"image":{"@id":"http:\/\/veleztopografia.com\/index.php\/2020\/09\/08\/topografo-en-almansa-albacetelevantamiento-topografico-de-estacion-de-servicio\/#primaryimage"},"thumbnailUrl":"http:\/\/veleztopografia.com\/wp-content\/uploads\/2020\/09\/IMG_20200817_091953.jpg","keywords":["albacete","almansa","estacion de servicio","gnss","levantamiento topografico","topografia"],"articleSection":["Blog"],"inLanguage":"es","potentialAction":[{"@type":"CommentAction","name":"Comment","target":["http:\/\/veleztopografia.com\/index.php\/2020\/09\/08\/topografo-en-almansa-albacetelevantamiento-topografico-de-estacion-de-servicio\/#respond"]}]},{"@type":"WebPage","@id":"http:\/\/veleztopografia.com\/index.php\/2020\/09\/08\/topografo-en-almansa-albacetelevantamiento-topografico-de-estacion-de-servicio\/","url":"http:\/\/veleztopografia.com\/index.php\/2020\/09\/08\/topografo-en-almansa-albacetelevantamiento-topografico-de-estacion-de-servicio\/","name":"Top\u00f3grafo V\u00e9lez M\u00e1laga. Ingeniero topograf\u00eda medici\u00f3n fincas.","isPartOf":{"@id":"http:\/\/veleztopografia.com\/#website"},"primaryImageOfPage":{"@id":"http:\/\/veleztopografia.com\/index.php\/2020\/09\/08\/topografo-en-almansa-albacetelevantamiento-topografico-de-estacion-de-servicio\/#primaryimage"},"image":{"@id":"http:\/\/veleztopografia.com\/index.php\/2020\/09\/08\/topografo-en-almansa-albacetelevantamiento-topografico-de-estacion-de-servicio\/#primaryimage"},"thumbnailUrl":"http:\/\/veleztopografia.com\/wp-content\/uploads\/2020\/09\/IMG_20200817_091953.jpg","datePublished":"2020-09-08T19:02:21+00:00","dateModified":"2020-09-08T19:02:50+00:00","description":"Top\u00f3grafo en Velez-M\u00e1laga.Servicios de topograf\u00eda en la axarqu\u00eda y M\u00e1laga.Medici\u00f3n de fincas,catastro,levantamiento topogr\u00e1ficos,segregaciones,replanteosn,drones,fotogrametr\u00eda,filmaci\u00f3n a\u00e9rea..","breadcrumb":{"@id":"http:\/\/veleztopografia.com\/index.php\/2020\/09\/08\/topografo-en-almansa-albacetelevantamiento-topografico-de-estacion-de-servicio\/#breadcrumb"},"inLanguage":"es","potentialAction":[{"@type":"ReadAction","target":["http:\/\/veleztopografia.com\/index.php\/2020\/09\/08\/topografo-en-almansa-albacetelevantamiento-topografico-de-estacion-de-servicio\/"]}]},{"@type":"ImageObject","inLanguage":"es","@id":"http:\/\/veleztopografia.com\/index.php\/2020\/09\/08\/topografo-en-almansa-albacetelevantamiento-topografico-de-estacion-de-servicio\/#primaryimage","url":"https:\/\/veleztopografia.com\/wp-content\/uploads\/2020\/09\/IMG_20200817_091953.jpg","contentUrl":"https:\/\/veleztopografia.com\/wp-content\/uploads\/2020\/09\/IMG_20200817_091953.jpg","width":2000,"height":1500,"caption":"topografo en almansa albacete"},{"@type":"BreadcrumbList","@id":"http:\/\/veleztopografia.com\/index.php\/2020\/09\/08\/topografo-en-almansa-albacetelevantamiento-topografico-de-estacion-de-servicio\/#breadcrumb","itemListElement":[{"@type":"ListItem","position":1,"name":"Portada","item":"http:\/\/veleztopografia.com\/"},{"@type":"ListItem","position":2,"name":"Top\u00f3grafo en Almansa (Albacete):Levantamiento topogr\u00e1fico de estaci\u00f3n de servicio"}]},{"@type":"WebSite","@id":"http:\/\/veleztopografia.com\/#website","url":"http:\/\/veleztopografia.com\/","name":"V\u00e9lez Topograf\u00eda","description":"Top\u00f3grafo de V\u00e9lez-M\u00e1laga. Servicios de topografia en la Axarqu\u00eda y M\u00e1laga.Medici\u00f3n de fincas,catastro,validacion gr\u00e1fica,etc..","publisher":{"@id":"http:\/\/veleztopografia.com\/#organization"},"potentialAction":[{"@type":"SearchAction","target":{"@type":"EntryPoint","urlTemplate":"http:\/\/veleztopografia.com\/?s={search_term_string}"},"query-input":{"@type":"PropertyValueSpecification","valueRequired":true,"valueName":"search_term_string"}}],"inLanguage":"es"},{"@type":"Organization","@id":"http:\/\/veleztopografia.com\/#organization","name":"V\u00e9lez Topograf\u00eda","url":"http:\/\/veleztopografia.com\/","logo":{"@type":"ImageObject","inLanguage":"es","@id":"http:\/\/veleztopografia.com\/#\/schema\/logo\/image\/","url":"https:\/\/i0.wp.com\/veleztopografia.com\/wp-content\/uploads\/2019\/12\/LOGO-VELEZTOPOGRAFIA200-1.jpg?fit=400%2C200&ssl=1","contentUrl":"https:\/\/i0.wp.com\/veleztopografia.com\/wp-content\/uploads\/2019\/12\/LOGO-VELEZTOPOGRAFIA200-1.jpg?fit=400%2C200&ssl=1","width":400,"height":200,"caption":"V\u00e9lez Topograf\u00eda"},"image":{"@id":"http:\/\/veleztopografia.com\/#\/schema\/logo\/image\/"},"sameAs":["https:\/\/www.facebook.com\/veleztopografia","https:\/\/x.com\/alvaro_manen","https:\/\/www.instagram.com\/alvaromanen\/","https:\/\/www.linkedin.com\/in\/alvaro-manen-0a7b9a4b\/","https:\/\/www.youtube.com\/channel\/UCBbmXfa52pAGpmufiMrR3qg\/videos"]},{"@type":"Person","@id":"http:\/\/veleztopografia.com\/#\/schema\/person\/f77ff7cee140d8850a0f97fd34ac2601","name":"amrtopomar@hotmail.com","image":{"@type":"ImageObject","inLanguage":"es","@id":"https:\/\/secure.gravatar.com\/avatar\/1bebd10f775e886b97b35c18576a9d2e6b841c3f4b4f048fc10ffb01eb083731?s=96&d=mm&r=g","url":"https:\/\/secure.gravatar.com\/avatar\/1bebd10f775e886b97b35c18576a9d2e6b841c3f4b4f048fc10ffb01eb083731?s=96&d=mm&r=g","contentUrl":"https:\/\/secure.gravatar.com\/avatar\/1bebd10f775e886b97b35c18576a9d2e6b841c3f4b4f048fc10ffb01eb083731?s=96&d=mm&r=g","caption":"amrtopomar@hotmail.com"}}]}},"uagb_featured_image_src":{"full":false,"thumbnail":false,"medium":false,"medium_large":false,"large":false,"1536x1536":false,"2048x2048":false,"wpvr_mobile":false},"uagb_author_info":{"display_name":"amrtopomar@hotmail.com","author_link":"https:\/\/veleztopografia.com\/index.php\/author\/amrtopomarhotmail-com\/"},"uagb_comment_info":1,"uagb_excerpt":"Hemos realizado una toma de datos inicial con el GPS Leica 1200 con detalle de todas sus instalaciones y dem\u00e1s construcciones para futura reforma y posteriormente hemos completado la toma de datos en zonas m\u00e1s delicadas con la estaci\u00f3n total trimble S8 de 1\u2033 realizando dos estacionamientos. Hemos empleado para georreferenciar el trabajo la estaci\u00f3n&hellip;","_links":{"self":[{"href":"https:\/\/veleztopografia.com\/index.php\/wp-json\/wp\/v2\/posts\/2470","targetHints":{"allow":["GET"]}}],"collection":[{"href":"https:\/\/veleztopografia.com\/index.php\/wp-json\/wp\/v2\/posts"}],"about":[{"href":"https:\/\/veleztopografia.com\/index.php\/wp-json\/wp\/v2\/types\/post"}],"author":[{"embeddable":true,"href":"https:\/\/veleztopografia.com\/index.php\/wp-json\/wp\/v2\/users\/1"}],"replies":[{"embeddable":true,"href":"https:\/\/veleztopografia.com\/index.php\/wp-json\/wp\/v2\/comments?post=2470"}],"version-history":[{"count":1,"href":"https:\/\/veleztopografia.com\/index.php\/wp-json\/wp\/v2\/posts\/2470\/revisions"}],"predecessor-version":[{"id":2475,"href":"https:\/\/veleztopografia.com\/index.php\/wp-json\/wp\/v2\/posts\/2470\/revisions\/2475"}],"wp:attachment":[{"href":"https:\/\/veleztopografia.com\/index.php\/wp-json\/wp\/v2\/media?parent=2470"}],"wp:term":[{"taxonomy":"category","embeddable":true,"href":"https:\/\/veleztopografia.com\/index.php\/wp-json\/wp\/v2\/categories?post=2470"},{"taxonomy":"post_tag","embeddable":true,"href":"https:\/\/veleztopografia.com\/index.php\/wp-json\/wp\/v2\/tags?post=2470"}],"curies":[{"name":"wp","href":"https:\/\/api.w.org\/{rel}","templated":true}]}}