{"id":2453,"date":"2020-08-10T15:20:21","date_gmt":"2020-08-10T15:20:21","guid":{"rendered":"http:\/\/veleztopografia.com\/?p=2453"},"modified":"2020-08-10T15:20:26","modified_gmt":"2020-08-10T15:20:26","slug":"levantamiento-topografico-en-caleta-de-velez-malaga","status":"publish","type":"post","link":"https:\/\/veleztopografia.com\/index.php\/2020\/08\/10\/levantamiento-topografico-en-caleta-de-velez-malaga\/","title":{"rendered":"Levantamiento topogr\u00e1fico en Caleta de V\u00e9lez (M\u00e1laga)"},"content":{"rendered":"\n<p>Para la realizaci\u00f3n de un <strong>proyecto de ejecuci\u00f3n <\/strong>es necesario de tener un <strong>levantamiento topogr\u00e1fico<\/strong> lo m\u00e1s actualizado posible.<\/p>\n\n\n\n<p>En este caso se nos ha encargado la realizaci\u00f3n de un levantamiento topogr\u00e1fico de una vivienda, situada en la Avenida Andaluc\u00eda (N-340) de Caleta de V\u00e9lez, <\/p>\n\n\n\n<p>municipio de V\u00e9lez-M\u00e1laga.<\/p>\n\n\n\n<p> Se han tomado con todo detalle todos los elementos alrededor de la vivienda, en un radio de 50 metros. Conocer las pendientes de<\/p>\n\n\n\n<p>calles que rodean la vivienda, mobiliario urbano, servicios, vegetaci\u00f3n, edificaciones y cualquier otro elemento que sea de inter\u00e9s para la ejecuci\u00f3n del posterior <\/p>\n\n\n\n<p>proyecto.<\/p>\n\n\n\n<figure class=\"wp-block-gallery columns-1 is-cropped wp-block-gallery-2 is-layout-flex wp-block-gallery-is-layout-flex\"><ul class=\"blocks-gallery-grid\"><li class=\"blocks-gallery-item\"><figure><img fetchpriority=\"high\" decoding=\"async\" width=\"1024\" height=\"750\" src=\"http:\/\/veleztopografia.com\/wp-content\/uploads\/2020\/08\/IMG_20200730_135116-1024x750.jpg\" alt=\"levantamiento topografico en caleta de velez\" data-id=\"2456\" data-full-url=\"http:\/\/veleztopografia.com\/wp-content\/uploads\/2020\/08\/IMG_20200730_135116.jpg\" data-link=\"http:\/\/veleztopografia.com\/?attachment_id=2456\" class=\"wp-image-2456\" srcset=\"https:\/\/veleztopografia.com\/wp-content\/uploads\/2020\/08\/IMG_20200730_135116-1024x750.jpg 1024w, https:\/\/veleztopografia.com\/wp-content\/uploads\/2020\/08\/IMG_20200730_135116-300x220.jpg 300w, https:\/\/veleztopografia.com\/wp-content\/uploads\/2020\/08\/IMG_20200730_135116-768x562.jpg 768w, https:\/\/veleztopografia.com\/wp-content\/uploads\/2020\/08\/IMG_20200730_135116-1536x1124.jpg 1536w, https:\/\/veleztopografia.com\/wp-content\/uploads\/2020\/08\/IMG_20200730_135116.jpg 2000w\" sizes=\"(max-width: 1024px) 100vw, 1024px\" \/><\/figure><\/li><li class=\"blocks-gallery-item\"><figure><img decoding=\"async\" width=\"662\" height=\"1024\" src=\"http:\/\/veleztopografia.com\/wp-content\/uploads\/2020\/08\/IMG_20200730_111740-662x1024.jpg\" alt=\"levantamiento topografico en caleta de velez\" data-id=\"2455\" data-full-url=\"http:\/\/veleztopografia.com\/wp-content\/uploads\/2020\/08\/IMG_20200730_111740.jpg\" data-link=\"http:\/\/veleztopografia.com\/?attachment_id=2455\" class=\"wp-image-2455\" srcset=\"https:\/\/veleztopografia.com\/wp-content\/uploads\/2020\/08\/IMG_20200730_111740-662x1024.jpg 662w, https:\/\/veleztopografia.com\/wp-content\/uploads\/2020\/08\/IMG_20200730_111740-194x300.jpg 194w, https:\/\/veleztopografia.com\/wp-content\/uploads\/2020\/08\/IMG_20200730_111740-768x1188.jpg 768w, https:\/\/veleztopografia.com\/wp-content\/uploads\/2020\/08\/IMG_20200730_111740-993x1536.jpg 993w, https:\/\/veleztopografia.com\/wp-content\/uploads\/2020\/08\/IMG_20200730_111740.jpg 1293w\" sizes=\"(max-width: 662px) 100vw, 662px\" \/><\/figure><\/li><\/ul><\/figure>\n\n\n\n<p>Hemos intendo representar de manera gr\u00e1fica, con una precisi\u00f3n de +-2cm. , la zona que rodea al edificio.<\/p>\n\n\n\n<p>Para ello hemos realizado una toma de datos con el GPS en la zona de mayor cobertura (calles,etc..), a la vez que hemos materializado una red bases topogr\u00e1ficas<\/p>\n\n\n\n<p>georreferenciadas que servir\u00e1n de apoyo para la toma de datos, de zonas que necesiten mayor precisi\u00f3n o la cobertura sea mala calidad, con la estaci\u00f3n total.<\/p>\n\n\n\n<p>El continuo tr\u00e1fico de la N-340 dificulta el rendimiento en la toma de datos, pero no supone ning\u00fan inconveniente, salvo la paciencia en las medidas.<\/p>\n\n\n\n<p>\u00a1Al final todo tiene su gratificaci\u00f3n!<\/p>\n","protected":false},"excerpt":{"rendered":"<p>Para la realizaci\u00f3n de un proyecto de ejecuci\u00f3n es necesario de tener un levantamiento topogr\u00e1fico lo m\u00e1s actualizado posible. En este caso se nos ha encargado la realizaci\u00f3n de un levantamiento topogr\u00e1fico de una vivienda, situada en la Avenida Andaluc\u00eda (N-340) de Caleta de V\u00e9lez, municipio de V\u00e9lez-M\u00e1laga. Se han tomado con todo detalle todos [&hellip;]<\/p>\n","protected":false},"author":1,"featured_media":2454,"comment_status":"open","ping_status":"open","sticky":false,"template":"","format":"standard","meta":{"_uag_custom_page_level_css":"","_monsterinsights_skip_tracking":false,"_monsterinsights_sitenote_active":false,"_monsterinsights_sitenote_note":"","_monsterinsights_sitenote_category":0,"site-sidebar-layout":"default","site-content-layout":"default","ast-site-content-layout":"default","site-content-style":"default","site-sidebar-style":"default","ast-global-header-display":"","ast-banner-title-visibility":"","ast-main-header-display":"","ast-hfb-above-header-display":"","ast-hfb-below-header-display":"","ast-hfb-mobile-header-display":"","site-post-title":"","ast-breadcrumbs-content":"","ast-featured-img":"","footer-sml-layout":"","ast-disable-related-posts":"","theme-transparent-header-meta":"default","adv-header-id-meta":"","stick-header-meta":"default","header-above-stick-meta":"","header-main-stick-meta":"","header-below-stick-meta":"","astra-migrate-meta-layouts":"default","ast-page-background-enabled":"default","ast-page-background-meta":{"desktop":{"background-color":"","background-image":"","background-repeat":"repeat","background-position":"center center","background-size":"auto","background-attachment":"scroll","background-type":"","background-media":"","overlay-type":"","overlay-color":"","overlay-opacity":"","overlay-gradient":""},"tablet":{"background-color":"","background-image":"","background-repeat":"repeat","background-position":"center center","background-size":"auto","background-attachment":"scroll","background-type":"","background-media":"","overlay-type":"","overlay-color":"","overlay-opacity":"","overlay-gradient":""},"mobile":{"background-color":"","background-image":"","background-repeat":"repeat","background-position":"center center","background-size":"auto","background-attachment":"scroll","background-type":"","background-media":"","overlay-type":"","overlay-color":"","overlay-opacity":"","overlay-gradient":""}},"ast-content-background-meta":{"desktop":{"background-color":"var(--ast-global-color-5)","background-image":"","background-repeat":"repeat","background-position":"center center","background-size":"auto","background-attachment":"scroll","background-type":"","background-media":"","overlay-type":"","overlay-color":"","overlay-opacity":"","overlay-gradient":""},"tablet":{"background-color":"var(--ast-global-color-5)","background-image":"","background-repeat":"repeat","background-position":"center center","background-size":"auto","background-attachment":"scroll","background-type":"","background-media":"","overlay-type":"","overlay-color":"","overlay-opacity":"","overlay-gradient":""},"mobile":{"background-color":"var(--ast-global-color-5)","background-image":"","background-repeat":"repeat","background-position":"center center","background-size":"auto","background-attachment":"scroll","background-type":"","background-media":"","overlay-type":"","overlay-color":"","overlay-opacity":"","overlay-gradient":""}},"footnotes":""},"categories":[5],"tags":[37,172,66,144,79,140,171],"class_list":["post-2453","post","type-post","status-publish","format-standard","has-post-thumbnail","hentry","category-blog","tag-caleta-de-velez","tag-estacion-total","tag-gps","tag-leica","tag-levantamiento-topografico","tag-trimble-s8","tag-urbano"],"yoast_head":"<!-- This site is optimized with the Yoast SEO Premium plugin v24.1 (Yoast SEO v27.4) - https:\/\/yoast.com\/product\/yoast-seo-premium-wordpress\/ -->\n<title>Top\u00f3grafo V\u00e9lez M\u00e1laga. Ingeniero topograf\u00eda medici\u00f3n fincas.<\/title>\n<meta name=\"description\" content=\"Top\u00f3grafo en Velez-M\u00e1laga.Servicios de topograf\u00eda en la axarqu\u00eda y M\u00e1laga.Medici\u00f3n de fincas,catastro,levantamiento topogr\u00e1ficos,segregaciones,replanteosn,drones,fotogrametr\u00eda,filmaci\u00f3n a\u00e9rea..\" \/>\n<meta name=\"robots\" content=\"index, follow, max-snippet:-1, max-image-preview:large, max-video-preview:-1\" \/>\n<link rel=\"canonical\" href=\"http:\/\/veleztopografia.com\/index.php\/2020\/08\/10\/levantamiento-topografico-en-caleta-de-velez-malaga\/\" \/>\n<meta property=\"og:locale\" content=\"es_ES\" \/>\n<meta property=\"og:type\" content=\"article\" \/>\n<meta property=\"og:title\" content=\"Levantamiento topogr\u00e1fico en Caleta de V\u00e9lez (M\u00e1laga)\" \/>\n<meta property=\"og:description\" content=\"Top\u00f3grafo en Velez-M\u00e1laga.Servicios de topograf\u00eda en la axarqu\u00eda y M\u00e1laga.Medici\u00f3n de fincas,catastro,levantamiento topogr\u00e1ficos,segregaciones,replanteosn,drones,fotogrametr\u00eda,filmaci\u00f3n a\u00e9rea..\" \/>\n<meta property=\"og:url\" content=\"http:\/\/veleztopografia.com\/index.php\/2020\/08\/10\/levantamiento-topografico-en-caleta-de-velez-malaga\/\" \/>\n<meta property=\"og:site_name\" content=\"V\u00e9lez Topograf\u00eda\" \/>\n<meta property=\"article:publisher\" content=\"https:\/\/www.facebook.com\/veleztopografia\" \/>\n<meta property=\"article:published_time\" content=\"2020-08-10T15:20:21+00:00\" \/>\n<meta property=\"article:modified_time\" content=\"2020-08-10T15:20:26+00:00\" \/>\n<meta property=\"og:image\" content=\"https:\/\/i0.wp.com\/veleztopografia.com\/wp-content\/uploads\/2020\/08\/IMG_20200730_135125.jpg?fit=2000%2C1371\" \/>\n\t<meta property=\"og:image:width\" content=\"2000\" \/>\n\t<meta property=\"og:image:height\" content=\"1371\" \/>\n\t<meta property=\"og:image:type\" content=\"image\/jpeg\" \/>\n<meta name=\"author\" content=\"amrtopomar@hotmail.com\" \/>\n<meta name=\"twitter:card\" content=\"summary_large_image\" \/>\n<meta name=\"twitter:creator\" content=\"@alvaro_manen\" \/>\n<meta name=\"twitter:site\" content=\"@alvaro_manen\" \/>\n<meta name=\"twitter:label1\" content=\"Escrito por\" \/>\n\t<meta name=\"twitter:data1\" content=\"amrtopomar@hotmail.com\" \/>\n\t<meta name=\"twitter:label2\" content=\"Tiempo de lectura\" \/>\n\t<meta name=\"twitter:data2\" content=\"1 minuto\" \/>\n<script type=\"application\/ld+json\" class=\"yoast-schema-graph\">{\"@context\":\"https:\\\/\\\/schema.org\",\"@graph\":[{\"@type\":\"Article\",\"@id\":\"http:\\\/\\\/veleztopografia.com\\\/index.php\\\/2020\\\/08\\\/10\\\/levantamiento-topografico-en-caleta-de-velez-malaga\\\/#article\",\"isPartOf\":{\"@id\":\"http:\\\/\\\/veleztopografia.com\\\/index.php\\\/2020\\\/08\\\/10\\\/levantamiento-topografico-en-caleta-de-velez-malaga\\\/\"},\"author\":{\"name\":\"amrtopomar@hotmail.com\",\"@id\":\"http:\\\/\\\/veleztopografia.com\\\/#\\\/schema\\\/person\\\/f77ff7cee140d8850a0f97fd34ac2601\"},\"headline\":\"Levantamiento topogr\u00e1fico en Caleta de V\u00e9lez (M\u00e1laga)\",\"datePublished\":\"2020-08-10T15:20:21+00:00\",\"dateModified\":\"2020-08-10T15:20:26+00:00\",\"mainEntityOfPage\":{\"@id\":\"http:\\\/\\\/veleztopografia.com\\\/index.php\\\/2020\\\/08\\\/10\\\/levantamiento-topografico-en-caleta-de-velez-malaga\\\/\"},\"wordCount\":230,\"commentCount\":0,\"publisher\":{\"@id\":\"http:\\\/\\\/veleztopografia.com\\\/#organization\"},\"image\":{\"@id\":\"http:\\\/\\\/veleztopografia.com\\\/index.php\\\/2020\\\/08\\\/10\\\/levantamiento-topografico-en-caleta-de-velez-malaga\\\/#primaryimage\"},\"thumbnailUrl\":\"https:\\\/\\\/veleztopografia.com\\\/wp-content\\\/uploads\\\/2020\\\/08\\\/IMG_20200730_135125.jpg\",\"keywords\":[\"caleta de velez\",\"estacion total\",\"gps\",\"leica\",\"levantamiento topografico\",\"trimble s8\",\"urbano\"],\"articleSection\":[\"Blog\"],\"inLanguage\":\"es\",\"potentialAction\":[{\"@type\":\"CommentAction\",\"name\":\"Comment\",\"target\":[\"http:\\\/\\\/veleztopografia.com\\\/index.php\\\/2020\\\/08\\\/10\\\/levantamiento-topografico-en-caleta-de-velez-malaga\\\/#respond\"]}]},{\"@type\":\"WebPage\",\"@id\":\"http:\\\/\\\/veleztopografia.com\\\/index.php\\\/2020\\\/08\\\/10\\\/levantamiento-topografico-en-caleta-de-velez-malaga\\\/\",\"url\":\"http:\\\/\\\/veleztopografia.com\\\/index.php\\\/2020\\\/08\\\/10\\\/levantamiento-topografico-en-caleta-de-velez-malaga\\\/\",\"name\":\"Top\u00f3grafo V\u00e9lez M\u00e1laga. Ingeniero topograf\u00eda medici\u00f3n fincas.\",\"isPartOf\":{\"@id\":\"http:\\\/\\\/veleztopografia.com\\\/#website\"},\"primaryImageOfPage\":{\"@id\":\"http:\\\/\\\/veleztopografia.com\\\/index.php\\\/2020\\\/08\\\/10\\\/levantamiento-topografico-en-caleta-de-velez-malaga\\\/#primaryimage\"},\"image\":{\"@id\":\"http:\\\/\\\/veleztopografia.com\\\/index.php\\\/2020\\\/08\\\/10\\\/levantamiento-topografico-en-caleta-de-velez-malaga\\\/#primaryimage\"},\"thumbnailUrl\":\"https:\\\/\\\/veleztopografia.com\\\/wp-content\\\/uploads\\\/2020\\\/08\\\/IMG_20200730_135125.jpg\",\"datePublished\":\"2020-08-10T15:20:21+00:00\",\"dateModified\":\"2020-08-10T15:20:26+00:00\",\"description\":\"Top\u00f3grafo en Velez-M\u00e1laga.Servicios de topograf\u00eda en la axarqu\u00eda y M\u00e1laga.Medici\u00f3n de fincas,catastro,levantamiento topogr\u00e1ficos,segregaciones,replanteosn,drones,fotogrametr\u00eda,filmaci\u00f3n a\u00e9rea..\",\"breadcrumb\":{\"@id\":\"http:\\\/\\\/veleztopografia.com\\\/index.php\\\/2020\\\/08\\\/10\\\/levantamiento-topografico-en-caleta-de-velez-malaga\\\/#breadcrumb\"},\"inLanguage\":\"es\",\"potentialAction\":[{\"@type\":\"ReadAction\",\"target\":[\"http:\\\/\\\/veleztopografia.com\\\/index.php\\\/2020\\\/08\\\/10\\\/levantamiento-topografico-en-caleta-de-velez-malaga\\\/\"]}]},{\"@type\":\"ImageObject\",\"inLanguage\":\"es\",\"@id\":\"http:\\\/\\\/veleztopografia.com\\\/index.php\\\/2020\\\/08\\\/10\\\/levantamiento-topografico-en-caleta-de-velez-malaga\\\/#primaryimage\",\"url\":\"https:\\\/\\\/veleztopografia.com\\\/wp-content\\\/uploads\\\/2020\\\/08\\\/IMG_20200730_135125.jpg\",\"contentUrl\":\"https:\\\/\\\/veleztopografia.com\\\/wp-content\\\/uploads\\\/2020\\\/08\\\/IMG_20200730_135125.jpg\",\"width\":2000,\"height\":1371,\"caption\":\"levantamiento topografico en caleta de velez\"},{\"@type\":\"BreadcrumbList\",\"@id\":\"http:\\\/\\\/veleztopografia.com\\\/index.php\\\/2020\\\/08\\\/10\\\/levantamiento-topografico-en-caleta-de-velez-malaga\\\/#breadcrumb\",\"itemListElement\":[{\"@type\":\"ListItem\",\"position\":1,\"name\":\"Portada\",\"item\":\"http:\\\/\\\/veleztopografia.com\\\/\"},{\"@type\":\"ListItem\",\"position\":2,\"name\":\"Levantamiento topogr\u00e1fico en Caleta de V\u00e9lez (M\u00e1laga)\"}]},{\"@type\":\"WebSite\",\"@id\":\"http:\\\/\\\/veleztopografia.com\\\/#website\",\"url\":\"http:\\\/\\\/veleztopografia.com\\\/\",\"name\":\"V\u00e9lez Topograf\u00eda\",\"description\":\"Top\u00f3grafo de V\u00e9lez-M\u00e1laga. Servicios de topografia en la Axarqu\u00eda y M\u00e1laga.Medici\u00f3n de fincas,catastro,validacion gr\u00e1fica,etc..\",\"publisher\":{\"@id\":\"http:\\\/\\\/veleztopografia.com\\\/#organization\"},\"potentialAction\":[{\"@type\":\"SearchAction\",\"target\":{\"@type\":\"EntryPoint\",\"urlTemplate\":\"http:\\\/\\\/veleztopografia.com\\\/?s={search_term_string}\"},\"query-input\":{\"@type\":\"PropertyValueSpecification\",\"valueRequired\":true,\"valueName\":\"search_term_string\"}}],\"inLanguage\":\"es\"},{\"@type\":\"Organization\",\"@id\":\"http:\\\/\\\/veleztopografia.com\\\/#organization\",\"name\":\"V\u00e9lez Topograf\u00eda\",\"url\":\"http:\\\/\\\/veleztopografia.com\\\/\",\"logo\":{\"@type\":\"ImageObject\",\"inLanguage\":\"es\",\"@id\":\"http:\\\/\\\/veleztopografia.com\\\/#\\\/schema\\\/logo\\\/image\\\/\",\"url\":\"https:\\\/\\\/i0.wp.com\\\/veleztopografia.com\\\/wp-content\\\/uploads\\\/2019\\\/12\\\/LOGO-VELEZTOPOGRAFIA200-1.jpg?fit=400%2C200&ssl=1\",\"contentUrl\":\"https:\\\/\\\/i0.wp.com\\\/veleztopografia.com\\\/wp-content\\\/uploads\\\/2019\\\/12\\\/LOGO-VELEZTOPOGRAFIA200-1.jpg?fit=400%2C200&ssl=1\",\"width\":400,\"height\":200,\"caption\":\"V\u00e9lez Topograf\u00eda\"},\"image\":{\"@id\":\"http:\\\/\\\/veleztopografia.com\\\/#\\\/schema\\\/logo\\\/image\\\/\"},\"sameAs\":[\"https:\\\/\\\/www.facebook.com\\\/veleztopografia\",\"https:\\\/\\\/x.com\\\/alvaro_manen\",\"https:\\\/\\\/www.instagram.com\\\/alvaromanen\\\/\",\"https:\\\/\\\/www.linkedin.com\\\/in\\\/alvaro-manen-0a7b9a4b\\\/\",\"https:\\\/\\\/www.youtube.com\\\/channel\\\/UCBbmXfa52pAGpmufiMrR3qg\\\/videos\"]},{\"@type\":\"Person\",\"@id\":\"http:\\\/\\\/veleztopografia.com\\\/#\\\/schema\\\/person\\\/f77ff7cee140d8850a0f97fd34ac2601\",\"name\":\"amrtopomar@hotmail.com\",\"image\":{\"@type\":\"ImageObject\",\"inLanguage\":\"es\",\"@id\":\"https:\\\/\\\/secure.gravatar.com\\\/avatar\\\/1bebd10f775e886b97b35c18576a9d2e6b841c3f4b4f048fc10ffb01eb083731?s=96&d=mm&r=g\",\"url\":\"https:\\\/\\\/secure.gravatar.com\\\/avatar\\\/1bebd10f775e886b97b35c18576a9d2e6b841c3f4b4f048fc10ffb01eb083731?s=96&d=mm&r=g\",\"contentUrl\":\"https:\\\/\\\/secure.gravatar.com\\\/avatar\\\/1bebd10f775e886b97b35c18576a9d2e6b841c3f4b4f048fc10ffb01eb083731?s=96&d=mm&r=g\",\"caption\":\"amrtopomar@hotmail.com\"}}]}<\/script>\n<!-- \/ Yoast SEO Premium plugin. -->","yoast_head_json":{"title":"Top\u00f3grafo V\u00e9lez M\u00e1laga. Ingeniero topograf\u00eda medici\u00f3n fincas.","description":"Top\u00f3grafo en Velez-M\u00e1laga.Servicios de topograf\u00eda en la axarqu\u00eda y M\u00e1laga.Medici\u00f3n de fincas,catastro,levantamiento topogr\u00e1ficos,segregaciones,replanteosn,drones,fotogrametr\u00eda,filmaci\u00f3n a\u00e9rea..","robots":{"index":"index","follow":"follow","max-snippet":"max-snippet:-1","max-image-preview":"max-image-preview:large","max-video-preview":"max-video-preview:-1"},"canonical":"http:\/\/veleztopografia.com\/index.php\/2020\/08\/10\/levantamiento-topografico-en-caleta-de-velez-malaga\/","og_locale":"es_ES","og_type":"article","og_title":"Levantamiento topogr\u00e1fico en Caleta de V\u00e9lez (M\u00e1laga)","og_description":"Top\u00f3grafo en Velez-M\u00e1laga.Servicios de topograf\u00eda en la axarqu\u00eda y M\u00e1laga.Medici\u00f3n de fincas,catastro,levantamiento topogr\u00e1ficos,segregaciones,replanteosn,drones,fotogrametr\u00eda,filmaci\u00f3n a\u00e9rea..","og_url":"http:\/\/veleztopografia.com\/index.php\/2020\/08\/10\/levantamiento-topografico-en-caleta-de-velez-malaga\/","og_site_name":"V\u00e9lez Topograf\u00eda","article_publisher":"https:\/\/www.facebook.com\/veleztopografia","article_published_time":"2020-08-10T15:20:21+00:00","article_modified_time":"2020-08-10T15:20:26+00:00","og_image":[{"width":2000,"height":1371,"url":"https:\/\/i0.wp.com\/veleztopografia.com\/wp-content\/uploads\/2020\/08\/IMG_20200730_135125.jpg?fit=2000%2C1371","type":"image\/jpeg"}],"author":"amrtopomar@hotmail.com","twitter_card":"summary_large_image","twitter_creator":"@alvaro_manen","twitter_site":"@alvaro_manen","twitter_misc":{"Escrito por":"amrtopomar@hotmail.com","Tiempo de lectura":"1 minuto"},"schema":{"@context":"https:\/\/schema.org","@graph":[{"@type":"Article","@id":"http:\/\/veleztopografia.com\/index.php\/2020\/08\/10\/levantamiento-topografico-en-caleta-de-velez-malaga\/#article","isPartOf":{"@id":"http:\/\/veleztopografia.com\/index.php\/2020\/08\/10\/levantamiento-topografico-en-caleta-de-velez-malaga\/"},"author":{"name":"amrtopomar@hotmail.com","@id":"http:\/\/veleztopografia.com\/#\/schema\/person\/f77ff7cee140d8850a0f97fd34ac2601"},"headline":"Levantamiento topogr\u00e1fico en Caleta de V\u00e9lez (M\u00e1laga)","datePublished":"2020-08-10T15:20:21+00:00","dateModified":"2020-08-10T15:20:26+00:00","mainEntityOfPage":{"@id":"http:\/\/veleztopografia.com\/index.php\/2020\/08\/10\/levantamiento-topografico-en-caleta-de-velez-malaga\/"},"wordCount":230,"commentCount":0,"publisher":{"@id":"http:\/\/veleztopografia.com\/#organization"},"image":{"@id":"http:\/\/veleztopografia.com\/index.php\/2020\/08\/10\/levantamiento-topografico-en-caleta-de-velez-malaga\/#primaryimage"},"thumbnailUrl":"https:\/\/veleztopografia.com\/wp-content\/uploads\/2020\/08\/IMG_20200730_135125.jpg","keywords":["caleta de velez","estacion total","gps","leica","levantamiento topografico","trimble s8","urbano"],"articleSection":["Blog"],"inLanguage":"es","potentialAction":[{"@type":"CommentAction","name":"Comment","target":["http:\/\/veleztopografia.com\/index.php\/2020\/08\/10\/levantamiento-topografico-en-caleta-de-velez-malaga\/#respond"]}]},{"@type":"WebPage","@id":"http:\/\/veleztopografia.com\/index.php\/2020\/08\/10\/levantamiento-topografico-en-caleta-de-velez-malaga\/","url":"http:\/\/veleztopografia.com\/index.php\/2020\/08\/10\/levantamiento-topografico-en-caleta-de-velez-malaga\/","name":"Top\u00f3grafo V\u00e9lez M\u00e1laga. Ingeniero topograf\u00eda medici\u00f3n fincas.","isPartOf":{"@id":"http:\/\/veleztopografia.com\/#website"},"primaryImageOfPage":{"@id":"http:\/\/veleztopografia.com\/index.php\/2020\/08\/10\/levantamiento-topografico-en-caleta-de-velez-malaga\/#primaryimage"},"image":{"@id":"http:\/\/veleztopografia.com\/index.php\/2020\/08\/10\/levantamiento-topografico-en-caleta-de-velez-malaga\/#primaryimage"},"thumbnailUrl":"https:\/\/veleztopografia.com\/wp-content\/uploads\/2020\/08\/IMG_20200730_135125.jpg","datePublished":"2020-08-10T15:20:21+00:00","dateModified":"2020-08-10T15:20:26+00:00","description":"Top\u00f3grafo en Velez-M\u00e1laga.Servicios de topograf\u00eda en la axarqu\u00eda y M\u00e1laga.Medici\u00f3n de fincas,catastro,levantamiento topogr\u00e1ficos,segregaciones,replanteosn,drones,fotogrametr\u00eda,filmaci\u00f3n a\u00e9rea..","breadcrumb":{"@id":"http:\/\/veleztopografia.com\/index.php\/2020\/08\/10\/levantamiento-topografico-en-caleta-de-velez-malaga\/#breadcrumb"},"inLanguage":"es","potentialAction":[{"@type":"ReadAction","target":["http:\/\/veleztopografia.com\/index.php\/2020\/08\/10\/levantamiento-topografico-en-caleta-de-velez-malaga\/"]}]},{"@type":"ImageObject","inLanguage":"es","@id":"http:\/\/veleztopografia.com\/index.php\/2020\/08\/10\/levantamiento-topografico-en-caleta-de-velez-malaga\/#primaryimage","url":"https:\/\/veleztopografia.com\/wp-content\/uploads\/2020\/08\/IMG_20200730_135125.jpg","contentUrl":"https:\/\/veleztopografia.com\/wp-content\/uploads\/2020\/08\/IMG_20200730_135125.jpg","width":2000,"height":1371,"caption":"levantamiento topografico en caleta de velez"},{"@type":"BreadcrumbList","@id":"http:\/\/veleztopografia.com\/index.php\/2020\/08\/10\/levantamiento-topografico-en-caleta-de-velez-malaga\/#breadcrumb","itemListElement":[{"@type":"ListItem","position":1,"name":"Portada","item":"http:\/\/veleztopografia.com\/"},{"@type":"ListItem","position":2,"name":"Levantamiento topogr\u00e1fico en Caleta de V\u00e9lez (M\u00e1laga)"}]},{"@type":"WebSite","@id":"http:\/\/veleztopografia.com\/#website","url":"http:\/\/veleztopografia.com\/","name":"V\u00e9lez Topograf\u00eda","description":"Top\u00f3grafo de V\u00e9lez-M\u00e1laga. Servicios de topografia en la Axarqu\u00eda y M\u00e1laga.Medici\u00f3n de fincas,catastro,validacion gr\u00e1fica,etc..","publisher":{"@id":"http:\/\/veleztopografia.com\/#organization"},"potentialAction":[{"@type":"SearchAction","target":{"@type":"EntryPoint","urlTemplate":"http:\/\/veleztopografia.com\/?s={search_term_string}"},"query-input":{"@type":"PropertyValueSpecification","valueRequired":true,"valueName":"search_term_string"}}],"inLanguage":"es"},{"@type":"Organization","@id":"http:\/\/veleztopografia.com\/#organization","name":"V\u00e9lez Topograf\u00eda","url":"http:\/\/veleztopografia.com\/","logo":{"@type":"ImageObject","inLanguage":"es","@id":"http:\/\/veleztopografia.com\/#\/schema\/logo\/image\/","url":"https:\/\/i0.wp.com\/veleztopografia.com\/wp-content\/uploads\/2019\/12\/LOGO-VELEZTOPOGRAFIA200-1.jpg?fit=400%2C200&ssl=1","contentUrl":"https:\/\/i0.wp.com\/veleztopografia.com\/wp-content\/uploads\/2019\/12\/LOGO-VELEZTOPOGRAFIA200-1.jpg?fit=400%2C200&ssl=1","width":400,"height":200,"caption":"V\u00e9lez Topograf\u00eda"},"image":{"@id":"http:\/\/veleztopografia.com\/#\/schema\/logo\/image\/"},"sameAs":["https:\/\/www.facebook.com\/veleztopografia","https:\/\/x.com\/alvaro_manen","https:\/\/www.instagram.com\/alvaromanen\/","https:\/\/www.linkedin.com\/in\/alvaro-manen-0a7b9a4b\/","https:\/\/www.youtube.com\/channel\/UCBbmXfa52pAGpmufiMrR3qg\/videos"]},{"@type":"Person","@id":"http:\/\/veleztopografia.com\/#\/schema\/person\/f77ff7cee140d8850a0f97fd34ac2601","name":"amrtopomar@hotmail.com","image":{"@type":"ImageObject","inLanguage":"es","@id":"https:\/\/secure.gravatar.com\/avatar\/1bebd10f775e886b97b35c18576a9d2e6b841c3f4b4f048fc10ffb01eb083731?s=96&d=mm&r=g","url":"https:\/\/secure.gravatar.com\/avatar\/1bebd10f775e886b97b35c18576a9d2e6b841c3f4b4f048fc10ffb01eb083731?s=96&d=mm&r=g","contentUrl":"https:\/\/secure.gravatar.com\/avatar\/1bebd10f775e886b97b35c18576a9d2e6b841c3f4b4f048fc10ffb01eb083731?s=96&d=mm&r=g","caption":"amrtopomar@hotmail.com"}}]}},"uagb_featured_image_src":{"full":["https:\/\/veleztopografia.com\/wp-content\/uploads\/2020\/08\/IMG_20200730_135125.jpg",2000,1371,false],"thumbnail":["https:\/\/veleztopografia.com\/wp-content\/uploads\/2020\/08\/IMG_20200730_135125-150x150.jpg",150,150,true],"medium":["https:\/\/veleztopografia.com\/wp-content\/uploads\/2020\/08\/IMG_20200730_135125-300x206.jpg",300,206,true],"medium_large":["https:\/\/veleztopografia.com\/wp-content\/uploads\/2020\/08\/IMG_20200730_135125-768x526.jpg",768,526,true],"large":["https:\/\/veleztopografia.com\/wp-content\/uploads\/2020\/08\/IMG_20200730_135125-1024x702.jpg",1024,702,true],"1536x1536":["https:\/\/veleztopografia.com\/wp-content\/uploads\/2020\/08\/IMG_20200730_135125-1536x1053.jpg",1536,1053,true],"2048x2048":["https:\/\/veleztopografia.com\/wp-content\/uploads\/2020\/08\/IMG_20200730_135125.jpg",2000,1371,false],"wpvr_mobile":["https:\/\/veleztopografia.com\/wp-content\/uploads\/2020\/08\/IMG_20200730_135125.jpg",2000,1371,false]},"uagb_author_info":{"display_name":"amrtopomar@hotmail.com","author_link":"https:\/\/veleztopografia.com\/index.php\/author\/amrtopomarhotmail-com\/"},"uagb_comment_info":0,"uagb_excerpt":"Para la realizaci\u00f3n de un proyecto de ejecuci\u00f3n es necesario de tener un levantamiento topogr\u00e1fico lo m\u00e1s actualizado posible. En este caso se nos ha encargado la realizaci\u00f3n de un levantamiento topogr\u00e1fico de una vivienda, situada en la Avenida Andaluc\u00eda (N-340) de Caleta de V\u00e9lez, municipio de V\u00e9lez-M\u00e1laga. Se han tomado con todo detalle todos&hellip;","_links":{"self":[{"href":"https:\/\/veleztopografia.com\/index.php\/wp-json\/wp\/v2\/posts\/2453","targetHints":{"allow":["GET"]}}],"collection":[{"href":"https:\/\/veleztopografia.com\/index.php\/wp-json\/wp\/v2\/posts"}],"about":[{"href":"https:\/\/veleztopografia.com\/index.php\/wp-json\/wp\/v2\/types\/post"}],"author":[{"embeddable":true,"href":"https:\/\/veleztopografia.com\/index.php\/wp-json\/wp\/v2\/users\/1"}],"replies":[{"embeddable":true,"href":"https:\/\/veleztopografia.com\/index.php\/wp-json\/wp\/v2\/comments?post=2453"}],"version-history":[{"count":2,"href":"https:\/\/veleztopografia.com\/index.php\/wp-json\/wp\/v2\/posts\/2453\/revisions"}],"predecessor-version":[{"id":2458,"href":"https:\/\/veleztopografia.com\/index.php\/wp-json\/wp\/v2\/posts\/2453\/revisions\/2458"}],"wp:featuredmedia":[{"embeddable":true,"href":"https:\/\/veleztopografia.com\/index.php\/wp-json\/wp\/v2\/media\/2454"}],"wp:attachment":[{"href":"https:\/\/veleztopografia.com\/index.php\/wp-json\/wp\/v2\/media?parent=2453"}],"wp:term":[{"taxonomy":"category","embeddable":true,"href":"https:\/\/veleztopografia.com\/index.php\/wp-json\/wp\/v2\/categories?post=2453"},{"taxonomy":"post_tag","embeddable":true,"href":"https:\/\/veleztopografia.com\/index.php\/wp-json\/wp\/v2\/tags?post=2453"}],"curies":[{"name":"wp","href":"https:\/\/api.w.org\/{rel}","templated":true}]}}