{"id":2434,"date":"2020-08-05T17:31:35","date_gmt":"2020-08-05T17:31:35","guid":{"rendered":"http:\/\/veleztopografia.com\/?p=2434"},"modified":"2020-08-05T17:43:20","modified_gmt":"2020-08-05T17:43:20","slug":"levantamiento-topografico-en-campanillas-malaga-para-proyecto-de-movimiento-de-tierras-y-vallado-de-parcela","status":"publish","type":"post","link":"https:\/\/veleztopografia.com\/index.php\/2020\/08\/05\/levantamiento-topografico-en-campanillas-malaga-para-proyecto-de-movimiento-de-tierras-y-vallado-de-parcela\/","title":{"rendered":"Levantamiento topogr\u00e1fico en Campanillas (M\u00e1laga), para proyecto de Movimiento de tierras y vallado de parcela"},"content":{"rendered":"\t\t<div data-elementor-type=\"wp-post\" data-elementor-id=\"2434\" class=\"elementor elementor-2434\" data-elementor-post-type=\"post\">\n\t\t\t\t\t\t<section class=\"elementor-section elementor-top-section elementor-element elementor-element-514d8378 elementor-section-boxed elementor-section-height-default elementor-section-height-default\" data-id=\"514d8378\" data-element_type=\"section\" data-e-type=\"section\">\n\t\t\t\t\t\t<div class=\"elementor-container elementor-column-gap-default\">\n\t\t\t\t\t<div class=\"elementor-column elementor-col-100 elementor-top-column elementor-element elementor-element-33a8e05b\" data-id=\"33a8e05b\" data-element_type=\"column\" data-e-type=\"column\">\n\t\t\t<div class=\"elementor-widget-wrap elementor-element-populated\">\n\t\t\t\t\t\t<div class=\"elementor-element elementor-element-78b2813 elementor-widget elementor-widget-text-editor\" data-id=\"78b2813\" data-element_type=\"widget\" data-e-type=\"widget\" data-widget_type=\"text-editor.default\">\n\t\t\t\t<div class=\"elementor-widget-container\">\n\t\t\t\t\t\t\t\t\t<p><\/p>\n<p>Hemos estado realizando un <strong>levantamiento topogr\u00e1fico<\/strong>, con GPS, en Campanillas (M\u00e1laga) de varias parcelas r\u00fasticas.<\/p>\n<p><\/p>\n<p class=\"wp-block-gallery-3 is-layout-flex wp-block-gallery-is-layout-flex\"><br \/><\/p>\n<p>Nuestro cliente, muy ilusionadom ha comprado varias parcelas, las cuales<\/p>\n<p><\/p>\n<p>quiere acondicionar para poder disfrutar de una de sus pasiones, como son los<strong> caballos<\/strong>.<\/p>\n<p><\/p>\n<p>Le haremos todos los tr\u00e1mites para que pueda disfrutar al m\u00e1ximo del terreno, c\u00e1lculando el <strong>movimiento de tierras <\/strong>necesario para que pueda realizar una <strong>explanada<\/strong> y su posterior <strong>vallado<\/strong>, y as\u00ed poder instalar los caballos.<\/p>\n<p><\/p>\n<p>El contratar un<strong> top\u00f3grafo en M\u00e1laga<\/strong>, hace que se le agilice toda la documentaci\u00f3n legal necesaria, la cual le tramitaremos desde <strong>V\u00e9lez Topograf\u00eda.<\/strong><\/p>\n<p><\/p>\n<p><\/p>\t\t\t\t\t\t\t\t<\/div>\n\t\t\t\t<\/div>\n\t\t\t\t<div class=\"elementor-element elementor-element-116369f elementor-widget elementor-widget-image\" data-id=\"116369f\" data-element_type=\"widget\" data-e-type=\"widget\" data-widget_type=\"image.default\">\n\t\t\t\t<div class=\"elementor-widget-container\">\n\t\t\t\t\t\t\t\t\t\t\t\t\t\t\t<img fetchpriority=\"high\" decoding=\"async\" width=\"1024\" height=\"768\" src=\"https:\/\/veleztopografia.com\/wp-content\/uploads\/2020\/08\/IMG_20200729_102213-1-1024x768.jpg\" class=\"attachment-large size-large wp-image-2439\" alt=\"topografo en campanillas vallado movimiento de tierras\" srcset=\"https:\/\/veleztopografia.com\/wp-content\/uploads\/2020\/08\/IMG_20200729_102213-1-1024x768.jpg 1024w, https:\/\/veleztopografia.com\/wp-content\/uploads\/2020\/08\/IMG_20200729_102213-1-300x225.jpg 300w, https:\/\/veleztopografia.com\/wp-content\/uploads\/2020\/08\/IMG_20200729_102213-1-768x576.jpg 768w, https:\/\/veleztopografia.com\/wp-content\/uploads\/2020\/08\/IMG_20200729_102213-1-1536x1152.jpg 1536w, https:\/\/veleztopografia.com\/wp-content\/uploads\/2020\/08\/IMG_20200729_102213-1.jpg 2000w\" sizes=\"(max-width: 1024px) 100vw, 1024px\" \/>\t\t\t\t\t\t\t\t\t\t\t\t\t\t\t<\/div>\n\t\t\t\t<\/div>\n\t\t\t\t<div class=\"elementor-element elementor-element-001caa6 elementor-widget elementor-widget-image\" data-id=\"001caa6\" data-element_type=\"widget\" data-e-type=\"widget\" data-widget_type=\"image.default\">\n\t\t\t\t<div class=\"elementor-widget-container\">\n\t\t\t\t\t\t\t\t\t\t\t\t\t\t\t<img decoding=\"async\" width=\"782\" height=\"1024\" src=\"https:\/\/veleztopografia.com\/wp-content\/uploads\/2020\/08\/IMG_20200729_104107-1-782x1024.jpg\" class=\"attachment-large size-large wp-image-2440\" alt=\"IMG 20200729 104107 1\" srcset=\"https:\/\/veleztopografia.com\/wp-content\/uploads\/2020\/08\/IMG_20200729_104107-1-782x1024.jpg 782w, https:\/\/veleztopografia.com\/wp-content\/uploads\/2020\/08\/IMG_20200729_104107-1-229x300.jpg 229w, https:\/\/veleztopografia.com\/wp-content\/uploads\/2020\/08\/IMG_20200729_104107-1-768x1006.jpg 768w, https:\/\/veleztopografia.com\/wp-content\/uploads\/2020\/08\/IMG_20200729_104107-1-1173x1536.jpg 1173w, https:\/\/veleztopografia.com\/wp-content\/uploads\/2020\/08\/IMG_20200729_104107-1.jpg 1527w\" sizes=\"(max-width: 782px) 100vw, 782px\" \/>\t\t\t\t\t\t\t\t\t\t\t\t\t\t\t<\/div>\n\t\t\t\t<\/div>\n\t\t\t\t<div class=\"elementor-element elementor-element-802af6e elementor-widget elementor-widget-image\" data-id=\"802af6e\" data-element_type=\"widget\" data-e-type=\"widget\" data-widget_type=\"image.default\">\n\t\t\t\t<div class=\"elementor-widget-container\">\n\t\t\t\t\t\t\t\t\t\t\t\t\t\t\t<img decoding=\"async\" width=\"1024\" height=\"815\" src=\"https:\/\/veleztopografia.com\/wp-content\/uploads\/2020\/08\/IMG_20200729_094022-1-1024x815.jpg\" class=\"attachment-large size-large wp-image-2438\" alt=\"IMG 20200729 094022 1\" srcset=\"https:\/\/veleztopografia.com\/wp-content\/uploads\/2020\/08\/IMG_20200729_094022-1-1024x815.jpg 1024w, https:\/\/veleztopografia.com\/wp-content\/uploads\/2020\/08\/IMG_20200729_094022-1-300x239.jpg 300w, https:\/\/veleztopografia.com\/wp-content\/uploads\/2020\/08\/IMG_20200729_094022-1-768x611.jpg 768w, https:\/\/veleztopografia.com\/wp-content\/uploads\/2020\/08\/IMG_20200729_094022-1-1536x1223.jpg 1536w, https:\/\/veleztopografia.com\/wp-content\/uploads\/2020\/08\/IMG_20200729_094022-1.jpg 2000w\" sizes=\"(max-width: 1024px) 100vw, 1024px\" \/>\t\t\t\t\t\t\t\t\t\t\t\t\t\t\t<\/div>\n\t\t\t\t<\/div>\n\t\t\t\t\t<\/div>\n\t\t<\/div>\n\t\t\t\t\t<\/div>\n\t\t<\/section>\n\t\t\t\t<\/div>\n\t\t","protected":false},"excerpt":{"rendered":"<p>Hemos estado realizando un levantamiento topogr\u00e1fico, con GPS, en Campanillas (M\u00e1laga) de varias parcelas r\u00fasticas. Nuestro cliente, muy ilusionadom ha comprado varias parcelas, las cuales quiere acondicionar para poder disfrutar de una de sus pasiones, como son los caballos. Le haremos todos los tr\u00e1mites para que pueda disfrutar al m\u00e1ximo del terreno, c\u00e1lculando el movimiento [&hellip;]<\/p>\n","protected":false},"author":1,"featured_media":0,"comment_status":"open","ping_status":"open","sticky":false,"template":"","format":"standard","meta":{"_uag_custom_page_level_css":"","_monsterinsights_skip_tracking":false,"_monsterinsights_sitenote_active":false,"_monsterinsights_sitenote_note":"","_monsterinsights_sitenote_category":0,"site-sidebar-layout":"default","site-content-layout":"default","ast-site-content-layout":"default","site-content-style":"default","site-sidebar-style":"default","ast-global-header-display":"","ast-banner-title-visibility":"","ast-main-header-display":"","ast-hfb-above-header-display":"","ast-hfb-below-header-display":"","ast-hfb-mobile-header-display":"","site-post-title":"","ast-breadcrumbs-content":"","ast-featured-img":"","footer-sml-layout":"","ast-disable-related-posts":"","theme-transparent-header-meta":"default","adv-header-id-meta":"","stick-header-meta":"default","header-above-stick-meta":"","header-main-stick-meta":"","header-below-stick-meta":"","astra-migrate-meta-layouts":"default","ast-page-background-enabled":"default","ast-page-background-meta":{"desktop":{"background-color":"","background-image":"","background-repeat":"repeat","background-position":"center center","background-size":"auto","background-attachment":"scroll","background-type":"","background-media":"","overlay-type":"","overlay-color":"","overlay-opacity":"","overlay-gradient":""},"tablet":{"background-color":"","background-image":"","background-repeat":"repeat","background-position":"center center","background-size":"auto","background-attachment":"scroll","background-type":"","background-media":"","overlay-type":"","overlay-color":"","overlay-opacity":"","overlay-gradient":""},"mobile":{"background-color":"","background-image":"","background-repeat":"repeat","background-position":"center center","background-size":"auto","background-attachment":"scroll","background-type":"","background-media":"","overlay-type":"","overlay-color":"","overlay-opacity":"","overlay-gradient":""}},"ast-content-background-meta":{"desktop":{"background-color":"var(--ast-global-color-5)","background-image":"","background-repeat":"repeat","background-position":"center center","background-size":"auto","background-attachment":"scroll","background-type":"","background-media":"","overlay-type":"","overlay-color":"","overlay-opacity":"","overlay-gradient":""},"tablet":{"background-color":"var(--ast-global-color-5)","background-image":"","background-repeat":"repeat","background-position":"center center","background-size":"auto","background-attachment":"scroll","background-type":"","background-media":"","overlay-type":"","overlay-color":"","overlay-opacity":"","overlay-gradient":""},"mobile":{"background-color":"var(--ast-global-color-5)","background-image":"","background-repeat":"repeat","background-position":"center center","background-size":"auto","background-attachment":"scroll","background-type":"","background-media":"","overlay-type":"","overlay-color":"","overlay-opacity":"","overlay-gradient":""}},"footnotes":""},"categories":[5],"tags":[168,66,79,35,43,42],"class_list":["post-2434","post","type-post","status-publish","format-standard","hentry","category-blog","tag-campanillas","tag-gps","tag-levantamiento-topografico","tag-malaga","tag-movimiento-de-tierras","tag-vallado"],"yoast_head":"<!-- This site is optimized with the Yoast SEO Premium plugin v24.1 (Yoast SEO v27.4) - https:\/\/yoast.com\/product\/yoast-seo-premium-wordpress\/ -->\n<title>Top\u00f3grafo V\u00e9lez M\u00e1laga. Ingeniero topograf\u00eda medici\u00f3n fincas.<\/title>\n<meta name=\"description\" content=\"Top\u00f3grafo en Velez-M\u00e1laga.Servicios de topograf\u00eda en la axarqu\u00eda y M\u00e1laga.Medici\u00f3n de fincas,catastro,levantamiento topogr\u00e1ficos,segregaciones,replanteosn,drones,fotogrametr\u00eda,filmaci\u00f3n a\u00e9rea..\" \/>\n<meta name=\"robots\" content=\"index, follow, max-snippet:-1, max-image-preview:large, max-video-preview:-1\" \/>\n<link rel=\"canonical\" href=\"http:\/\/veleztopografia.com\/index.php\/2020\/08\/05\/levantamiento-topografico-en-campanillas-malaga-para-proyecto-de-movimiento-de-tierras-y-vallado-de-parcela\/\" \/>\n<meta property=\"og:locale\" content=\"es_ES\" \/>\n<meta property=\"og:type\" content=\"article\" \/>\n<meta property=\"og:title\" content=\"Levantamiento topogr\u00e1fico en Campanillas (M\u00e1laga), para proyecto de Movimiento de tierras y vallado de parcela\" \/>\n<meta property=\"og:description\" content=\"Top\u00f3grafo en Velez-M\u00e1laga.Servicios de topograf\u00eda en la axarqu\u00eda y M\u00e1laga.Medici\u00f3n de fincas,catastro,levantamiento topogr\u00e1ficos,segregaciones,replanteosn,drones,fotogrametr\u00eda,filmaci\u00f3n a\u00e9rea..\" \/>\n<meta property=\"og:url\" content=\"http:\/\/veleztopografia.com\/index.php\/2020\/08\/05\/levantamiento-topografico-en-campanillas-malaga-para-proyecto-de-movimiento-de-tierras-y-vallado-de-parcela\/\" \/>\n<meta property=\"og:site_name\" content=\"V\u00e9lez Topograf\u00eda\" \/>\n<meta property=\"article:publisher\" content=\"https:\/\/www.facebook.com\/veleztopografia\" \/>\n<meta property=\"article:published_time\" content=\"2020-08-05T17:31:35+00:00\" \/>\n<meta property=\"article:modified_time\" content=\"2020-08-05T17:43:20+00:00\" \/>\n<meta property=\"og:image\" content=\"http:\/\/veleztopografia.com\/wp-content\/uploads\/2020\/08\/IMG_20200729_102213-1-1024x768.jpg\" \/>\n<meta name=\"author\" content=\"amrtopomar@hotmail.com\" \/>\n<meta name=\"twitter:card\" content=\"summary_large_image\" \/>\n<meta name=\"twitter:creator\" content=\"@alvaro_manen\" \/>\n<meta name=\"twitter:site\" content=\"@alvaro_manen\" \/>\n<meta name=\"twitter:label1\" content=\"Escrito por\" \/>\n\t<meta name=\"twitter:data1\" content=\"amrtopomar@hotmail.com\" \/>\n\t<meta name=\"twitter:label2\" content=\"Tiempo de lectura\" \/>\n\t<meta name=\"twitter:data2\" content=\"1 minuto\" \/>\n<script type=\"application\/ld+json\" class=\"yoast-schema-graph\">{\"@context\":\"https:\\\/\\\/schema.org\",\"@graph\":[{\"@type\":\"Article\",\"@id\":\"http:\\\/\\\/veleztopografia.com\\\/index.php\\\/2020\\\/08\\\/05\\\/levantamiento-topografico-en-campanillas-malaga-para-proyecto-de-movimiento-de-tierras-y-vallado-de-parcela\\\/#article\",\"isPartOf\":{\"@id\":\"http:\\\/\\\/veleztopografia.com\\\/index.php\\\/2020\\\/08\\\/05\\\/levantamiento-topografico-en-campanillas-malaga-para-proyecto-de-movimiento-de-tierras-y-vallado-de-parcela\\\/\"},\"author\":{\"name\":\"amrtopomar@hotmail.com\",\"@id\":\"http:\\\/\\\/veleztopografia.com\\\/#\\\/schema\\\/person\\\/f77ff7cee140d8850a0f97fd34ac2601\"},\"headline\":\"Levantamiento topogr\u00e1fico en Campanillas (M\u00e1laga), para proyecto de Movimiento de tierras y vallado de parcela\",\"datePublished\":\"2020-08-05T17:31:35+00:00\",\"dateModified\":\"2020-08-05T17:43:20+00:00\",\"mainEntityOfPage\":{\"@id\":\"http:\\\/\\\/veleztopografia.com\\\/index.php\\\/2020\\\/08\\\/05\\\/levantamiento-topografico-en-campanillas-malaga-para-proyecto-de-movimiento-de-tierras-y-vallado-de-parcela\\\/\"},\"wordCount\":125,\"commentCount\":0,\"publisher\":{\"@id\":\"http:\\\/\\\/veleztopografia.com\\\/#organization\"},\"image\":{\"@id\":\"http:\\\/\\\/veleztopografia.com\\\/index.php\\\/2020\\\/08\\\/05\\\/levantamiento-topografico-en-campanillas-malaga-para-proyecto-de-movimiento-de-tierras-y-vallado-de-parcela\\\/#primaryimage\"},\"thumbnailUrl\":\"http:\\\/\\\/veleztopografia.com\\\/wp-content\\\/uploads\\\/2020\\\/08\\\/IMG_20200729_102213-1-1024x768.jpg\",\"keywords\":[\"campanillas\",\"gps\",\"levantamiento topografico\",\"malaga\",\"movimiento de tierras\",\"vallado\"],\"articleSection\":[\"Blog\"],\"inLanguage\":\"es\",\"potentialAction\":[{\"@type\":\"CommentAction\",\"name\":\"Comment\",\"target\":[\"http:\\\/\\\/veleztopografia.com\\\/index.php\\\/2020\\\/08\\\/05\\\/levantamiento-topografico-en-campanillas-malaga-para-proyecto-de-movimiento-de-tierras-y-vallado-de-parcela\\\/#respond\"]}]},{\"@type\":\"WebPage\",\"@id\":\"http:\\\/\\\/veleztopografia.com\\\/index.php\\\/2020\\\/08\\\/05\\\/levantamiento-topografico-en-campanillas-malaga-para-proyecto-de-movimiento-de-tierras-y-vallado-de-parcela\\\/\",\"url\":\"http:\\\/\\\/veleztopografia.com\\\/index.php\\\/2020\\\/08\\\/05\\\/levantamiento-topografico-en-campanillas-malaga-para-proyecto-de-movimiento-de-tierras-y-vallado-de-parcela\\\/\",\"name\":\"Top\u00f3grafo V\u00e9lez M\u00e1laga. Ingeniero topograf\u00eda medici\u00f3n fincas.\",\"isPartOf\":{\"@id\":\"http:\\\/\\\/veleztopografia.com\\\/#website\"},\"primaryImageOfPage\":{\"@id\":\"http:\\\/\\\/veleztopografia.com\\\/index.php\\\/2020\\\/08\\\/05\\\/levantamiento-topografico-en-campanillas-malaga-para-proyecto-de-movimiento-de-tierras-y-vallado-de-parcela\\\/#primaryimage\"},\"image\":{\"@id\":\"http:\\\/\\\/veleztopografia.com\\\/index.php\\\/2020\\\/08\\\/05\\\/levantamiento-topografico-en-campanillas-malaga-para-proyecto-de-movimiento-de-tierras-y-vallado-de-parcela\\\/#primaryimage\"},\"thumbnailUrl\":\"http:\\\/\\\/veleztopografia.com\\\/wp-content\\\/uploads\\\/2020\\\/08\\\/IMG_20200729_102213-1-1024x768.jpg\",\"datePublished\":\"2020-08-05T17:31:35+00:00\",\"dateModified\":\"2020-08-05T17:43:20+00:00\",\"description\":\"Top\u00f3grafo en Velez-M\u00e1laga.Servicios de topograf\u00eda en la axarqu\u00eda y M\u00e1laga.Medici\u00f3n de fincas,catastro,levantamiento topogr\u00e1ficos,segregaciones,replanteosn,drones,fotogrametr\u00eda,filmaci\u00f3n a\u00e9rea..\",\"breadcrumb\":{\"@id\":\"http:\\\/\\\/veleztopografia.com\\\/index.php\\\/2020\\\/08\\\/05\\\/levantamiento-topografico-en-campanillas-malaga-para-proyecto-de-movimiento-de-tierras-y-vallado-de-parcela\\\/#breadcrumb\"},\"inLanguage\":\"es\",\"potentialAction\":[{\"@type\":\"ReadAction\",\"target\":[\"http:\\\/\\\/veleztopografia.com\\\/index.php\\\/2020\\\/08\\\/05\\\/levantamiento-topografico-en-campanillas-malaga-para-proyecto-de-movimiento-de-tierras-y-vallado-de-parcela\\\/\"]}]},{\"@type\":\"ImageObject\",\"inLanguage\":\"es\",\"@id\":\"http:\\\/\\\/veleztopografia.com\\\/index.php\\\/2020\\\/08\\\/05\\\/levantamiento-topografico-en-campanillas-malaga-para-proyecto-de-movimiento-de-tierras-y-vallado-de-parcela\\\/#primaryimage\",\"url\":\"https:\\\/\\\/veleztopografia.com\\\/wp-content\\\/uploads\\\/2020\\\/08\\\/IMG_20200729_102213-1.jpg\",\"contentUrl\":\"https:\\\/\\\/veleztopografia.com\\\/wp-content\\\/uploads\\\/2020\\\/08\\\/IMG_20200729_102213-1.jpg\",\"width\":2000,\"height\":1500,\"caption\":\"topografo en campanillas vallado movimiento de tierras\"},{\"@type\":\"BreadcrumbList\",\"@id\":\"http:\\\/\\\/veleztopografia.com\\\/index.php\\\/2020\\\/08\\\/05\\\/levantamiento-topografico-en-campanillas-malaga-para-proyecto-de-movimiento-de-tierras-y-vallado-de-parcela\\\/#breadcrumb\",\"itemListElement\":[{\"@type\":\"ListItem\",\"position\":1,\"name\":\"Portada\",\"item\":\"http:\\\/\\\/veleztopografia.com\\\/\"},{\"@type\":\"ListItem\",\"position\":2,\"name\":\"Levantamiento topogr\u00e1fico en Campanillas (M\u00e1laga), para proyecto de Movimiento de tierras y vallado de parcela\"}]},{\"@type\":\"WebSite\",\"@id\":\"http:\\\/\\\/veleztopografia.com\\\/#website\",\"url\":\"http:\\\/\\\/veleztopografia.com\\\/\",\"name\":\"V\u00e9lez Topograf\u00eda\",\"description\":\"Top\u00f3grafo de V\u00e9lez-M\u00e1laga. Servicios de topografia en la Axarqu\u00eda y M\u00e1laga.Medici\u00f3n de fincas,catastro,validacion gr\u00e1fica,etc..\",\"publisher\":{\"@id\":\"http:\\\/\\\/veleztopografia.com\\\/#organization\"},\"potentialAction\":[{\"@type\":\"SearchAction\",\"target\":{\"@type\":\"EntryPoint\",\"urlTemplate\":\"http:\\\/\\\/veleztopografia.com\\\/?s={search_term_string}\"},\"query-input\":{\"@type\":\"PropertyValueSpecification\",\"valueRequired\":true,\"valueName\":\"search_term_string\"}}],\"inLanguage\":\"es\"},{\"@type\":\"Organization\",\"@id\":\"http:\\\/\\\/veleztopografia.com\\\/#organization\",\"name\":\"V\u00e9lez Topograf\u00eda\",\"url\":\"http:\\\/\\\/veleztopografia.com\\\/\",\"logo\":{\"@type\":\"ImageObject\",\"inLanguage\":\"es\",\"@id\":\"http:\\\/\\\/veleztopografia.com\\\/#\\\/schema\\\/logo\\\/image\\\/\",\"url\":\"https:\\\/\\\/i0.wp.com\\\/veleztopografia.com\\\/wp-content\\\/uploads\\\/2019\\\/12\\\/LOGO-VELEZTOPOGRAFIA200-1.jpg?fit=400%2C200&ssl=1\",\"contentUrl\":\"https:\\\/\\\/i0.wp.com\\\/veleztopografia.com\\\/wp-content\\\/uploads\\\/2019\\\/12\\\/LOGO-VELEZTOPOGRAFIA200-1.jpg?fit=400%2C200&ssl=1\",\"width\":400,\"height\":200,\"caption\":\"V\u00e9lez Topograf\u00eda\"},\"image\":{\"@id\":\"http:\\\/\\\/veleztopografia.com\\\/#\\\/schema\\\/logo\\\/image\\\/\"},\"sameAs\":[\"https:\\\/\\\/www.facebook.com\\\/veleztopografia\",\"https:\\\/\\\/x.com\\\/alvaro_manen\",\"https:\\\/\\\/www.instagram.com\\\/alvaromanen\\\/\",\"https:\\\/\\\/www.linkedin.com\\\/in\\\/alvaro-manen-0a7b9a4b\\\/\",\"https:\\\/\\\/www.youtube.com\\\/channel\\\/UCBbmXfa52pAGpmufiMrR3qg\\\/videos\"]},{\"@type\":\"Person\",\"@id\":\"http:\\\/\\\/veleztopografia.com\\\/#\\\/schema\\\/person\\\/f77ff7cee140d8850a0f97fd34ac2601\",\"name\":\"amrtopomar@hotmail.com\",\"image\":{\"@type\":\"ImageObject\",\"inLanguage\":\"es\",\"@id\":\"https:\\\/\\\/secure.gravatar.com\\\/avatar\\\/1bebd10f775e886b97b35c18576a9d2e6b841c3f4b4f048fc10ffb01eb083731?s=96&d=mm&r=g\",\"url\":\"https:\\\/\\\/secure.gravatar.com\\\/avatar\\\/1bebd10f775e886b97b35c18576a9d2e6b841c3f4b4f048fc10ffb01eb083731?s=96&d=mm&r=g\",\"contentUrl\":\"https:\\\/\\\/secure.gravatar.com\\\/avatar\\\/1bebd10f775e886b97b35c18576a9d2e6b841c3f4b4f048fc10ffb01eb083731?s=96&d=mm&r=g\",\"caption\":\"amrtopomar@hotmail.com\"}}]}<\/script>\n<!-- \/ Yoast SEO Premium plugin. -->","yoast_head_json":{"title":"Top\u00f3grafo V\u00e9lez M\u00e1laga. Ingeniero topograf\u00eda medici\u00f3n fincas.","description":"Top\u00f3grafo en Velez-M\u00e1laga.Servicios de topograf\u00eda en la axarqu\u00eda y M\u00e1laga.Medici\u00f3n de fincas,catastro,levantamiento topogr\u00e1ficos,segregaciones,replanteosn,drones,fotogrametr\u00eda,filmaci\u00f3n a\u00e9rea..","robots":{"index":"index","follow":"follow","max-snippet":"max-snippet:-1","max-image-preview":"max-image-preview:large","max-video-preview":"max-video-preview:-1"},"canonical":"http:\/\/veleztopografia.com\/index.php\/2020\/08\/05\/levantamiento-topografico-en-campanillas-malaga-para-proyecto-de-movimiento-de-tierras-y-vallado-de-parcela\/","og_locale":"es_ES","og_type":"article","og_title":"Levantamiento topogr\u00e1fico en Campanillas (M\u00e1laga), para proyecto de Movimiento de tierras y vallado de parcela","og_description":"Top\u00f3grafo en Velez-M\u00e1laga.Servicios de topograf\u00eda en la axarqu\u00eda y M\u00e1laga.Medici\u00f3n de fincas,catastro,levantamiento topogr\u00e1ficos,segregaciones,replanteosn,drones,fotogrametr\u00eda,filmaci\u00f3n a\u00e9rea..","og_url":"http:\/\/veleztopografia.com\/index.php\/2020\/08\/05\/levantamiento-topografico-en-campanillas-malaga-para-proyecto-de-movimiento-de-tierras-y-vallado-de-parcela\/","og_site_name":"V\u00e9lez Topograf\u00eda","article_publisher":"https:\/\/www.facebook.com\/veleztopografia","article_published_time":"2020-08-05T17:31:35+00:00","article_modified_time":"2020-08-05T17:43:20+00:00","og_image":[{"url":"http:\/\/veleztopografia.com\/wp-content\/uploads\/2020\/08\/IMG_20200729_102213-1-1024x768.jpg","type":"","width":"","height":""}],"author":"amrtopomar@hotmail.com","twitter_card":"summary_large_image","twitter_creator":"@alvaro_manen","twitter_site":"@alvaro_manen","twitter_misc":{"Escrito por":"amrtopomar@hotmail.com","Tiempo de lectura":"1 minuto"},"schema":{"@context":"https:\/\/schema.org","@graph":[{"@type":"Article","@id":"http:\/\/veleztopografia.com\/index.php\/2020\/08\/05\/levantamiento-topografico-en-campanillas-malaga-para-proyecto-de-movimiento-de-tierras-y-vallado-de-parcela\/#article","isPartOf":{"@id":"http:\/\/veleztopografia.com\/index.php\/2020\/08\/05\/levantamiento-topografico-en-campanillas-malaga-para-proyecto-de-movimiento-de-tierras-y-vallado-de-parcela\/"},"author":{"name":"amrtopomar@hotmail.com","@id":"http:\/\/veleztopografia.com\/#\/schema\/person\/f77ff7cee140d8850a0f97fd34ac2601"},"headline":"Levantamiento topogr\u00e1fico en Campanillas (M\u00e1laga), para proyecto de Movimiento de tierras y vallado de parcela","datePublished":"2020-08-05T17:31:35+00:00","dateModified":"2020-08-05T17:43:20+00:00","mainEntityOfPage":{"@id":"http:\/\/veleztopografia.com\/index.php\/2020\/08\/05\/levantamiento-topografico-en-campanillas-malaga-para-proyecto-de-movimiento-de-tierras-y-vallado-de-parcela\/"},"wordCount":125,"commentCount":0,"publisher":{"@id":"http:\/\/veleztopografia.com\/#organization"},"image":{"@id":"http:\/\/veleztopografia.com\/index.php\/2020\/08\/05\/levantamiento-topografico-en-campanillas-malaga-para-proyecto-de-movimiento-de-tierras-y-vallado-de-parcela\/#primaryimage"},"thumbnailUrl":"http:\/\/veleztopografia.com\/wp-content\/uploads\/2020\/08\/IMG_20200729_102213-1-1024x768.jpg","keywords":["campanillas","gps","levantamiento topografico","malaga","movimiento de tierras","vallado"],"articleSection":["Blog"],"inLanguage":"es","potentialAction":[{"@type":"CommentAction","name":"Comment","target":["http:\/\/veleztopografia.com\/index.php\/2020\/08\/05\/levantamiento-topografico-en-campanillas-malaga-para-proyecto-de-movimiento-de-tierras-y-vallado-de-parcela\/#respond"]}]},{"@type":"WebPage","@id":"http:\/\/veleztopografia.com\/index.php\/2020\/08\/05\/levantamiento-topografico-en-campanillas-malaga-para-proyecto-de-movimiento-de-tierras-y-vallado-de-parcela\/","url":"http:\/\/veleztopografia.com\/index.php\/2020\/08\/05\/levantamiento-topografico-en-campanillas-malaga-para-proyecto-de-movimiento-de-tierras-y-vallado-de-parcela\/","name":"Top\u00f3grafo V\u00e9lez M\u00e1laga. Ingeniero topograf\u00eda medici\u00f3n fincas.","isPartOf":{"@id":"http:\/\/veleztopografia.com\/#website"},"primaryImageOfPage":{"@id":"http:\/\/veleztopografia.com\/index.php\/2020\/08\/05\/levantamiento-topografico-en-campanillas-malaga-para-proyecto-de-movimiento-de-tierras-y-vallado-de-parcela\/#primaryimage"},"image":{"@id":"http:\/\/veleztopografia.com\/index.php\/2020\/08\/05\/levantamiento-topografico-en-campanillas-malaga-para-proyecto-de-movimiento-de-tierras-y-vallado-de-parcela\/#primaryimage"},"thumbnailUrl":"http:\/\/veleztopografia.com\/wp-content\/uploads\/2020\/08\/IMG_20200729_102213-1-1024x768.jpg","datePublished":"2020-08-05T17:31:35+00:00","dateModified":"2020-08-05T17:43:20+00:00","description":"Top\u00f3grafo en Velez-M\u00e1laga.Servicios de topograf\u00eda en la axarqu\u00eda y M\u00e1laga.Medici\u00f3n de fincas,catastro,levantamiento topogr\u00e1ficos,segregaciones,replanteosn,drones,fotogrametr\u00eda,filmaci\u00f3n a\u00e9rea..","breadcrumb":{"@id":"http:\/\/veleztopografia.com\/index.php\/2020\/08\/05\/levantamiento-topografico-en-campanillas-malaga-para-proyecto-de-movimiento-de-tierras-y-vallado-de-parcela\/#breadcrumb"},"inLanguage":"es","potentialAction":[{"@type":"ReadAction","target":["http:\/\/veleztopografia.com\/index.php\/2020\/08\/05\/levantamiento-topografico-en-campanillas-malaga-para-proyecto-de-movimiento-de-tierras-y-vallado-de-parcela\/"]}]},{"@type":"ImageObject","inLanguage":"es","@id":"http:\/\/veleztopografia.com\/index.php\/2020\/08\/05\/levantamiento-topografico-en-campanillas-malaga-para-proyecto-de-movimiento-de-tierras-y-vallado-de-parcela\/#primaryimage","url":"https:\/\/veleztopografia.com\/wp-content\/uploads\/2020\/08\/IMG_20200729_102213-1.jpg","contentUrl":"https:\/\/veleztopografia.com\/wp-content\/uploads\/2020\/08\/IMG_20200729_102213-1.jpg","width":2000,"height":1500,"caption":"topografo en campanillas vallado movimiento de tierras"},{"@type":"BreadcrumbList","@id":"http:\/\/veleztopografia.com\/index.php\/2020\/08\/05\/levantamiento-topografico-en-campanillas-malaga-para-proyecto-de-movimiento-de-tierras-y-vallado-de-parcela\/#breadcrumb","itemListElement":[{"@type":"ListItem","position":1,"name":"Portada","item":"http:\/\/veleztopografia.com\/"},{"@type":"ListItem","position":2,"name":"Levantamiento topogr\u00e1fico en Campanillas (M\u00e1laga), para proyecto de Movimiento de tierras y vallado de parcela"}]},{"@type":"WebSite","@id":"http:\/\/veleztopografia.com\/#website","url":"http:\/\/veleztopografia.com\/","name":"V\u00e9lez Topograf\u00eda","description":"Top\u00f3grafo de V\u00e9lez-M\u00e1laga. Servicios de topografia en la Axarqu\u00eda y M\u00e1laga.Medici\u00f3n de fincas,catastro,validacion gr\u00e1fica,etc..","publisher":{"@id":"http:\/\/veleztopografia.com\/#organization"},"potentialAction":[{"@type":"SearchAction","target":{"@type":"EntryPoint","urlTemplate":"http:\/\/veleztopografia.com\/?s={search_term_string}"},"query-input":{"@type":"PropertyValueSpecification","valueRequired":true,"valueName":"search_term_string"}}],"inLanguage":"es"},{"@type":"Organization","@id":"http:\/\/veleztopografia.com\/#organization","name":"V\u00e9lez Topograf\u00eda","url":"http:\/\/veleztopografia.com\/","logo":{"@type":"ImageObject","inLanguage":"es","@id":"http:\/\/veleztopografia.com\/#\/schema\/logo\/image\/","url":"https:\/\/i0.wp.com\/veleztopografia.com\/wp-content\/uploads\/2019\/12\/LOGO-VELEZTOPOGRAFIA200-1.jpg?fit=400%2C200&ssl=1","contentUrl":"https:\/\/i0.wp.com\/veleztopografia.com\/wp-content\/uploads\/2019\/12\/LOGO-VELEZTOPOGRAFIA200-1.jpg?fit=400%2C200&ssl=1","width":400,"height":200,"caption":"V\u00e9lez Topograf\u00eda"},"image":{"@id":"http:\/\/veleztopografia.com\/#\/schema\/logo\/image\/"},"sameAs":["https:\/\/www.facebook.com\/veleztopografia","https:\/\/x.com\/alvaro_manen","https:\/\/www.instagram.com\/alvaromanen\/","https:\/\/www.linkedin.com\/in\/alvaro-manen-0a7b9a4b\/","https:\/\/www.youtube.com\/channel\/UCBbmXfa52pAGpmufiMrR3qg\/videos"]},{"@type":"Person","@id":"http:\/\/veleztopografia.com\/#\/schema\/person\/f77ff7cee140d8850a0f97fd34ac2601","name":"amrtopomar@hotmail.com","image":{"@type":"ImageObject","inLanguage":"es","@id":"https:\/\/secure.gravatar.com\/avatar\/1bebd10f775e886b97b35c18576a9d2e6b841c3f4b4f048fc10ffb01eb083731?s=96&d=mm&r=g","url":"https:\/\/secure.gravatar.com\/avatar\/1bebd10f775e886b97b35c18576a9d2e6b841c3f4b4f048fc10ffb01eb083731?s=96&d=mm&r=g","contentUrl":"https:\/\/secure.gravatar.com\/avatar\/1bebd10f775e886b97b35c18576a9d2e6b841c3f4b4f048fc10ffb01eb083731?s=96&d=mm&r=g","caption":"amrtopomar@hotmail.com"}}]}},"uagb_featured_image_src":{"full":false,"thumbnail":false,"medium":false,"medium_large":false,"large":false,"1536x1536":false,"2048x2048":false,"wpvr_mobile":false},"uagb_author_info":{"display_name":"amrtopomar@hotmail.com","author_link":"https:\/\/veleztopografia.com\/index.php\/author\/amrtopomarhotmail-com\/"},"uagb_comment_info":1,"uagb_excerpt":"Hemos estado realizando un levantamiento topogr\u00e1fico, con GPS, en Campanillas (M\u00e1laga) de varias parcelas r\u00fasticas. Nuestro cliente, muy ilusionadom ha comprado varias parcelas, las cuales quiere acondicionar para poder disfrutar de una de sus pasiones, como son los caballos. Le haremos todos los tr\u00e1mites para que pueda disfrutar al m\u00e1ximo del terreno, c\u00e1lculando el movimiento&hellip;","_links":{"self":[{"href":"https:\/\/veleztopografia.com\/index.php\/wp-json\/wp\/v2\/posts\/2434","targetHints":{"allow":["GET"]}}],"collection":[{"href":"https:\/\/veleztopografia.com\/index.php\/wp-json\/wp\/v2\/posts"}],"about":[{"href":"https:\/\/veleztopografia.com\/index.php\/wp-json\/wp\/v2\/types\/post"}],"author":[{"embeddable":true,"href":"https:\/\/veleztopografia.com\/index.php\/wp-json\/wp\/v2\/users\/1"}],"replies":[{"embeddable":true,"href":"https:\/\/veleztopografia.com\/index.php\/wp-json\/wp\/v2\/comments?post=2434"}],"version-history":[{"count":6,"href":"https:\/\/veleztopografia.com\/index.php\/wp-json\/wp\/v2\/posts\/2434\/revisions"}],"predecessor-version":[{"id":2447,"href":"https:\/\/veleztopografia.com\/index.php\/wp-json\/wp\/v2\/posts\/2434\/revisions\/2447"}],"wp:attachment":[{"href":"https:\/\/veleztopografia.com\/index.php\/wp-json\/wp\/v2\/media?parent=2434"}],"wp:term":[{"taxonomy":"category","embeddable":true,"href":"https:\/\/veleztopografia.com\/index.php\/wp-json\/wp\/v2\/categories?post=2434"},{"taxonomy":"post_tag","embeddable":true,"href":"https:\/\/veleztopografia.com\/index.php\/wp-json\/wp\/v2\/tags?post=2434"}],"curies":[{"name":"wp","href":"https:\/\/api.w.org\/{rel}","templated":true}]}}