{"id":2419,"date":"2020-07-29T15:22:33","date_gmt":"2020-07-29T15:22:33","guid":{"rendered":"http:\/\/veleztopografia.com\/?p=2419"},"modified":"2020-07-29T15:24:29","modified_gmt":"2020-07-29T15:24:29","slug":"replanteo-de-parcela-urbana-en-nerja-malaga","status":"publish","type":"post","link":"https:\/\/veleztopografia.com\/index.php\/2020\/07\/29\/replanteo-de-parcela-urbana-en-nerja-malaga\/","title":{"rendered":"Replanteo de parcela urbana en Nerja (M\u00e1laga)"},"content":{"rendered":"\n<p>Estos d\u00edas nos gusta madrugar y como se suele decir \u00ab\u00c1l que madruga dios le ayuda\u00bb.<\/p>\n\n\n\n<p>Hemos estado r<strong>eplanteando dos parcelas urbanas<\/strong>, listas para edificar, en  <strong>Nerja (M\u00e1laga)<\/strong>.<\/p>\n\n\n\n<p>Ahora nuestro cliente tiene delimitadas su propiedad y la podr\u00e1 mostrar a futuros compradores tal y como es realmente.<\/p>\n\n\n\n<p>Para el replanteo se han utilizado coordenadas <strong>UTM ETRS89<\/strong>, materializando con<strong> estacas de madera<\/strong> el contorno de las<\/p>\n\n\n\n<p>dos parcelas. Se ha utilizado un <strong>GPS Leica 1200 conectado a la Red Andaluza de Posicionamiento.<\/strong><\/p>\n\n\n\n<figure class=\"wp-block-gallery columns-1 is-cropped wp-block-gallery-2 is-layout-flex wp-block-gallery-is-layout-flex\"><ul class=\"blocks-gallery-grid\"><li class=\"blocks-gallery-item\"><figure><img fetchpriority=\"high\" decoding=\"async\" width=\"1024\" height=\"736\" src=\"https:\/\/veleztopografia.com\/wp-content\/uploads\/2020\/07\/IMG_20200723_090150_1-1-1024x736.jpg\" alt=\"IMG 20200723 090150 1 1\" data-id=\"2422\" data-full-url=\"https:\/\/veleztopografia.com\/wp-content\/uploads\/2020\/07\/IMG_20200723_090150_1-1.jpg\" data-link=\"https:\/\/veleztopografia.com\/?attachment_id=2422\" class=\"wp-image-2422\" srcset=\"https:\/\/veleztopografia.com\/wp-content\/uploads\/2020\/07\/IMG_20200723_090150_1-1-1024x736.jpg 1024w, https:\/\/veleztopografia.com\/wp-content\/uploads\/2020\/07\/IMG_20200723_090150_1-1-300x216.jpg 300w, https:\/\/veleztopografia.com\/wp-content\/uploads\/2020\/07\/IMG_20200723_090150_1-1-768x552.jpg 768w, https:\/\/veleztopografia.com\/wp-content\/uploads\/2020\/07\/IMG_20200723_090150_1-1-1536x1104.jpg 1536w, https:\/\/veleztopografia.com\/wp-content\/uploads\/2020\/07\/IMG_20200723_090150_1-1.jpg 2000w\" sizes=\"(max-width: 1024px) 100vw, 1024px\" \/><figcaption class=\"blocks-gallery-item__caption\">IMG 20200723 090150 1 1<\/figcaption><\/figure><\/li><\/ul><\/figure>\n\n\n\n<p>Este es un trabajo muy com\u00fan para los<strong> top\u00f3grafos<\/strong>, pero su precisi\u00f3n no es la misma para todos, de ah\u00ed que contratar<\/p>\n\n\n\n<p>a un<strong> Ingeniero T\u00e9cnico Top\u00f3grafo Colegiado<\/strong> te garantiza la calidad del resultado final.<\/p>\n\n\n\n<p><\/p>\n","protected":false},"excerpt":{"rendered":"<p>Estos d\u00edas nos gusta madrugar y como se suele decir \u00ab\u00c1l que madruga dios le ayuda\u00bb. Hemos estado replanteando dos parcelas urbanas, listas para edificar, en Nerja (M\u00e1laga). Ahora nuestro cliente tiene delimitadas su propiedad y la podr\u00e1 mostrar a futuros compradores tal y como es realmente. Para el replanteo se han utilizado coordenadas UTM [&hellip;]<\/p>\n","protected":false},"author":1,"featured_media":2420,"comment_status":"open","ping_status":"open","sticky":false,"template":"","format":"standard","meta":{"_uag_custom_page_level_css":"","_monsterinsights_skip_tracking":false,"_monsterinsights_sitenote_active":false,"_monsterinsights_sitenote_note":"","_monsterinsights_sitenote_category":0,"site-sidebar-layout":"default","site-content-layout":"default","ast-site-content-layout":"default","site-content-style":"default","site-sidebar-style":"default","ast-global-header-display":"","ast-banner-title-visibility":"","ast-main-header-display":"","ast-hfb-above-header-display":"","ast-hfb-below-header-display":"","ast-hfb-mobile-header-display":"","site-post-title":"","ast-breadcrumbs-content":null,"ast-featured-img":"","footer-sml-layout":"","ast-disable-related-posts":"","theme-transparent-header-meta":"default","adv-header-id-meta":"","stick-header-meta":"default","header-above-stick-meta":null,"header-main-stick-meta":"","header-below-stick-meta":null,"astra-migrate-meta-layouts":"default","ast-page-background-enabled":"default","ast-page-background-meta":{"desktop":{"background-color":"","background-image":"","background-repeat":"repeat","background-position":"center center","background-size":"auto","background-attachment":"scroll","background-type":"","background-media":"","overlay-type":"","overlay-color":"","overlay-opacity":"","overlay-gradient":""},"tablet":{"background-color":"","background-image":"","background-repeat":"repeat","background-position":"center center","background-size":"auto","background-attachment":"scroll","background-type":"","background-media":"","overlay-type":"","overlay-color":"","overlay-opacity":"","overlay-gradient":""},"mobile":{"background-color":"","background-image":"","background-repeat":"repeat","background-position":"center center","background-size":"auto","background-attachment":"scroll","background-type":"","background-media":"","overlay-type":"","overlay-color":"","overlay-opacity":"","overlay-gradient":""}},"ast-content-background-meta":{"desktop":{"background-color":"var(--ast-global-color-5)","background-image":"","background-repeat":"repeat","background-position":"center center","background-size":"auto","background-attachment":"scroll","background-type":"","background-media":"","overlay-type":"","overlay-color":"","overlay-opacity":"","overlay-gradient":""},"tablet":{"background-color":"var(--ast-global-color-5)","background-image":"","background-repeat":"repeat","background-position":"center center","background-size":"auto","background-attachment":"scroll","background-type":"","background-media":"","overlay-type":"","overlay-color":"","overlay-opacity":"","overlay-gradient":""},"mobile":{"background-color":"var(--ast-global-color-5)","background-image":"","background-repeat":"repeat","background-position":"center center","background-size":"auto","background-attachment":"scroll","background-type":"","background-media":"","overlay-type":"","overlay-color":"","overlay-opacity":"","overlay-gradient":""}},"footnotes":""},"categories":[5],"tags":[106,166,16,146,23,39,165],"class_list":["post-2419","post","type-post","status-publish","format-standard","has-post-thumbnail","hentry","category-blog","tag-estacas","tag-etrs89","tag-ingeniero-topografo","tag-parcela-urbana","tag-replanteo","tag-topografo","tag-utm"],"yoast_head":"<!-- This site is optimized with the Yoast SEO Premium plugin v24.1 (Yoast SEO v27.4) - https:\/\/yoast.com\/product\/yoast-seo-premium-wordpress\/ -->\n<title>Top\u00f3grafo V\u00e9lez M\u00e1laga. Ingeniero topograf\u00eda medici\u00f3n fincas.<\/title>\n<meta name=\"description\" content=\"Top\u00f3grafo en Velez-M\u00e1laga.Servicios de topograf\u00eda en la axarqu\u00eda y M\u00e1laga.Medici\u00f3n de fincas,catastro,levantamiento topogr\u00e1ficos,segregaciones,replanteosn,drones,fotogrametr\u00eda,filmaci\u00f3n a\u00e9rea..\" \/>\n<meta name=\"robots\" content=\"index, follow, max-snippet:-1, max-image-preview:large, max-video-preview:-1\" \/>\n<link rel=\"canonical\" href=\"http:\/\/veleztopografia.com\/index.php\/2020\/07\/29\/replanteo-de-parcela-urbana-en-nerja-malaga\/\" \/>\n<meta property=\"og:locale\" content=\"es_ES\" \/>\n<meta property=\"og:type\" content=\"article\" \/>\n<meta property=\"og:title\" content=\"Replanteo de parcela urbana en Nerja (M\u00e1laga)\" \/>\n<meta property=\"og:description\" content=\"Top\u00f3grafo en Velez-M\u00e1laga.Servicios de topograf\u00eda en la axarqu\u00eda y M\u00e1laga.Medici\u00f3n de fincas,catastro,levantamiento topogr\u00e1ficos,segregaciones,replanteosn,drones,fotogrametr\u00eda,filmaci\u00f3n a\u00e9rea..\" \/>\n<meta property=\"og:url\" content=\"http:\/\/veleztopografia.com\/index.php\/2020\/07\/29\/replanteo-de-parcela-urbana-en-nerja-malaga\/\" \/>\n<meta property=\"og:site_name\" content=\"V\u00e9lez Topograf\u00eda\" \/>\n<meta property=\"article:publisher\" content=\"https:\/\/www.facebook.com\/veleztopografia\" \/>\n<meta property=\"article:published_time\" content=\"2020-07-29T15:22:33+00:00\" \/>\n<meta property=\"article:modified_time\" content=\"2020-07-29T15:24:29+00:00\" \/>\n<meta property=\"og:image\" content=\"https:\/\/i0.wp.com\/veleztopografia.com\/wp-content\/uploads\/2020\/07\/IMG_20200723_064818.jpg?fit=1500%2C2000\" \/>\n\t<meta property=\"og:image:width\" content=\"1500\" \/>\n\t<meta property=\"og:image:height\" content=\"2000\" \/>\n\t<meta property=\"og:image:type\" content=\"image\/jpeg\" \/>\n<meta name=\"author\" content=\"amrtopomar@hotmail.com\" \/>\n<meta name=\"twitter:card\" content=\"summary_large_image\" \/>\n<meta name=\"twitter:creator\" content=\"@alvaro_manen\" \/>\n<meta name=\"twitter:site\" content=\"@alvaro_manen\" \/>\n<meta name=\"twitter:label1\" content=\"Escrito por\" \/>\n\t<meta name=\"twitter:data1\" content=\"amrtopomar@hotmail.com\" \/>\n\t<meta name=\"twitter:label2\" content=\"Tiempo de lectura\" \/>\n\t<meta name=\"twitter:data2\" content=\"1 minuto\" \/>\n<script type=\"application\/ld+json\" class=\"yoast-schema-graph\">{\"@context\":\"https:\\\/\\\/schema.org\",\"@graph\":[{\"@type\":\"Article\",\"@id\":\"http:\\\/\\\/veleztopografia.com\\\/index.php\\\/2020\\\/07\\\/29\\\/replanteo-de-parcela-urbana-en-nerja-malaga\\\/#article\",\"isPartOf\":{\"@id\":\"http:\\\/\\\/veleztopografia.com\\\/index.php\\\/2020\\\/07\\\/29\\\/replanteo-de-parcela-urbana-en-nerja-malaga\\\/\"},\"author\":{\"name\":\"amrtopomar@hotmail.com\",\"@id\":\"http:\\\/\\\/veleztopografia.com\\\/#\\\/schema\\\/person\\\/f77ff7cee140d8850a0f97fd34ac2601\"},\"headline\":\"Replanteo de parcela urbana en Nerja (M\u00e1laga)\",\"datePublished\":\"2020-07-29T15:22:33+00:00\",\"dateModified\":\"2020-07-29T15:24:29+00:00\",\"mainEntityOfPage\":{\"@id\":\"http:\\\/\\\/veleztopografia.com\\\/index.php\\\/2020\\\/07\\\/29\\\/replanteo-de-parcela-urbana-en-nerja-malaga\\\/\"},\"wordCount\":131,\"commentCount\":0,\"publisher\":{\"@id\":\"http:\\\/\\\/veleztopografia.com\\\/#organization\"},\"image\":{\"@id\":\"http:\\\/\\\/veleztopografia.com\\\/index.php\\\/2020\\\/07\\\/29\\\/replanteo-de-parcela-urbana-en-nerja-malaga\\\/#primaryimage\"},\"thumbnailUrl\":\"https:\\\/\\\/veleztopografia.com\\\/wp-content\\\/uploads\\\/2020\\\/07\\\/IMG_20200723_064818.jpg\",\"keywords\":[\"estacas\",\"etrs89\",\"ingeniero topografo\",\"parcela urbana\",\"replanteo\",\"top\u00f3grafo\",\"utm\"],\"articleSection\":[\"Blog\"],\"inLanguage\":\"es\",\"potentialAction\":[{\"@type\":\"CommentAction\",\"name\":\"Comment\",\"target\":[\"http:\\\/\\\/veleztopografia.com\\\/index.php\\\/2020\\\/07\\\/29\\\/replanteo-de-parcela-urbana-en-nerja-malaga\\\/#respond\"]}]},{\"@type\":\"WebPage\",\"@id\":\"http:\\\/\\\/veleztopografia.com\\\/index.php\\\/2020\\\/07\\\/29\\\/replanteo-de-parcela-urbana-en-nerja-malaga\\\/\",\"url\":\"http:\\\/\\\/veleztopografia.com\\\/index.php\\\/2020\\\/07\\\/29\\\/replanteo-de-parcela-urbana-en-nerja-malaga\\\/\",\"name\":\"Top\u00f3grafo V\u00e9lez M\u00e1laga. Ingeniero topograf\u00eda medici\u00f3n fincas.\",\"isPartOf\":{\"@id\":\"http:\\\/\\\/veleztopografia.com\\\/#website\"},\"primaryImageOfPage\":{\"@id\":\"http:\\\/\\\/veleztopografia.com\\\/index.php\\\/2020\\\/07\\\/29\\\/replanteo-de-parcela-urbana-en-nerja-malaga\\\/#primaryimage\"},\"image\":{\"@id\":\"http:\\\/\\\/veleztopografia.com\\\/index.php\\\/2020\\\/07\\\/29\\\/replanteo-de-parcela-urbana-en-nerja-malaga\\\/#primaryimage\"},\"thumbnailUrl\":\"https:\\\/\\\/veleztopografia.com\\\/wp-content\\\/uploads\\\/2020\\\/07\\\/IMG_20200723_064818.jpg\",\"datePublished\":\"2020-07-29T15:22:33+00:00\",\"dateModified\":\"2020-07-29T15:24:29+00:00\",\"description\":\"Top\u00f3grafo en Velez-M\u00e1laga.Servicios de topograf\u00eda en la axarqu\u00eda y M\u00e1laga.Medici\u00f3n de fincas,catastro,levantamiento topogr\u00e1ficos,segregaciones,replanteosn,drones,fotogrametr\u00eda,filmaci\u00f3n a\u00e9rea..\",\"breadcrumb\":{\"@id\":\"http:\\\/\\\/veleztopografia.com\\\/index.php\\\/2020\\\/07\\\/29\\\/replanteo-de-parcela-urbana-en-nerja-malaga\\\/#breadcrumb\"},\"inLanguage\":\"es\",\"potentialAction\":[{\"@type\":\"ReadAction\",\"target\":[\"http:\\\/\\\/veleztopografia.com\\\/index.php\\\/2020\\\/07\\\/29\\\/replanteo-de-parcela-urbana-en-nerja-malaga\\\/\"]}]},{\"@type\":\"ImageObject\",\"inLanguage\":\"es\",\"@id\":\"http:\\\/\\\/veleztopografia.com\\\/index.php\\\/2020\\\/07\\\/29\\\/replanteo-de-parcela-urbana-en-nerja-malaga\\\/#primaryimage\",\"url\":\"https:\\\/\\\/veleztopografia.com\\\/wp-content\\\/uploads\\\/2020\\\/07\\\/IMG_20200723_064818.jpg\",\"contentUrl\":\"https:\\\/\\\/veleztopografia.com\\\/wp-content\\\/uploads\\\/2020\\\/07\\\/IMG_20200723_064818.jpg\",\"width\":1500,\"height\":2000,\"caption\":\"topografo replanteo nerja utm\"},{\"@type\":\"BreadcrumbList\",\"@id\":\"http:\\\/\\\/veleztopografia.com\\\/index.php\\\/2020\\\/07\\\/29\\\/replanteo-de-parcela-urbana-en-nerja-malaga\\\/#breadcrumb\",\"itemListElement\":[{\"@type\":\"ListItem\",\"position\":1,\"name\":\"Portada\",\"item\":\"http:\\\/\\\/veleztopografia.com\\\/\"},{\"@type\":\"ListItem\",\"position\":2,\"name\":\"Replanteo de parcela urbana en Nerja (M\u00e1laga)\"}]},{\"@type\":\"WebSite\",\"@id\":\"http:\\\/\\\/veleztopografia.com\\\/#website\",\"url\":\"http:\\\/\\\/veleztopografia.com\\\/\",\"name\":\"V\u00e9lez Topograf\u00eda\",\"description\":\"Top\u00f3grafo de V\u00e9lez-M\u00e1laga. Servicios de topografia en la Axarqu\u00eda y M\u00e1laga.Medici\u00f3n de fincas,catastro,validacion gr\u00e1fica,etc..\",\"publisher\":{\"@id\":\"http:\\\/\\\/veleztopografia.com\\\/#organization\"},\"potentialAction\":[{\"@type\":\"SearchAction\",\"target\":{\"@type\":\"EntryPoint\",\"urlTemplate\":\"http:\\\/\\\/veleztopografia.com\\\/?s={search_term_string}\"},\"query-input\":{\"@type\":\"PropertyValueSpecification\",\"valueRequired\":true,\"valueName\":\"search_term_string\"}}],\"inLanguage\":\"es\"},{\"@type\":\"Organization\",\"@id\":\"http:\\\/\\\/veleztopografia.com\\\/#organization\",\"name\":\"V\u00e9lez Topograf\u00eda\",\"url\":\"http:\\\/\\\/veleztopografia.com\\\/\",\"logo\":{\"@type\":\"ImageObject\",\"inLanguage\":\"es\",\"@id\":\"http:\\\/\\\/veleztopografia.com\\\/#\\\/schema\\\/logo\\\/image\\\/\",\"url\":\"https:\\\/\\\/i0.wp.com\\\/veleztopografia.com\\\/wp-content\\\/uploads\\\/2019\\\/12\\\/LOGO-VELEZTOPOGRAFIA200-1.jpg?fit=400%2C200&ssl=1\",\"contentUrl\":\"https:\\\/\\\/i0.wp.com\\\/veleztopografia.com\\\/wp-content\\\/uploads\\\/2019\\\/12\\\/LOGO-VELEZTOPOGRAFIA200-1.jpg?fit=400%2C200&ssl=1\",\"width\":400,\"height\":200,\"caption\":\"V\u00e9lez Topograf\u00eda\"},\"image\":{\"@id\":\"http:\\\/\\\/veleztopografia.com\\\/#\\\/schema\\\/logo\\\/image\\\/\"},\"sameAs\":[\"https:\\\/\\\/www.facebook.com\\\/veleztopografia\",\"https:\\\/\\\/x.com\\\/alvaro_manen\",\"https:\\\/\\\/www.instagram.com\\\/alvaromanen\\\/\",\"https:\\\/\\\/www.linkedin.com\\\/in\\\/alvaro-manen-0a7b9a4b\\\/\",\"https:\\\/\\\/www.youtube.com\\\/channel\\\/UCBbmXfa52pAGpmufiMrR3qg\\\/videos\"]},{\"@type\":\"Person\",\"@id\":\"http:\\\/\\\/veleztopografia.com\\\/#\\\/schema\\\/person\\\/f77ff7cee140d8850a0f97fd34ac2601\",\"name\":\"amrtopomar@hotmail.com\",\"image\":{\"@type\":\"ImageObject\",\"inLanguage\":\"es\",\"@id\":\"https:\\\/\\\/secure.gravatar.com\\\/avatar\\\/1bebd10f775e886b97b35c18576a9d2e6b841c3f4b4f048fc10ffb01eb083731?s=96&d=mm&r=g\",\"url\":\"https:\\\/\\\/secure.gravatar.com\\\/avatar\\\/1bebd10f775e886b97b35c18576a9d2e6b841c3f4b4f048fc10ffb01eb083731?s=96&d=mm&r=g\",\"contentUrl\":\"https:\\\/\\\/secure.gravatar.com\\\/avatar\\\/1bebd10f775e886b97b35c18576a9d2e6b841c3f4b4f048fc10ffb01eb083731?s=96&d=mm&r=g\",\"caption\":\"amrtopomar@hotmail.com\"}}]}<\/script>\n<!-- \/ Yoast SEO Premium plugin. -->","yoast_head_json":{"title":"Top\u00f3grafo V\u00e9lez M\u00e1laga. Ingeniero topograf\u00eda medici\u00f3n fincas.","description":"Top\u00f3grafo en Velez-M\u00e1laga.Servicios de topograf\u00eda en la axarqu\u00eda y M\u00e1laga.Medici\u00f3n de fincas,catastro,levantamiento topogr\u00e1ficos,segregaciones,replanteosn,drones,fotogrametr\u00eda,filmaci\u00f3n a\u00e9rea..","robots":{"index":"index","follow":"follow","max-snippet":"max-snippet:-1","max-image-preview":"max-image-preview:large","max-video-preview":"max-video-preview:-1"},"canonical":"http:\/\/veleztopografia.com\/index.php\/2020\/07\/29\/replanteo-de-parcela-urbana-en-nerja-malaga\/","og_locale":"es_ES","og_type":"article","og_title":"Replanteo de parcela urbana en Nerja (M\u00e1laga)","og_description":"Top\u00f3grafo en Velez-M\u00e1laga.Servicios de topograf\u00eda en la axarqu\u00eda y M\u00e1laga.Medici\u00f3n de fincas,catastro,levantamiento topogr\u00e1ficos,segregaciones,replanteosn,drones,fotogrametr\u00eda,filmaci\u00f3n a\u00e9rea..","og_url":"http:\/\/veleztopografia.com\/index.php\/2020\/07\/29\/replanteo-de-parcela-urbana-en-nerja-malaga\/","og_site_name":"V\u00e9lez Topograf\u00eda","article_publisher":"https:\/\/www.facebook.com\/veleztopografia","article_published_time":"2020-07-29T15:22:33+00:00","article_modified_time":"2020-07-29T15:24:29+00:00","og_image":[{"width":1500,"height":2000,"url":"https:\/\/i0.wp.com\/veleztopografia.com\/wp-content\/uploads\/2020\/07\/IMG_20200723_064818.jpg?fit=1500%2C2000","type":"image\/jpeg"}],"author":"amrtopomar@hotmail.com","twitter_card":"summary_large_image","twitter_creator":"@alvaro_manen","twitter_site":"@alvaro_manen","twitter_misc":{"Escrito por":"amrtopomar@hotmail.com","Tiempo de lectura":"1 minuto"},"schema":{"@context":"https:\/\/schema.org","@graph":[{"@type":"Article","@id":"http:\/\/veleztopografia.com\/index.php\/2020\/07\/29\/replanteo-de-parcela-urbana-en-nerja-malaga\/#article","isPartOf":{"@id":"http:\/\/veleztopografia.com\/index.php\/2020\/07\/29\/replanteo-de-parcela-urbana-en-nerja-malaga\/"},"author":{"name":"amrtopomar@hotmail.com","@id":"http:\/\/veleztopografia.com\/#\/schema\/person\/f77ff7cee140d8850a0f97fd34ac2601"},"headline":"Replanteo de parcela urbana en Nerja (M\u00e1laga)","datePublished":"2020-07-29T15:22:33+00:00","dateModified":"2020-07-29T15:24:29+00:00","mainEntityOfPage":{"@id":"http:\/\/veleztopografia.com\/index.php\/2020\/07\/29\/replanteo-de-parcela-urbana-en-nerja-malaga\/"},"wordCount":131,"commentCount":0,"publisher":{"@id":"http:\/\/veleztopografia.com\/#organization"},"image":{"@id":"http:\/\/veleztopografia.com\/index.php\/2020\/07\/29\/replanteo-de-parcela-urbana-en-nerja-malaga\/#primaryimage"},"thumbnailUrl":"https:\/\/veleztopografia.com\/wp-content\/uploads\/2020\/07\/IMG_20200723_064818.jpg","keywords":["estacas","etrs89","ingeniero topografo","parcela urbana","replanteo","top\u00f3grafo","utm"],"articleSection":["Blog"],"inLanguage":"es","potentialAction":[{"@type":"CommentAction","name":"Comment","target":["http:\/\/veleztopografia.com\/index.php\/2020\/07\/29\/replanteo-de-parcela-urbana-en-nerja-malaga\/#respond"]}]},{"@type":"WebPage","@id":"http:\/\/veleztopografia.com\/index.php\/2020\/07\/29\/replanteo-de-parcela-urbana-en-nerja-malaga\/","url":"http:\/\/veleztopografia.com\/index.php\/2020\/07\/29\/replanteo-de-parcela-urbana-en-nerja-malaga\/","name":"Top\u00f3grafo V\u00e9lez M\u00e1laga. Ingeniero topograf\u00eda medici\u00f3n fincas.","isPartOf":{"@id":"http:\/\/veleztopografia.com\/#website"},"primaryImageOfPage":{"@id":"http:\/\/veleztopografia.com\/index.php\/2020\/07\/29\/replanteo-de-parcela-urbana-en-nerja-malaga\/#primaryimage"},"image":{"@id":"http:\/\/veleztopografia.com\/index.php\/2020\/07\/29\/replanteo-de-parcela-urbana-en-nerja-malaga\/#primaryimage"},"thumbnailUrl":"https:\/\/veleztopografia.com\/wp-content\/uploads\/2020\/07\/IMG_20200723_064818.jpg","datePublished":"2020-07-29T15:22:33+00:00","dateModified":"2020-07-29T15:24:29+00:00","description":"Top\u00f3grafo en Velez-M\u00e1laga.Servicios de topograf\u00eda en la axarqu\u00eda y M\u00e1laga.Medici\u00f3n de fincas,catastro,levantamiento topogr\u00e1ficos,segregaciones,replanteosn,drones,fotogrametr\u00eda,filmaci\u00f3n a\u00e9rea..","breadcrumb":{"@id":"http:\/\/veleztopografia.com\/index.php\/2020\/07\/29\/replanteo-de-parcela-urbana-en-nerja-malaga\/#breadcrumb"},"inLanguage":"es","potentialAction":[{"@type":"ReadAction","target":["http:\/\/veleztopografia.com\/index.php\/2020\/07\/29\/replanteo-de-parcela-urbana-en-nerja-malaga\/"]}]},{"@type":"ImageObject","inLanguage":"es","@id":"http:\/\/veleztopografia.com\/index.php\/2020\/07\/29\/replanteo-de-parcela-urbana-en-nerja-malaga\/#primaryimage","url":"https:\/\/veleztopografia.com\/wp-content\/uploads\/2020\/07\/IMG_20200723_064818.jpg","contentUrl":"https:\/\/veleztopografia.com\/wp-content\/uploads\/2020\/07\/IMG_20200723_064818.jpg","width":1500,"height":2000,"caption":"topografo replanteo nerja utm"},{"@type":"BreadcrumbList","@id":"http:\/\/veleztopografia.com\/index.php\/2020\/07\/29\/replanteo-de-parcela-urbana-en-nerja-malaga\/#breadcrumb","itemListElement":[{"@type":"ListItem","position":1,"name":"Portada","item":"http:\/\/veleztopografia.com\/"},{"@type":"ListItem","position":2,"name":"Replanteo de parcela urbana en Nerja (M\u00e1laga)"}]},{"@type":"WebSite","@id":"http:\/\/veleztopografia.com\/#website","url":"http:\/\/veleztopografia.com\/","name":"V\u00e9lez Topograf\u00eda","description":"Top\u00f3grafo de V\u00e9lez-M\u00e1laga. Servicios de topografia en la Axarqu\u00eda y M\u00e1laga.Medici\u00f3n de fincas,catastro,validacion gr\u00e1fica,etc..","publisher":{"@id":"http:\/\/veleztopografia.com\/#organization"},"potentialAction":[{"@type":"SearchAction","target":{"@type":"EntryPoint","urlTemplate":"http:\/\/veleztopografia.com\/?s={search_term_string}"},"query-input":{"@type":"PropertyValueSpecification","valueRequired":true,"valueName":"search_term_string"}}],"inLanguage":"es"},{"@type":"Organization","@id":"http:\/\/veleztopografia.com\/#organization","name":"V\u00e9lez Topograf\u00eda","url":"http:\/\/veleztopografia.com\/","logo":{"@type":"ImageObject","inLanguage":"es","@id":"http:\/\/veleztopografia.com\/#\/schema\/logo\/image\/","url":"https:\/\/i0.wp.com\/veleztopografia.com\/wp-content\/uploads\/2019\/12\/LOGO-VELEZTOPOGRAFIA200-1.jpg?fit=400%2C200&ssl=1","contentUrl":"https:\/\/i0.wp.com\/veleztopografia.com\/wp-content\/uploads\/2019\/12\/LOGO-VELEZTOPOGRAFIA200-1.jpg?fit=400%2C200&ssl=1","width":400,"height":200,"caption":"V\u00e9lez Topograf\u00eda"},"image":{"@id":"http:\/\/veleztopografia.com\/#\/schema\/logo\/image\/"},"sameAs":["https:\/\/www.facebook.com\/veleztopografia","https:\/\/x.com\/alvaro_manen","https:\/\/www.instagram.com\/alvaromanen\/","https:\/\/www.linkedin.com\/in\/alvaro-manen-0a7b9a4b\/","https:\/\/www.youtube.com\/channel\/UCBbmXfa52pAGpmufiMrR3qg\/videos"]},{"@type":"Person","@id":"http:\/\/veleztopografia.com\/#\/schema\/person\/f77ff7cee140d8850a0f97fd34ac2601","name":"amrtopomar@hotmail.com","image":{"@type":"ImageObject","inLanguage":"es","@id":"https:\/\/secure.gravatar.com\/avatar\/1bebd10f775e886b97b35c18576a9d2e6b841c3f4b4f048fc10ffb01eb083731?s=96&d=mm&r=g","url":"https:\/\/secure.gravatar.com\/avatar\/1bebd10f775e886b97b35c18576a9d2e6b841c3f4b4f048fc10ffb01eb083731?s=96&d=mm&r=g","contentUrl":"https:\/\/secure.gravatar.com\/avatar\/1bebd10f775e886b97b35c18576a9d2e6b841c3f4b4f048fc10ffb01eb083731?s=96&d=mm&r=g","caption":"amrtopomar@hotmail.com"}}]}},"uagb_featured_image_src":{"full":["https:\/\/veleztopografia.com\/wp-content\/uploads\/2020\/07\/IMG_20200723_064818.jpg",1500,2000,false],"thumbnail":["https:\/\/veleztopografia.com\/wp-content\/uploads\/2020\/07\/IMG_20200723_064818-150x150.jpg",150,150,true],"medium":["https:\/\/veleztopografia.com\/wp-content\/uploads\/2020\/07\/IMG_20200723_064818-225x300.jpg",225,300,true],"medium_large":["https:\/\/veleztopografia.com\/wp-content\/uploads\/2020\/07\/IMG_20200723_064818-768x1024.jpg",768,1024,true],"large":["https:\/\/veleztopografia.com\/wp-content\/uploads\/2020\/07\/IMG_20200723_064818-768x1024.jpg",768,1024,true],"1536x1536":["https:\/\/veleztopografia.com\/wp-content\/uploads\/2020\/07\/IMG_20200723_064818-1152x1536.jpg",1152,1536,true],"2048x2048":["https:\/\/veleztopografia.com\/wp-content\/uploads\/2020\/07\/IMG_20200723_064818.jpg",1500,2000,false],"wpvr_mobile":["https:\/\/veleztopografia.com\/wp-content\/uploads\/2020\/07\/IMG_20200723_064818.jpg",1500,2000,false]},"uagb_author_info":{"display_name":"amrtopomar@hotmail.com","author_link":"https:\/\/veleztopografia.com\/index.php\/author\/amrtopomarhotmail-com\/"},"uagb_comment_info":0,"uagb_excerpt":"Estos d\u00edas nos gusta madrugar y como se suele decir \u00ab\u00c1l que madruga dios le ayuda\u00bb. Hemos estado replanteando dos parcelas urbanas, listas para edificar, en Nerja (M\u00e1laga). Ahora nuestro cliente tiene delimitadas su propiedad y la podr\u00e1 mostrar a futuros compradores tal y como es realmente. Para el replanteo se han utilizado coordenadas UTM&hellip;","_links":{"self":[{"href":"https:\/\/veleztopografia.com\/index.php\/wp-json\/wp\/v2\/posts\/2419","targetHints":{"allow":["GET"]}}],"collection":[{"href":"https:\/\/veleztopografia.com\/index.php\/wp-json\/wp\/v2\/posts"}],"about":[{"href":"https:\/\/veleztopografia.com\/index.php\/wp-json\/wp\/v2\/types\/post"}],"author":[{"embeddable":true,"href":"https:\/\/veleztopografia.com\/index.php\/wp-json\/wp\/v2\/users\/1"}],"replies":[{"embeddable":true,"href":"https:\/\/veleztopografia.com\/index.php\/wp-json\/wp\/v2\/comments?post=2419"}],"version-history":[{"count":2,"href":"https:\/\/veleztopografia.com\/index.php\/wp-json\/wp\/v2\/posts\/2419\/revisions"}],"predecessor-version":[{"id":2424,"href":"https:\/\/veleztopografia.com\/index.php\/wp-json\/wp\/v2\/posts\/2419\/revisions\/2424"}],"wp:featuredmedia":[{"embeddable":true,"href":"https:\/\/veleztopografia.com\/index.php\/wp-json\/wp\/v2\/media\/2420"}],"wp:attachment":[{"href":"https:\/\/veleztopografia.com\/index.php\/wp-json\/wp\/v2\/media?parent=2419"}],"wp:term":[{"taxonomy":"category","embeddable":true,"href":"https:\/\/veleztopografia.com\/index.php\/wp-json\/wp\/v2\/categories?post=2419"},{"taxonomy":"post_tag","embeddable":true,"href":"https:\/\/veleztopografia.com\/index.php\/wp-json\/wp\/v2\/tags?post=2419"}],"curies":[{"name":"wp","href":"https:\/\/api.w.org\/{rel}","templated":true}]}}