{"id":2406,"date":"2020-07-28T15:55:40","date_gmt":"2020-07-28T15:55:40","guid":{"rendered":"http:\/\/veleztopografia.com\/?p=2406"},"modified":"2020-07-29T15:23:54","modified_gmt":"2020-07-29T15:23:54","slug":"topografo-en-almachar-medicion-de-superficie-de-parcela-rustica","status":"publish","type":"post","link":"https:\/\/veleztopografia.com\/index.php\/2020\/07\/28\/topografo-en-almachar-medicion-de-superficie-de-parcela-rustica\/","title":{"rendered":"Top\u00f3grafo en Alm\u00e1char: Medici\u00f3n de superficie de parcela r\u00fastica"},"content":{"rendered":"\n<p>Un vecino de V\u00e9lez-M\u00e1laga ha solicitado los servicios de <strong>V\u00e9lez Topograf\u00eda, <\/strong>porque deseaba conocer que superficie real tiene su parcela y cuales<\/p>\n\n\n\n<p>eran las lindes catastrales de la misma.<\/p>\n\n\n\n<p> Casualmente nuestro cliente era un viejo amigo con el que trabaj\u00e9 hace unos a\u00f1os en una empresa de <strong>movimientos de tierra.<\/strong><\/p>\n\n\n\n<p>Con la superficie real obtenida podr\u00e1 saber si disponde los metros necesarios para solicitar la licencia para la <strong>ejecuci\u00f3n de un apero<\/strong> en la parcela.<\/p>\n\n\n\n<p>Para facilitarle los tr\u00e1mites a nuestro viejo amigo, tambi\u00e9n nos encargaremos de redactarle el<strong> proyecto de ejecuci\u00f3n del apero<\/strong> y pueda disfrutar del <\/p>\n\n\n\n<p>permiso oportuno para su ejecuci\u00f3n.<\/p>\n\n\n\n<figure class=\"wp-block-gallery columns-1 is-cropped wp-block-gallery-2 is-layout-flex wp-block-gallery-is-layout-flex\"><ul class=\"blocks-gallery-grid\"><li class=\"blocks-gallery-item\"><figure><img fetchpriority=\"high\" decoding=\"async\" width=\"1024\" height=\"515\" src=\"https:\/\/veleztopografia.com\/wp-content\/uploads\/2020\/07\/PANO_20200722_200032-1-1024x515.jpg\" alt=\"PANO 20200722 200032 1\" data-id=\"2415\" data-full-url=\"https:\/\/veleztopografia.com\/wp-content\/uploads\/2020\/07\/PANO_20200722_200032-1.jpg\" data-link=\"https:\/\/veleztopografia.com\/?attachment_id=2415\" class=\"wp-image-2415\" srcset=\"https:\/\/veleztopografia.com\/wp-content\/uploads\/2020\/07\/PANO_20200722_200032-1-1024x515.jpg 1024w, https:\/\/veleztopografia.com\/wp-content\/uploads\/2020\/07\/PANO_20200722_200032-1-300x151.jpg 300w, https:\/\/veleztopografia.com\/wp-content\/uploads\/2020\/07\/PANO_20200722_200032-1-768x386.jpg 768w, https:\/\/veleztopografia.com\/wp-content\/uploads\/2020\/07\/PANO_20200722_200032-1-1536x773.jpg 1536w, https:\/\/veleztopografia.com\/wp-content\/uploads\/2020\/07\/PANO_20200722_200032-1.jpg 2000w\" sizes=\"(max-width: 1024px) 100vw, 1024px\" \/><\/figure><\/li><\/ul><\/figure>\n\n\n\n<p>Espero que pronto pueda disfrutar de las maravillosas vistas de la finca,mientras realiza las labores propias del campo.<\/p>\n","protected":false},"excerpt":{"rendered":"<p>Un vecino de V\u00e9lez-M\u00e1laga ha solicitado los servicios de V\u00e9lez Topograf\u00eda, porque deseaba conocer que superficie real tiene su parcela y cuales eran las lindes catastrales de la misma. Casualmente nuestro cliente era un viejo amigo con el que trabaj\u00e9 hace unos a\u00f1os en una empresa de movimientos de tierra. Con la superficie real obtenida [&hellip;]<\/p>\n","protected":false},"author":1,"featured_media":2407,"comment_status":"open","ping_status":"open","sticky":false,"template":"","format":"standard","meta":{"_uag_custom_page_level_css":"","_monsterinsights_skip_tracking":false,"_monsterinsights_sitenote_active":false,"_monsterinsights_sitenote_note":"","_monsterinsights_sitenote_category":0,"site-sidebar-layout":"default","site-content-layout":"default","ast-site-content-layout":"default","site-content-style":"default","site-sidebar-style":"default","ast-global-header-display":"","ast-banner-title-visibility":"","ast-main-header-display":"","ast-hfb-above-header-display":"","ast-hfb-below-header-display":"","ast-hfb-mobile-header-display":"","site-post-title":"","ast-breadcrumbs-content":null,"ast-featured-img":"","footer-sml-layout":"","ast-disable-related-posts":"","theme-transparent-header-meta":"default","adv-header-id-meta":"","stick-header-meta":"default","header-above-stick-meta":null,"header-main-stick-meta":"","header-below-stick-meta":null,"astra-migrate-meta-layouts":"default","ast-page-background-enabled":"default","ast-page-background-meta":{"desktop":{"background-color":"","background-image":"","background-repeat":"repeat","background-position":"center center","background-size":"auto","background-attachment":"scroll","background-type":"","background-media":"","overlay-type":"","overlay-color":"","overlay-opacity":"","overlay-gradient":""},"tablet":{"background-color":"","background-image":"","background-repeat":"repeat","background-position":"center center","background-size":"auto","background-attachment":"scroll","background-type":"","background-media":"","overlay-type":"","overlay-color":"","overlay-opacity":"","overlay-gradient":""},"mobile":{"background-color":"","background-image":"","background-repeat":"repeat","background-position":"center center","background-size":"auto","background-attachment":"scroll","background-type":"","background-media":"","overlay-type":"","overlay-color":"","overlay-opacity":"","overlay-gradient":""}},"ast-content-background-meta":{"desktop":{"background-color":"var(--ast-global-color-5)","background-image":"","background-repeat":"repeat","background-position":"center center","background-size":"auto","background-attachment":"scroll","background-type":"","background-media":"","overlay-type":"","overlay-color":"","overlay-opacity":"","overlay-gradient":""},"tablet":{"background-color":"var(--ast-global-color-5)","background-image":"","background-repeat":"repeat","background-position":"center center","background-size":"auto","background-attachment":"scroll","background-type":"","background-media":"","overlay-type":"","overlay-color":"","overlay-opacity":"","overlay-gradient":""},"mobile":{"background-color":"var(--ast-global-color-5)","background-image":"","background-repeat":"repeat","background-position":"center center","background-size":"auto","background-attachment":"scroll","background-type":"","background-media":"","overlay-type":"","overlay-color":"","overlay-opacity":"","overlay-gradient":""}},"footnotes":""},"categories":[5],"tags":[163,164,12,16,22,23,39],"class_list":["post-2406","post","type-post","status-publish","format-standard","has-post-thumbnail","hentry","category-blog","tag-almachar","tag-apero","tag-catastro","tag-ingeniero-topografo","tag-medicion-de-parcela-rustica","tag-replanteo","tag-topografo"],"yoast_head":"<!-- This site is optimized with the Yoast SEO Premium plugin v24.1 (Yoast SEO v27.4) - https:\/\/yoast.com\/product\/yoast-seo-premium-wordpress\/ -->\n<title>Top\u00f3grafo V\u00e9lez M\u00e1laga. Ingeniero topograf\u00eda medici\u00f3n fincas.<\/title>\n<meta name=\"description\" content=\"Top\u00f3grafo en Velez-M\u00e1laga.Servicios de topograf\u00eda en la axarqu\u00eda y M\u00e1laga.Medici\u00f3n de fincas,catastro,levantamiento topogr\u00e1ficos,segregaciones,replanteosn,drones,fotogrametr\u00eda,filmaci\u00f3n a\u00e9rea..\" \/>\n<meta name=\"robots\" content=\"index, follow, max-snippet:-1, max-image-preview:large, max-video-preview:-1\" \/>\n<link rel=\"canonical\" href=\"http:\/\/veleztopografia.com\/index.php\/2020\/07\/28\/topografo-en-almachar-medicion-de-superficie-de-parcela-rustica\/\" \/>\n<meta property=\"og:locale\" content=\"es_ES\" \/>\n<meta property=\"og:type\" content=\"article\" \/>\n<meta property=\"og:title\" content=\"Top\u00f3grafo en Alm\u00e1char: Medici\u00f3n de superficie de parcela r\u00fastica\" \/>\n<meta property=\"og:description\" content=\"Top\u00f3grafo en Velez-M\u00e1laga.Servicios de topograf\u00eda en la axarqu\u00eda y M\u00e1laga.Medici\u00f3n de fincas,catastro,levantamiento topogr\u00e1ficos,segregaciones,replanteosn,drones,fotogrametr\u00eda,filmaci\u00f3n a\u00e9rea..\" \/>\n<meta property=\"og:url\" content=\"http:\/\/veleztopografia.com\/index.php\/2020\/07\/28\/topografo-en-almachar-medicion-de-superficie-de-parcela-rustica\/\" \/>\n<meta property=\"og:site_name\" content=\"V\u00e9lez Topograf\u00eda\" \/>\n<meta property=\"article:publisher\" content=\"https:\/\/www.facebook.com\/veleztopografia\" \/>\n<meta property=\"article:published_time\" content=\"2020-07-28T15:55:40+00:00\" \/>\n<meta property=\"article:modified_time\" content=\"2020-07-29T15:23:54+00:00\" \/>\n<meta property=\"og:image\" content=\"https:\/\/i0.wp.com\/veleztopografia.com\/wp-content\/uploads\/2020\/07\/IMG_20200722_193216.jpg?fit=1500%2C2000\" \/>\n\t<meta property=\"og:image:width\" content=\"1500\" \/>\n\t<meta property=\"og:image:height\" content=\"2000\" \/>\n\t<meta property=\"og:image:type\" content=\"image\/jpeg\" \/>\n<meta name=\"author\" content=\"amrtopomar@hotmail.com\" \/>\n<meta name=\"twitter:card\" content=\"summary_large_image\" \/>\n<meta name=\"twitter:creator\" content=\"@alvaro_manen\" \/>\n<meta name=\"twitter:site\" content=\"@alvaro_manen\" \/>\n<meta name=\"twitter:label1\" content=\"Escrito por\" \/>\n\t<meta name=\"twitter:data1\" content=\"amrtopomar@hotmail.com\" \/>\n\t<meta name=\"twitter:label2\" content=\"Tiempo de lectura\" \/>\n\t<meta name=\"twitter:data2\" content=\"1 minuto\" \/>\n<script type=\"application\/ld+json\" class=\"yoast-schema-graph\">{\"@context\":\"https:\\\/\\\/schema.org\",\"@graph\":[{\"@type\":\"Article\",\"@id\":\"http:\\\/\\\/veleztopografia.com\\\/index.php\\\/2020\\\/07\\\/28\\\/topografo-en-almachar-medicion-de-superficie-de-parcela-rustica\\\/#article\",\"isPartOf\":{\"@id\":\"http:\\\/\\\/veleztopografia.com\\\/index.php\\\/2020\\\/07\\\/28\\\/topografo-en-almachar-medicion-de-superficie-de-parcela-rustica\\\/\"},\"author\":{\"name\":\"amrtopomar@hotmail.com\",\"@id\":\"http:\\\/\\\/veleztopografia.com\\\/#\\\/schema\\\/person\\\/f77ff7cee140d8850a0f97fd34ac2601\"},\"headline\":\"Top\u00f3grafo en Alm\u00e1char: Medici\u00f3n de superficie de parcela r\u00fastica\",\"datePublished\":\"2020-07-28T15:55:40+00:00\",\"dateModified\":\"2020-07-29T15:23:54+00:00\",\"mainEntityOfPage\":{\"@id\":\"http:\\\/\\\/veleztopografia.com\\\/index.php\\\/2020\\\/07\\\/28\\\/topografo-en-almachar-medicion-de-superficie-de-parcela-rustica\\\/\"},\"wordCount\":145,\"commentCount\":0,\"publisher\":{\"@id\":\"http:\\\/\\\/veleztopografia.com\\\/#organization\"},\"image\":{\"@id\":\"http:\\\/\\\/veleztopografia.com\\\/index.php\\\/2020\\\/07\\\/28\\\/topografo-en-almachar-medicion-de-superficie-de-parcela-rustica\\\/#primaryimage\"},\"thumbnailUrl\":\"https:\\\/\\\/veleztopografia.com\\\/wp-content\\\/uploads\\\/2020\\\/07\\\/IMG_20200722_193216.jpg\",\"keywords\":[\"almachar\",\"apero\",\"catastro\",\"ingeniero topografo\",\"medicion de parcela rustica\",\"replanteo\",\"top\u00f3grafo\"],\"articleSection\":[\"Blog\"],\"inLanguage\":\"es\",\"potentialAction\":[{\"@type\":\"CommentAction\",\"name\":\"Comment\",\"target\":[\"http:\\\/\\\/veleztopografia.com\\\/index.php\\\/2020\\\/07\\\/28\\\/topografo-en-almachar-medicion-de-superficie-de-parcela-rustica\\\/#respond\"]}]},{\"@type\":\"WebPage\",\"@id\":\"http:\\\/\\\/veleztopografia.com\\\/index.php\\\/2020\\\/07\\\/28\\\/topografo-en-almachar-medicion-de-superficie-de-parcela-rustica\\\/\",\"url\":\"http:\\\/\\\/veleztopografia.com\\\/index.php\\\/2020\\\/07\\\/28\\\/topografo-en-almachar-medicion-de-superficie-de-parcela-rustica\\\/\",\"name\":\"Top\u00f3grafo V\u00e9lez M\u00e1laga. Ingeniero topograf\u00eda medici\u00f3n fincas.\",\"isPartOf\":{\"@id\":\"http:\\\/\\\/veleztopografia.com\\\/#website\"},\"primaryImageOfPage\":{\"@id\":\"http:\\\/\\\/veleztopografia.com\\\/index.php\\\/2020\\\/07\\\/28\\\/topografo-en-almachar-medicion-de-superficie-de-parcela-rustica\\\/#primaryimage\"},\"image\":{\"@id\":\"http:\\\/\\\/veleztopografia.com\\\/index.php\\\/2020\\\/07\\\/28\\\/topografo-en-almachar-medicion-de-superficie-de-parcela-rustica\\\/#primaryimage\"},\"thumbnailUrl\":\"https:\\\/\\\/veleztopografia.com\\\/wp-content\\\/uploads\\\/2020\\\/07\\\/IMG_20200722_193216.jpg\",\"datePublished\":\"2020-07-28T15:55:40+00:00\",\"dateModified\":\"2020-07-29T15:23:54+00:00\",\"description\":\"Top\u00f3grafo en Velez-M\u00e1laga.Servicios de topograf\u00eda en la axarqu\u00eda y M\u00e1laga.Medici\u00f3n de fincas,catastro,levantamiento topogr\u00e1ficos,segregaciones,replanteosn,drones,fotogrametr\u00eda,filmaci\u00f3n a\u00e9rea..\",\"breadcrumb\":{\"@id\":\"http:\\\/\\\/veleztopografia.com\\\/index.php\\\/2020\\\/07\\\/28\\\/topografo-en-almachar-medicion-de-superficie-de-parcela-rustica\\\/#breadcrumb\"},\"inLanguage\":\"es\",\"potentialAction\":[{\"@type\":\"ReadAction\",\"target\":[\"http:\\\/\\\/veleztopografia.com\\\/index.php\\\/2020\\\/07\\\/28\\\/topografo-en-almachar-medicion-de-superficie-de-parcela-rustica\\\/\"]}]},{\"@type\":\"ImageObject\",\"inLanguage\":\"es\",\"@id\":\"http:\\\/\\\/veleztopografia.com\\\/index.php\\\/2020\\\/07\\\/28\\\/topografo-en-almachar-medicion-de-superficie-de-parcela-rustica\\\/#primaryimage\",\"url\":\"https:\\\/\\\/veleztopografia.com\\\/wp-content\\\/uploads\\\/2020\\\/07\\\/IMG_20200722_193216.jpg\",\"contentUrl\":\"https:\\\/\\\/veleztopografia.com\\\/wp-content\\\/uploads\\\/2020\\\/07\\\/IMG_20200722_193216.jpg\",\"width\":1500,\"height\":2000,\"caption\":\"topografo almachar medicion parcela\"},{\"@type\":\"BreadcrumbList\",\"@id\":\"http:\\\/\\\/veleztopografia.com\\\/index.php\\\/2020\\\/07\\\/28\\\/topografo-en-almachar-medicion-de-superficie-de-parcela-rustica\\\/#breadcrumb\",\"itemListElement\":[{\"@type\":\"ListItem\",\"position\":1,\"name\":\"Portada\",\"item\":\"http:\\\/\\\/veleztopografia.com\\\/\"},{\"@type\":\"ListItem\",\"position\":2,\"name\":\"Top\u00f3grafo en Alm\u00e1char: Medici\u00f3n de superficie de parcela r\u00fastica\"}]},{\"@type\":\"WebSite\",\"@id\":\"http:\\\/\\\/veleztopografia.com\\\/#website\",\"url\":\"http:\\\/\\\/veleztopografia.com\\\/\",\"name\":\"V\u00e9lez Topograf\u00eda\",\"description\":\"Top\u00f3grafo de V\u00e9lez-M\u00e1laga. Servicios de topografia en la Axarqu\u00eda y M\u00e1laga.Medici\u00f3n de fincas,catastro,validacion gr\u00e1fica,etc..\",\"publisher\":{\"@id\":\"http:\\\/\\\/veleztopografia.com\\\/#organization\"},\"potentialAction\":[{\"@type\":\"SearchAction\",\"target\":{\"@type\":\"EntryPoint\",\"urlTemplate\":\"http:\\\/\\\/veleztopografia.com\\\/?s={search_term_string}\"},\"query-input\":{\"@type\":\"PropertyValueSpecification\",\"valueRequired\":true,\"valueName\":\"search_term_string\"}}],\"inLanguage\":\"es\"},{\"@type\":\"Organization\",\"@id\":\"http:\\\/\\\/veleztopografia.com\\\/#organization\",\"name\":\"V\u00e9lez Topograf\u00eda\",\"url\":\"http:\\\/\\\/veleztopografia.com\\\/\",\"logo\":{\"@type\":\"ImageObject\",\"inLanguage\":\"es\",\"@id\":\"http:\\\/\\\/veleztopografia.com\\\/#\\\/schema\\\/logo\\\/image\\\/\",\"url\":\"https:\\\/\\\/i0.wp.com\\\/veleztopografia.com\\\/wp-content\\\/uploads\\\/2019\\\/12\\\/LOGO-VELEZTOPOGRAFIA200-1.jpg?fit=400%2C200&ssl=1\",\"contentUrl\":\"https:\\\/\\\/i0.wp.com\\\/veleztopografia.com\\\/wp-content\\\/uploads\\\/2019\\\/12\\\/LOGO-VELEZTOPOGRAFIA200-1.jpg?fit=400%2C200&ssl=1\",\"width\":400,\"height\":200,\"caption\":\"V\u00e9lez Topograf\u00eda\"},\"image\":{\"@id\":\"http:\\\/\\\/veleztopografia.com\\\/#\\\/schema\\\/logo\\\/image\\\/\"},\"sameAs\":[\"https:\\\/\\\/www.facebook.com\\\/veleztopografia\",\"https:\\\/\\\/x.com\\\/alvaro_manen\",\"https:\\\/\\\/www.instagram.com\\\/alvaromanen\\\/\",\"https:\\\/\\\/www.linkedin.com\\\/in\\\/alvaro-manen-0a7b9a4b\\\/\",\"https:\\\/\\\/www.youtube.com\\\/channel\\\/UCBbmXfa52pAGpmufiMrR3qg\\\/videos\"]},{\"@type\":\"Person\",\"@id\":\"http:\\\/\\\/veleztopografia.com\\\/#\\\/schema\\\/person\\\/f77ff7cee140d8850a0f97fd34ac2601\",\"name\":\"amrtopomar@hotmail.com\",\"image\":{\"@type\":\"ImageObject\",\"inLanguage\":\"es\",\"@id\":\"https:\\\/\\\/secure.gravatar.com\\\/avatar\\\/1bebd10f775e886b97b35c18576a9d2e6b841c3f4b4f048fc10ffb01eb083731?s=96&d=mm&r=g\",\"url\":\"https:\\\/\\\/secure.gravatar.com\\\/avatar\\\/1bebd10f775e886b97b35c18576a9d2e6b841c3f4b4f048fc10ffb01eb083731?s=96&d=mm&r=g\",\"contentUrl\":\"https:\\\/\\\/secure.gravatar.com\\\/avatar\\\/1bebd10f775e886b97b35c18576a9d2e6b841c3f4b4f048fc10ffb01eb083731?s=96&d=mm&r=g\",\"caption\":\"amrtopomar@hotmail.com\"}}]}<\/script>\n<!-- \/ Yoast SEO Premium plugin. -->","yoast_head_json":{"title":"Top\u00f3grafo V\u00e9lez M\u00e1laga. Ingeniero topograf\u00eda medici\u00f3n fincas.","description":"Top\u00f3grafo en Velez-M\u00e1laga.Servicios de topograf\u00eda en la axarqu\u00eda y M\u00e1laga.Medici\u00f3n de fincas,catastro,levantamiento topogr\u00e1ficos,segregaciones,replanteosn,drones,fotogrametr\u00eda,filmaci\u00f3n a\u00e9rea..","robots":{"index":"index","follow":"follow","max-snippet":"max-snippet:-1","max-image-preview":"max-image-preview:large","max-video-preview":"max-video-preview:-1"},"canonical":"http:\/\/veleztopografia.com\/index.php\/2020\/07\/28\/topografo-en-almachar-medicion-de-superficie-de-parcela-rustica\/","og_locale":"es_ES","og_type":"article","og_title":"Top\u00f3grafo en Alm\u00e1char: Medici\u00f3n de superficie de parcela r\u00fastica","og_description":"Top\u00f3grafo en Velez-M\u00e1laga.Servicios de topograf\u00eda en la axarqu\u00eda y M\u00e1laga.Medici\u00f3n de fincas,catastro,levantamiento topogr\u00e1ficos,segregaciones,replanteosn,drones,fotogrametr\u00eda,filmaci\u00f3n a\u00e9rea..","og_url":"http:\/\/veleztopografia.com\/index.php\/2020\/07\/28\/topografo-en-almachar-medicion-de-superficie-de-parcela-rustica\/","og_site_name":"V\u00e9lez Topograf\u00eda","article_publisher":"https:\/\/www.facebook.com\/veleztopografia","article_published_time":"2020-07-28T15:55:40+00:00","article_modified_time":"2020-07-29T15:23:54+00:00","og_image":[{"width":1500,"height":2000,"url":"https:\/\/i0.wp.com\/veleztopografia.com\/wp-content\/uploads\/2020\/07\/IMG_20200722_193216.jpg?fit=1500%2C2000","type":"image\/jpeg"}],"author":"amrtopomar@hotmail.com","twitter_card":"summary_large_image","twitter_creator":"@alvaro_manen","twitter_site":"@alvaro_manen","twitter_misc":{"Escrito por":"amrtopomar@hotmail.com","Tiempo de lectura":"1 minuto"},"schema":{"@context":"https:\/\/schema.org","@graph":[{"@type":"Article","@id":"http:\/\/veleztopografia.com\/index.php\/2020\/07\/28\/topografo-en-almachar-medicion-de-superficie-de-parcela-rustica\/#article","isPartOf":{"@id":"http:\/\/veleztopografia.com\/index.php\/2020\/07\/28\/topografo-en-almachar-medicion-de-superficie-de-parcela-rustica\/"},"author":{"name":"amrtopomar@hotmail.com","@id":"http:\/\/veleztopografia.com\/#\/schema\/person\/f77ff7cee140d8850a0f97fd34ac2601"},"headline":"Top\u00f3grafo en Alm\u00e1char: Medici\u00f3n de superficie de parcela r\u00fastica","datePublished":"2020-07-28T15:55:40+00:00","dateModified":"2020-07-29T15:23:54+00:00","mainEntityOfPage":{"@id":"http:\/\/veleztopografia.com\/index.php\/2020\/07\/28\/topografo-en-almachar-medicion-de-superficie-de-parcela-rustica\/"},"wordCount":145,"commentCount":0,"publisher":{"@id":"http:\/\/veleztopografia.com\/#organization"},"image":{"@id":"http:\/\/veleztopografia.com\/index.php\/2020\/07\/28\/topografo-en-almachar-medicion-de-superficie-de-parcela-rustica\/#primaryimage"},"thumbnailUrl":"https:\/\/veleztopografia.com\/wp-content\/uploads\/2020\/07\/IMG_20200722_193216.jpg","keywords":["almachar","apero","catastro","ingeniero topografo","medicion de parcela rustica","replanteo","top\u00f3grafo"],"articleSection":["Blog"],"inLanguage":"es","potentialAction":[{"@type":"CommentAction","name":"Comment","target":["http:\/\/veleztopografia.com\/index.php\/2020\/07\/28\/topografo-en-almachar-medicion-de-superficie-de-parcela-rustica\/#respond"]}]},{"@type":"WebPage","@id":"http:\/\/veleztopografia.com\/index.php\/2020\/07\/28\/topografo-en-almachar-medicion-de-superficie-de-parcela-rustica\/","url":"http:\/\/veleztopografia.com\/index.php\/2020\/07\/28\/topografo-en-almachar-medicion-de-superficie-de-parcela-rustica\/","name":"Top\u00f3grafo V\u00e9lez M\u00e1laga. Ingeniero topograf\u00eda medici\u00f3n fincas.","isPartOf":{"@id":"http:\/\/veleztopografia.com\/#website"},"primaryImageOfPage":{"@id":"http:\/\/veleztopografia.com\/index.php\/2020\/07\/28\/topografo-en-almachar-medicion-de-superficie-de-parcela-rustica\/#primaryimage"},"image":{"@id":"http:\/\/veleztopografia.com\/index.php\/2020\/07\/28\/topografo-en-almachar-medicion-de-superficie-de-parcela-rustica\/#primaryimage"},"thumbnailUrl":"https:\/\/veleztopografia.com\/wp-content\/uploads\/2020\/07\/IMG_20200722_193216.jpg","datePublished":"2020-07-28T15:55:40+00:00","dateModified":"2020-07-29T15:23:54+00:00","description":"Top\u00f3grafo en Velez-M\u00e1laga.Servicios de topograf\u00eda en la axarqu\u00eda y M\u00e1laga.Medici\u00f3n de fincas,catastro,levantamiento topogr\u00e1ficos,segregaciones,replanteosn,drones,fotogrametr\u00eda,filmaci\u00f3n a\u00e9rea..","breadcrumb":{"@id":"http:\/\/veleztopografia.com\/index.php\/2020\/07\/28\/topografo-en-almachar-medicion-de-superficie-de-parcela-rustica\/#breadcrumb"},"inLanguage":"es","potentialAction":[{"@type":"ReadAction","target":["http:\/\/veleztopografia.com\/index.php\/2020\/07\/28\/topografo-en-almachar-medicion-de-superficie-de-parcela-rustica\/"]}]},{"@type":"ImageObject","inLanguage":"es","@id":"http:\/\/veleztopografia.com\/index.php\/2020\/07\/28\/topografo-en-almachar-medicion-de-superficie-de-parcela-rustica\/#primaryimage","url":"https:\/\/veleztopografia.com\/wp-content\/uploads\/2020\/07\/IMG_20200722_193216.jpg","contentUrl":"https:\/\/veleztopografia.com\/wp-content\/uploads\/2020\/07\/IMG_20200722_193216.jpg","width":1500,"height":2000,"caption":"topografo almachar medicion parcela"},{"@type":"BreadcrumbList","@id":"http:\/\/veleztopografia.com\/index.php\/2020\/07\/28\/topografo-en-almachar-medicion-de-superficie-de-parcela-rustica\/#breadcrumb","itemListElement":[{"@type":"ListItem","position":1,"name":"Portada","item":"http:\/\/veleztopografia.com\/"},{"@type":"ListItem","position":2,"name":"Top\u00f3grafo en Alm\u00e1char: Medici\u00f3n de superficie de parcela r\u00fastica"}]},{"@type":"WebSite","@id":"http:\/\/veleztopografia.com\/#website","url":"http:\/\/veleztopografia.com\/","name":"V\u00e9lez Topograf\u00eda","description":"Top\u00f3grafo de V\u00e9lez-M\u00e1laga. Servicios de topografia en la Axarqu\u00eda y M\u00e1laga.Medici\u00f3n de fincas,catastro,validacion gr\u00e1fica,etc..","publisher":{"@id":"http:\/\/veleztopografia.com\/#organization"},"potentialAction":[{"@type":"SearchAction","target":{"@type":"EntryPoint","urlTemplate":"http:\/\/veleztopografia.com\/?s={search_term_string}"},"query-input":{"@type":"PropertyValueSpecification","valueRequired":true,"valueName":"search_term_string"}}],"inLanguage":"es"},{"@type":"Organization","@id":"http:\/\/veleztopografia.com\/#organization","name":"V\u00e9lez Topograf\u00eda","url":"http:\/\/veleztopografia.com\/","logo":{"@type":"ImageObject","inLanguage":"es","@id":"http:\/\/veleztopografia.com\/#\/schema\/logo\/image\/","url":"https:\/\/i0.wp.com\/veleztopografia.com\/wp-content\/uploads\/2019\/12\/LOGO-VELEZTOPOGRAFIA200-1.jpg?fit=400%2C200&ssl=1","contentUrl":"https:\/\/i0.wp.com\/veleztopografia.com\/wp-content\/uploads\/2019\/12\/LOGO-VELEZTOPOGRAFIA200-1.jpg?fit=400%2C200&ssl=1","width":400,"height":200,"caption":"V\u00e9lez Topograf\u00eda"},"image":{"@id":"http:\/\/veleztopografia.com\/#\/schema\/logo\/image\/"},"sameAs":["https:\/\/www.facebook.com\/veleztopografia","https:\/\/x.com\/alvaro_manen","https:\/\/www.instagram.com\/alvaromanen\/","https:\/\/www.linkedin.com\/in\/alvaro-manen-0a7b9a4b\/","https:\/\/www.youtube.com\/channel\/UCBbmXfa52pAGpmufiMrR3qg\/videos"]},{"@type":"Person","@id":"http:\/\/veleztopografia.com\/#\/schema\/person\/f77ff7cee140d8850a0f97fd34ac2601","name":"amrtopomar@hotmail.com","image":{"@type":"ImageObject","inLanguage":"es","@id":"https:\/\/secure.gravatar.com\/avatar\/1bebd10f775e886b97b35c18576a9d2e6b841c3f4b4f048fc10ffb01eb083731?s=96&d=mm&r=g","url":"https:\/\/secure.gravatar.com\/avatar\/1bebd10f775e886b97b35c18576a9d2e6b841c3f4b4f048fc10ffb01eb083731?s=96&d=mm&r=g","contentUrl":"https:\/\/secure.gravatar.com\/avatar\/1bebd10f775e886b97b35c18576a9d2e6b841c3f4b4f048fc10ffb01eb083731?s=96&d=mm&r=g","caption":"amrtopomar@hotmail.com"}}]}},"uagb_featured_image_src":{"full":["https:\/\/veleztopografia.com\/wp-content\/uploads\/2020\/07\/IMG_20200722_193216.jpg",1500,2000,false],"thumbnail":["https:\/\/veleztopografia.com\/wp-content\/uploads\/2020\/07\/IMG_20200722_193216-150x150.jpg",150,150,true],"medium":["https:\/\/veleztopografia.com\/wp-content\/uploads\/2020\/07\/IMG_20200722_193216-225x300.jpg",225,300,true],"medium_large":["https:\/\/veleztopografia.com\/wp-content\/uploads\/2020\/07\/IMG_20200722_193216-768x1024.jpg",768,1024,true],"large":["https:\/\/veleztopografia.com\/wp-content\/uploads\/2020\/07\/IMG_20200722_193216-768x1024.jpg",768,1024,true],"1536x1536":["https:\/\/veleztopografia.com\/wp-content\/uploads\/2020\/07\/IMG_20200722_193216-1152x1536.jpg",1152,1536,true],"2048x2048":["https:\/\/veleztopografia.com\/wp-content\/uploads\/2020\/07\/IMG_20200722_193216.jpg",1500,2000,false],"wpvr_mobile":["https:\/\/veleztopografia.com\/wp-content\/uploads\/2020\/07\/IMG_20200722_193216.jpg",1500,2000,false]},"uagb_author_info":{"display_name":"amrtopomar@hotmail.com","author_link":"https:\/\/veleztopografia.com\/index.php\/author\/amrtopomarhotmail-com\/"},"uagb_comment_info":0,"uagb_excerpt":"Un vecino de V\u00e9lez-M\u00e1laga ha solicitado los servicios de V\u00e9lez Topograf\u00eda, porque deseaba conocer que superficie real tiene su parcela y cuales eran las lindes catastrales de la misma. Casualmente nuestro cliente era un viejo amigo con el que trabaj\u00e9 hace unos a\u00f1os en una empresa de movimientos de tierra. Con la superficie real obtenida&hellip;","_links":{"self":[{"href":"https:\/\/veleztopografia.com\/index.php\/wp-json\/wp\/v2\/posts\/2406","targetHints":{"allow":["GET"]}}],"collection":[{"href":"https:\/\/veleztopografia.com\/index.php\/wp-json\/wp\/v2\/posts"}],"about":[{"href":"https:\/\/veleztopografia.com\/index.php\/wp-json\/wp\/v2\/types\/post"}],"author":[{"embeddable":true,"href":"https:\/\/veleztopografia.com\/index.php\/wp-json\/wp\/v2\/users\/1"}],"replies":[{"embeddable":true,"href":"https:\/\/veleztopografia.com\/index.php\/wp-json\/wp\/v2\/comments?post=2406"}],"version-history":[{"count":6,"href":"https:\/\/veleztopografia.com\/index.php\/wp-json\/wp\/v2\/posts\/2406\/revisions"}],"predecessor-version":[{"id":2418,"href":"https:\/\/veleztopografia.com\/index.php\/wp-json\/wp\/v2\/posts\/2406\/revisions\/2418"}],"wp:featuredmedia":[{"embeddable":true,"href":"https:\/\/veleztopografia.com\/index.php\/wp-json\/wp\/v2\/media\/2407"}],"wp:attachment":[{"href":"https:\/\/veleztopografia.com\/index.php\/wp-json\/wp\/v2\/media?parent=2406"}],"wp:term":[{"taxonomy":"category","embeddable":true,"href":"https:\/\/veleztopografia.com\/index.php\/wp-json\/wp\/v2\/categories?post=2406"},{"taxonomy":"post_tag","embeddable":true,"href":"https:\/\/veleztopografia.com\/index.php\/wp-json\/wp\/v2\/tags?post=2406"}],"curies":[{"name":"wp","href":"https:\/\/api.w.org\/{rel}","templated":true}]}}