{"id":2402,"date":"2020-07-24T14:54:18","date_gmt":"2020-07-24T14:54:18","guid":{"rendered":"http:\/\/veleztopografia.com\/?p=2402"},"modified":"2020-07-24T14:55:14","modified_gmt":"2020-07-24T14:55:14","slug":"levantamiento-topografico-y-modelado-3d-de-parcela-en-baviera-golf-caleta-de-velez","status":"publish","type":"post","link":"https:\/\/veleztopografia.com\/index.php\/2020\/07\/24\/levantamiento-topografico-y-modelado-3d-de-parcela-en-baviera-golf-caleta-de-velez\/","title":{"rendered":"Levantamiento topogr\u00e1fico y modelado 3d de parcela en Baviera Golf, Caleta de V\u00e9lez."},"content":{"rendered":"\n<p>Esta semana la cosa va de campos de Golf, pero con diferentes palos.<\/p>\n\n\n\n<figure class=\"wp-block-gallery columns-2 is-cropped wp-block-gallery-2 is-layout-flex wp-block-gallery-is-layout-flex\"><ul class=\"blocks-gallery-grid\"><li class=\"blocks-gallery-item\"><figure><img fetchpriority=\"high\" decoding=\"async\" width=\"1024\" height=\"715\" src=\"http:\/\/veleztopografia.com\/wp-content\/uploads\/2020\/07\/IMG_20200720_120540-1024x715.jpg\" alt=\"topografo en caleta de velez campo de golf baviera\" data-id=\"2404\" data-full-url=\"http:\/\/veleztopografia.com\/wp-content\/uploads\/2020\/07\/IMG_20200720_120540.jpg\" data-link=\"http:\/\/veleztopografia.com\/?attachment_id=2404\" class=\"wp-image-2404\" srcset=\"https:\/\/veleztopografia.com\/wp-content\/uploads\/2020\/07\/IMG_20200720_120540-1024x715.jpg 1024w, https:\/\/veleztopografia.com\/wp-content\/uploads\/2020\/07\/IMG_20200720_120540-300x209.jpg 300w, https:\/\/veleztopografia.com\/wp-content\/uploads\/2020\/07\/IMG_20200720_120540-768x536.jpg 768w, https:\/\/veleztopografia.com\/wp-content\/uploads\/2020\/07\/IMG_20200720_120540-1536x1072.jpg 1536w, https:\/\/veleztopografia.com\/wp-content\/uploads\/2020\/07\/IMG_20200720_120540.jpg 2000w\" sizes=\"(max-width: 1024px) 100vw, 1024px\" \/><\/figure><\/li><li class=\"blocks-gallery-item\"><figure><img decoding=\"async\" width=\"1024\" height=\"772\" src=\"http:\/\/veleztopografia.com\/wp-content\/uploads\/2020\/07\/IMG_20200724_070619-1024x772.jpg\" alt=\"topografo en caleta de velez campo de golf baviera\" data-id=\"2403\" data-full-url=\"http:\/\/veleztopografia.com\/wp-content\/uploads\/2020\/07\/IMG_20200724_070619.jpg\" data-link=\"http:\/\/veleztopografia.com\/?attachment_id=2403\" class=\"wp-image-2403\" srcset=\"https:\/\/veleztopografia.com\/wp-content\/uploads\/2020\/07\/IMG_20200724_070619-1024x772.jpg 1024w, https:\/\/veleztopografia.com\/wp-content\/uploads\/2020\/07\/IMG_20200724_070619-300x226.jpg 300w, https:\/\/veleztopografia.com\/wp-content\/uploads\/2020\/07\/IMG_20200724_070619-768x579.jpg 768w, https:\/\/veleztopografia.com\/wp-content\/uploads\/2020\/07\/IMG_20200724_070619-1536x1157.jpg 1536w, https:\/\/veleztopografia.com\/wp-content\/uploads\/2020\/07\/IMG_20200724_070619.jpg 2000w\" sizes=\"(max-width: 1024px) 100vw, 1024px\" \/><\/figure><\/li><\/ul><\/figure>\n\n\n\n<p>Hemos realizado un levantamiento topogr\u00e1fico, de detalle, de unas de la parcelas colindantes al Campo de Golf Baviera, con el fin de iniciar un nuevo <\/p>\n\n\n\n<p>proyecto de construcci\u00f3n en la misma.<\/p>\n\n\n\n<p>Contratar un <strong>top\u00f3grafo en M\u00e1laga,<\/strong> que sea profesional, es muy importante para garantizar la calidad del trabajo final.<\/p>\n\n\n\n<p>En <strong>V\u00e9lez Topograf\u00eda, <\/strong>tambi\u00e9n ofrecemos servicios de <strong>modelado 3d y grabaci\u00f3n de video con dron<\/strong>, por lo que nuestro cliente nos ha solicitado<\/p>\n\n\n\n<p>que le realicemos un modelado 3d de la parcela, el cual hemos realizado con nuestro Mavic 2 Pro, tras obtener las autorizaciones pertinentes y poder realizar<\/p>\n\n\n\n<p>infograf\u00edas en el mismo, para su posterior video promocional.<\/p>\n\n\n\n<p><\/p>\n\n\n\n<p><\/p>\n\n\n\n<ul class=\"wp-block-list\"><li><\/li><\/ul>\n","protected":false},"excerpt":{"rendered":"<p>Esta semana la cosa va de campos de Golf, pero con diferentes palos. Hemos realizado un levantamiento topogr\u00e1fico, de detalle, de unas de la parcelas colindantes al Campo de Golf Baviera, con el fin de iniciar un nuevo proyecto de construcci\u00f3n en la misma. Contratar un top\u00f3grafo en M\u00e1laga, que sea profesional, es muy importante [&hellip;]<\/p>\n","protected":false},"author":1,"featured_media":0,"comment_status":"open","ping_status":"open","sticky":false,"template":"","format":"standard","meta":{"_uag_custom_page_level_css":"","_monsterinsights_skip_tracking":false,"_monsterinsights_sitenote_active":false,"_monsterinsights_sitenote_note":"","_monsterinsights_sitenote_category":0,"site-sidebar-layout":"default","site-content-layout":"default","ast-site-content-layout":"default","site-content-style":"default","site-sidebar-style":"default","ast-global-header-display":"","ast-banner-title-visibility":"","ast-main-header-display":"","ast-hfb-above-header-display":"","ast-hfb-below-header-display":"","ast-hfb-mobile-header-display":"","site-post-title":"","ast-breadcrumbs-content":null,"ast-featured-img":"","footer-sml-layout":"","ast-disable-related-posts":"","theme-transparent-header-meta":"default","adv-header-id-meta":"","stick-header-meta":"default","header-above-stick-meta":null,"header-main-stick-meta":"","header-below-stick-meta":null,"astra-migrate-meta-layouts":"default","ast-page-background-enabled":"default","ast-page-background-meta":{"desktop":{"background-color":"","background-image":"","background-repeat":"repeat","background-position":"center center","background-size":"auto","background-attachment":"scroll","background-type":"","background-media":"","overlay-type":"","overlay-color":"","overlay-opacity":"","overlay-gradient":""},"tablet":{"background-color":"","background-image":"","background-repeat":"repeat","background-position":"center center","background-size":"auto","background-attachment":"scroll","background-type":"","background-media":"","overlay-type":"","overlay-color":"","overlay-opacity":"","overlay-gradient":""},"mobile":{"background-color":"","background-image":"","background-repeat":"repeat","background-position":"center center","background-size":"auto","background-attachment":"scroll","background-type":"","background-media":"","overlay-type":"","overlay-color":"","overlay-opacity":"","overlay-gradient":""}},"ast-content-background-meta":{"desktop":{"background-color":"var(--ast-global-color-5)","background-image":"","background-repeat":"repeat","background-position":"center center","background-size":"auto","background-attachment":"scroll","background-type":"","background-media":"","overlay-type":"","overlay-color":"","overlay-opacity":"","overlay-gradient":""},"tablet":{"background-color":"var(--ast-global-color-5)","background-image":"","background-repeat":"repeat","background-position":"center center","background-size":"auto","background-attachment":"scroll","background-type":"","background-media":"","overlay-type":"","overlay-color":"","overlay-opacity":"","overlay-gradient":""},"mobile":{"background-color":"var(--ast-global-color-5)","background-image":"","background-repeat":"repeat","background-position":"center center","background-size":"auto","background-attachment":"scroll","background-type":"","background-media":"","overlay-type":"","overlay-color":"","overlay-opacity":"","overlay-gradient":""}},"footnotes":""},"categories":[5],"tags":[161,37,158,79,75,113,162],"class_list":["post-2402","post","type-post","status-publish","format-standard","hentry","category-blog","tag-baviera","tag-caleta-de-velez","tag-campo-de-golf","tag-levantamiento-topografico","tag-mavic-2-pro","tag-modelado-3d","tag-video-dron"],"yoast_head":"<!-- This site is optimized with the Yoast SEO Premium plugin v24.1 (Yoast SEO v27.4) - https:\/\/yoast.com\/product\/yoast-seo-premium-wordpress\/ -->\n<title>Top\u00f3grafo V\u00e9lez M\u00e1laga. Ingeniero topograf\u00eda medici\u00f3n fincas.<\/title>\n<meta name=\"description\" content=\"Top\u00f3grafo en Velez-M\u00e1laga.Servicios de topograf\u00eda en la axarqu\u00eda y M\u00e1laga.Medici\u00f3n de fincas,catastro,levantamiento topogr\u00e1ficos,segregaciones,replanteosn,drones,fotogrametr\u00eda,filmaci\u00f3n a\u00e9rea..\" \/>\n<meta name=\"robots\" content=\"index, follow, max-snippet:-1, max-image-preview:large, max-video-preview:-1\" \/>\n<link rel=\"canonical\" href=\"http:\/\/veleztopografia.com\/index.php\/2020\/07\/24\/levantamiento-topografico-y-modelado-3d-de-parcela-en-baviera-golf-caleta-de-velez\/\" \/>\n<meta property=\"og:locale\" content=\"es_ES\" \/>\n<meta property=\"og:type\" content=\"article\" \/>\n<meta property=\"og:title\" content=\"Levantamiento topogr\u00e1fico y modelado 3d de parcela en Baviera Golf, Caleta de V\u00e9lez.\" \/>\n<meta property=\"og:description\" content=\"Top\u00f3grafo en Velez-M\u00e1laga.Servicios de topograf\u00eda en la axarqu\u00eda y M\u00e1laga.Medici\u00f3n de fincas,catastro,levantamiento topogr\u00e1ficos,segregaciones,replanteosn,drones,fotogrametr\u00eda,filmaci\u00f3n a\u00e9rea..\" \/>\n<meta property=\"og:url\" content=\"http:\/\/veleztopografia.com\/index.php\/2020\/07\/24\/levantamiento-topografico-y-modelado-3d-de-parcela-en-baviera-golf-caleta-de-velez\/\" \/>\n<meta property=\"og:site_name\" content=\"V\u00e9lez Topograf\u00eda\" \/>\n<meta property=\"article:publisher\" content=\"https:\/\/www.facebook.com\/veleztopografia\" \/>\n<meta property=\"article:published_time\" content=\"2020-07-24T14:54:18+00:00\" \/>\n<meta property=\"article:modified_time\" content=\"2020-07-24T14:55:14+00:00\" \/>\n<meta property=\"og:image\" content=\"http:\/\/veleztopografia.com\/wp-content\/uploads\/2020\/07\/IMG_20200720_120540-1024x715.jpg\" \/>\n<meta name=\"author\" content=\"amrtopomar@hotmail.com\" \/>\n<meta name=\"twitter:card\" content=\"summary_large_image\" \/>\n<meta name=\"twitter:creator\" content=\"@alvaro_manen\" \/>\n<meta name=\"twitter:site\" content=\"@alvaro_manen\" \/>\n<meta name=\"twitter:label1\" content=\"Escrito por\" \/>\n\t<meta name=\"twitter:data1\" content=\"amrtopomar@hotmail.com\" \/>\n\t<meta name=\"twitter:label2\" content=\"Tiempo de lectura\" \/>\n\t<meta name=\"twitter:data2\" content=\"1 minuto\" \/>\n<script type=\"application\/ld+json\" class=\"yoast-schema-graph\">{\"@context\":\"https:\\\/\\\/schema.org\",\"@graph\":[{\"@type\":\"Article\",\"@id\":\"http:\\\/\\\/veleztopografia.com\\\/index.php\\\/2020\\\/07\\\/24\\\/levantamiento-topografico-y-modelado-3d-de-parcela-en-baviera-golf-caleta-de-velez\\\/#article\",\"isPartOf\":{\"@id\":\"http:\\\/\\\/veleztopografia.com\\\/index.php\\\/2020\\\/07\\\/24\\\/levantamiento-topografico-y-modelado-3d-de-parcela-en-baviera-golf-caleta-de-velez\\\/\"},\"author\":{\"name\":\"amrtopomar@hotmail.com\",\"@id\":\"http:\\\/\\\/veleztopografia.com\\\/#\\\/schema\\\/person\\\/f77ff7cee140d8850a0f97fd34ac2601\"},\"headline\":\"Levantamiento topogr\u00e1fico y modelado 3d de parcela en Baviera Golf, Caleta de V\u00e9lez.\",\"datePublished\":\"2020-07-24T14:54:18+00:00\",\"dateModified\":\"2020-07-24T14:55:14+00:00\",\"mainEntityOfPage\":{\"@id\":\"http:\\\/\\\/veleztopografia.com\\\/index.php\\\/2020\\\/07\\\/24\\\/levantamiento-topografico-y-modelado-3d-de-parcela-en-baviera-golf-caleta-de-velez\\\/\"},\"wordCount\":143,\"commentCount\":0,\"publisher\":{\"@id\":\"http:\\\/\\\/veleztopografia.com\\\/#organization\"},\"image\":{\"@id\":\"http:\\\/\\\/veleztopografia.com\\\/index.php\\\/2020\\\/07\\\/24\\\/levantamiento-topografico-y-modelado-3d-de-parcela-en-baviera-golf-caleta-de-velez\\\/#primaryimage\"},\"thumbnailUrl\":\"http:\\\/\\\/veleztopografia.com\\\/wp-content\\\/uploads\\\/2020\\\/07\\\/IMG_20200720_120540-1024x715.jpg\",\"keywords\":[\"baviera\",\"caleta de velez\",\"campo de golf\",\"levantamiento topografico\",\"mavic 2 pro\",\"modelado 3d\",\"video dron\"],\"articleSection\":[\"Blog\"],\"inLanguage\":\"es\",\"potentialAction\":[{\"@type\":\"CommentAction\",\"name\":\"Comment\",\"target\":[\"http:\\\/\\\/veleztopografia.com\\\/index.php\\\/2020\\\/07\\\/24\\\/levantamiento-topografico-y-modelado-3d-de-parcela-en-baviera-golf-caleta-de-velez\\\/#respond\"]}]},{\"@type\":\"WebPage\",\"@id\":\"http:\\\/\\\/veleztopografia.com\\\/index.php\\\/2020\\\/07\\\/24\\\/levantamiento-topografico-y-modelado-3d-de-parcela-en-baviera-golf-caleta-de-velez\\\/\",\"url\":\"http:\\\/\\\/veleztopografia.com\\\/index.php\\\/2020\\\/07\\\/24\\\/levantamiento-topografico-y-modelado-3d-de-parcela-en-baviera-golf-caleta-de-velez\\\/\",\"name\":\"Top\u00f3grafo V\u00e9lez M\u00e1laga. Ingeniero topograf\u00eda medici\u00f3n fincas.\",\"isPartOf\":{\"@id\":\"http:\\\/\\\/veleztopografia.com\\\/#website\"},\"primaryImageOfPage\":{\"@id\":\"http:\\\/\\\/veleztopografia.com\\\/index.php\\\/2020\\\/07\\\/24\\\/levantamiento-topografico-y-modelado-3d-de-parcela-en-baviera-golf-caleta-de-velez\\\/#primaryimage\"},\"image\":{\"@id\":\"http:\\\/\\\/veleztopografia.com\\\/index.php\\\/2020\\\/07\\\/24\\\/levantamiento-topografico-y-modelado-3d-de-parcela-en-baviera-golf-caleta-de-velez\\\/#primaryimage\"},\"thumbnailUrl\":\"http:\\\/\\\/veleztopografia.com\\\/wp-content\\\/uploads\\\/2020\\\/07\\\/IMG_20200720_120540-1024x715.jpg\",\"datePublished\":\"2020-07-24T14:54:18+00:00\",\"dateModified\":\"2020-07-24T14:55:14+00:00\",\"description\":\"Top\u00f3grafo en Velez-M\u00e1laga.Servicios de topograf\u00eda en la axarqu\u00eda y M\u00e1laga.Medici\u00f3n de fincas,catastro,levantamiento topogr\u00e1ficos,segregaciones,replanteosn,drones,fotogrametr\u00eda,filmaci\u00f3n a\u00e9rea..\",\"breadcrumb\":{\"@id\":\"http:\\\/\\\/veleztopografia.com\\\/index.php\\\/2020\\\/07\\\/24\\\/levantamiento-topografico-y-modelado-3d-de-parcela-en-baviera-golf-caleta-de-velez\\\/#breadcrumb\"},\"inLanguage\":\"es\",\"potentialAction\":[{\"@type\":\"ReadAction\",\"target\":[\"http:\\\/\\\/veleztopografia.com\\\/index.php\\\/2020\\\/07\\\/24\\\/levantamiento-topografico-y-modelado-3d-de-parcela-en-baviera-golf-caleta-de-velez\\\/\"]}]},{\"@type\":\"ImageObject\",\"inLanguage\":\"es\",\"@id\":\"http:\\\/\\\/veleztopografia.com\\\/index.php\\\/2020\\\/07\\\/24\\\/levantamiento-topografico-y-modelado-3d-de-parcela-en-baviera-golf-caleta-de-velez\\\/#primaryimage\",\"url\":\"https:\\\/\\\/veleztopografia.com\\\/wp-content\\\/uploads\\\/2020\\\/07\\\/IMG_20200720_120540.jpg\",\"contentUrl\":\"https:\\\/\\\/veleztopografia.com\\\/wp-content\\\/uploads\\\/2020\\\/07\\\/IMG_20200720_120540.jpg\",\"width\":2000,\"height\":1396,\"caption\":\"topografo en caleta de velez campo de golf baviera\"},{\"@type\":\"BreadcrumbList\",\"@id\":\"http:\\\/\\\/veleztopografia.com\\\/index.php\\\/2020\\\/07\\\/24\\\/levantamiento-topografico-y-modelado-3d-de-parcela-en-baviera-golf-caleta-de-velez\\\/#breadcrumb\",\"itemListElement\":[{\"@type\":\"ListItem\",\"position\":1,\"name\":\"Portada\",\"item\":\"http:\\\/\\\/veleztopografia.com\\\/\"},{\"@type\":\"ListItem\",\"position\":2,\"name\":\"Levantamiento topogr\u00e1fico y modelado 3d de parcela en Baviera Golf, Caleta de V\u00e9lez.\"}]},{\"@type\":\"WebSite\",\"@id\":\"http:\\\/\\\/veleztopografia.com\\\/#website\",\"url\":\"http:\\\/\\\/veleztopografia.com\\\/\",\"name\":\"V\u00e9lez Topograf\u00eda\",\"description\":\"Top\u00f3grafo de V\u00e9lez-M\u00e1laga. Servicios de topografia en la Axarqu\u00eda y M\u00e1laga.Medici\u00f3n de fincas,catastro,validacion gr\u00e1fica,etc..\",\"publisher\":{\"@id\":\"http:\\\/\\\/veleztopografia.com\\\/#organization\"},\"potentialAction\":[{\"@type\":\"SearchAction\",\"target\":{\"@type\":\"EntryPoint\",\"urlTemplate\":\"http:\\\/\\\/veleztopografia.com\\\/?s={search_term_string}\"},\"query-input\":{\"@type\":\"PropertyValueSpecification\",\"valueRequired\":true,\"valueName\":\"search_term_string\"}}],\"inLanguage\":\"es\"},{\"@type\":\"Organization\",\"@id\":\"http:\\\/\\\/veleztopografia.com\\\/#organization\",\"name\":\"V\u00e9lez Topograf\u00eda\",\"url\":\"http:\\\/\\\/veleztopografia.com\\\/\",\"logo\":{\"@type\":\"ImageObject\",\"inLanguage\":\"es\",\"@id\":\"http:\\\/\\\/veleztopografia.com\\\/#\\\/schema\\\/logo\\\/image\\\/\",\"url\":\"https:\\\/\\\/i0.wp.com\\\/veleztopografia.com\\\/wp-content\\\/uploads\\\/2019\\\/12\\\/LOGO-VELEZTOPOGRAFIA200-1.jpg?fit=400%2C200&ssl=1\",\"contentUrl\":\"https:\\\/\\\/i0.wp.com\\\/veleztopografia.com\\\/wp-content\\\/uploads\\\/2019\\\/12\\\/LOGO-VELEZTOPOGRAFIA200-1.jpg?fit=400%2C200&ssl=1\",\"width\":400,\"height\":200,\"caption\":\"V\u00e9lez Topograf\u00eda\"},\"image\":{\"@id\":\"http:\\\/\\\/veleztopografia.com\\\/#\\\/schema\\\/logo\\\/image\\\/\"},\"sameAs\":[\"https:\\\/\\\/www.facebook.com\\\/veleztopografia\",\"https:\\\/\\\/x.com\\\/alvaro_manen\",\"https:\\\/\\\/www.instagram.com\\\/alvaromanen\\\/\",\"https:\\\/\\\/www.linkedin.com\\\/in\\\/alvaro-manen-0a7b9a4b\\\/\",\"https:\\\/\\\/www.youtube.com\\\/channel\\\/UCBbmXfa52pAGpmufiMrR3qg\\\/videos\"]},{\"@type\":\"Person\",\"@id\":\"http:\\\/\\\/veleztopografia.com\\\/#\\\/schema\\\/person\\\/f77ff7cee140d8850a0f97fd34ac2601\",\"name\":\"amrtopomar@hotmail.com\",\"image\":{\"@type\":\"ImageObject\",\"inLanguage\":\"es\",\"@id\":\"https:\\\/\\\/secure.gravatar.com\\\/avatar\\\/1bebd10f775e886b97b35c18576a9d2e6b841c3f4b4f048fc10ffb01eb083731?s=96&d=mm&r=g\",\"url\":\"https:\\\/\\\/secure.gravatar.com\\\/avatar\\\/1bebd10f775e886b97b35c18576a9d2e6b841c3f4b4f048fc10ffb01eb083731?s=96&d=mm&r=g\",\"contentUrl\":\"https:\\\/\\\/secure.gravatar.com\\\/avatar\\\/1bebd10f775e886b97b35c18576a9d2e6b841c3f4b4f048fc10ffb01eb083731?s=96&d=mm&r=g\",\"caption\":\"amrtopomar@hotmail.com\"}}]}<\/script>\n<!-- \/ Yoast SEO Premium plugin. -->","yoast_head_json":{"title":"Top\u00f3grafo V\u00e9lez M\u00e1laga. Ingeniero topograf\u00eda medici\u00f3n fincas.","description":"Top\u00f3grafo en Velez-M\u00e1laga.Servicios de topograf\u00eda en la axarqu\u00eda y M\u00e1laga.Medici\u00f3n de fincas,catastro,levantamiento topogr\u00e1ficos,segregaciones,replanteosn,drones,fotogrametr\u00eda,filmaci\u00f3n a\u00e9rea..","robots":{"index":"index","follow":"follow","max-snippet":"max-snippet:-1","max-image-preview":"max-image-preview:large","max-video-preview":"max-video-preview:-1"},"canonical":"http:\/\/veleztopografia.com\/index.php\/2020\/07\/24\/levantamiento-topografico-y-modelado-3d-de-parcela-en-baviera-golf-caleta-de-velez\/","og_locale":"es_ES","og_type":"article","og_title":"Levantamiento topogr\u00e1fico y modelado 3d de parcela en Baviera Golf, Caleta de V\u00e9lez.","og_description":"Top\u00f3grafo en Velez-M\u00e1laga.Servicios de topograf\u00eda en la axarqu\u00eda y M\u00e1laga.Medici\u00f3n de fincas,catastro,levantamiento topogr\u00e1ficos,segregaciones,replanteosn,drones,fotogrametr\u00eda,filmaci\u00f3n a\u00e9rea..","og_url":"http:\/\/veleztopografia.com\/index.php\/2020\/07\/24\/levantamiento-topografico-y-modelado-3d-de-parcela-en-baviera-golf-caleta-de-velez\/","og_site_name":"V\u00e9lez Topograf\u00eda","article_publisher":"https:\/\/www.facebook.com\/veleztopografia","article_published_time":"2020-07-24T14:54:18+00:00","article_modified_time":"2020-07-24T14:55:14+00:00","og_image":[{"url":"http:\/\/veleztopografia.com\/wp-content\/uploads\/2020\/07\/IMG_20200720_120540-1024x715.jpg","type":"","width":"","height":""}],"author":"amrtopomar@hotmail.com","twitter_card":"summary_large_image","twitter_creator":"@alvaro_manen","twitter_site":"@alvaro_manen","twitter_misc":{"Escrito por":"amrtopomar@hotmail.com","Tiempo de lectura":"1 minuto"},"schema":{"@context":"https:\/\/schema.org","@graph":[{"@type":"Article","@id":"http:\/\/veleztopografia.com\/index.php\/2020\/07\/24\/levantamiento-topografico-y-modelado-3d-de-parcela-en-baviera-golf-caleta-de-velez\/#article","isPartOf":{"@id":"http:\/\/veleztopografia.com\/index.php\/2020\/07\/24\/levantamiento-topografico-y-modelado-3d-de-parcela-en-baviera-golf-caleta-de-velez\/"},"author":{"name":"amrtopomar@hotmail.com","@id":"http:\/\/veleztopografia.com\/#\/schema\/person\/f77ff7cee140d8850a0f97fd34ac2601"},"headline":"Levantamiento topogr\u00e1fico y modelado 3d de parcela en Baviera Golf, Caleta de V\u00e9lez.","datePublished":"2020-07-24T14:54:18+00:00","dateModified":"2020-07-24T14:55:14+00:00","mainEntityOfPage":{"@id":"http:\/\/veleztopografia.com\/index.php\/2020\/07\/24\/levantamiento-topografico-y-modelado-3d-de-parcela-en-baviera-golf-caleta-de-velez\/"},"wordCount":143,"commentCount":0,"publisher":{"@id":"http:\/\/veleztopografia.com\/#organization"},"image":{"@id":"http:\/\/veleztopografia.com\/index.php\/2020\/07\/24\/levantamiento-topografico-y-modelado-3d-de-parcela-en-baviera-golf-caleta-de-velez\/#primaryimage"},"thumbnailUrl":"http:\/\/veleztopografia.com\/wp-content\/uploads\/2020\/07\/IMG_20200720_120540-1024x715.jpg","keywords":["baviera","caleta de velez","campo de golf","levantamiento topografico","mavic 2 pro","modelado 3d","video dron"],"articleSection":["Blog"],"inLanguage":"es","potentialAction":[{"@type":"CommentAction","name":"Comment","target":["http:\/\/veleztopografia.com\/index.php\/2020\/07\/24\/levantamiento-topografico-y-modelado-3d-de-parcela-en-baviera-golf-caleta-de-velez\/#respond"]}]},{"@type":"WebPage","@id":"http:\/\/veleztopografia.com\/index.php\/2020\/07\/24\/levantamiento-topografico-y-modelado-3d-de-parcela-en-baviera-golf-caleta-de-velez\/","url":"http:\/\/veleztopografia.com\/index.php\/2020\/07\/24\/levantamiento-topografico-y-modelado-3d-de-parcela-en-baviera-golf-caleta-de-velez\/","name":"Top\u00f3grafo V\u00e9lez M\u00e1laga. Ingeniero topograf\u00eda medici\u00f3n fincas.","isPartOf":{"@id":"http:\/\/veleztopografia.com\/#website"},"primaryImageOfPage":{"@id":"http:\/\/veleztopografia.com\/index.php\/2020\/07\/24\/levantamiento-topografico-y-modelado-3d-de-parcela-en-baviera-golf-caleta-de-velez\/#primaryimage"},"image":{"@id":"http:\/\/veleztopografia.com\/index.php\/2020\/07\/24\/levantamiento-topografico-y-modelado-3d-de-parcela-en-baviera-golf-caleta-de-velez\/#primaryimage"},"thumbnailUrl":"http:\/\/veleztopografia.com\/wp-content\/uploads\/2020\/07\/IMG_20200720_120540-1024x715.jpg","datePublished":"2020-07-24T14:54:18+00:00","dateModified":"2020-07-24T14:55:14+00:00","description":"Top\u00f3grafo en Velez-M\u00e1laga.Servicios de topograf\u00eda en la axarqu\u00eda y M\u00e1laga.Medici\u00f3n de fincas,catastro,levantamiento topogr\u00e1ficos,segregaciones,replanteosn,drones,fotogrametr\u00eda,filmaci\u00f3n a\u00e9rea..","breadcrumb":{"@id":"http:\/\/veleztopografia.com\/index.php\/2020\/07\/24\/levantamiento-topografico-y-modelado-3d-de-parcela-en-baviera-golf-caleta-de-velez\/#breadcrumb"},"inLanguage":"es","potentialAction":[{"@type":"ReadAction","target":["http:\/\/veleztopografia.com\/index.php\/2020\/07\/24\/levantamiento-topografico-y-modelado-3d-de-parcela-en-baviera-golf-caleta-de-velez\/"]}]},{"@type":"ImageObject","inLanguage":"es","@id":"http:\/\/veleztopografia.com\/index.php\/2020\/07\/24\/levantamiento-topografico-y-modelado-3d-de-parcela-en-baviera-golf-caleta-de-velez\/#primaryimage","url":"https:\/\/veleztopografia.com\/wp-content\/uploads\/2020\/07\/IMG_20200720_120540.jpg","contentUrl":"https:\/\/veleztopografia.com\/wp-content\/uploads\/2020\/07\/IMG_20200720_120540.jpg","width":2000,"height":1396,"caption":"topografo en caleta de velez campo de golf baviera"},{"@type":"BreadcrumbList","@id":"http:\/\/veleztopografia.com\/index.php\/2020\/07\/24\/levantamiento-topografico-y-modelado-3d-de-parcela-en-baviera-golf-caleta-de-velez\/#breadcrumb","itemListElement":[{"@type":"ListItem","position":1,"name":"Portada","item":"http:\/\/veleztopografia.com\/"},{"@type":"ListItem","position":2,"name":"Levantamiento topogr\u00e1fico y modelado 3d de parcela en Baviera Golf, Caleta de V\u00e9lez."}]},{"@type":"WebSite","@id":"http:\/\/veleztopografia.com\/#website","url":"http:\/\/veleztopografia.com\/","name":"V\u00e9lez Topograf\u00eda","description":"Top\u00f3grafo de V\u00e9lez-M\u00e1laga. Servicios de topografia en la Axarqu\u00eda y M\u00e1laga.Medici\u00f3n de fincas,catastro,validacion gr\u00e1fica,etc..","publisher":{"@id":"http:\/\/veleztopografia.com\/#organization"},"potentialAction":[{"@type":"SearchAction","target":{"@type":"EntryPoint","urlTemplate":"http:\/\/veleztopografia.com\/?s={search_term_string}"},"query-input":{"@type":"PropertyValueSpecification","valueRequired":true,"valueName":"search_term_string"}}],"inLanguage":"es"},{"@type":"Organization","@id":"http:\/\/veleztopografia.com\/#organization","name":"V\u00e9lez Topograf\u00eda","url":"http:\/\/veleztopografia.com\/","logo":{"@type":"ImageObject","inLanguage":"es","@id":"http:\/\/veleztopografia.com\/#\/schema\/logo\/image\/","url":"https:\/\/i0.wp.com\/veleztopografia.com\/wp-content\/uploads\/2019\/12\/LOGO-VELEZTOPOGRAFIA200-1.jpg?fit=400%2C200&ssl=1","contentUrl":"https:\/\/i0.wp.com\/veleztopografia.com\/wp-content\/uploads\/2019\/12\/LOGO-VELEZTOPOGRAFIA200-1.jpg?fit=400%2C200&ssl=1","width":400,"height":200,"caption":"V\u00e9lez Topograf\u00eda"},"image":{"@id":"http:\/\/veleztopografia.com\/#\/schema\/logo\/image\/"},"sameAs":["https:\/\/www.facebook.com\/veleztopografia","https:\/\/x.com\/alvaro_manen","https:\/\/www.instagram.com\/alvaromanen\/","https:\/\/www.linkedin.com\/in\/alvaro-manen-0a7b9a4b\/","https:\/\/www.youtube.com\/channel\/UCBbmXfa52pAGpmufiMrR3qg\/videos"]},{"@type":"Person","@id":"http:\/\/veleztopografia.com\/#\/schema\/person\/f77ff7cee140d8850a0f97fd34ac2601","name":"amrtopomar@hotmail.com","image":{"@type":"ImageObject","inLanguage":"es","@id":"https:\/\/secure.gravatar.com\/avatar\/1bebd10f775e886b97b35c18576a9d2e6b841c3f4b4f048fc10ffb01eb083731?s=96&d=mm&r=g","url":"https:\/\/secure.gravatar.com\/avatar\/1bebd10f775e886b97b35c18576a9d2e6b841c3f4b4f048fc10ffb01eb083731?s=96&d=mm&r=g","contentUrl":"https:\/\/secure.gravatar.com\/avatar\/1bebd10f775e886b97b35c18576a9d2e6b841c3f4b4f048fc10ffb01eb083731?s=96&d=mm&r=g","caption":"amrtopomar@hotmail.com"}}]}},"uagb_featured_image_src":{"full":false,"thumbnail":false,"medium":false,"medium_large":false,"large":false,"1536x1536":false,"2048x2048":false,"wpvr_mobile":false},"uagb_author_info":{"display_name":"amrtopomar@hotmail.com","author_link":"https:\/\/veleztopografia.com\/index.php\/author\/amrtopomarhotmail-com\/"},"uagb_comment_info":0,"uagb_excerpt":"Esta semana la cosa va de campos de Golf, pero con diferentes palos. Hemos realizado un levantamiento topogr\u00e1fico, de detalle, de unas de la parcelas colindantes al Campo de Golf Baviera, con el fin de iniciar un nuevo proyecto de construcci\u00f3n en la misma. Contratar un top\u00f3grafo en M\u00e1laga, que sea profesional, es muy importante&hellip;","_links":{"self":[{"href":"https:\/\/veleztopografia.com\/index.php\/wp-json\/wp\/v2\/posts\/2402","targetHints":{"allow":["GET"]}}],"collection":[{"href":"https:\/\/veleztopografia.com\/index.php\/wp-json\/wp\/v2\/posts"}],"about":[{"href":"https:\/\/veleztopografia.com\/index.php\/wp-json\/wp\/v2\/types\/post"}],"author":[{"embeddable":true,"href":"https:\/\/veleztopografia.com\/index.php\/wp-json\/wp\/v2\/users\/1"}],"replies":[{"embeddable":true,"href":"https:\/\/veleztopografia.com\/index.php\/wp-json\/wp\/v2\/comments?post=2402"}],"version-history":[{"count":1,"href":"https:\/\/veleztopografia.com\/index.php\/wp-json\/wp\/v2\/posts\/2402\/revisions"}],"predecessor-version":[{"id":2405,"href":"https:\/\/veleztopografia.com\/index.php\/wp-json\/wp\/v2\/posts\/2402\/revisions\/2405"}],"wp:attachment":[{"href":"https:\/\/veleztopografia.com\/index.php\/wp-json\/wp\/v2\/media?parent=2402"}],"wp:term":[{"taxonomy":"category","embeddable":true,"href":"https:\/\/veleztopografia.com\/index.php\/wp-json\/wp\/v2\/categories?post=2402"},{"taxonomy":"post_tag","embeddable":true,"href":"https:\/\/veleztopografia.com\/index.php\/wp-json\/wp\/v2\/tags?post=2402"}],"curies":[{"name":"wp","href":"https:\/\/api.w.org\/{rel}","templated":true}]}}