{"id":2388,"date":"2020-07-17T14:38:26","date_gmt":"2020-07-17T14:38:26","guid":{"rendered":"http:\/\/veleztopografia.com\/?p=2388"},"modified":"2020-07-17T14:39:30","modified_gmt":"2020-07-17T14:39:30","slug":"legalizacion-de-finca-y-vivienda-en-cartama-malaga","status":"publish","type":"post","link":"https:\/\/veleztopografia.com\/index.php\/2020\/07\/17\/legalizacion-de-finca-y-vivienda-en-cartama-malaga\/","title":{"rendered":"Legalizaci\u00f3n de finca y vivienda en C\u00e1rtama (M\u00e1laga)"},"content":{"rendered":"\n<p>En numerosas situaciones un inmueble se encuentra construido en terrenos que no est\u00e1n indicados para ellos seg\u00fan las normativas urban\u00edsticas de la localidad o comunidad en cuesti\u00f3n.<\/p>\n\n\n\n<figure class=\"wp-block-gallery columns-2 is-cropped wp-block-gallery-2 is-layout-flex wp-block-gallery-is-layout-flex\"><ul class=\"blocks-gallery-grid\"><li class=\"blocks-gallery-item\"><figure><img fetchpriority=\"high\" decoding=\"async\" width=\"1024\" height=\"700\" src=\"http:\/\/veleztopografia.com\/wp-content\/uploads\/2020\/07\/IMG_20200716_093416-1024x700.jpg\" alt=\"topografo en cartama malaga legalizacion de viviendas\" data-id=\"2387\" data-full-url=\"http:\/\/veleztopografia.com\/wp-content\/uploads\/2020\/07\/IMG_20200716_093416-scaled.jpg\" data-link=\"http:\/\/veleztopografia.com\/img_20200716_093416\/\" class=\"wp-image-2387\" srcset=\"https:\/\/veleztopografia.com\/wp-content\/uploads\/2020\/07\/IMG_20200716_093416-1024x700.jpg 1024w, https:\/\/veleztopografia.com\/wp-content\/uploads\/2020\/07\/IMG_20200716_093416-300x205.jpg 300w, https:\/\/veleztopografia.com\/wp-content\/uploads\/2020\/07\/IMG_20200716_093416-768x525.jpg 768w, https:\/\/veleztopografia.com\/wp-content\/uploads\/2020\/07\/IMG_20200716_093416-1536x1050.jpg 1536w, https:\/\/veleztopografia.com\/wp-content\/uploads\/2020\/07\/IMG_20200716_093416-2048x1400.jpg 2048w\" sizes=\"(max-width: 1024px) 100vw, 1024px\" \/><\/figure><\/li><li class=\"blocks-gallery-item\"><figure><img decoding=\"async\" width=\"1024\" height=\"795\" src=\"http:\/\/veleztopografia.com\/wp-content\/uploads\/2020\/07\/IMG_20200716_083917-1024x795.jpg\" alt=\"topografo en cartama malaga legalizacion de viviendas\" data-id=\"2386\" data-full-url=\"http:\/\/veleztopografia.com\/wp-content\/uploads\/2020\/07\/IMG_20200716_083917-scaled.jpg\" data-link=\"http:\/\/veleztopografia.com\/img_20200716_083917\/\" class=\"wp-image-2386\" srcset=\"https:\/\/veleztopografia.com\/wp-content\/uploads\/2020\/07\/IMG_20200716_083917-1024x795.jpg 1024w, https:\/\/veleztopografia.com\/wp-content\/uploads\/2020\/07\/IMG_20200716_083917-300x233.jpg 300w, https:\/\/veleztopografia.com\/wp-content\/uploads\/2020\/07\/IMG_20200716_083917-768x596.jpg 768w, https:\/\/veleztopografia.com\/wp-content\/uploads\/2020\/07\/IMG_20200716_083917-1536x1192.jpg 1536w, https:\/\/veleztopografia.com\/wp-content\/uploads\/2020\/07\/IMG_20200716_083917-2048x1590.jpg 2048w\" sizes=\"(max-width: 1024px) 100vw, 1024px\" \/><\/figure><\/li><\/ul><\/figure>\n\n\n\n<p>Como<strong> Ingenieros T\u00e9cnicos en Topograf\u00eda<\/strong> tenemos facultad para la emisi\u00f3n de certificados de reconocimiento de antig\u00fcedad cronol\u00f3gica de edificaciones.<\/p>\n\n\n\n<p>Este documento describe y acredita la construcci\u00f3n existente en una determinada parcela as\u00ed como de la antig\u00fcedad de la misma a trav\u00e9s de fotogrametr\u00eda, todo ello en una memoria acreditada con ortofotos antiguas.<\/p>\n\n\n\n<h5 class=\"wp-block-heading\"><strong>\u00bfPara qu\u00e9 necesito un Certificado de Antig\u00fcedad?<\/strong><\/h5>\n\n\n\n<p><br>Son muchos y diversos&nbsp;los casos por los que necesitar\u00e1 un Certificado de Antig\u00fcedad, citamos alguno de ellos:<\/p>\n\n\n\n<ul class=\"wp-block-list\"><li>Proceder a escriturar en Notar\u00eda una\u00a0construcci\u00f3n.<\/li><li>Para poder inmatricular el bien inmueble en el Registro de la Propiedad.<\/li><li>Actualizar la edificaci\u00f3n de acuerdo con la divisi\u00f3n horizontal realmente existente.<\/li><li>Solicitar un cr\u00e9dito hipotecario sobre dicha propiedad.<\/li><\/ul>\n\n\n\n<p><\/p>\n\n\n\n<p><\/p>\n\n\n\n<p>El <strong>certificado de antig\u00fcedad <\/strong>de una vivienda es un documento necesario cuando dicha construcci\u00f3n no est\u00e1 escriturada o registrada y se pretende regularizar su situaci\u00f3n.<\/p>\n\n\n\n<p>El <strong>certificado de antig\u00fcedad <\/strong>es un documento que debe describir una edificaci\u00f3n existente en una parcela urban\u00edstica en el que se hace constar la inexistencia de expediente disciplinario as\u00ed como la antig\u00fcedad aproximada de la edificaci\u00f3n.<\/p>\n\n\n\n<p>Para justificar la edad aproximada de la construcci\u00f3n se pueden aportar diversos documentos y cuantos m\u00e1s se dispongan m\u00e1s f\u00e1cil ser\u00e1 demostrar lo que se pretende. Entre los documentos m\u00e1s habituales se encuentran facturas de pago de impuestos, cartas recibidas en esa direcci\u00f3n, fichas catastrales, fotograf\u00edas antiguas e incluso ortofotograf\u00eda a\u00e9reas en las que se aprecie la existencia de la construcci\u00f3n en la fecha de la toma de la fotograf\u00eda.<\/p>\n\n\n\n<p>No dude en solicitar nuestros servicios. Gestionamos o asesoramos sobre los tr\u00e1mites de\u00a0actuaci\u00f3n en Ayuntamientos, Catastro y Registro, si su objetivo es poner al d\u00eda sus\u00a0construcciones de acuerdo a la normativa vigente en cada municipio.<\/p>\n\n\n\n<p><\/p>\n","protected":false},"excerpt":{"rendered":"<p>En numerosas situaciones un inmueble se encuentra construido en terrenos que no est\u00e1n indicados para ellos seg\u00fan las normativas urban\u00edsticas de la localidad o comunidad en cuesti\u00f3n. Como Ingenieros T\u00e9cnicos en Topograf\u00eda tenemos facultad para la emisi\u00f3n de certificados de reconocimiento de antig\u00fcedad cronol\u00f3gica de edificaciones. Este documento describe y acredita la construcci\u00f3n existente en [&hellip;]<\/p>\n","protected":false},"author":1,"featured_media":0,"comment_status":"open","ping_status":"open","sticky":false,"template":"","format":"standard","meta":{"_uag_custom_page_level_css":"","_monsterinsights_skip_tracking":false,"_monsterinsights_sitenote_active":false,"_monsterinsights_sitenote_note":"","_monsterinsights_sitenote_category":0,"site-sidebar-layout":"default","site-content-layout":"default","ast-site-content-layout":"default","site-content-style":"default","site-sidebar-style":"default","ast-global-header-display":"","ast-banner-title-visibility":"","ast-main-header-display":"","ast-hfb-above-header-display":"","ast-hfb-below-header-display":"","ast-hfb-mobile-header-display":"","site-post-title":"","ast-breadcrumbs-content":null,"ast-featured-img":"","footer-sml-layout":"","ast-disable-related-posts":"","theme-transparent-header-meta":"default","adv-header-id-meta":"","stick-header-meta":"default","header-above-stick-meta":null,"header-main-stick-meta":"","header-below-stick-meta":null,"astra-migrate-meta-layouts":"default","ast-page-background-enabled":"default","ast-page-background-meta":{"desktop":{"background-color":"","background-image":"","background-repeat":"repeat","background-position":"center center","background-size":"auto","background-attachment":"scroll","background-type":"","background-media":"","overlay-type":"","overlay-color":"","overlay-opacity":"","overlay-gradient":""},"tablet":{"background-color":"","background-image":"","background-repeat":"repeat","background-position":"center center","background-size":"auto","background-attachment":"scroll","background-type":"","background-media":"","overlay-type":"","overlay-color":"","overlay-opacity":"","overlay-gradient":""},"mobile":{"background-color":"","background-image":"","background-repeat":"repeat","background-position":"center center","background-size":"auto","background-attachment":"scroll","background-type":"","background-media":"","overlay-type":"","overlay-color":"","overlay-opacity":"","overlay-gradient":""}},"ast-content-background-meta":{"desktop":{"background-color":"var(--ast-global-color-5)","background-image":"","background-repeat":"repeat","background-position":"center center","background-size":"auto","background-attachment":"scroll","background-type":"","background-media":"","overlay-type":"","overlay-color":"","overlay-opacity":"","overlay-gradient":""},"tablet":{"background-color":"var(--ast-global-color-5)","background-image":"","background-repeat":"repeat","background-position":"center center","background-size":"auto","background-attachment":"scroll","background-type":"","background-media":"","overlay-type":"","overlay-color":"","overlay-opacity":"","overlay-gradient":""},"mobile":{"background-color":"var(--ast-global-color-5)","background-image":"","background-repeat":"repeat","background-position":"center center","background-size":"auto","background-attachment":"scroll","background-type":"","background-media":"","overlay-type":"","overlay-color":"","overlay-opacity":"","overlay-gradient":""}},"footnotes":""},"categories":[5],"tags":[155,12,17,154,79,27,33,156,54],"class_list":["post-2388","post","type-post","status-publish","format-standard","hentry","category-blog","tag-ayuntamiento","tag-catastro","tag-georreferenciacion","tag-legalizacion","tag-levantamiento-topografico","tag-medicion","tag-parcela","tag-registro-de-la-propiedad","tag-vivienda"],"yoast_head":"<!-- This site is optimized with the Yoast SEO Premium plugin v24.1 (Yoast SEO v27.4) - https:\/\/yoast.com\/product\/yoast-seo-premium-wordpress\/ -->\n<title>Top\u00f3grafo V\u00e9lez M\u00e1laga. Ingeniero topograf\u00eda medici\u00f3n fincas.<\/title>\n<meta name=\"description\" content=\"Top\u00f3grafo en Velez-M\u00e1laga.Servicios de topograf\u00eda en la axarqu\u00eda y M\u00e1laga.Medici\u00f3n de fincas,catastro,levantamiento topogr\u00e1ficos,segregaciones,replanteosn,drones,fotogrametr\u00eda,filmaci\u00f3n a\u00e9rea..\" \/>\n<meta name=\"robots\" content=\"index, follow, max-snippet:-1, max-image-preview:large, max-video-preview:-1\" \/>\n<link rel=\"canonical\" href=\"http:\/\/veleztopografia.com\/index.php\/2020\/07\/17\/legalizacion-de-finca-y-vivienda-en-cartama-malaga\/\" \/>\n<meta property=\"og:locale\" content=\"es_ES\" \/>\n<meta property=\"og:type\" content=\"article\" \/>\n<meta property=\"og:title\" content=\"Legalizaci\u00f3n de finca y vivienda en C\u00e1rtama (M\u00e1laga)\" \/>\n<meta property=\"og:description\" content=\"Top\u00f3grafo en Velez-M\u00e1laga.Servicios de topograf\u00eda en la axarqu\u00eda y M\u00e1laga.Medici\u00f3n de fincas,catastro,levantamiento topogr\u00e1ficos,segregaciones,replanteosn,drones,fotogrametr\u00eda,filmaci\u00f3n a\u00e9rea..\" \/>\n<meta property=\"og:url\" content=\"http:\/\/veleztopografia.com\/index.php\/2020\/07\/17\/legalizacion-de-finca-y-vivienda-en-cartama-malaga\/\" \/>\n<meta property=\"og:site_name\" content=\"V\u00e9lez Topograf\u00eda\" \/>\n<meta property=\"article:publisher\" content=\"https:\/\/www.facebook.com\/veleztopografia\" \/>\n<meta property=\"article:published_time\" content=\"2020-07-17T14:38:26+00:00\" \/>\n<meta property=\"article:modified_time\" content=\"2020-07-17T14:39:30+00:00\" \/>\n<meta property=\"og:image\" content=\"http:\/\/veleztopografia.com\/wp-content\/uploads\/2020\/07\/IMG_20200716_093416-1024x700.jpg\" \/>\n<meta name=\"author\" content=\"amrtopomar@hotmail.com\" \/>\n<meta name=\"twitter:card\" content=\"summary_large_image\" \/>\n<meta name=\"twitter:creator\" content=\"@alvaro_manen\" \/>\n<meta name=\"twitter:site\" content=\"@alvaro_manen\" \/>\n<meta name=\"twitter:label1\" content=\"Escrito por\" \/>\n\t<meta name=\"twitter:data1\" content=\"amrtopomar@hotmail.com\" \/>\n\t<meta name=\"twitter:label2\" content=\"Tiempo de lectura\" \/>\n\t<meta name=\"twitter:data2\" content=\"2 minutos\" \/>\n<script type=\"application\/ld+json\" class=\"yoast-schema-graph\">{\"@context\":\"https:\\\/\\\/schema.org\",\"@graph\":[{\"@type\":\"Article\",\"@id\":\"http:\\\/\\\/veleztopografia.com\\\/index.php\\\/2020\\\/07\\\/17\\\/legalizacion-de-finca-y-vivienda-en-cartama-malaga\\\/#article\",\"isPartOf\":{\"@id\":\"http:\\\/\\\/veleztopografia.com\\\/index.php\\\/2020\\\/07\\\/17\\\/legalizacion-de-finca-y-vivienda-en-cartama-malaga\\\/\"},\"author\":{\"name\":\"amrtopomar@hotmail.com\",\"@id\":\"http:\\\/\\\/veleztopografia.com\\\/#\\\/schema\\\/person\\\/f77ff7cee140d8850a0f97fd34ac2601\"},\"headline\":\"Legalizaci\u00f3n de finca y vivienda en C\u00e1rtama (M\u00e1laga)\",\"datePublished\":\"2020-07-17T14:38:26+00:00\",\"dateModified\":\"2020-07-17T14:39:30+00:00\",\"mainEntityOfPage\":{\"@id\":\"http:\\\/\\\/veleztopografia.com\\\/index.php\\\/2020\\\/07\\\/17\\\/legalizacion-de-finca-y-vivienda-en-cartama-malaga\\\/\"},\"wordCount\":363,\"commentCount\":0,\"publisher\":{\"@id\":\"http:\\\/\\\/veleztopografia.com\\\/#organization\"},\"image\":{\"@id\":\"http:\\\/\\\/veleztopografia.com\\\/index.php\\\/2020\\\/07\\\/17\\\/legalizacion-de-finca-y-vivienda-en-cartama-malaga\\\/#primaryimage\"},\"thumbnailUrl\":\"http:\\\/\\\/veleztopografia.com\\\/wp-content\\\/uploads\\\/2020\\\/07\\\/IMG_20200716_093416-1024x700.jpg\",\"keywords\":[\"ayuntamiento\",\"catastro\",\"georreferenciacion\",\"legalizacion\",\"levantamiento topografico\",\"medicion\",\"parcela\",\"registro de la propiedad.\",\"vivienda\"],\"articleSection\":[\"Blog\"],\"inLanguage\":\"es\",\"potentialAction\":[{\"@type\":\"CommentAction\",\"name\":\"Comment\",\"target\":[\"http:\\\/\\\/veleztopografia.com\\\/index.php\\\/2020\\\/07\\\/17\\\/legalizacion-de-finca-y-vivienda-en-cartama-malaga\\\/#respond\"]}]},{\"@type\":\"WebPage\",\"@id\":\"http:\\\/\\\/veleztopografia.com\\\/index.php\\\/2020\\\/07\\\/17\\\/legalizacion-de-finca-y-vivienda-en-cartama-malaga\\\/\",\"url\":\"http:\\\/\\\/veleztopografia.com\\\/index.php\\\/2020\\\/07\\\/17\\\/legalizacion-de-finca-y-vivienda-en-cartama-malaga\\\/\",\"name\":\"Top\u00f3grafo V\u00e9lez M\u00e1laga. Ingeniero topograf\u00eda medici\u00f3n fincas.\",\"isPartOf\":{\"@id\":\"http:\\\/\\\/veleztopografia.com\\\/#website\"},\"primaryImageOfPage\":{\"@id\":\"http:\\\/\\\/veleztopografia.com\\\/index.php\\\/2020\\\/07\\\/17\\\/legalizacion-de-finca-y-vivienda-en-cartama-malaga\\\/#primaryimage\"},\"image\":{\"@id\":\"http:\\\/\\\/veleztopografia.com\\\/index.php\\\/2020\\\/07\\\/17\\\/legalizacion-de-finca-y-vivienda-en-cartama-malaga\\\/#primaryimage\"},\"thumbnailUrl\":\"http:\\\/\\\/veleztopografia.com\\\/wp-content\\\/uploads\\\/2020\\\/07\\\/IMG_20200716_093416-1024x700.jpg\",\"datePublished\":\"2020-07-17T14:38:26+00:00\",\"dateModified\":\"2020-07-17T14:39:30+00:00\",\"description\":\"Top\u00f3grafo en Velez-M\u00e1laga.Servicios de topograf\u00eda en la axarqu\u00eda y M\u00e1laga.Medici\u00f3n de fincas,catastro,levantamiento topogr\u00e1ficos,segregaciones,replanteosn,drones,fotogrametr\u00eda,filmaci\u00f3n a\u00e9rea..\",\"breadcrumb\":{\"@id\":\"http:\\\/\\\/veleztopografia.com\\\/index.php\\\/2020\\\/07\\\/17\\\/legalizacion-de-finca-y-vivienda-en-cartama-malaga\\\/#breadcrumb\"},\"inLanguage\":\"es\",\"potentialAction\":[{\"@type\":\"ReadAction\",\"target\":[\"http:\\\/\\\/veleztopografia.com\\\/index.php\\\/2020\\\/07\\\/17\\\/legalizacion-de-finca-y-vivienda-en-cartama-malaga\\\/\"]}]},{\"@type\":\"ImageObject\",\"inLanguage\":\"es\",\"@id\":\"http:\\\/\\\/veleztopografia.com\\\/index.php\\\/2020\\\/07\\\/17\\\/legalizacion-de-finca-y-vivienda-en-cartama-malaga\\\/#primaryimage\",\"url\":\"https:\\\/\\\/veleztopografia.com\\\/wp-content\\\/uploads\\\/2020\\\/07\\\/IMG_20200716_093416-scaled.jpg\",\"contentUrl\":\"https:\\\/\\\/veleztopografia.com\\\/wp-content\\\/uploads\\\/2020\\\/07\\\/IMG_20200716_093416-scaled.jpg\",\"width\":2560,\"height\":1750,\"caption\":\"topografo en cartama malaga legalizacion de viviendas\"},{\"@type\":\"BreadcrumbList\",\"@id\":\"http:\\\/\\\/veleztopografia.com\\\/index.php\\\/2020\\\/07\\\/17\\\/legalizacion-de-finca-y-vivienda-en-cartama-malaga\\\/#breadcrumb\",\"itemListElement\":[{\"@type\":\"ListItem\",\"position\":1,\"name\":\"Portada\",\"item\":\"http:\\\/\\\/veleztopografia.com\\\/\"},{\"@type\":\"ListItem\",\"position\":2,\"name\":\"Legalizaci\u00f3n de finca y vivienda en C\u00e1rtama (M\u00e1laga)\"}]},{\"@type\":\"WebSite\",\"@id\":\"http:\\\/\\\/veleztopografia.com\\\/#website\",\"url\":\"http:\\\/\\\/veleztopografia.com\\\/\",\"name\":\"V\u00e9lez Topograf\u00eda\",\"description\":\"Top\u00f3grafo de V\u00e9lez-M\u00e1laga. Servicios de topografia en la Axarqu\u00eda y M\u00e1laga.Medici\u00f3n de fincas,catastro,validacion gr\u00e1fica,etc..\",\"publisher\":{\"@id\":\"http:\\\/\\\/veleztopografia.com\\\/#organization\"},\"potentialAction\":[{\"@type\":\"SearchAction\",\"target\":{\"@type\":\"EntryPoint\",\"urlTemplate\":\"http:\\\/\\\/veleztopografia.com\\\/?s={search_term_string}\"},\"query-input\":{\"@type\":\"PropertyValueSpecification\",\"valueRequired\":true,\"valueName\":\"search_term_string\"}}],\"inLanguage\":\"es\"},{\"@type\":\"Organization\",\"@id\":\"http:\\\/\\\/veleztopografia.com\\\/#organization\",\"name\":\"V\u00e9lez Topograf\u00eda\",\"url\":\"http:\\\/\\\/veleztopografia.com\\\/\",\"logo\":{\"@type\":\"ImageObject\",\"inLanguage\":\"es\",\"@id\":\"http:\\\/\\\/veleztopografia.com\\\/#\\\/schema\\\/logo\\\/image\\\/\",\"url\":\"https:\\\/\\\/i0.wp.com\\\/veleztopografia.com\\\/wp-content\\\/uploads\\\/2019\\\/12\\\/LOGO-VELEZTOPOGRAFIA200-1.jpg?fit=400%2C200&ssl=1\",\"contentUrl\":\"https:\\\/\\\/i0.wp.com\\\/veleztopografia.com\\\/wp-content\\\/uploads\\\/2019\\\/12\\\/LOGO-VELEZTOPOGRAFIA200-1.jpg?fit=400%2C200&ssl=1\",\"width\":400,\"height\":200,\"caption\":\"V\u00e9lez Topograf\u00eda\"},\"image\":{\"@id\":\"http:\\\/\\\/veleztopografia.com\\\/#\\\/schema\\\/logo\\\/image\\\/\"},\"sameAs\":[\"https:\\\/\\\/www.facebook.com\\\/veleztopografia\",\"https:\\\/\\\/x.com\\\/alvaro_manen\",\"https:\\\/\\\/www.instagram.com\\\/alvaromanen\\\/\",\"https:\\\/\\\/www.linkedin.com\\\/in\\\/alvaro-manen-0a7b9a4b\\\/\",\"https:\\\/\\\/www.youtube.com\\\/channel\\\/UCBbmXfa52pAGpmufiMrR3qg\\\/videos\"]},{\"@type\":\"Person\",\"@id\":\"http:\\\/\\\/veleztopografia.com\\\/#\\\/schema\\\/person\\\/f77ff7cee140d8850a0f97fd34ac2601\",\"name\":\"amrtopomar@hotmail.com\",\"image\":{\"@type\":\"ImageObject\",\"inLanguage\":\"es\",\"@id\":\"https:\\\/\\\/secure.gravatar.com\\\/avatar\\\/1bebd10f775e886b97b35c18576a9d2e6b841c3f4b4f048fc10ffb01eb083731?s=96&d=mm&r=g\",\"url\":\"https:\\\/\\\/secure.gravatar.com\\\/avatar\\\/1bebd10f775e886b97b35c18576a9d2e6b841c3f4b4f048fc10ffb01eb083731?s=96&d=mm&r=g\",\"contentUrl\":\"https:\\\/\\\/secure.gravatar.com\\\/avatar\\\/1bebd10f775e886b97b35c18576a9d2e6b841c3f4b4f048fc10ffb01eb083731?s=96&d=mm&r=g\",\"caption\":\"amrtopomar@hotmail.com\"}}]}<\/script>\n<!-- \/ Yoast SEO Premium plugin. -->","yoast_head_json":{"title":"Top\u00f3grafo V\u00e9lez M\u00e1laga. Ingeniero topograf\u00eda medici\u00f3n fincas.","description":"Top\u00f3grafo en Velez-M\u00e1laga.Servicios de topograf\u00eda en la axarqu\u00eda y M\u00e1laga.Medici\u00f3n de fincas,catastro,levantamiento topogr\u00e1ficos,segregaciones,replanteosn,drones,fotogrametr\u00eda,filmaci\u00f3n a\u00e9rea..","robots":{"index":"index","follow":"follow","max-snippet":"max-snippet:-1","max-image-preview":"max-image-preview:large","max-video-preview":"max-video-preview:-1"},"canonical":"http:\/\/veleztopografia.com\/index.php\/2020\/07\/17\/legalizacion-de-finca-y-vivienda-en-cartama-malaga\/","og_locale":"es_ES","og_type":"article","og_title":"Legalizaci\u00f3n de finca y vivienda en C\u00e1rtama (M\u00e1laga)","og_description":"Top\u00f3grafo en Velez-M\u00e1laga.Servicios de topograf\u00eda en la axarqu\u00eda y M\u00e1laga.Medici\u00f3n de fincas,catastro,levantamiento topogr\u00e1ficos,segregaciones,replanteosn,drones,fotogrametr\u00eda,filmaci\u00f3n a\u00e9rea..","og_url":"http:\/\/veleztopografia.com\/index.php\/2020\/07\/17\/legalizacion-de-finca-y-vivienda-en-cartama-malaga\/","og_site_name":"V\u00e9lez Topograf\u00eda","article_publisher":"https:\/\/www.facebook.com\/veleztopografia","article_published_time":"2020-07-17T14:38:26+00:00","article_modified_time":"2020-07-17T14:39:30+00:00","og_image":[{"url":"http:\/\/veleztopografia.com\/wp-content\/uploads\/2020\/07\/IMG_20200716_093416-1024x700.jpg","type":"","width":"","height":""}],"author":"amrtopomar@hotmail.com","twitter_card":"summary_large_image","twitter_creator":"@alvaro_manen","twitter_site":"@alvaro_manen","twitter_misc":{"Escrito por":"amrtopomar@hotmail.com","Tiempo de lectura":"2 minutos"},"schema":{"@context":"https:\/\/schema.org","@graph":[{"@type":"Article","@id":"http:\/\/veleztopografia.com\/index.php\/2020\/07\/17\/legalizacion-de-finca-y-vivienda-en-cartama-malaga\/#article","isPartOf":{"@id":"http:\/\/veleztopografia.com\/index.php\/2020\/07\/17\/legalizacion-de-finca-y-vivienda-en-cartama-malaga\/"},"author":{"name":"amrtopomar@hotmail.com","@id":"http:\/\/veleztopografia.com\/#\/schema\/person\/f77ff7cee140d8850a0f97fd34ac2601"},"headline":"Legalizaci\u00f3n de finca y vivienda en C\u00e1rtama (M\u00e1laga)","datePublished":"2020-07-17T14:38:26+00:00","dateModified":"2020-07-17T14:39:30+00:00","mainEntityOfPage":{"@id":"http:\/\/veleztopografia.com\/index.php\/2020\/07\/17\/legalizacion-de-finca-y-vivienda-en-cartama-malaga\/"},"wordCount":363,"commentCount":0,"publisher":{"@id":"http:\/\/veleztopografia.com\/#organization"},"image":{"@id":"http:\/\/veleztopografia.com\/index.php\/2020\/07\/17\/legalizacion-de-finca-y-vivienda-en-cartama-malaga\/#primaryimage"},"thumbnailUrl":"http:\/\/veleztopografia.com\/wp-content\/uploads\/2020\/07\/IMG_20200716_093416-1024x700.jpg","keywords":["ayuntamiento","catastro","georreferenciacion","legalizacion","levantamiento topografico","medicion","parcela","registro de la propiedad.","vivienda"],"articleSection":["Blog"],"inLanguage":"es","potentialAction":[{"@type":"CommentAction","name":"Comment","target":["http:\/\/veleztopografia.com\/index.php\/2020\/07\/17\/legalizacion-de-finca-y-vivienda-en-cartama-malaga\/#respond"]}]},{"@type":"WebPage","@id":"http:\/\/veleztopografia.com\/index.php\/2020\/07\/17\/legalizacion-de-finca-y-vivienda-en-cartama-malaga\/","url":"http:\/\/veleztopografia.com\/index.php\/2020\/07\/17\/legalizacion-de-finca-y-vivienda-en-cartama-malaga\/","name":"Top\u00f3grafo V\u00e9lez M\u00e1laga. Ingeniero topograf\u00eda medici\u00f3n fincas.","isPartOf":{"@id":"http:\/\/veleztopografia.com\/#website"},"primaryImageOfPage":{"@id":"http:\/\/veleztopografia.com\/index.php\/2020\/07\/17\/legalizacion-de-finca-y-vivienda-en-cartama-malaga\/#primaryimage"},"image":{"@id":"http:\/\/veleztopografia.com\/index.php\/2020\/07\/17\/legalizacion-de-finca-y-vivienda-en-cartama-malaga\/#primaryimage"},"thumbnailUrl":"http:\/\/veleztopografia.com\/wp-content\/uploads\/2020\/07\/IMG_20200716_093416-1024x700.jpg","datePublished":"2020-07-17T14:38:26+00:00","dateModified":"2020-07-17T14:39:30+00:00","description":"Top\u00f3grafo en Velez-M\u00e1laga.Servicios de topograf\u00eda en la axarqu\u00eda y M\u00e1laga.Medici\u00f3n de fincas,catastro,levantamiento topogr\u00e1ficos,segregaciones,replanteosn,drones,fotogrametr\u00eda,filmaci\u00f3n a\u00e9rea..","breadcrumb":{"@id":"http:\/\/veleztopografia.com\/index.php\/2020\/07\/17\/legalizacion-de-finca-y-vivienda-en-cartama-malaga\/#breadcrumb"},"inLanguage":"es","potentialAction":[{"@type":"ReadAction","target":["http:\/\/veleztopografia.com\/index.php\/2020\/07\/17\/legalizacion-de-finca-y-vivienda-en-cartama-malaga\/"]}]},{"@type":"ImageObject","inLanguage":"es","@id":"http:\/\/veleztopografia.com\/index.php\/2020\/07\/17\/legalizacion-de-finca-y-vivienda-en-cartama-malaga\/#primaryimage","url":"https:\/\/veleztopografia.com\/wp-content\/uploads\/2020\/07\/IMG_20200716_093416-scaled.jpg","contentUrl":"https:\/\/veleztopografia.com\/wp-content\/uploads\/2020\/07\/IMG_20200716_093416-scaled.jpg","width":2560,"height":1750,"caption":"topografo en cartama malaga legalizacion de viviendas"},{"@type":"BreadcrumbList","@id":"http:\/\/veleztopografia.com\/index.php\/2020\/07\/17\/legalizacion-de-finca-y-vivienda-en-cartama-malaga\/#breadcrumb","itemListElement":[{"@type":"ListItem","position":1,"name":"Portada","item":"http:\/\/veleztopografia.com\/"},{"@type":"ListItem","position":2,"name":"Legalizaci\u00f3n de finca y vivienda en C\u00e1rtama (M\u00e1laga)"}]},{"@type":"WebSite","@id":"http:\/\/veleztopografia.com\/#website","url":"http:\/\/veleztopografia.com\/","name":"V\u00e9lez Topograf\u00eda","description":"Top\u00f3grafo de V\u00e9lez-M\u00e1laga. Servicios de topografia en la Axarqu\u00eda y M\u00e1laga.Medici\u00f3n de fincas,catastro,validacion gr\u00e1fica,etc..","publisher":{"@id":"http:\/\/veleztopografia.com\/#organization"},"potentialAction":[{"@type":"SearchAction","target":{"@type":"EntryPoint","urlTemplate":"http:\/\/veleztopografia.com\/?s={search_term_string}"},"query-input":{"@type":"PropertyValueSpecification","valueRequired":true,"valueName":"search_term_string"}}],"inLanguage":"es"},{"@type":"Organization","@id":"http:\/\/veleztopografia.com\/#organization","name":"V\u00e9lez Topograf\u00eda","url":"http:\/\/veleztopografia.com\/","logo":{"@type":"ImageObject","inLanguage":"es","@id":"http:\/\/veleztopografia.com\/#\/schema\/logo\/image\/","url":"https:\/\/i0.wp.com\/veleztopografia.com\/wp-content\/uploads\/2019\/12\/LOGO-VELEZTOPOGRAFIA200-1.jpg?fit=400%2C200&ssl=1","contentUrl":"https:\/\/i0.wp.com\/veleztopografia.com\/wp-content\/uploads\/2019\/12\/LOGO-VELEZTOPOGRAFIA200-1.jpg?fit=400%2C200&ssl=1","width":400,"height":200,"caption":"V\u00e9lez Topograf\u00eda"},"image":{"@id":"http:\/\/veleztopografia.com\/#\/schema\/logo\/image\/"},"sameAs":["https:\/\/www.facebook.com\/veleztopografia","https:\/\/x.com\/alvaro_manen","https:\/\/www.instagram.com\/alvaromanen\/","https:\/\/www.linkedin.com\/in\/alvaro-manen-0a7b9a4b\/","https:\/\/www.youtube.com\/channel\/UCBbmXfa52pAGpmufiMrR3qg\/videos"]},{"@type":"Person","@id":"http:\/\/veleztopografia.com\/#\/schema\/person\/f77ff7cee140d8850a0f97fd34ac2601","name":"amrtopomar@hotmail.com","image":{"@type":"ImageObject","inLanguage":"es","@id":"https:\/\/secure.gravatar.com\/avatar\/1bebd10f775e886b97b35c18576a9d2e6b841c3f4b4f048fc10ffb01eb083731?s=96&d=mm&r=g","url":"https:\/\/secure.gravatar.com\/avatar\/1bebd10f775e886b97b35c18576a9d2e6b841c3f4b4f048fc10ffb01eb083731?s=96&d=mm&r=g","contentUrl":"https:\/\/secure.gravatar.com\/avatar\/1bebd10f775e886b97b35c18576a9d2e6b841c3f4b4f048fc10ffb01eb083731?s=96&d=mm&r=g","caption":"amrtopomar@hotmail.com"}}]}},"uagb_featured_image_src":{"full":false,"thumbnail":false,"medium":false,"medium_large":false,"large":false,"1536x1536":false,"2048x2048":false,"wpvr_mobile":false},"uagb_author_info":{"display_name":"amrtopomar@hotmail.com","author_link":"https:\/\/veleztopografia.com\/index.php\/author\/amrtopomarhotmail-com\/"},"uagb_comment_info":1,"uagb_excerpt":"En numerosas situaciones un inmueble se encuentra construido en terrenos que no est\u00e1n indicados para ellos seg\u00fan las normativas urban\u00edsticas de la localidad o comunidad en cuesti\u00f3n. Como Ingenieros T\u00e9cnicos en Topograf\u00eda tenemos facultad para la emisi\u00f3n de certificados de reconocimiento de antig\u00fcedad cronol\u00f3gica de edificaciones. Este documento describe y acredita la construcci\u00f3n existente en&hellip;","_links":{"self":[{"href":"https:\/\/veleztopografia.com\/index.php\/wp-json\/wp\/v2\/posts\/2388","targetHints":{"allow":["GET"]}}],"collection":[{"href":"https:\/\/veleztopografia.com\/index.php\/wp-json\/wp\/v2\/posts"}],"about":[{"href":"https:\/\/veleztopografia.com\/index.php\/wp-json\/wp\/v2\/types\/post"}],"author":[{"embeddable":true,"href":"https:\/\/veleztopografia.com\/index.php\/wp-json\/wp\/v2\/users\/1"}],"replies":[{"embeddable":true,"href":"https:\/\/veleztopografia.com\/index.php\/wp-json\/wp\/v2\/comments?post=2388"}],"version-history":[{"count":1,"href":"https:\/\/veleztopografia.com\/index.php\/wp-json\/wp\/v2\/posts\/2388\/revisions"}],"predecessor-version":[{"id":2389,"href":"https:\/\/veleztopografia.com\/index.php\/wp-json\/wp\/v2\/posts\/2388\/revisions\/2389"}],"wp:attachment":[{"href":"https:\/\/veleztopografia.com\/index.php\/wp-json\/wp\/v2\/media?parent=2388"}],"wp:term":[{"taxonomy":"category","embeddable":true,"href":"https:\/\/veleztopografia.com\/index.php\/wp-json\/wp\/v2\/categories?post=2388"},{"taxonomy":"post_tag","embeddable":true,"href":"https:\/\/veleztopografia.com\/index.php\/wp-json\/wp\/v2\/tags?post=2388"}],"curies":[{"name":"wp","href":"https:\/\/api.w.org\/{rel}","templated":true}]}}