{"id":2256,"date":"2020-06-02T16:25:56","date_gmt":"2020-06-02T16:25:56","guid":{"rendered":"http:\/\/veleztopografia.com\/?p=2256"},"modified":"2020-06-13T06:10:31","modified_gmt":"2020-06-13T06:10:31","slug":"topografo-en-estepona-movimientos-de-tierras-en-parking-subterraneo","status":"publish","type":"post","link":"https:\/\/veleztopografia.com\/index.php\/2020\/06\/02\/topografo-en-estepona-movimientos-de-tierras-en-parking-subterraneo\/","title":{"rendered":"Top\u00f3grafo en Estepona: Movimientos de tierras en Parking Subterr\u00e1neo"},"content":{"rendered":"\t\t<div data-elementor-type=\"wp-post\" data-elementor-id=\"2256\" class=\"elementor elementor-2256\" data-elementor-post-type=\"post\">\n\t\t\t\t\t\t<section class=\"elementor-section elementor-top-section elementor-element elementor-element-118132d2 elementor-section-boxed elementor-section-height-default elementor-section-height-default\" data-id=\"118132d2\" data-element_type=\"section\" data-e-type=\"section\">\n\t\t\t\t\t\t<div class=\"elementor-container elementor-column-gap-default\">\n\t\t\t\t\t<div class=\"elementor-column elementor-col-100 elementor-top-column elementor-element elementor-element-3f3a8133\" data-id=\"3f3a8133\" data-element_type=\"column\" data-e-type=\"column\">\n\t\t\t<div class=\"elementor-widget-wrap elementor-element-populated\">\n\t\t\t\t\t\t<div class=\"elementor-element elementor-element-69c6c3a7 elementor-widget elementor-widget-text-editor\" data-id=\"69c6c3a7\" data-element_type=\"widget\" data-e-type=\"widget\" data-widget_type=\"text-editor.default\">\n\t\t\t\t<div class=\"elementor-widget-container\">\n\t\t\t\t\t\t\t\t\t\n<p>Los movimientos de tierras de cualquier obra tienen un coste que depende de la cantidad de tierra movida.<\/p>\n\n\n\n<p>Si quiere saber cu\u00e1l es esa cantidad, nosotros se la podemos medir.<\/p>\n\n\n\n<p>Para hacerlo, necesitamos hacer un levantamiento topogr\u00e1fico de la zona antes de realizar ning\u00fan movimiento y otro levantamiento al finalizar dicho movimiento.<\/p>\n\n\n\n<p>El procedimiento de <em><strong>c\u00e1lculo volum\u00e9trico<\/strong><\/em> se realiza mediante diferencia de modelos digitales del terreno procedentes de los planos topogr\u00e1ficos en las distintas fases; dando como resultado el desmonte (tierra extra\u00edda), terrapl\u00e9n (tierra aportada) y diferencia entre ambas.<\/p>\n\n\n\n<p>Dicho c\u00e1lculo de<em><strong> movimiento de tierras<\/strong><\/em> servir\u00e1 para determinar el volumen extra\u00eddo o aportado de material en un terreno ya sea tanto en arquitectura (proyectos de viviendas y explanaciones) como en ingenier\u00eda (proyectos de trazados de carreteras, taludes etc).<\/p>\n\n\n\n<p>La fase del movimiento de tierras es uno de estos puntos clave donde la topograf\u00eda es esencial para llevar a cabo la buena ejecuci\u00f3n de esta parte del proyecto y llevar un control exhaustivo, tanto altim\u00e9trico como volum\u00e9trico, de los diferentes paquetes y partidas planteados en los proyectos de estas grandes obras.<\/p>\n\n\n\n<p><a href=\"https:\/\/gabinetegarsan.es\/wp-content\/uploads\/2017\/01\/IMG-20120821-WA0002.jpg\"><\/a><\/p>\n\t\t\t\t\t\t\t\t<\/div>\n\t\t\t\t<\/div>\n\t\t\t\t\t<\/div>\n\t\t<\/div>\n\t\t\t\t\t<\/div>\n\t\t<\/section>\n\t\t\t\t<section class=\"elementor-section elementor-top-section elementor-element elementor-element-d679c30 elementor-section-boxed elementor-section-height-default elementor-section-height-default\" data-id=\"d679c30\" data-element_type=\"section\" data-e-type=\"section\">\n\t\t\t\t\t\t<div class=\"elementor-container elementor-column-gap-default\">\n\t\t\t\t\t<div class=\"elementor-column elementor-col-100 elementor-top-column elementor-element elementor-element-07b9f63\" data-id=\"07b9f63\" data-element_type=\"column\" data-e-type=\"column\">\n\t\t\t<div class=\"elementor-widget-wrap elementor-element-populated\">\n\t\t\t\t\t\t<div class=\"elementor-element elementor-element-b63bd60 elementor-widget elementor-widget-image-gallery\" data-id=\"b63bd60\" data-element_type=\"widget\" data-e-type=\"widget\" data-widget_type=\"image-gallery.default\">\n\t\t\t\t<div class=\"elementor-widget-container\">\n\t\t\t\t\t\t\t<div class=\"elementor-image-gallery\">\n\t\t\t<div id='gallery-1' class='gallery galleryid-2256 gallery-columns-1 gallery-size-full'><figure class='gallery-item'>\n\t\t\t<div class='gallery-icon landscape'>\n\t\t\t\t<a data-elementor-open-lightbox=\"yes\" data-elementor-lightbox-slideshow=\"b63bd60\" data-elementor-lightbox-title=\"IMG 20200529 125832 1\" data-elementor-lightbox-description=\"topografo en estepona movimiento de tierras parking subterraneo excavaciones\" data-e-action-hash=\"#elementor-action%3Aaction%3Dlightbox%26settings%3DeyJpZCI6MjI2MiwidXJsIjoiaHR0cHM6XC9cL3ZlbGV6dG9wb2dyYWZpYS5jb21cL3dwLWNvbnRlbnRcL3VwbG9hZHNcLzIwMjBcLzA2XC9JTUdfMjAyMDA1MjlfMTI1ODMyLTEuanBnIiwic2xpZGVzaG93IjoiYjYzYmQ2MCJ9\" title=\"IMG 20200529 125832 1\"  href='https:\/\/veleztopografia.com\/wp-content\/uploads\/2020\/06\/IMG_20200529_125832-1.jpg'><img fetchpriority=\"high\" decoding=\"async\" width=\"2500\" height=\"1667\" src=\"https:\/\/veleztopografia.com\/wp-content\/uploads\/2020\/06\/IMG_20200529_125832-1.jpg\" class=\"attachment-full size-full\" alt=\"topografo en malaga\" srcset=\"https:\/\/veleztopografia.com\/wp-content\/uploads\/2020\/06\/IMG_20200529_125832-1.jpg 2500w, https:\/\/veleztopografia.com\/wp-content\/uploads\/2020\/06\/IMG_20200529_125832-1-300x200.jpg 300w, https:\/\/veleztopografia.com\/wp-content\/uploads\/2020\/06\/IMG_20200529_125832-1-1024x683.jpg 1024w, https:\/\/veleztopografia.com\/wp-content\/uploads\/2020\/06\/IMG_20200529_125832-1-768x512.jpg 768w, https:\/\/veleztopografia.com\/wp-content\/uploads\/2020\/06\/IMG_20200529_125832-1-1536x1024.jpg 1536w, https:\/\/veleztopografia.com\/wp-content\/uploads\/2020\/06\/IMG_20200529_125832-1-2048x1366.jpg 2048w\" sizes=\"(max-width: 2500px) 100vw, 2500px\" \/><\/a>\n\t\t\t<\/div><\/figure><figure class='gallery-item'>\n\t\t\t<div class='gallery-icon portrait'>\n\t\t\t\t<a data-elementor-open-lightbox=\"yes\" data-elementor-lightbox-slideshow=\"b63bd60\" data-elementor-lightbox-title=\"IMG 20200529 112228 1\" data-elementor-lightbox-description=\"topografo en estepona movimiento de tierras parking subterraneo excavaciones\" data-e-action-hash=\"#elementor-action%3Aaction%3Dlightbox%26settings%3DeyJpZCI6MjI2MSwidXJsIjoiaHR0cHM6XC9cL3ZlbGV6dG9wb2dyYWZpYS5jb21cL3dwLWNvbnRlbnRcL3VwbG9hZHNcLzIwMjBcLzA2XC9JTUdfMjAyMDA1MjlfMTEyMjI4LTEuanBnIiwic2xpZGVzaG93IjoiYjYzYmQ2MCJ9\" title=\"IMG 20200529 112228 1\"  href='https:\/\/veleztopografia.com\/wp-content\/uploads\/2020\/06\/IMG_20200529_112228-1.jpg'><img decoding=\"async\" width=\"2029\" height=\"2500\" src=\"https:\/\/veleztopografia.com\/wp-content\/uploads\/2020\/06\/IMG_20200529_112228-1.jpg\" class=\"attachment-full size-full\" alt=\"topografo en malaga\" srcset=\"https:\/\/veleztopografia.com\/wp-content\/uploads\/2020\/06\/IMG_20200529_112228-1.jpg 2029w, https:\/\/veleztopografia.com\/wp-content\/uploads\/2020\/06\/IMG_20200529_112228-1-243x300.jpg 243w, https:\/\/veleztopografia.com\/wp-content\/uploads\/2020\/06\/IMG_20200529_112228-1-831x1024.jpg 831w, https:\/\/veleztopografia.com\/wp-content\/uploads\/2020\/06\/IMG_20200529_112228-1-768x946.jpg 768w, https:\/\/veleztopografia.com\/wp-content\/uploads\/2020\/06\/IMG_20200529_112228-1-1247x1536.jpg 1247w, https:\/\/veleztopografia.com\/wp-content\/uploads\/2020\/06\/IMG_20200529_112228-1-1662x2048.jpg 1662w\" sizes=\"(max-width: 2029px) 100vw, 2029px\" \/><\/a>\n\t\t\t<\/div><\/figure>\n\t\t<\/div>\n\t\t<\/div>\n\t\t\t\t\t\t<\/div>\n\t\t\t\t<\/div>\n\t\t\t\t\t<\/div>\n\t\t<\/div>\n\t\t\t\t\t<\/div>\n\t\t<\/section>\n\t\t\t\t<\/div>\n\t\t","protected":false},"excerpt":{"rendered":"<p>Los movimientos de tierras de cualquier obra tienen un coste que depende de la cantidad de tierra movida. Si quiere saber cu\u00e1l es esa cantidad, nosotros se la podemos medir. Para hacerlo, necesitamos hacer un levantamiento topogr\u00e1fico de la zona antes de realizar ning\u00fan movimiento y otro levantamiento al finalizar dicho movimiento. El procedimiento de [&hellip;]<\/p>\n","protected":false},"author":1,"featured_media":0,"comment_status":"open","ping_status":"open","sticky":false,"template":"","format":"standard","meta":{"_uag_custom_page_level_css":"","_monsterinsights_skip_tracking":false,"_monsterinsights_sitenote_active":false,"_monsterinsights_sitenote_note":"","_monsterinsights_sitenote_category":0,"site-sidebar-layout":"default","site-content-layout":"default","ast-site-content-layout":"default","site-content-style":"default","site-sidebar-style":"default","ast-global-header-display":"","ast-banner-title-visibility":"","ast-main-header-display":"","ast-hfb-above-header-display":"","ast-hfb-below-header-display":"","ast-hfb-mobile-header-display":"","site-post-title":"","ast-breadcrumbs-content":"","ast-featured-img":"","footer-sml-layout":"","ast-disable-related-posts":"","theme-transparent-header-meta":"default","adv-header-id-meta":"","stick-header-meta":"default","header-above-stick-meta":"","header-main-stick-meta":"","header-below-stick-meta":"","astra-migrate-meta-layouts":"default","ast-page-background-enabled":"default","ast-page-background-meta":{"desktop":{"background-color":"","background-image":"","background-repeat":"repeat","background-position":"center center","background-size":"auto","background-attachment":"scroll","background-type":"","background-media":"","overlay-type":"","overlay-color":"","overlay-opacity":"","overlay-gradient":""},"tablet":{"background-color":"","background-image":"","background-repeat":"repeat","background-position":"center center","background-size":"auto","background-attachment":"scroll","background-type":"","background-media":"","overlay-type":"","overlay-color":"","overlay-opacity":"","overlay-gradient":""},"mobile":{"background-color":"","background-image":"","background-repeat":"repeat","background-position":"center center","background-size":"auto","background-attachment":"scroll","background-type":"","background-media":"","overlay-type":"","overlay-color":"","overlay-opacity":"","overlay-gradient":""}},"ast-content-background-meta":{"desktop":{"background-color":"var(--ast-global-color-5)","background-image":"","background-repeat":"repeat","background-position":"center center","background-size":"auto","background-attachment":"scroll","background-type":"","background-media":"","overlay-type":"","overlay-color":"","overlay-opacity":"","overlay-gradient":""},"tablet":{"background-color":"var(--ast-global-color-5)","background-image":"","background-repeat":"repeat","background-position":"center center","background-size":"auto","background-attachment":"scroll","background-type":"","background-media":"","overlay-type":"","overlay-color":"","overlay-opacity":"","overlay-gradient":""},"mobile":{"background-color":"var(--ast-global-color-5)","background-image":"","background-repeat":"repeat","background-position":"center center","background-size":"auto","background-attachment":"scroll","background-type":"","background-media":"","overlay-type":"","overlay-color":"","overlay-opacity":"","overlay-gradient":""}},"footnotes":""},"categories":[5],"tags":[131,129,130,16,43,132],"class_list":["post-2256","post","type-post","status-publish","format-standard","hentry","category-blog","tag-certificaciones","tag-estepona","tag-excavacion","tag-ingeniero-topografo","tag-movimiento-de-tierras","tag-parking-subterraneo"],"yoast_head":"<!-- This site is optimized with the Yoast SEO Premium plugin v24.1 (Yoast SEO v27.4) - https:\/\/yoast.com\/product\/yoast-seo-premium-wordpress\/ -->\n<title>Top\u00f3grafo V\u00e9lez M\u00e1laga. Ingeniero topograf\u00eda medici\u00f3n fincas.<\/title>\n<meta name=\"description\" content=\"Top\u00f3grafo en Velez-M\u00e1laga.Servicios de topograf\u00eda en la axarqu\u00eda y M\u00e1laga.Medici\u00f3n de fincas,catastro,levantamiento topogr\u00e1ficos,segregaciones,replanteosn,drones,fotogrametr\u00eda,filmaci\u00f3n a\u00e9rea..\" \/>\n<meta name=\"robots\" content=\"index, follow, max-snippet:-1, max-image-preview:large, max-video-preview:-1\" \/>\n<link rel=\"canonical\" href=\"http:\/\/veleztopografia.com\/index.php\/2020\/06\/02\/topografo-en-estepona-movimientos-de-tierras-en-parking-subterraneo\/\" \/>\n<meta property=\"og:locale\" content=\"es_ES\" \/>\n<meta property=\"og:type\" content=\"article\" \/>\n<meta property=\"og:title\" content=\"Top\u00f3grafo en Estepona: Movimientos de tierras en Parking Subterr\u00e1neo\" \/>\n<meta property=\"og:description\" content=\"Top\u00f3grafo en Velez-M\u00e1laga.Servicios de topograf\u00eda en la axarqu\u00eda y M\u00e1laga.Medici\u00f3n de fincas,catastro,levantamiento topogr\u00e1ficos,segregaciones,replanteosn,drones,fotogrametr\u00eda,filmaci\u00f3n a\u00e9rea..\" \/>\n<meta property=\"og:url\" content=\"http:\/\/veleztopografia.com\/index.php\/2020\/06\/02\/topografo-en-estepona-movimientos-de-tierras-en-parking-subterraneo\/\" \/>\n<meta property=\"og:site_name\" content=\"V\u00e9lez Topograf\u00eda\" \/>\n<meta property=\"article:publisher\" content=\"https:\/\/www.facebook.com\/veleztopografia\" \/>\n<meta property=\"article:published_time\" content=\"2020-06-02T16:25:56+00:00\" \/>\n<meta property=\"article:modified_time\" content=\"2020-06-13T06:10:31+00:00\" \/>\n<meta name=\"author\" content=\"amrtopomar@hotmail.com\" \/>\n<meta name=\"twitter:card\" content=\"summary_large_image\" \/>\n<meta name=\"twitter:creator\" content=\"@alvaro_manen\" \/>\n<meta name=\"twitter:site\" content=\"@alvaro_manen\" \/>\n<meta name=\"twitter:label1\" content=\"Escrito por\" \/>\n\t<meta name=\"twitter:data1\" content=\"amrtopomar@hotmail.com\" \/>\n\t<meta name=\"twitter:label2\" content=\"Tiempo de lectura\" \/>\n\t<meta name=\"twitter:data2\" content=\"1 minuto\" \/>\n<script type=\"application\/ld+json\" class=\"yoast-schema-graph\">{\"@context\":\"https:\\\/\\\/schema.org\",\"@graph\":[{\"@type\":\"Article\",\"@id\":\"http:\\\/\\\/veleztopografia.com\\\/index.php\\\/2020\\\/06\\\/02\\\/topografo-en-estepona-movimientos-de-tierras-en-parking-subterraneo\\\/#article\",\"isPartOf\":{\"@id\":\"http:\\\/\\\/veleztopografia.com\\\/index.php\\\/2020\\\/06\\\/02\\\/topografo-en-estepona-movimientos-de-tierras-en-parking-subterraneo\\\/\"},\"author\":{\"name\":\"amrtopomar@hotmail.com\",\"@id\":\"http:\\\/\\\/veleztopografia.com\\\/#\\\/schema\\\/person\\\/f77ff7cee140d8850a0f97fd34ac2601\"},\"headline\":\"Top\u00f3grafo en Estepona: Movimientos de tierras en Parking Subterr\u00e1neo\",\"datePublished\":\"2020-06-02T16:25:56+00:00\",\"dateModified\":\"2020-06-13T06:10:31+00:00\",\"mainEntityOfPage\":{\"@id\":\"http:\\\/\\\/veleztopografia.com\\\/index.php\\\/2020\\\/06\\\/02\\\/topografo-en-estepona-movimientos-de-tierras-en-parking-subterraneo\\\/\"},\"wordCount\":206,\"commentCount\":0,\"publisher\":{\"@id\":\"http:\\\/\\\/veleztopografia.com\\\/#organization\"},\"keywords\":[\"certificaciones\",\"estepona\",\"excavacion\",\"ingeniero topografo\",\"movimiento de tierras\",\"parking subterr\u00e1neo\"],\"articleSection\":[\"Blog\"],\"inLanguage\":\"es\",\"potentialAction\":[{\"@type\":\"CommentAction\",\"name\":\"Comment\",\"target\":[\"http:\\\/\\\/veleztopografia.com\\\/index.php\\\/2020\\\/06\\\/02\\\/topografo-en-estepona-movimientos-de-tierras-en-parking-subterraneo\\\/#respond\"]}]},{\"@type\":\"WebPage\",\"@id\":\"http:\\\/\\\/veleztopografia.com\\\/index.php\\\/2020\\\/06\\\/02\\\/topografo-en-estepona-movimientos-de-tierras-en-parking-subterraneo\\\/\",\"url\":\"http:\\\/\\\/veleztopografia.com\\\/index.php\\\/2020\\\/06\\\/02\\\/topografo-en-estepona-movimientos-de-tierras-en-parking-subterraneo\\\/\",\"name\":\"Top\u00f3grafo V\u00e9lez M\u00e1laga. Ingeniero topograf\u00eda medici\u00f3n fincas.\",\"isPartOf\":{\"@id\":\"http:\\\/\\\/veleztopografia.com\\\/#website\"},\"datePublished\":\"2020-06-02T16:25:56+00:00\",\"dateModified\":\"2020-06-13T06:10:31+00:00\",\"description\":\"Top\u00f3grafo en Velez-M\u00e1laga.Servicios de topograf\u00eda en la axarqu\u00eda y M\u00e1laga.Medici\u00f3n de fincas,catastro,levantamiento topogr\u00e1ficos,segregaciones,replanteosn,drones,fotogrametr\u00eda,filmaci\u00f3n a\u00e9rea..\",\"breadcrumb\":{\"@id\":\"http:\\\/\\\/veleztopografia.com\\\/index.php\\\/2020\\\/06\\\/02\\\/topografo-en-estepona-movimientos-de-tierras-en-parking-subterraneo\\\/#breadcrumb\"},\"inLanguage\":\"es\",\"potentialAction\":[{\"@type\":\"ReadAction\",\"target\":[\"http:\\\/\\\/veleztopografia.com\\\/index.php\\\/2020\\\/06\\\/02\\\/topografo-en-estepona-movimientos-de-tierras-en-parking-subterraneo\\\/\"]}]},{\"@type\":\"BreadcrumbList\",\"@id\":\"http:\\\/\\\/veleztopografia.com\\\/index.php\\\/2020\\\/06\\\/02\\\/topografo-en-estepona-movimientos-de-tierras-en-parking-subterraneo\\\/#breadcrumb\",\"itemListElement\":[{\"@type\":\"ListItem\",\"position\":1,\"name\":\"Portada\",\"item\":\"http:\\\/\\\/veleztopografia.com\\\/\"},{\"@type\":\"ListItem\",\"position\":2,\"name\":\"Top\u00f3grafo en Estepona: Movimientos de tierras en Parking Subterr\u00e1neo\"}]},{\"@type\":\"WebSite\",\"@id\":\"http:\\\/\\\/veleztopografia.com\\\/#website\",\"url\":\"http:\\\/\\\/veleztopografia.com\\\/\",\"name\":\"V\u00e9lez Topograf\u00eda\",\"description\":\"Top\u00f3grafo de V\u00e9lez-M\u00e1laga. Servicios de topografia en la Axarqu\u00eda y M\u00e1laga.Medici\u00f3n de fincas,catastro,validacion gr\u00e1fica,etc..\",\"publisher\":{\"@id\":\"http:\\\/\\\/veleztopografia.com\\\/#organization\"},\"potentialAction\":[{\"@type\":\"SearchAction\",\"target\":{\"@type\":\"EntryPoint\",\"urlTemplate\":\"http:\\\/\\\/veleztopografia.com\\\/?s={search_term_string}\"},\"query-input\":{\"@type\":\"PropertyValueSpecification\",\"valueRequired\":true,\"valueName\":\"search_term_string\"}}],\"inLanguage\":\"es\"},{\"@type\":\"Organization\",\"@id\":\"http:\\\/\\\/veleztopografia.com\\\/#organization\",\"name\":\"V\u00e9lez Topograf\u00eda\",\"url\":\"http:\\\/\\\/veleztopografia.com\\\/\",\"logo\":{\"@type\":\"ImageObject\",\"inLanguage\":\"es\",\"@id\":\"http:\\\/\\\/veleztopografia.com\\\/#\\\/schema\\\/logo\\\/image\\\/\",\"url\":\"https:\\\/\\\/i0.wp.com\\\/veleztopografia.com\\\/wp-content\\\/uploads\\\/2019\\\/12\\\/LOGO-VELEZTOPOGRAFIA200-1.jpg?fit=400%2C200&ssl=1\",\"contentUrl\":\"https:\\\/\\\/i0.wp.com\\\/veleztopografia.com\\\/wp-content\\\/uploads\\\/2019\\\/12\\\/LOGO-VELEZTOPOGRAFIA200-1.jpg?fit=400%2C200&ssl=1\",\"width\":400,\"height\":200,\"caption\":\"V\u00e9lez Topograf\u00eda\"},\"image\":{\"@id\":\"http:\\\/\\\/veleztopografia.com\\\/#\\\/schema\\\/logo\\\/image\\\/\"},\"sameAs\":[\"https:\\\/\\\/www.facebook.com\\\/veleztopografia\",\"https:\\\/\\\/x.com\\\/alvaro_manen\",\"https:\\\/\\\/www.instagram.com\\\/alvaromanen\\\/\",\"https:\\\/\\\/www.linkedin.com\\\/in\\\/alvaro-manen-0a7b9a4b\\\/\",\"https:\\\/\\\/www.youtube.com\\\/channel\\\/UCBbmXfa52pAGpmufiMrR3qg\\\/videos\"]},{\"@type\":\"Person\",\"@id\":\"http:\\\/\\\/veleztopografia.com\\\/#\\\/schema\\\/person\\\/f77ff7cee140d8850a0f97fd34ac2601\",\"name\":\"amrtopomar@hotmail.com\",\"image\":{\"@type\":\"ImageObject\",\"inLanguage\":\"es\",\"@id\":\"https:\\\/\\\/secure.gravatar.com\\\/avatar\\\/1bebd10f775e886b97b35c18576a9d2e6b841c3f4b4f048fc10ffb01eb083731?s=96&d=mm&r=g\",\"url\":\"https:\\\/\\\/secure.gravatar.com\\\/avatar\\\/1bebd10f775e886b97b35c18576a9d2e6b841c3f4b4f048fc10ffb01eb083731?s=96&d=mm&r=g\",\"contentUrl\":\"https:\\\/\\\/secure.gravatar.com\\\/avatar\\\/1bebd10f775e886b97b35c18576a9d2e6b841c3f4b4f048fc10ffb01eb083731?s=96&d=mm&r=g\",\"caption\":\"amrtopomar@hotmail.com\"}}]}<\/script>\n<!-- \/ Yoast SEO Premium plugin. -->","yoast_head_json":{"title":"Top\u00f3grafo V\u00e9lez M\u00e1laga. Ingeniero topograf\u00eda medici\u00f3n fincas.","description":"Top\u00f3grafo en Velez-M\u00e1laga.Servicios de topograf\u00eda en la axarqu\u00eda y M\u00e1laga.Medici\u00f3n de fincas,catastro,levantamiento topogr\u00e1ficos,segregaciones,replanteosn,drones,fotogrametr\u00eda,filmaci\u00f3n a\u00e9rea..","robots":{"index":"index","follow":"follow","max-snippet":"max-snippet:-1","max-image-preview":"max-image-preview:large","max-video-preview":"max-video-preview:-1"},"canonical":"http:\/\/veleztopografia.com\/index.php\/2020\/06\/02\/topografo-en-estepona-movimientos-de-tierras-en-parking-subterraneo\/","og_locale":"es_ES","og_type":"article","og_title":"Top\u00f3grafo en Estepona: Movimientos de tierras en Parking Subterr\u00e1neo","og_description":"Top\u00f3grafo en Velez-M\u00e1laga.Servicios de topograf\u00eda en la axarqu\u00eda y M\u00e1laga.Medici\u00f3n de fincas,catastro,levantamiento topogr\u00e1ficos,segregaciones,replanteosn,drones,fotogrametr\u00eda,filmaci\u00f3n a\u00e9rea..","og_url":"http:\/\/veleztopografia.com\/index.php\/2020\/06\/02\/topografo-en-estepona-movimientos-de-tierras-en-parking-subterraneo\/","og_site_name":"V\u00e9lez Topograf\u00eda","article_publisher":"https:\/\/www.facebook.com\/veleztopografia","article_published_time":"2020-06-02T16:25:56+00:00","article_modified_time":"2020-06-13T06:10:31+00:00","author":"amrtopomar@hotmail.com","twitter_card":"summary_large_image","twitter_creator":"@alvaro_manen","twitter_site":"@alvaro_manen","twitter_misc":{"Escrito por":"amrtopomar@hotmail.com","Tiempo de lectura":"1 minuto"},"schema":{"@context":"https:\/\/schema.org","@graph":[{"@type":"Article","@id":"http:\/\/veleztopografia.com\/index.php\/2020\/06\/02\/topografo-en-estepona-movimientos-de-tierras-en-parking-subterraneo\/#article","isPartOf":{"@id":"http:\/\/veleztopografia.com\/index.php\/2020\/06\/02\/topografo-en-estepona-movimientos-de-tierras-en-parking-subterraneo\/"},"author":{"name":"amrtopomar@hotmail.com","@id":"http:\/\/veleztopografia.com\/#\/schema\/person\/f77ff7cee140d8850a0f97fd34ac2601"},"headline":"Top\u00f3grafo en Estepona: Movimientos de tierras en Parking Subterr\u00e1neo","datePublished":"2020-06-02T16:25:56+00:00","dateModified":"2020-06-13T06:10:31+00:00","mainEntityOfPage":{"@id":"http:\/\/veleztopografia.com\/index.php\/2020\/06\/02\/topografo-en-estepona-movimientos-de-tierras-en-parking-subterraneo\/"},"wordCount":206,"commentCount":0,"publisher":{"@id":"http:\/\/veleztopografia.com\/#organization"},"keywords":["certificaciones","estepona","excavacion","ingeniero topografo","movimiento de tierras","parking subterr\u00e1neo"],"articleSection":["Blog"],"inLanguage":"es","potentialAction":[{"@type":"CommentAction","name":"Comment","target":["http:\/\/veleztopografia.com\/index.php\/2020\/06\/02\/topografo-en-estepona-movimientos-de-tierras-en-parking-subterraneo\/#respond"]}]},{"@type":"WebPage","@id":"http:\/\/veleztopografia.com\/index.php\/2020\/06\/02\/topografo-en-estepona-movimientos-de-tierras-en-parking-subterraneo\/","url":"http:\/\/veleztopografia.com\/index.php\/2020\/06\/02\/topografo-en-estepona-movimientos-de-tierras-en-parking-subterraneo\/","name":"Top\u00f3grafo V\u00e9lez M\u00e1laga. Ingeniero topograf\u00eda medici\u00f3n fincas.","isPartOf":{"@id":"http:\/\/veleztopografia.com\/#website"},"datePublished":"2020-06-02T16:25:56+00:00","dateModified":"2020-06-13T06:10:31+00:00","description":"Top\u00f3grafo en Velez-M\u00e1laga.Servicios de topograf\u00eda en la axarqu\u00eda y M\u00e1laga.Medici\u00f3n de fincas,catastro,levantamiento topogr\u00e1ficos,segregaciones,replanteosn,drones,fotogrametr\u00eda,filmaci\u00f3n a\u00e9rea..","breadcrumb":{"@id":"http:\/\/veleztopografia.com\/index.php\/2020\/06\/02\/topografo-en-estepona-movimientos-de-tierras-en-parking-subterraneo\/#breadcrumb"},"inLanguage":"es","potentialAction":[{"@type":"ReadAction","target":["http:\/\/veleztopografia.com\/index.php\/2020\/06\/02\/topografo-en-estepona-movimientos-de-tierras-en-parking-subterraneo\/"]}]},{"@type":"BreadcrumbList","@id":"http:\/\/veleztopografia.com\/index.php\/2020\/06\/02\/topografo-en-estepona-movimientos-de-tierras-en-parking-subterraneo\/#breadcrumb","itemListElement":[{"@type":"ListItem","position":1,"name":"Portada","item":"http:\/\/veleztopografia.com\/"},{"@type":"ListItem","position":2,"name":"Top\u00f3grafo en Estepona: Movimientos de tierras en Parking Subterr\u00e1neo"}]},{"@type":"WebSite","@id":"http:\/\/veleztopografia.com\/#website","url":"http:\/\/veleztopografia.com\/","name":"V\u00e9lez Topograf\u00eda","description":"Top\u00f3grafo de V\u00e9lez-M\u00e1laga. Servicios de topografia en la Axarqu\u00eda y M\u00e1laga.Medici\u00f3n de fincas,catastro,validacion gr\u00e1fica,etc..","publisher":{"@id":"http:\/\/veleztopografia.com\/#organization"},"potentialAction":[{"@type":"SearchAction","target":{"@type":"EntryPoint","urlTemplate":"http:\/\/veleztopografia.com\/?s={search_term_string}"},"query-input":{"@type":"PropertyValueSpecification","valueRequired":true,"valueName":"search_term_string"}}],"inLanguage":"es"},{"@type":"Organization","@id":"http:\/\/veleztopografia.com\/#organization","name":"V\u00e9lez Topograf\u00eda","url":"http:\/\/veleztopografia.com\/","logo":{"@type":"ImageObject","inLanguage":"es","@id":"http:\/\/veleztopografia.com\/#\/schema\/logo\/image\/","url":"https:\/\/i0.wp.com\/veleztopografia.com\/wp-content\/uploads\/2019\/12\/LOGO-VELEZTOPOGRAFIA200-1.jpg?fit=400%2C200&ssl=1","contentUrl":"https:\/\/i0.wp.com\/veleztopografia.com\/wp-content\/uploads\/2019\/12\/LOGO-VELEZTOPOGRAFIA200-1.jpg?fit=400%2C200&ssl=1","width":400,"height":200,"caption":"V\u00e9lez Topograf\u00eda"},"image":{"@id":"http:\/\/veleztopografia.com\/#\/schema\/logo\/image\/"},"sameAs":["https:\/\/www.facebook.com\/veleztopografia","https:\/\/x.com\/alvaro_manen","https:\/\/www.instagram.com\/alvaromanen\/","https:\/\/www.linkedin.com\/in\/alvaro-manen-0a7b9a4b\/","https:\/\/www.youtube.com\/channel\/UCBbmXfa52pAGpmufiMrR3qg\/videos"]},{"@type":"Person","@id":"http:\/\/veleztopografia.com\/#\/schema\/person\/f77ff7cee140d8850a0f97fd34ac2601","name":"amrtopomar@hotmail.com","image":{"@type":"ImageObject","inLanguage":"es","@id":"https:\/\/secure.gravatar.com\/avatar\/1bebd10f775e886b97b35c18576a9d2e6b841c3f4b4f048fc10ffb01eb083731?s=96&d=mm&r=g","url":"https:\/\/secure.gravatar.com\/avatar\/1bebd10f775e886b97b35c18576a9d2e6b841c3f4b4f048fc10ffb01eb083731?s=96&d=mm&r=g","contentUrl":"https:\/\/secure.gravatar.com\/avatar\/1bebd10f775e886b97b35c18576a9d2e6b841c3f4b4f048fc10ffb01eb083731?s=96&d=mm&r=g","caption":"amrtopomar@hotmail.com"}}]}},"uagb_featured_image_src":{"full":false,"thumbnail":false,"medium":false,"medium_large":false,"large":false,"1536x1536":false,"2048x2048":false,"wpvr_mobile":false},"uagb_author_info":{"display_name":"amrtopomar@hotmail.com","author_link":"https:\/\/veleztopografia.com\/index.php\/author\/amrtopomarhotmail-com\/"},"uagb_comment_info":0,"uagb_excerpt":"Los movimientos de tierras de cualquier obra tienen un coste que depende de la cantidad de tierra movida. Si quiere saber cu\u00e1l es esa cantidad, nosotros se la podemos medir. Para hacerlo, necesitamos hacer un levantamiento topogr\u00e1fico de la zona antes de realizar ning\u00fan movimiento y otro levantamiento al finalizar dicho movimiento. El procedimiento de&hellip;","_links":{"self":[{"href":"https:\/\/veleztopografia.com\/index.php\/wp-json\/wp\/v2\/posts\/2256","targetHints":{"allow":["GET"]}}],"collection":[{"href":"https:\/\/veleztopografia.com\/index.php\/wp-json\/wp\/v2\/posts"}],"about":[{"href":"https:\/\/veleztopografia.com\/index.php\/wp-json\/wp\/v2\/types\/post"}],"author":[{"embeddable":true,"href":"https:\/\/veleztopografia.com\/index.php\/wp-json\/wp\/v2\/users\/1"}],"replies":[{"embeddable":true,"href":"https:\/\/veleztopografia.com\/index.php\/wp-json\/wp\/v2\/comments?post=2256"}],"version-history":[{"count":7,"href":"https:\/\/veleztopografia.com\/index.php\/wp-json\/wp\/v2\/posts\/2256\/revisions"}],"predecessor-version":[{"id":2297,"href":"https:\/\/veleztopografia.com\/index.php\/wp-json\/wp\/v2\/posts\/2256\/revisions\/2297"}],"wp:attachment":[{"href":"https:\/\/veleztopografia.com\/index.php\/wp-json\/wp\/v2\/media?parent=2256"}],"wp:term":[{"taxonomy":"category","embeddable":true,"href":"https:\/\/veleztopografia.com\/index.php\/wp-json\/wp\/v2\/categories?post=2256"},{"taxonomy":"post_tag","embeddable":true,"href":"https:\/\/veleztopografia.com\/index.php\/wp-json\/wp\/v2\/tags?post=2256"}],"curies":[{"name":"wp","href":"https:\/\/api.w.org\/{rel}","templated":true}]}}