{"id":2242,"date":"2020-05-21T15:58:58","date_gmt":"2020-05-21T15:58:58","guid":{"rendered":"http:\/\/veleztopografia.com\/?p=2242"},"modified":"2020-06-13T05:55:11","modified_gmt":"2020-06-13T05:55:11","slug":"topografo-en-mijas-ortofotografia-en-urbanizacion","status":"publish","type":"post","link":"https:\/\/veleztopografia.com\/index.php\/2020\/05\/21\/topografo-en-mijas-ortofotografia-en-urbanizacion\/","title":{"rendered":"Top\u00f3grafo en Mijas: Ortofotograf\u00eda en Urbanizaci\u00f3n."},"content":{"rendered":"\t\t<div data-elementor-type=\"wp-post\" data-elementor-id=\"2242\" class=\"elementor elementor-2242\" data-elementor-post-type=\"post\">\n\t\t\t\t\t\t<section class=\"elementor-section elementor-top-section elementor-element elementor-element-cb4bb10 elementor-section-boxed elementor-section-height-default elementor-section-height-default\" data-id=\"cb4bb10\" data-element_type=\"section\" data-e-type=\"section\">\n\t\t\t\t\t\t<div class=\"elementor-container elementor-column-gap-default\">\n\t\t\t\t\t<div class=\"elementor-column elementor-col-100 elementor-top-column elementor-element elementor-element-246cb285\" data-id=\"246cb285\" data-element_type=\"column\" data-e-type=\"column\">\n\t\t\t<div class=\"elementor-widget-wrap elementor-element-populated\">\n\t\t\t\t\t\t<div class=\"elementor-element elementor-element-a235c78 elementor-widget elementor-widget-text-editor\" data-id=\"a235c78\" data-element_type=\"widget\" data-e-type=\"widget\" data-widget_type=\"text-editor.default\">\n\t\t\t\t<div class=\"elementor-widget-container\">\n\t\t\t\t\t\t\t\t\t\n<p>Por medio de las ortofotografias generadas tras un vuelo fotogram\u00e9trico con dron y con ayuda de cartograf\u00eda digital, como la catastral, se pueden restituir linderos de una forma m\u00e1s econ\u00f3mica que la realizada a trav\u00e9s de la Topograf\u00eda cl\u00e1sica. <\/p>\n\n\n\n<p>La\u00a0<strong>Ortofotograf\u00eda<\/strong>\u00a0es un\u00a0<strong>producto cartogr\u00e1fico georreferenciado y corregido de deformaciones<\/strong>.<\/p>\n\n\n\n<p>La ortofoto puede ser integrada con otros mapas o con otra informaci\u00f3n levantada en el mismo sitio que contenga elementos urbanos o t\u00e9cnicos como pueden ser: redes de suministro de agua, suministro el\u00e9ctrico, redes de aguas negras, presas, carreteras, proyectos de construcci\u00f3n, etc. permitiendo as\u00ed la correcta toma de decisiones.<\/p>\n\n\n\n<p>La precisi\u00f3n de una ortofoto es directamente proporcional a la resoluci\u00f3n de las fotograf\u00edas capturadas por la c\u00e1mara instalada en el dron. <\/p>\n\n\n\n<p>Por otro lado, y aunque siga necesit\u00e1ndose de apoyo en campo, habitualmente realizado con GPS, el equipo encargado de ejecutar el trabajo evitar\u00e1 solicitar permisos a los propietarios, realizar medidas tediosas, determinar linderos inaccesibles, gran ahorro en los tiempos de trabajo y en los costes de obtenci\u00f3n,entre otras muchas ventajas. La ortofoto y fotogrametr\u00eda, adem\u00e1s de proporcionar una informaci\u00f3n vectorial, proporciona una informaci\u00f3n raster muy valiosa para para propietarios u organismos p\u00fablicos.<\/p>\n\t\t\t\t\t\t\t\t<\/div>\n\t\t\t\t<\/div>\n\t\t\t\t\t<\/div>\n\t\t<\/div>\n\t\t\t\t\t<\/div>\n\t\t<\/section>\n\t\t\t\t<section class=\"elementor-section elementor-top-section elementor-element elementor-element-523c1e7 elementor-section-boxed elementor-section-height-default elementor-section-height-default\" data-id=\"523c1e7\" data-element_type=\"section\" data-e-type=\"section\">\n\t\t\t\t\t\t<div class=\"elementor-container elementor-column-gap-default\">\n\t\t\t\t\t<div class=\"elementor-column elementor-col-100 elementor-top-column elementor-element elementor-element-08acbd2\" data-id=\"08acbd2\" data-element_type=\"column\" data-e-type=\"column\">\n\t\t\t<div class=\"elementor-widget-wrap elementor-element-populated\">\n\t\t\t\t\t\t<div class=\"elementor-element elementor-element-7b7ea4f elementor-widget elementor-widget-image\" data-id=\"7b7ea4f\" data-element_type=\"widget\" data-e-type=\"widget\" data-widget_type=\"image.default\">\n\t\t\t\t<div class=\"elementor-widget-container\">\n\t\t\t\t\t\t\t\t\t\t\t\t\t\t\t<img fetchpriority=\"high\" decoding=\"async\" width=\"2500\" height=\"1718\" src=\"https:\/\/veleztopografia.com\/wp-content\/uploads\/2020\/05\/ortoimagen-1.jpg\" class=\"attachment-full size-full wp-image-2245\" alt=\"ortoimagen\" srcset=\"https:\/\/veleztopografia.com\/wp-content\/uploads\/2020\/05\/ortoimagen-1.jpg 2500w, https:\/\/veleztopografia.com\/wp-content\/uploads\/2020\/05\/ortoimagen-1-300x206.jpg 300w, https:\/\/veleztopografia.com\/wp-content\/uploads\/2020\/05\/ortoimagen-1-1024x704.jpg 1024w, https:\/\/veleztopografia.com\/wp-content\/uploads\/2020\/05\/ortoimagen-1-768x528.jpg 768w, https:\/\/veleztopografia.com\/wp-content\/uploads\/2020\/05\/ortoimagen-1-1536x1056.jpg 1536w, https:\/\/veleztopografia.com\/wp-content\/uploads\/2020\/05\/ortoimagen-1-2048x1407.jpg 2048w\" sizes=\"(max-width: 2500px) 100vw, 2500px\" \/>\t\t\t\t\t\t\t\t\t\t\t\t\t\t\t<\/div>\n\t\t\t\t<\/div>\n\t\t\t\t\t<\/div>\n\t\t<\/div>\n\t\t\t\t\t<\/div>\n\t\t<\/section>\n\t\t\t\t<\/div>\n\t\t","protected":false},"excerpt":{"rendered":"<p>Por medio de las ortofotografias generadas tras un vuelo fotogram\u00e9trico con dron y con ayuda de cartograf\u00eda digital, como la catastral, se pueden restituir linderos de una forma m\u00e1s econ\u00f3mica que la realizada a trav\u00e9s de la Topograf\u00eda cl\u00e1sica. La&nbsp;Ortofotograf\u00eda&nbsp;es un&nbsp;producto cartogr\u00e1fico georreferenciado y corregido de deformaciones. La ortofoto puede ser integrada con otros mapas [&hellip;]<\/p>\n","protected":false},"author":1,"featured_media":0,"comment_status":"open","ping_status":"open","sticky":false,"template":"","format":"standard","meta":{"_uag_custom_page_level_css":"","_monsterinsights_skip_tracking":false,"_monsterinsights_sitenote_active":false,"_monsterinsights_sitenote_note":"","_monsterinsights_sitenote_category":0,"site-sidebar-layout":"default","site-content-layout":"default","ast-site-content-layout":"default","site-content-style":"default","site-sidebar-style":"default","ast-global-header-display":"","ast-banner-title-visibility":"","ast-main-header-display":"","ast-hfb-above-header-display":"","ast-hfb-below-header-display":"","ast-hfb-mobile-header-display":"","site-post-title":"","ast-breadcrumbs-content":"","ast-featured-img":"","footer-sml-layout":"","ast-disable-related-posts":"","theme-transparent-header-meta":"default","adv-header-id-meta":"","stick-header-meta":"default","header-above-stick-meta":"","header-main-stick-meta":"","header-below-stick-meta":"","astra-migrate-meta-layouts":"default","ast-page-background-enabled":"default","ast-page-background-meta":{"desktop":{"background-color":"","background-image":"","background-repeat":"repeat","background-position":"center center","background-size":"auto","background-attachment":"scroll","background-type":"","background-media":"","overlay-type":"","overlay-color":"","overlay-opacity":"","overlay-gradient":""},"tablet":{"background-color":"","background-image":"","background-repeat":"repeat","background-position":"center center","background-size":"auto","background-attachment":"scroll","background-type":"","background-media":"","overlay-type":"","overlay-color":"","overlay-opacity":"","overlay-gradient":""},"mobile":{"background-color":"","background-image":"","background-repeat":"repeat","background-position":"center center","background-size":"auto","background-attachment":"scroll","background-type":"","background-media":"","overlay-type":"","overlay-color":"","overlay-opacity":"","overlay-gradient":""}},"ast-content-background-meta":{"desktop":{"background-color":"var(--ast-global-color-5)","background-image":"","background-repeat":"repeat","background-position":"center center","background-size":"auto","background-attachment":"scroll","background-type":"","background-media":"","overlay-type":"","overlay-color":"","overlay-opacity":"","overlay-gradient":""},"tablet":{"background-color":"var(--ast-global-color-5)","background-image":"","background-repeat":"repeat","background-position":"center center","background-size":"auto","background-attachment":"scroll","background-type":"","background-media":"","overlay-type":"","overlay-color":"","overlay-opacity":"","overlay-gradient":""},"mobile":{"background-color":"var(--ast-global-color-5)","background-image":"","background-repeat":"repeat","background-position":"center center","background-size":"auto","background-attachment":"scroll","background-type":"","background-media":"","overlay-type":"","overlay-color":"","overlay-opacity":"","overlay-gradient":""}},"footnotes":""},"categories":[5],"tags":[112,66,113,81,76,80,125,126,115],"class_list":["post-2242","post","type-post","status-publish","format-standard","hentry","category-blog","tag-fotogrametria","tag-gps","tag-modelado-3d","tag-ortofoto","tag-ortofotografia","tag-ortoimagen","tag-restitucion","tag-topografia-clasica","tag-vuelo-fotogrametrico"],"yoast_head":"<!-- This site is optimized with the Yoast SEO Premium plugin v24.1 (Yoast SEO v27.4) - https:\/\/yoast.com\/product\/yoast-seo-premium-wordpress\/ -->\n<title>Top\u00f3grafo V\u00e9lez M\u00e1laga. Ingeniero topograf\u00eda medici\u00f3n fincas.<\/title>\n<meta name=\"description\" content=\"Top\u00f3grafo en Velez-M\u00e1laga.Servicios de topograf\u00eda en la axarqu\u00eda y M\u00e1laga.Medici\u00f3n de fincas,catastro,levantamiento topogr\u00e1ficos,segregaciones,replanteosn,drones,fotogrametr\u00eda,filmaci\u00f3n a\u00e9rea..\" \/>\n<meta name=\"robots\" content=\"index, follow, max-snippet:-1, max-image-preview:large, max-video-preview:-1\" \/>\n<link rel=\"canonical\" href=\"http:\/\/veleztopografia.com\/index.php\/2020\/05\/21\/topografo-en-mijas-ortofotografia-en-urbanizacion\/\" \/>\n<meta property=\"og:locale\" content=\"es_ES\" \/>\n<meta property=\"og:type\" content=\"article\" \/>\n<meta property=\"og:title\" content=\"Top\u00f3grafo en Mijas: Ortofotograf\u00eda en Urbanizaci\u00f3n.\" \/>\n<meta property=\"og:description\" content=\"Top\u00f3grafo en Velez-M\u00e1laga.Servicios de topograf\u00eda en la axarqu\u00eda y M\u00e1laga.Medici\u00f3n de fincas,catastro,levantamiento topogr\u00e1ficos,segregaciones,replanteosn,drones,fotogrametr\u00eda,filmaci\u00f3n a\u00e9rea..\" \/>\n<meta property=\"og:url\" content=\"http:\/\/veleztopografia.com\/index.php\/2020\/05\/21\/topografo-en-mijas-ortofotografia-en-urbanizacion\/\" \/>\n<meta property=\"og:site_name\" content=\"V\u00e9lez Topograf\u00eda\" \/>\n<meta property=\"article:publisher\" content=\"https:\/\/www.facebook.com\/veleztopografia\" \/>\n<meta property=\"article:published_time\" content=\"2020-05-21T15:58:58+00:00\" \/>\n<meta property=\"article:modified_time\" content=\"2020-06-13T05:55:11+00:00\" \/>\n<meta property=\"og:image\" content=\"http:\/\/veleztopografia.com\/wp-content\/uploads\/2020\/05\/ortoimagen-1.jpg\" \/>\n<meta name=\"author\" content=\"amrtopomar@hotmail.com\" \/>\n<meta name=\"twitter:card\" content=\"summary_large_image\" \/>\n<meta name=\"twitter:creator\" content=\"@alvaro_manen\" \/>\n<meta name=\"twitter:site\" content=\"@alvaro_manen\" \/>\n<meta name=\"twitter:label1\" content=\"Escrito por\" \/>\n\t<meta name=\"twitter:data1\" content=\"amrtopomar@hotmail.com\" \/>\n\t<meta name=\"twitter:label2\" content=\"Tiempo de lectura\" \/>\n\t<meta name=\"twitter:data2\" content=\"1 minuto\" \/>\n<script type=\"application\/ld+json\" class=\"yoast-schema-graph\">{\"@context\":\"https:\\\/\\\/schema.org\",\"@graph\":[{\"@type\":\"Article\",\"@id\":\"http:\\\/\\\/veleztopografia.com\\\/index.php\\\/2020\\\/05\\\/21\\\/topografo-en-mijas-ortofotografia-en-urbanizacion\\\/#article\",\"isPartOf\":{\"@id\":\"http:\\\/\\\/veleztopografia.com\\\/index.php\\\/2020\\\/05\\\/21\\\/topografo-en-mijas-ortofotografia-en-urbanizacion\\\/\"},\"author\":{\"name\":\"amrtopomar@hotmail.com\",\"@id\":\"http:\\\/\\\/veleztopografia.com\\\/#\\\/schema\\\/person\\\/f77ff7cee140d8850a0f97fd34ac2601\"},\"headline\":\"Top\u00f3grafo en Mijas: Ortofotograf\u00eda en Urbanizaci\u00f3n.\",\"datePublished\":\"2020-05-21T15:58:58+00:00\",\"dateModified\":\"2020-06-13T05:55:11+00:00\",\"mainEntityOfPage\":{\"@id\":\"http:\\\/\\\/veleztopografia.com\\\/index.php\\\/2020\\\/05\\\/21\\\/topografo-en-mijas-ortofotografia-en-urbanizacion\\\/\"},\"wordCount\":231,\"commentCount\":0,\"publisher\":{\"@id\":\"http:\\\/\\\/veleztopografia.com\\\/#organization\"},\"image\":{\"@id\":\"http:\\\/\\\/veleztopografia.com\\\/index.php\\\/2020\\\/05\\\/21\\\/topografo-en-mijas-ortofotografia-en-urbanizacion\\\/#primaryimage\"},\"thumbnailUrl\":\"http:\\\/\\\/veleztopografia.com\\\/wp-content\\\/uploads\\\/2020\\\/05\\\/ortoimagen-1.jpg\",\"keywords\":[\"fotogrametria\",\"gps\",\"modelado 3d\",\"ortofoto\",\"ortofotograf\u00eda\",\"ortoimagen\",\"restitucion\",\"topografia clasica\",\"vuelo fotogrametrico\"],\"articleSection\":[\"Blog\"],\"inLanguage\":\"es\",\"potentialAction\":[{\"@type\":\"CommentAction\",\"name\":\"Comment\",\"target\":[\"http:\\\/\\\/veleztopografia.com\\\/index.php\\\/2020\\\/05\\\/21\\\/topografo-en-mijas-ortofotografia-en-urbanizacion\\\/#respond\"]}]},{\"@type\":\"WebPage\",\"@id\":\"http:\\\/\\\/veleztopografia.com\\\/index.php\\\/2020\\\/05\\\/21\\\/topografo-en-mijas-ortofotografia-en-urbanizacion\\\/\",\"url\":\"http:\\\/\\\/veleztopografia.com\\\/index.php\\\/2020\\\/05\\\/21\\\/topografo-en-mijas-ortofotografia-en-urbanizacion\\\/\",\"name\":\"Top\u00f3grafo V\u00e9lez M\u00e1laga. Ingeniero topograf\u00eda medici\u00f3n fincas.\",\"isPartOf\":{\"@id\":\"http:\\\/\\\/veleztopografia.com\\\/#website\"},\"primaryImageOfPage\":{\"@id\":\"http:\\\/\\\/veleztopografia.com\\\/index.php\\\/2020\\\/05\\\/21\\\/topografo-en-mijas-ortofotografia-en-urbanizacion\\\/#primaryimage\"},\"image\":{\"@id\":\"http:\\\/\\\/veleztopografia.com\\\/index.php\\\/2020\\\/05\\\/21\\\/topografo-en-mijas-ortofotografia-en-urbanizacion\\\/#primaryimage\"},\"thumbnailUrl\":\"http:\\\/\\\/veleztopografia.com\\\/wp-content\\\/uploads\\\/2020\\\/05\\\/ortoimagen-1.jpg\",\"datePublished\":\"2020-05-21T15:58:58+00:00\",\"dateModified\":\"2020-06-13T05:55:11+00:00\",\"description\":\"Top\u00f3grafo en Velez-M\u00e1laga.Servicios de topograf\u00eda en la axarqu\u00eda y M\u00e1laga.Medici\u00f3n de fincas,catastro,levantamiento topogr\u00e1ficos,segregaciones,replanteosn,drones,fotogrametr\u00eda,filmaci\u00f3n a\u00e9rea..\",\"breadcrumb\":{\"@id\":\"http:\\\/\\\/veleztopografia.com\\\/index.php\\\/2020\\\/05\\\/21\\\/topografo-en-mijas-ortofotografia-en-urbanizacion\\\/#breadcrumb\"},\"inLanguage\":\"es\",\"potentialAction\":[{\"@type\":\"ReadAction\",\"target\":[\"http:\\\/\\\/veleztopografia.com\\\/index.php\\\/2020\\\/05\\\/21\\\/topografo-en-mijas-ortofotografia-en-urbanizacion\\\/\"]}]},{\"@type\":\"ImageObject\",\"inLanguage\":\"es\",\"@id\":\"http:\\\/\\\/veleztopografia.com\\\/index.php\\\/2020\\\/05\\\/21\\\/topografo-en-mijas-ortofotografia-en-urbanizacion\\\/#primaryimage\",\"url\":\"https:\\\/\\\/veleztopografia.com\\\/wp-content\\\/uploads\\\/2020\\\/05\\\/ortoimagen-1.jpg\",\"contentUrl\":\"https:\\\/\\\/veleztopografia.com\\\/wp-content\\\/uploads\\\/2020\\\/05\\\/ortoimagen-1.jpg\",\"width\":2500,\"height\":1718,\"caption\":\"ortoimagen 1\"},{\"@type\":\"BreadcrumbList\",\"@id\":\"http:\\\/\\\/veleztopografia.com\\\/index.php\\\/2020\\\/05\\\/21\\\/topografo-en-mijas-ortofotografia-en-urbanizacion\\\/#breadcrumb\",\"itemListElement\":[{\"@type\":\"ListItem\",\"position\":1,\"name\":\"Portada\",\"item\":\"http:\\\/\\\/veleztopografia.com\\\/\"},{\"@type\":\"ListItem\",\"position\":2,\"name\":\"Top\u00f3grafo en Mijas: Ortofotograf\u00eda en Urbanizaci\u00f3n.\"}]},{\"@type\":\"WebSite\",\"@id\":\"http:\\\/\\\/veleztopografia.com\\\/#website\",\"url\":\"http:\\\/\\\/veleztopografia.com\\\/\",\"name\":\"V\u00e9lez Topograf\u00eda\",\"description\":\"Top\u00f3grafo de V\u00e9lez-M\u00e1laga. Servicios de topografia en la Axarqu\u00eda y M\u00e1laga.Medici\u00f3n de fincas,catastro,validacion gr\u00e1fica,etc..\",\"publisher\":{\"@id\":\"http:\\\/\\\/veleztopografia.com\\\/#organization\"},\"potentialAction\":[{\"@type\":\"SearchAction\",\"target\":{\"@type\":\"EntryPoint\",\"urlTemplate\":\"http:\\\/\\\/veleztopografia.com\\\/?s={search_term_string}\"},\"query-input\":{\"@type\":\"PropertyValueSpecification\",\"valueRequired\":true,\"valueName\":\"search_term_string\"}}],\"inLanguage\":\"es\"},{\"@type\":\"Organization\",\"@id\":\"http:\\\/\\\/veleztopografia.com\\\/#organization\",\"name\":\"V\u00e9lez Topograf\u00eda\",\"url\":\"http:\\\/\\\/veleztopografia.com\\\/\",\"logo\":{\"@type\":\"ImageObject\",\"inLanguage\":\"es\",\"@id\":\"http:\\\/\\\/veleztopografia.com\\\/#\\\/schema\\\/logo\\\/image\\\/\",\"url\":\"https:\\\/\\\/i0.wp.com\\\/veleztopografia.com\\\/wp-content\\\/uploads\\\/2019\\\/12\\\/LOGO-VELEZTOPOGRAFIA200-1.jpg?fit=400%2C200&ssl=1\",\"contentUrl\":\"https:\\\/\\\/i0.wp.com\\\/veleztopografia.com\\\/wp-content\\\/uploads\\\/2019\\\/12\\\/LOGO-VELEZTOPOGRAFIA200-1.jpg?fit=400%2C200&ssl=1\",\"width\":400,\"height\":200,\"caption\":\"V\u00e9lez Topograf\u00eda\"},\"image\":{\"@id\":\"http:\\\/\\\/veleztopografia.com\\\/#\\\/schema\\\/logo\\\/image\\\/\"},\"sameAs\":[\"https:\\\/\\\/www.facebook.com\\\/veleztopografia\",\"https:\\\/\\\/x.com\\\/alvaro_manen\",\"https:\\\/\\\/www.instagram.com\\\/alvaromanen\\\/\",\"https:\\\/\\\/www.linkedin.com\\\/in\\\/alvaro-manen-0a7b9a4b\\\/\",\"https:\\\/\\\/www.youtube.com\\\/channel\\\/UCBbmXfa52pAGpmufiMrR3qg\\\/videos\"]},{\"@type\":\"Person\",\"@id\":\"http:\\\/\\\/veleztopografia.com\\\/#\\\/schema\\\/person\\\/f77ff7cee140d8850a0f97fd34ac2601\",\"name\":\"amrtopomar@hotmail.com\",\"image\":{\"@type\":\"ImageObject\",\"inLanguage\":\"es\",\"@id\":\"https:\\\/\\\/secure.gravatar.com\\\/avatar\\\/1bebd10f775e886b97b35c18576a9d2e6b841c3f4b4f048fc10ffb01eb083731?s=96&d=mm&r=g\",\"url\":\"https:\\\/\\\/secure.gravatar.com\\\/avatar\\\/1bebd10f775e886b97b35c18576a9d2e6b841c3f4b4f048fc10ffb01eb083731?s=96&d=mm&r=g\",\"contentUrl\":\"https:\\\/\\\/secure.gravatar.com\\\/avatar\\\/1bebd10f775e886b97b35c18576a9d2e6b841c3f4b4f048fc10ffb01eb083731?s=96&d=mm&r=g\",\"caption\":\"amrtopomar@hotmail.com\"}}]}<\/script>\n<!-- \/ Yoast SEO Premium plugin. -->","yoast_head_json":{"title":"Top\u00f3grafo V\u00e9lez M\u00e1laga. Ingeniero topograf\u00eda medici\u00f3n fincas.","description":"Top\u00f3grafo en Velez-M\u00e1laga.Servicios de topograf\u00eda en la axarqu\u00eda y M\u00e1laga.Medici\u00f3n de fincas,catastro,levantamiento topogr\u00e1ficos,segregaciones,replanteosn,drones,fotogrametr\u00eda,filmaci\u00f3n a\u00e9rea..","robots":{"index":"index","follow":"follow","max-snippet":"max-snippet:-1","max-image-preview":"max-image-preview:large","max-video-preview":"max-video-preview:-1"},"canonical":"http:\/\/veleztopografia.com\/index.php\/2020\/05\/21\/topografo-en-mijas-ortofotografia-en-urbanizacion\/","og_locale":"es_ES","og_type":"article","og_title":"Top\u00f3grafo en Mijas: Ortofotograf\u00eda en Urbanizaci\u00f3n.","og_description":"Top\u00f3grafo en Velez-M\u00e1laga.Servicios de topograf\u00eda en la axarqu\u00eda y M\u00e1laga.Medici\u00f3n de fincas,catastro,levantamiento topogr\u00e1ficos,segregaciones,replanteosn,drones,fotogrametr\u00eda,filmaci\u00f3n a\u00e9rea..","og_url":"http:\/\/veleztopografia.com\/index.php\/2020\/05\/21\/topografo-en-mijas-ortofotografia-en-urbanizacion\/","og_site_name":"V\u00e9lez Topograf\u00eda","article_publisher":"https:\/\/www.facebook.com\/veleztopografia","article_published_time":"2020-05-21T15:58:58+00:00","article_modified_time":"2020-06-13T05:55:11+00:00","og_image":[{"url":"http:\/\/veleztopografia.com\/wp-content\/uploads\/2020\/05\/ortoimagen-1.jpg","type":"","width":"","height":""}],"author":"amrtopomar@hotmail.com","twitter_card":"summary_large_image","twitter_creator":"@alvaro_manen","twitter_site":"@alvaro_manen","twitter_misc":{"Escrito por":"amrtopomar@hotmail.com","Tiempo de lectura":"1 minuto"},"schema":{"@context":"https:\/\/schema.org","@graph":[{"@type":"Article","@id":"http:\/\/veleztopografia.com\/index.php\/2020\/05\/21\/topografo-en-mijas-ortofotografia-en-urbanizacion\/#article","isPartOf":{"@id":"http:\/\/veleztopografia.com\/index.php\/2020\/05\/21\/topografo-en-mijas-ortofotografia-en-urbanizacion\/"},"author":{"name":"amrtopomar@hotmail.com","@id":"http:\/\/veleztopografia.com\/#\/schema\/person\/f77ff7cee140d8850a0f97fd34ac2601"},"headline":"Top\u00f3grafo en Mijas: Ortofotograf\u00eda en Urbanizaci\u00f3n.","datePublished":"2020-05-21T15:58:58+00:00","dateModified":"2020-06-13T05:55:11+00:00","mainEntityOfPage":{"@id":"http:\/\/veleztopografia.com\/index.php\/2020\/05\/21\/topografo-en-mijas-ortofotografia-en-urbanizacion\/"},"wordCount":231,"commentCount":0,"publisher":{"@id":"http:\/\/veleztopografia.com\/#organization"},"image":{"@id":"http:\/\/veleztopografia.com\/index.php\/2020\/05\/21\/topografo-en-mijas-ortofotografia-en-urbanizacion\/#primaryimage"},"thumbnailUrl":"http:\/\/veleztopografia.com\/wp-content\/uploads\/2020\/05\/ortoimagen-1.jpg","keywords":["fotogrametria","gps","modelado 3d","ortofoto","ortofotograf\u00eda","ortoimagen","restitucion","topografia clasica","vuelo fotogrametrico"],"articleSection":["Blog"],"inLanguage":"es","potentialAction":[{"@type":"CommentAction","name":"Comment","target":["http:\/\/veleztopografia.com\/index.php\/2020\/05\/21\/topografo-en-mijas-ortofotografia-en-urbanizacion\/#respond"]}]},{"@type":"WebPage","@id":"http:\/\/veleztopografia.com\/index.php\/2020\/05\/21\/topografo-en-mijas-ortofotografia-en-urbanizacion\/","url":"http:\/\/veleztopografia.com\/index.php\/2020\/05\/21\/topografo-en-mijas-ortofotografia-en-urbanizacion\/","name":"Top\u00f3grafo V\u00e9lez M\u00e1laga. Ingeniero topograf\u00eda medici\u00f3n fincas.","isPartOf":{"@id":"http:\/\/veleztopografia.com\/#website"},"primaryImageOfPage":{"@id":"http:\/\/veleztopografia.com\/index.php\/2020\/05\/21\/topografo-en-mijas-ortofotografia-en-urbanizacion\/#primaryimage"},"image":{"@id":"http:\/\/veleztopografia.com\/index.php\/2020\/05\/21\/topografo-en-mijas-ortofotografia-en-urbanizacion\/#primaryimage"},"thumbnailUrl":"http:\/\/veleztopografia.com\/wp-content\/uploads\/2020\/05\/ortoimagen-1.jpg","datePublished":"2020-05-21T15:58:58+00:00","dateModified":"2020-06-13T05:55:11+00:00","description":"Top\u00f3grafo en Velez-M\u00e1laga.Servicios de topograf\u00eda en la axarqu\u00eda y M\u00e1laga.Medici\u00f3n de fincas,catastro,levantamiento topogr\u00e1ficos,segregaciones,replanteosn,drones,fotogrametr\u00eda,filmaci\u00f3n a\u00e9rea..","breadcrumb":{"@id":"http:\/\/veleztopografia.com\/index.php\/2020\/05\/21\/topografo-en-mijas-ortofotografia-en-urbanizacion\/#breadcrumb"},"inLanguage":"es","potentialAction":[{"@type":"ReadAction","target":["http:\/\/veleztopografia.com\/index.php\/2020\/05\/21\/topografo-en-mijas-ortofotografia-en-urbanizacion\/"]}]},{"@type":"ImageObject","inLanguage":"es","@id":"http:\/\/veleztopografia.com\/index.php\/2020\/05\/21\/topografo-en-mijas-ortofotografia-en-urbanizacion\/#primaryimage","url":"https:\/\/veleztopografia.com\/wp-content\/uploads\/2020\/05\/ortoimagen-1.jpg","contentUrl":"https:\/\/veleztopografia.com\/wp-content\/uploads\/2020\/05\/ortoimagen-1.jpg","width":2500,"height":1718,"caption":"ortoimagen 1"},{"@type":"BreadcrumbList","@id":"http:\/\/veleztopografia.com\/index.php\/2020\/05\/21\/topografo-en-mijas-ortofotografia-en-urbanizacion\/#breadcrumb","itemListElement":[{"@type":"ListItem","position":1,"name":"Portada","item":"http:\/\/veleztopografia.com\/"},{"@type":"ListItem","position":2,"name":"Top\u00f3grafo en Mijas: Ortofotograf\u00eda en Urbanizaci\u00f3n."}]},{"@type":"WebSite","@id":"http:\/\/veleztopografia.com\/#website","url":"http:\/\/veleztopografia.com\/","name":"V\u00e9lez Topograf\u00eda","description":"Top\u00f3grafo de V\u00e9lez-M\u00e1laga. Servicios de topografia en la Axarqu\u00eda y M\u00e1laga.Medici\u00f3n de fincas,catastro,validacion gr\u00e1fica,etc..","publisher":{"@id":"http:\/\/veleztopografia.com\/#organization"},"potentialAction":[{"@type":"SearchAction","target":{"@type":"EntryPoint","urlTemplate":"http:\/\/veleztopografia.com\/?s={search_term_string}"},"query-input":{"@type":"PropertyValueSpecification","valueRequired":true,"valueName":"search_term_string"}}],"inLanguage":"es"},{"@type":"Organization","@id":"http:\/\/veleztopografia.com\/#organization","name":"V\u00e9lez Topograf\u00eda","url":"http:\/\/veleztopografia.com\/","logo":{"@type":"ImageObject","inLanguage":"es","@id":"http:\/\/veleztopografia.com\/#\/schema\/logo\/image\/","url":"https:\/\/i0.wp.com\/veleztopografia.com\/wp-content\/uploads\/2019\/12\/LOGO-VELEZTOPOGRAFIA200-1.jpg?fit=400%2C200&ssl=1","contentUrl":"https:\/\/i0.wp.com\/veleztopografia.com\/wp-content\/uploads\/2019\/12\/LOGO-VELEZTOPOGRAFIA200-1.jpg?fit=400%2C200&ssl=1","width":400,"height":200,"caption":"V\u00e9lez Topograf\u00eda"},"image":{"@id":"http:\/\/veleztopografia.com\/#\/schema\/logo\/image\/"},"sameAs":["https:\/\/www.facebook.com\/veleztopografia","https:\/\/x.com\/alvaro_manen","https:\/\/www.instagram.com\/alvaromanen\/","https:\/\/www.linkedin.com\/in\/alvaro-manen-0a7b9a4b\/","https:\/\/www.youtube.com\/channel\/UCBbmXfa52pAGpmufiMrR3qg\/videos"]},{"@type":"Person","@id":"http:\/\/veleztopografia.com\/#\/schema\/person\/f77ff7cee140d8850a0f97fd34ac2601","name":"amrtopomar@hotmail.com","image":{"@type":"ImageObject","inLanguage":"es","@id":"https:\/\/secure.gravatar.com\/avatar\/1bebd10f775e886b97b35c18576a9d2e6b841c3f4b4f048fc10ffb01eb083731?s=96&d=mm&r=g","url":"https:\/\/secure.gravatar.com\/avatar\/1bebd10f775e886b97b35c18576a9d2e6b841c3f4b4f048fc10ffb01eb083731?s=96&d=mm&r=g","contentUrl":"https:\/\/secure.gravatar.com\/avatar\/1bebd10f775e886b97b35c18576a9d2e6b841c3f4b4f048fc10ffb01eb083731?s=96&d=mm&r=g","caption":"amrtopomar@hotmail.com"}}]}},"uagb_featured_image_src":{"full":false,"thumbnail":false,"medium":false,"medium_large":false,"large":false,"1536x1536":false,"2048x2048":false,"wpvr_mobile":false},"uagb_author_info":{"display_name":"amrtopomar@hotmail.com","author_link":"https:\/\/veleztopografia.com\/index.php\/author\/amrtopomarhotmail-com\/"},"uagb_comment_info":0,"uagb_excerpt":"Por medio de las ortofotografias generadas tras un vuelo fotogram\u00e9trico con dron y con ayuda de cartograf\u00eda digital, como la catastral, se pueden restituir linderos de una forma m\u00e1s econ\u00f3mica que la realizada a trav\u00e9s de la Topograf\u00eda cl\u00e1sica. La&nbsp;Ortofotograf\u00eda&nbsp;es un&nbsp;producto cartogr\u00e1fico georreferenciado y corregido de deformaciones. La ortofoto puede ser integrada con otros mapas&hellip;","_links":{"self":[{"href":"https:\/\/veleztopografia.com\/index.php\/wp-json\/wp\/v2\/posts\/2242","targetHints":{"allow":["GET"]}}],"collection":[{"href":"https:\/\/veleztopografia.com\/index.php\/wp-json\/wp\/v2\/posts"}],"about":[{"href":"https:\/\/veleztopografia.com\/index.php\/wp-json\/wp\/v2\/types\/post"}],"author":[{"embeddable":true,"href":"https:\/\/veleztopografia.com\/index.php\/wp-json\/wp\/v2\/users\/1"}],"replies":[{"embeddable":true,"href":"https:\/\/veleztopografia.com\/index.php\/wp-json\/wp\/v2\/comments?post=2242"}],"version-history":[{"count":4,"href":"https:\/\/veleztopografia.com\/index.php\/wp-json\/wp\/v2\/posts\/2242\/revisions"}],"predecessor-version":[{"id":2289,"href":"https:\/\/veleztopografia.com\/index.php\/wp-json\/wp\/v2\/posts\/2242\/revisions\/2289"}],"wp:attachment":[{"href":"https:\/\/veleztopografia.com\/index.php\/wp-json\/wp\/v2\/media?parent=2242"}],"wp:term":[{"taxonomy":"category","embeddable":true,"href":"https:\/\/veleztopografia.com\/index.php\/wp-json\/wp\/v2\/categories?post=2242"},{"taxonomy":"post_tag","embeddable":true,"href":"https:\/\/veleztopografia.com\/index.php\/wp-json\/wp\/v2\/tags?post=2242"}],"curies":[{"name":"wp","href":"https:\/\/api.w.org\/{rel}","templated":true}]}}