{"id":2236,"date":"2020-05-18T13:18:31","date_gmt":"2020-05-18T13:18:31","guid":{"rendered":"http:\/\/veleztopografia.com\/?p=2236"},"modified":"2020-06-13T05:55:43","modified_gmt":"2020-06-13T05:55:43","slug":"topografo-en-arenas-malaga-exceso-de-cabida-en-parcela-rustica","status":"publish","type":"post","link":"https:\/\/veleztopografia.com\/index.php\/2020\/05\/18\/topografo-en-arenas-malaga-exceso-de-cabida-en-parcela-rustica\/","title":{"rendered":"Top\u00f3grafo en Arenas (M\u00e1laga): Exceso de cabida en parcela r\u00fastica."},"content":{"rendered":"\n<p>Un tema recurrente en mi d\u00eda a d\u00eda es el de c\u00f3mo solucionar la <strong>discordancia<\/strong> existente en <strong>fincas o parcelas<\/strong> cuya<strong> cabida real<\/strong> no se corresponde con la que aparece correctamente inscrita en el <strong>Registro de la Propiedad<\/strong>.  <\/p>\n\n\n\n<p>El caso m\u00e1s habitual en el que me centro es el de <strong>finca<\/strong> que aparece en el<strong> Registro<\/strong> con menos<strong> metros<\/strong> de los que existen en la realidad. Si la finca aparece en el catastro correctamente descrita y la superficie real no excede el 10% de la registral, el problema como regla general tiene f\u00e1cil soluci\u00f3n a trav\u00e9s de la correspondiente acta notarial para la correcta descripci\u00f3n con tr\u00e1mites muy sencillos, incorporando el certificado catastral que se obtiene directamente por la propia notar\u00eda y sin necesidad de comunicaciones y publicaciones que s\u00ed ser\u00e1n necesarias en otros casos, como luego veremos.<\/p>\n\n\n\n<p>Puede ocurrir que la superficie en el catastro no sea la real, en este caso la certificaci\u00f3n catastral puede sustituirse mediante un certificado de t\u00e9cnico competente, en los que los Ingenieros T\u00e9cnicos en Topograf\u00eda somos especialisras, del que resulte la medici\u00f3n correcta de la finca y las coordenadas georreferenciadas de la misma.<\/p>\n\n\n\n<p>Cuando el <strong>exceso de cabida<\/strong> supera ese 10% es cuando se complica m\u00e1s la situaci\u00f3n. En este caso, adem\u00e1s del correspondiente certificado catastral o del t\u00e9cnico competente, es necesario instar un expediente notarial que incluye la publicaci\u00f3n de un edicto en el tabl\u00f3n de anuncios del ayuntamiento, en el BOE, algo que se tramita desde la misma notar\u00eda y lo que suele generar m\u00e1s problemas, la comunicaci\u00f3n a los titulares de las fincas colindantes.<\/p>\n\n\n\n<p>Los problemas de este \u00faltimo requisito pueden resultar de la falta de identificaci\u00f3n correcta de los mismos (no siempre catastro y registro est\u00e1n actualizados), de dificultades para su localizaci\u00f3n (residentes en la Pen\u00ednsula o no residentes en Espa\u00f1a o domicilios desconocidos) y los no poco habituales conflictos entre vecinos, que derivan en la oposici\u00f3n de cualquiera de ellos al tr\u00e1mite, lo que autom\u00e1ticamente impide la continuaci\u00f3n del expediente quedando a salvo la v\u00eda judicial, con lo que esto supone. Se solicita adem\u00e1s desde la notar\u00eda la certificaci\u00f3n registral correspondiente de la que tiene que resultar la inexistencia de dudas fundadas sobre la correcta descripci\u00f3n de la finca, dudas que pueden surgir en casos de segregaciones previas, de l\u00edmites con zonas p\u00fablicas o de delimitaci\u00f3n de costas, por poner unos ejemplos.<\/p>\n\n\n\n<p>Si todo es correcto y no hay oposici\u00f3n alguna, el acta se complementa con la declaraci\u00f3n de notoriedad por parte del notario que ser\u00e1 el t\u00edtulo inscribible para rectificar la descripci\u00f3n registral.<\/p>\n\n\n\n<figure class=\"wp-block-gallery columns-2 is-cropped wp-block-gallery-2 is-layout-flex wp-block-gallery-is-layout-flex\"><ul class=\"blocks-gallery-grid\"><li class=\"blocks-gallery-item\"><figure><img fetchpriority=\"high\" decoding=\"async\" width=\"1875\" height=\"2500\" src=\"http:\/\/veleztopografia.com\/wp-content\/uploads\/2020\/05\/IMG_20200516_083848.jpg\" alt=\"IMG 20200516 083848\" data-id=\"2237\" data-full-url=\"https:\/\/i0.wp.com\/veleztopografia.com\/wp-content\/uploads\/2020\/05\/IMG_20200516_083848.jpg?fit=1875%2C2500\" data-link=\"http:\/\/veleztopografia.com\/?attachment_id=2237\" class=\"wp-image-2237\" srcset=\"https:\/\/veleztopografia.com\/wp-content\/uploads\/2020\/05\/IMG_20200516_083848.jpg 1875w, https:\/\/veleztopografia.com\/wp-content\/uploads\/2020\/05\/IMG_20200516_083848-225x300.jpg 225w, https:\/\/veleztopografia.com\/wp-content\/uploads\/2020\/05\/IMG_20200516_083848-768x1024.jpg 768w, https:\/\/veleztopografia.com\/wp-content\/uploads\/2020\/05\/IMG_20200516_083848-1152x1536.jpg 1152w, https:\/\/veleztopografia.com\/wp-content\/uploads\/2020\/05\/IMG_20200516_083848-1536x2048.jpg 1536w\" sizes=\"(max-width: 1875px) 100vw, 1875px\" \/><\/figure><\/li><li class=\"blocks-gallery-item\"><figure><img decoding=\"async\" width=\"1875\" height=\"2500\" src=\"http:\/\/veleztopografia.com\/wp-content\/uploads\/2020\/05\/IMG_20200516_084516.jpg\" alt=\"IMG 20200516 084516\" data-id=\"2238\" data-full-url=\"https:\/\/i1.wp.com\/veleztopografia.com\/wp-content\/uploads\/2020\/05\/IMG_20200516_084516.jpg?fit=1875%2C2500\" data-link=\"http:\/\/veleztopografia.com\/?attachment_id=2238\" class=\"wp-image-2238\" srcset=\"https:\/\/veleztopografia.com\/wp-content\/uploads\/2020\/05\/IMG_20200516_084516.jpg 1875w, https:\/\/veleztopografia.com\/wp-content\/uploads\/2020\/05\/IMG_20200516_084516-225x300.jpg 225w, https:\/\/veleztopografia.com\/wp-content\/uploads\/2020\/05\/IMG_20200516_084516-768x1024.jpg 768w, https:\/\/veleztopografia.com\/wp-content\/uploads\/2020\/05\/IMG_20200516_084516-1152x1536.jpg 1152w, https:\/\/veleztopografia.com\/wp-content\/uploads\/2020\/05\/IMG_20200516_084516-1536x2048.jpg 1536w\" sizes=\"(max-width: 1875px) 100vw, 1875px\" \/><\/figure><\/li><li class=\"blocks-gallery-item\"><figure><img decoding=\"async\" width=\"2500\" height=\"1751\" src=\"http:\/\/veleztopografia.com\/wp-content\/uploads\/2020\/05\/IMG_20200516_085709.jpg\" alt=\"IMG 20200516 085709\" data-id=\"2239\" data-full-url=\"https:\/\/i0.wp.com\/veleztopografia.com\/wp-content\/uploads\/2020\/05\/IMG_20200516_085709.jpg?fit=2500%2C1751\" data-link=\"http:\/\/veleztopografia.com\/?attachment_id=2239\" class=\"wp-image-2239\" srcset=\"https:\/\/veleztopografia.com\/wp-content\/uploads\/2020\/05\/IMG_20200516_085709.jpg 2500w, https:\/\/veleztopografia.com\/wp-content\/uploads\/2020\/05\/IMG_20200516_085709-300x210.jpg 300w, https:\/\/veleztopografia.com\/wp-content\/uploads\/2020\/05\/IMG_20200516_085709-1024x717.jpg 1024w, https:\/\/veleztopografia.com\/wp-content\/uploads\/2020\/05\/IMG_20200516_085709-768x538.jpg 768w, https:\/\/veleztopografia.com\/wp-content\/uploads\/2020\/05\/IMG_20200516_085709-1536x1076.jpg 1536w, https:\/\/veleztopografia.com\/wp-content\/uploads\/2020\/05\/IMG_20200516_085709-2048x1434.jpg 2048w\" sizes=\"(max-width: 2500px) 100vw, 2500px\" \/><\/figure><\/li><\/ul><\/figure>\n","protected":false},"excerpt":{"rendered":"<p>Un tema recurrente en mi d\u00eda a d\u00eda es el de c\u00f3mo solucionar la discordancia existente en fincas o parcelas cuya cabida real no se corresponde con la que aparece correctamente inscrita en el Registro de la Propiedad. El caso m\u00e1s habitual en el que me centro es el de finca que aparece en el [&hellip;]<\/p>\n","protected":false},"author":1,"featured_media":0,"comment_status":"open","ping_status":"open","sticky":false,"template":"","format":"standard","meta":{"_uag_custom_page_level_css":"","_monsterinsights_skip_tracking":false,"_monsterinsights_sitenote_active":false,"_monsterinsights_sitenote_note":"","_monsterinsights_sitenote_category":0,"site-sidebar-layout":"default","site-content-layout":"default","ast-site-content-layout":"default","site-content-style":"default","site-sidebar-style":"default","ast-global-header-display":"","ast-banner-title-visibility":"","ast-main-header-display":"","ast-hfb-above-header-display":"","ast-hfb-below-header-display":"","ast-hfb-mobile-header-display":"","site-post-title":"","ast-breadcrumbs-content":"","ast-featured-img":"","footer-sml-layout":"","ast-disable-related-posts":"","theme-transparent-header-meta":"default","adv-header-id-meta":"","stick-header-meta":"default","header-above-stick-meta":"","header-main-stick-meta":"","header-below-stick-meta":"","astra-migrate-meta-layouts":"default","ast-page-background-enabled":"default","ast-page-background-meta":{"desktop":{"background-color":"","background-image":"","background-repeat":"repeat","background-position":"center center","background-size":"auto","background-attachment":"scroll","background-type":"","background-media":"","overlay-type":"","overlay-color":"","overlay-opacity":"","overlay-gradient":""},"tablet":{"background-color":"","background-image":"","background-repeat":"repeat","background-position":"center center","background-size":"auto","background-attachment":"scroll","background-type":"","background-media":"","overlay-type":"","overlay-color":"","overlay-opacity":"","overlay-gradient":""},"mobile":{"background-color":"","background-image":"","background-repeat":"repeat","background-position":"center center","background-size":"auto","background-attachment":"scroll","background-type":"","background-media":"","overlay-type":"","overlay-color":"","overlay-opacity":"","overlay-gradient":""}},"ast-content-background-meta":{"desktop":{"background-color":"var(--ast-global-color-5)","background-image":"","background-repeat":"repeat","background-position":"center center","background-size":"auto","background-attachment":"scroll","background-type":"","background-media":"","overlay-type":"","overlay-color":"","overlay-opacity":"","overlay-gradient":""},"tablet":{"background-color":"var(--ast-global-color-5)","background-image":"","background-repeat":"repeat","background-position":"center center","background-size":"auto","background-attachment":"scroll","background-type":"","background-media":"","overlay-type":"","overlay-color":"","overlay-opacity":"","overlay-gradient":""},"mobile":{"background-color":"var(--ast-global-color-5)","background-image":"","background-repeat":"repeat","background-position":"center center","background-size":"auto","background-attachment":"scroll","background-type":"","background-media":"","overlay-type":"","overlay-color":"","overlay-opacity":"","overlay-gradient":""}},"footnotes":""},"categories":[5],"tags":[122,124,120,12,119,123,36,39],"class_list":["post-2236","post","type-post","status-publish","format-standard","hentry","category-blog","tag-arenas","tag-boe","tag-cabida","tag-catastro","tag-exceso","tag-expediente","tag-registro-propiedad","tag-topografo"],"yoast_head":"<!-- This site is optimized with the Yoast SEO Premium plugin v24.1 (Yoast SEO v27.4) - https:\/\/yoast.com\/product\/yoast-seo-premium-wordpress\/ -->\n<title>Top\u00f3grafo V\u00e9lez M\u00e1laga. Ingeniero topograf\u00eda medici\u00f3n fincas.<\/title>\n<meta name=\"description\" content=\"Top\u00f3grafo en Velez-M\u00e1laga.Servicios de topograf\u00eda en la axarqu\u00eda y M\u00e1laga.Medici\u00f3n de fincas,catastro,levantamiento topogr\u00e1ficos,segregaciones,replanteosn,drones,fotogrametr\u00eda,filmaci\u00f3n a\u00e9rea..\" \/>\n<meta name=\"robots\" content=\"index, follow, max-snippet:-1, max-image-preview:large, max-video-preview:-1\" \/>\n<link rel=\"canonical\" href=\"http:\/\/veleztopografia.com\/index.php\/2020\/05\/18\/topografo-en-arenas-malaga-exceso-de-cabida-en-parcela-rustica\/\" \/>\n<meta property=\"og:locale\" content=\"es_ES\" \/>\n<meta property=\"og:type\" content=\"article\" \/>\n<meta property=\"og:title\" content=\"Top\u00f3grafo en Arenas (M\u00e1laga): Exceso de cabida en parcela r\u00fastica.\" \/>\n<meta property=\"og:description\" content=\"Top\u00f3grafo en Velez-M\u00e1laga.Servicios de topograf\u00eda en la axarqu\u00eda y M\u00e1laga.Medici\u00f3n de fincas,catastro,levantamiento topogr\u00e1ficos,segregaciones,replanteosn,drones,fotogrametr\u00eda,filmaci\u00f3n a\u00e9rea..\" \/>\n<meta property=\"og:url\" content=\"http:\/\/veleztopografia.com\/index.php\/2020\/05\/18\/topografo-en-arenas-malaga-exceso-de-cabida-en-parcela-rustica\/\" \/>\n<meta property=\"og:site_name\" content=\"V\u00e9lez Topograf\u00eda\" \/>\n<meta property=\"article:publisher\" content=\"https:\/\/www.facebook.com\/veleztopografia\" \/>\n<meta property=\"article:published_time\" content=\"2020-05-18T13:18:31+00:00\" \/>\n<meta property=\"article:modified_time\" content=\"2020-06-13T05:55:43+00:00\" \/>\n<meta property=\"og:image\" content=\"http:\/\/veleztopografia.com\/wp-content\/uploads\/2020\/05\/IMG_20200516_083848.jpg\" \/>\n<meta name=\"author\" content=\"amrtopomar@hotmail.com\" \/>\n<meta name=\"twitter:card\" content=\"summary_large_image\" \/>\n<meta name=\"twitter:creator\" content=\"@alvaro_manen\" \/>\n<meta name=\"twitter:site\" content=\"@alvaro_manen\" \/>\n<meta name=\"twitter:label1\" content=\"Escrito por\" \/>\n\t<meta name=\"twitter:data1\" content=\"amrtopomar@hotmail.com\" \/>\n\t<meta name=\"twitter:label2\" content=\"Tiempo de lectura\" \/>\n\t<meta name=\"twitter:data2\" content=\"2 minutos\" \/>\n<script type=\"application\/ld+json\" class=\"yoast-schema-graph\">{\"@context\":\"https:\\\/\\\/schema.org\",\"@graph\":[{\"@type\":\"Article\",\"@id\":\"http:\\\/\\\/veleztopografia.com\\\/index.php\\\/2020\\\/05\\\/18\\\/topografo-en-arenas-malaga-exceso-de-cabida-en-parcela-rustica\\\/#article\",\"isPartOf\":{\"@id\":\"http:\\\/\\\/veleztopografia.com\\\/index.php\\\/2020\\\/05\\\/18\\\/topografo-en-arenas-malaga-exceso-de-cabida-en-parcela-rustica\\\/\"},\"author\":{\"name\":\"amrtopomar@hotmail.com\",\"@id\":\"http:\\\/\\\/veleztopografia.com\\\/#\\\/schema\\\/person\\\/f77ff7cee140d8850a0f97fd34ac2601\"},\"headline\":\"Top\u00f3grafo en Arenas (M\u00e1laga): Exceso de cabida en parcela r\u00fastica.\",\"datePublished\":\"2020-05-18T13:18:31+00:00\",\"dateModified\":\"2020-06-13T05:55:43+00:00\",\"mainEntityOfPage\":{\"@id\":\"http:\\\/\\\/veleztopografia.com\\\/index.php\\\/2020\\\/05\\\/18\\\/topografo-en-arenas-malaga-exceso-de-cabida-en-parcela-rustica\\\/\"},\"wordCount\":483,\"commentCount\":0,\"publisher\":{\"@id\":\"http:\\\/\\\/veleztopografia.com\\\/#organization\"},\"image\":{\"@id\":\"http:\\\/\\\/veleztopografia.com\\\/index.php\\\/2020\\\/05\\\/18\\\/topografo-en-arenas-malaga-exceso-de-cabida-en-parcela-rustica\\\/#primaryimage\"},\"thumbnailUrl\":\"http:\\\/\\\/veleztopografia.com\\\/wp-content\\\/uploads\\\/2020\\\/05\\\/IMG_20200516_083848.jpg\",\"keywords\":[\"arenas\",\"boe\",\"cabida\",\"catastro\",\"exceso\",\"expediente\",\"registro propiedad\",\"top\u00f3grafo\"],\"articleSection\":[\"Blog\"],\"inLanguage\":\"es\",\"potentialAction\":[{\"@type\":\"CommentAction\",\"name\":\"Comment\",\"target\":[\"http:\\\/\\\/veleztopografia.com\\\/index.php\\\/2020\\\/05\\\/18\\\/topografo-en-arenas-malaga-exceso-de-cabida-en-parcela-rustica\\\/#respond\"]}]},{\"@type\":\"WebPage\",\"@id\":\"http:\\\/\\\/veleztopografia.com\\\/index.php\\\/2020\\\/05\\\/18\\\/topografo-en-arenas-malaga-exceso-de-cabida-en-parcela-rustica\\\/\",\"url\":\"http:\\\/\\\/veleztopografia.com\\\/index.php\\\/2020\\\/05\\\/18\\\/topografo-en-arenas-malaga-exceso-de-cabida-en-parcela-rustica\\\/\",\"name\":\"Top\u00f3grafo V\u00e9lez M\u00e1laga. Ingeniero topograf\u00eda medici\u00f3n fincas.\",\"isPartOf\":{\"@id\":\"http:\\\/\\\/veleztopografia.com\\\/#website\"},\"primaryImageOfPage\":{\"@id\":\"http:\\\/\\\/veleztopografia.com\\\/index.php\\\/2020\\\/05\\\/18\\\/topografo-en-arenas-malaga-exceso-de-cabida-en-parcela-rustica\\\/#primaryimage\"},\"image\":{\"@id\":\"http:\\\/\\\/veleztopografia.com\\\/index.php\\\/2020\\\/05\\\/18\\\/topografo-en-arenas-malaga-exceso-de-cabida-en-parcela-rustica\\\/#primaryimage\"},\"thumbnailUrl\":\"http:\\\/\\\/veleztopografia.com\\\/wp-content\\\/uploads\\\/2020\\\/05\\\/IMG_20200516_083848.jpg\",\"datePublished\":\"2020-05-18T13:18:31+00:00\",\"dateModified\":\"2020-06-13T05:55:43+00:00\",\"description\":\"Top\u00f3grafo en Velez-M\u00e1laga.Servicios de topograf\u00eda en la axarqu\u00eda y M\u00e1laga.Medici\u00f3n de fincas,catastro,levantamiento topogr\u00e1ficos,segregaciones,replanteosn,drones,fotogrametr\u00eda,filmaci\u00f3n a\u00e9rea..\",\"breadcrumb\":{\"@id\":\"http:\\\/\\\/veleztopografia.com\\\/index.php\\\/2020\\\/05\\\/18\\\/topografo-en-arenas-malaga-exceso-de-cabida-en-parcela-rustica\\\/#breadcrumb\"},\"inLanguage\":\"es\",\"potentialAction\":[{\"@type\":\"ReadAction\",\"target\":[\"http:\\\/\\\/veleztopografia.com\\\/index.php\\\/2020\\\/05\\\/18\\\/topografo-en-arenas-malaga-exceso-de-cabida-en-parcela-rustica\\\/\"]}]},{\"@type\":\"ImageObject\",\"inLanguage\":\"es\",\"@id\":\"http:\\\/\\\/veleztopografia.com\\\/index.php\\\/2020\\\/05\\\/18\\\/topografo-en-arenas-malaga-exceso-de-cabida-en-parcela-rustica\\\/#primaryimage\",\"url\":\"https:\\\/\\\/veleztopografia.com\\\/wp-content\\\/uploads\\\/2020\\\/05\\\/IMG_20200516_083848.jpg\",\"contentUrl\":\"https:\\\/\\\/veleztopografia.com\\\/wp-content\\\/uploads\\\/2020\\\/05\\\/IMG_20200516_083848.jpg\",\"width\":1875,\"height\":2500,\"caption\":\"IMG 20200516 083848\"},{\"@type\":\"BreadcrumbList\",\"@id\":\"http:\\\/\\\/veleztopografia.com\\\/index.php\\\/2020\\\/05\\\/18\\\/topografo-en-arenas-malaga-exceso-de-cabida-en-parcela-rustica\\\/#breadcrumb\",\"itemListElement\":[{\"@type\":\"ListItem\",\"position\":1,\"name\":\"Portada\",\"item\":\"http:\\\/\\\/veleztopografia.com\\\/\"},{\"@type\":\"ListItem\",\"position\":2,\"name\":\"Top\u00f3grafo en Arenas (M\u00e1laga): Exceso de cabida en parcela r\u00fastica.\"}]},{\"@type\":\"WebSite\",\"@id\":\"http:\\\/\\\/veleztopografia.com\\\/#website\",\"url\":\"http:\\\/\\\/veleztopografia.com\\\/\",\"name\":\"V\u00e9lez Topograf\u00eda\",\"description\":\"Top\u00f3grafo de V\u00e9lez-M\u00e1laga. Servicios de topografia en la Axarqu\u00eda y M\u00e1laga.Medici\u00f3n de fincas,catastro,validacion gr\u00e1fica,etc..\",\"publisher\":{\"@id\":\"http:\\\/\\\/veleztopografia.com\\\/#organization\"},\"potentialAction\":[{\"@type\":\"SearchAction\",\"target\":{\"@type\":\"EntryPoint\",\"urlTemplate\":\"http:\\\/\\\/veleztopografia.com\\\/?s={search_term_string}\"},\"query-input\":{\"@type\":\"PropertyValueSpecification\",\"valueRequired\":true,\"valueName\":\"search_term_string\"}}],\"inLanguage\":\"es\"},{\"@type\":\"Organization\",\"@id\":\"http:\\\/\\\/veleztopografia.com\\\/#organization\",\"name\":\"V\u00e9lez Topograf\u00eda\",\"url\":\"http:\\\/\\\/veleztopografia.com\\\/\",\"logo\":{\"@type\":\"ImageObject\",\"inLanguage\":\"es\",\"@id\":\"http:\\\/\\\/veleztopografia.com\\\/#\\\/schema\\\/logo\\\/image\\\/\",\"url\":\"https:\\\/\\\/i0.wp.com\\\/veleztopografia.com\\\/wp-content\\\/uploads\\\/2019\\\/12\\\/LOGO-VELEZTOPOGRAFIA200-1.jpg?fit=400%2C200&ssl=1\",\"contentUrl\":\"https:\\\/\\\/i0.wp.com\\\/veleztopografia.com\\\/wp-content\\\/uploads\\\/2019\\\/12\\\/LOGO-VELEZTOPOGRAFIA200-1.jpg?fit=400%2C200&ssl=1\",\"width\":400,\"height\":200,\"caption\":\"V\u00e9lez Topograf\u00eda\"},\"image\":{\"@id\":\"http:\\\/\\\/veleztopografia.com\\\/#\\\/schema\\\/logo\\\/image\\\/\"},\"sameAs\":[\"https:\\\/\\\/www.facebook.com\\\/veleztopografia\",\"https:\\\/\\\/x.com\\\/alvaro_manen\",\"https:\\\/\\\/www.instagram.com\\\/alvaromanen\\\/\",\"https:\\\/\\\/www.linkedin.com\\\/in\\\/alvaro-manen-0a7b9a4b\\\/\",\"https:\\\/\\\/www.youtube.com\\\/channel\\\/UCBbmXfa52pAGpmufiMrR3qg\\\/videos\"]},{\"@type\":\"Person\",\"@id\":\"http:\\\/\\\/veleztopografia.com\\\/#\\\/schema\\\/person\\\/f77ff7cee140d8850a0f97fd34ac2601\",\"name\":\"amrtopomar@hotmail.com\",\"image\":{\"@type\":\"ImageObject\",\"inLanguage\":\"es\",\"@id\":\"https:\\\/\\\/secure.gravatar.com\\\/avatar\\\/1bebd10f775e886b97b35c18576a9d2e6b841c3f4b4f048fc10ffb01eb083731?s=96&d=mm&r=g\",\"url\":\"https:\\\/\\\/secure.gravatar.com\\\/avatar\\\/1bebd10f775e886b97b35c18576a9d2e6b841c3f4b4f048fc10ffb01eb083731?s=96&d=mm&r=g\",\"contentUrl\":\"https:\\\/\\\/secure.gravatar.com\\\/avatar\\\/1bebd10f775e886b97b35c18576a9d2e6b841c3f4b4f048fc10ffb01eb083731?s=96&d=mm&r=g\",\"caption\":\"amrtopomar@hotmail.com\"}}]}<\/script>\n<!-- \/ Yoast SEO Premium plugin. -->","yoast_head_json":{"title":"Top\u00f3grafo V\u00e9lez M\u00e1laga. Ingeniero topograf\u00eda medici\u00f3n fincas.","description":"Top\u00f3grafo en Velez-M\u00e1laga.Servicios de topograf\u00eda en la axarqu\u00eda y M\u00e1laga.Medici\u00f3n de fincas,catastro,levantamiento topogr\u00e1ficos,segregaciones,replanteosn,drones,fotogrametr\u00eda,filmaci\u00f3n a\u00e9rea..","robots":{"index":"index","follow":"follow","max-snippet":"max-snippet:-1","max-image-preview":"max-image-preview:large","max-video-preview":"max-video-preview:-1"},"canonical":"http:\/\/veleztopografia.com\/index.php\/2020\/05\/18\/topografo-en-arenas-malaga-exceso-de-cabida-en-parcela-rustica\/","og_locale":"es_ES","og_type":"article","og_title":"Top\u00f3grafo en Arenas (M\u00e1laga): Exceso de cabida en parcela r\u00fastica.","og_description":"Top\u00f3grafo en Velez-M\u00e1laga.Servicios de topograf\u00eda en la axarqu\u00eda y M\u00e1laga.Medici\u00f3n de fincas,catastro,levantamiento topogr\u00e1ficos,segregaciones,replanteosn,drones,fotogrametr\u00eda,filmaci\u00f3n a\u00e9rea..","og_url":"http:\/\/veleztopografia.com\/index.php\/2020\/05\/18\/topografo-en-arenas-malaga-exceso-de-cabida-en-parcela-rustica\/","og_site_name":"V\u00e9lez Topograf\u00eda","article_publisher":"https:\/\/www.facebook.com\/veleztopografia","article_published_time":"2020-05-18T13:18:31+00:00","article_modified_time":"2020-06-13T05:55:43+00:00","og_image":[{"url":"http:\/\/veleztopografia.com\/wp-content\/uploads\/2020\/05\/IMG_20200516_083848.jpg","type":"","width":"","height":""}],"author":"amrtopomar@hotmail.com","twitter_card":"summary_large_image","twitter_creator":"@alvaro_manen","twitter_site":"@alvaro_manen","twitter_misc":{"Escrito por":"amrtopomar@hotmail.com","Tiempo de lectura":"2 minutos"},"schema":{"@context":"https:\/\/schema.org","@graph":[{"@type":"Article","@id":"http:\/\/veleztopografia.com\/index.php\/2020\/05\/18\/topografo-en-arenas-malaga-exceso-de-cabida-en-parcela-rustica\/#article","isPartOf":{"@id":"http:\/\/veleztopografia.com\/index.php\/2020\/05\/18\/topografo-en-arenas-malaga-exceso-de-cabida-en-parcela-rustica\/"},"author":{"name":"amrtopomar@hotmail.com","@id":"http:\/\/veleztopografia.com\/#\/schema\/person\/f77ff7cee140d8850a0f97fd34ac2601"},"headline":"Top\u00f3grafo en Arenas (M\u00e1laga): Exceso de cabida en parcela r\u00fastica.","datePublished":"2020-05-18T13:18:31+00:00","dateModified":"2020-06-13T05:55:43+00:00","mainEntityOfPage":{"@id":"http:\/\/veleztopografia.com\/index.php\/2020\/05\/18\/topografo-en-arenas-malaga-exceso-de-cabida-en-parcela-rustica\/"},"wordCount":483,"commentCount":0,"publisher":{"@id":"http:\/\/veleztopografia.com\/#organization"},"image":{"@id":"http:\/\/veleztopografia.com\/index.php\/2020\/05\/18\/topografo-en-arenas-malaga-exceso-de-cabida-en-parcela-rustica\/#primaryimage"},"thumbnailUrl":"http:\/\/veleztopografia.com\/wp-content\/uploads\/2020\/05\/IMG_20200516_083848.jpg","keywords":["arenas","boe","cabida","catastro","exceso","expediente","registro propiedad","top\u00f3grafo"],"articleSection":["Blog"],"inLanguage":"es","potentialAction":[{"@type":"CommentAction","name":"Comment","target":["http:\/\/veleztopografia.com\/index.php\/2020\/05\/18\/topografo-en-arenas-malaga-exceso-de-cabida-en-parcela-rustica\/#respond"]}]},{"@type":"WebPage","@id":"http:\/\/veleztopografia.com\/index.php\/2020\/05\/18\/topografo-en-arenas-malaga-exceso-de-cabida-en-parcela-rustica\/","url":"http:\/\/veleztopografia.com\/index.php\/2020\/05\/18\/topografo-en-arenas-malaga-exceso-de-cabida-en-parcela-rustica\/","name":"Top\u00f3grafo V\u00e9lez M\u00e1laga. Ingeniero topograf\u00eda medici\u00f3n fincas.","isPartOf":{"@id":"http:\/\/veleztopografia.com\/#website"},"primaryImageOfPage":{"@id":"http:\/\/veleztopografia.com\/index.php\/2020\/05\/18\/topografo-en-arenas-malaga-exceso-de-cabida-en-parcela-rustica\/#primaryimage"},"image":{"@id":"http:\/\/veleztopografia.com\/index.php\/2020\/05\/18\/topografo-en-arenas-malaga-exceso-de-cabida-en-parcela-rustica\/#primaryimage"},"thumbnailUrl":"http:\/\/veleztopografia.com\/wp-content\/uploads\/2020\/05\/IMG_20200516_083848.jpg","datePublished":"2020-05-18T13:18:31+00:00","dateModified":"2020-06-13T05:55:43+00:00","description":"Top\u00f3grafo en Velez-M\u00e1laga.Servicios de topograf\u00eda en la axarqu\u00eda y M\u00e1laga.Medici\u00f3n de fincas,catastro,levantamiento topogr\u00e1ficos,segregaciones,replanteosn,drones,fotogrametr\u00eda,filmaci\u00f3n a\u00e9rea..","breadcrumb":{"@id":"http:\/\/veleztopografia.com\/index.php\/2020\/05\/18\/topografo-en-arenas-malaga-exceso-de-cabida-en-parcela-rustica\/#breadcrumb"},"inLanguage":"es","potentialAction":[{"@type":"ReadAction","target":["http:\/\/veleztopografia.com\/index.php\/2020\/05\/18\/topografo-en-arenas-malaga-exceso-de-cabida-en-parcela-rustica\/"]}]},{"@type":"ImageObject","inLanguage":"es","@id":"http:\/\/veleztopografia.com\/index.php\/2020\/05\/18\/topografo-en-arenas-malaga-exceso-de-cabida-en-parcela-rustica\/#primaryimage","url":"https:\/\/veleztopografia.com\/wp-content\/uploads\/2020\/05\/IMG_20200516_083848.jpg","contentUrl":"https:\/\/veleztopografia.com\/wp-content\/uploads\/2020\/05\/IMG_20200516_083848.jpg","width":1875,"height":2500,"caption":"IMG 20200516 083848"},{"@type":"BreadcrumbList","@id":"http:\/\/veleztopografia.com\/index.php\/2020\/05\/18\/topografo-en-arenas-malaga-exceso-de-cabida-en-parcela-rustica\/#breadcrumb","itemListElement":[{"@type":"ListItem","position":1,"name":"Portada","item":"http:\/\/veleztopografia.com\/"},{"@type":"ListItem","position":2,"name":"Top\u00f3grafo en Arenas (M\u00e1laga): Exceso de cabida en parcela r\u00fastica."}]},{"@type":"WebSite","@id":"http:\/\/veleztopografia.com\/#website","url":"http:\/\/veleztopografia.com\/","name":"V\u00e9lez Topograf\u00eda","description":"Top\u00f3grafo de V\u00e9lez-M\u00e1laga. Servicios de topografia en la Axarqu\u00eda y M\u00e1laga.Medici\u00f3n de fincas,catastro,validacion gr\u00e1fica,etc..","publisher":{"@id":"http:\/\/veleztopografia.com\/#organization"},"potentialAction":[{"@type":"SearchAction","target":{"@type":"EntryPoint","urlTemplate":"http:\/\/veleztopografia.com\/?s={search_term_string}"},"query-input":{"@type":"PropertyValueSpecification","valueRequired":true,"valueName":"search_term_string"}}],"inLanguage":"es"},{"@type":"Organization","@id":"http:\/\/veleztopografia.com\/#organization","name":"V\u00e9lez Topograf\u00eda","url":"http:\/\/veleztopografia.com\/","logo":{"@type":"ImageObject","inLanguage":"es","@id":"http:\/\/veleztopografia.com\/#\/schema\/logo\/image\/","url":"https:\/\/i0.wp.com\/veleztopografia.com\/wp-content\/uploads\/2019\/12\/LOGO-VELEZTOPOGRAFIA200-1.jpg?fit=400%2C200&ssl=1","contentUrl":"https:\/\/i0.wp.com\/veleztopografia.com\/wp-content\/uploads\/2019\/12\/LOGO-VELEZTOPOGRAFIA200-1.jpg?fit=400%2C200&ssl=1","width":400,"height":200,"caption":"V\u00e9lez Topograf\u00eda"},"image":{"@id":"http:\/\/veleztopografia.com\/#\/schema\/logo\/image\/"},"sameAs":["https:\/\/www.facebook.com\/veleztopografia","https:\/\/x.com\/alvaro_manen","https:\/\/www.instagram.com\/alvaromanen\/","https:\/\/www.linkedin.com\/in\/alvaro-manen-0a7b9a4b\/","https:\/\/www.youtube.com\/channel\/UCBbmXfa52pAGpmufiMrR3qg\/videos"]},{"@type":"Person","@id":"http:\/\/veleztopografia.com\/#\/schema\/person\/f77ff7cee140d8850a0f97fd34ac2601","name":"amrtopomar@hotmail.com","image":{"@type":"ImageObject","inLanguage":"es","@id":"https:\/\/secure.gravatar.com\/avatar\/1bebd10f775e886b97b35c18576a9d2e6b841c3f4b4f048fc10ffb01eb083731?s=96&d=mm&r=g","url":"https:\/\/secure.gravatar.com\/avatar\/1bebd10f775e886b97b35c18576a9d2e6b841c3f4b4f048fc10ffb01eb083731?s=96&d=mm&r=g","contentUrl":"https:\/\/secure.gravatar.com\/avatar\/1bebd10f775e886b97b35c18576a9d2e6b841c3f4b4f048fc10ffb01eb083731?s=96&d=mm&r=g","caption":"amrtopomar@hotmail.com"}}]}},"uagb_featured_image_src":{"full":false,"thumbnail":false,"medium":false,"medium_large":false,"large":false,"1536x1536":false,"2048x2048":false,"wpvr_mobile":false},"uagb_author_info":{"display_name":"amrtopomar@hotmail.com","author_link":"https:\/\/veleztopografia.com\/index.php\/author\/amrtopomarhotmail-com\/"},"uagb_comment_info":0,"uagb_excerpt":"Un tema recurrente en mi d\u00eda a d\u00eda es el de c\u00f3mo solucionar la discordancia existente en fincas o parcelas cuya cabida real no se corresponde con la que aparece correctamente inscrita en el Registro de la Propiedad. El caso m\u00e1s habitual en el que me centro es el de finca que aparece en el&hellip;","_links":{"self":[{"href":"https:\/\/veleztopografia.com\/index.php\/wp-json\/wp\/v2\/posts\/2236","targetHints":{"allow":["GET"]}}],"collection":[{"href":"https:\/\/veleztopografia.com\/index.php\/wp-json\/wp\/v2\/posts"}],"about":[{"href":"https:\/\/veleztopografia.com\/index.php\/wp-json\/wp\/v2\/types\/post"}],"author":[{"embeddable":true,"href":"https:\/\/veleztopografia.com\/index.php\/wp-json\/wp\/v2\/users\/1"}],"replies":[{"embeddable":true,"href":"https:\/\/veleztopografia.com\/index.php\/wp-json\/wp\/v2\/comments?post=2236"}],"version-history":[{"count":1,"href":"https:\/\/veleztopografia.com\/index.php\/wp-json\/wp\/v2\/posts\/2236\/revisions"}],"predecessor-version":[{"id":2240,"href":"https:\/\/veleztopografia.com\/index.php\/wp-json\/wp\/v2\/posts\/2236\/revisions\/2240"}],"wp:attachment":[{"href":"https:\/\/veleztopografia.com\/index.php\/wp-json\/wp\/v2\/media?parent=2236"}],"wp:term":[{"taxonomy":"category","embeddable":true,"href":"https:\/\/veleztopografia.com\/index.php\/wp-json\/wp\/v2\/categories?post=2236"},{"taxonomy":"post_tag","embeddable":true,"href":"https:\/\/veleztopografia.com\/index.php\/wp-json\/wp\/v2\/tags?post=2236"}],"curies":[{"name":"wp","href":"https:\/\/api.w.org\/{rel}","templated":true}]}}