{"id":2015,"date":"2020-03-11T16:46:59","date_gmt":"2020-03-11T16:46:59","guid":{"rendered":"http:\/\/veleztopografia.com\/?p=2015"},"modified":"2020-06-13T06:03:34","modified_gmt":"2020-06-13T06:03:34","slug":"topografo-en-osuna-sevillalevantamiento-topografico-a-escala-1200-y-ortofotografia","status":"publish","type":"post","link":"https:\/\/veleztopografia.com\/index.php\/2020\/03\/11\/topografo-en-osuna-sevillalevantamiento-topografico-a-escala-1200-y-ortofotografia\/","title":{"rendered":"Top\u00f3grafo en Osuna (Sevilla):Levantamiento topogr\u00e1fico a escala 1:200 y ortofotograf\u00eda"},"content":{"rendered":"\n<p>Hoy hemos visitado la bonita localidad de Osuna (sevilla), para realizar un levantamiento topogr\u00e1fico de detalle de en una parcela en la cual ir\u00e1 ubicada una piscina cubierta. Se han tomado datos con precisi\u00f3n y abundancia con el fin de facilitar al equipo t\u00e9cnico el dise\u00f1o y redacci\u00f3n del proyecto de contrucci\u00f3n de esta instalaci\u00f3n deportiva que seguro los ciudadanos est\u00e1n esperando anciosamente.<\/p>\n\n\n\n<p>A su vez se nos ha solicitado la realizaci\u00f3n de ortofotograf\u00edas de la parcela para su mejor visi\u00f3n global a nivel viario de alrededores y servicios afectados.<\/p>\n\n\n\n<figure class=\"wp-block-gallery columns-3 is-cropped wp-block-gallery-2 is-layout-flex wp-block-gallery-is-layout-flex\"><ul class=\"blocks-gallery-grid\"><li class=\"blocks-gallery-item\"><figure><img fetchpriority=\"high\" decoding=\"async\" width=\"1024\" height=\"839\" src=\"http:\/\/veleztopografia.com\/wp-content\/uploads\/2020\/03\/DJI_0061-1024x839.jpg\" alt=\"DJI 0061\" data-id=\"2016\" data-link=\"http:\/\/veleztopografia.com\/?attachment_id=2016\" class=\"wp-image-2016\" srcset=\"https:\/\/veleztopografia.com\/wp-content\/uploads\/2020\/03\/DJI_0061-1024x839.jpg 1024w, https:\/\/veleztopografia.com\/wp-content\/uploads\/2020\/03\/DJI_0061-300x246.jpg 300w, https:\/\/veleztopografia.com\/wp-content\/uploads\/2020\/03\/DJI_0061-768x629.jpg 768w, https:\/\/veleztopografia.com\/wp-content\/uploads\/2020\/03\/DJI_0061-1536x1258.jpg 1536w, https:\/\/veleztopografia.com\/wp-content\/uploads\/2020\/03\/DJI_0061-2048x1677.jpg 2048w\" sizes=\"(max-width: 1024px) 100vw, 1024px\" \/><figcaption class=\"blocks-gallery-item__caption\">Ortoimagen<\/figcaption><\/figure><\/li><li class=\"blocks-gallery-item\"><figure><img decoding=\"async\" width=\"757\" height=\"1024\" src=\"http:\/\/veleztopografia.com\/wp-content\/uploads\/2020\/03\/IMG_20200311_094527-757x1024.jpg\" alt=\"IMG 20200311 094527\" data-id=\"2017\" data-link=\"http:\/\/veleztopografia.com\/?attachment_id=2017\" class=\"wp-image-2017\" srcset=\"https:\/\/veleztopografia.com\/wp-content\/uploads\/2020\/03\/IMG_20200311_094527-757x1024.jpg 757w, https:\/\/veleztopografia.com\/wp-content\/uploads\/2020\/03\/IMG_20200311_094527-222x300.jpg 222w, https:\/\/veleztopografia.com\/wp-content\/uploads\/2020\/03\/IMG_20200311_094527-768x1038.jpg 768w, https:\/\/veleztopografia.com\/wp-content\/uploads\/2020\/03\/IMG_20200311_094527-1136x1536.jpg 1136w, https:\/\/veleztopografia.com\/wp-content\/uploads\/2020\/03\/IMG_20200311_094527-1515x2048.jpg 1515w, https:\/\/veleztopografia.com\/wp-content\/uploads\/2020\/03\/IMG_20200311_094527-scaled.jpg 1894w\" sizes=\"(max-width: 757px) 100vw, 757px\" \/><figcaption class=\"blocks-gallery-item__caption\">Levantamiento acerado<\/figcaption><\/figure><\/li><li class=\"blocks-gallery-item\"><figure><img decoding=\"async\" width=\"1024\" height=\"558\" src=\"http:\/\/veleztopografia.com\/wp-content\/uploads\/2020\/03\/PANO_20200311_120717-1-1024x558.jpg\" alt=\"PANO 20200311 120717 1\" data-id=\"2019\" data-full-url=\"http:\/\/veleztopografia.com\/wp-content\/uploads\/2020\/03\/PANO_20200311_120717-1.jpg\" data-link=\"http:\/\/veleztopografia.com\/?attachment_id=2019\" class=\"wp-image-2019\" srcset=\"https:\/\/veleztopografia.com\/wp-content\/uploads\/2020\/03\/PANO_20200311_120717-1-1024x558.jpg 1024w, https:\/\/veleztopografia.com\/wp-content\/uploads\/2020\/03\/PANO_20200311_120717-1-300x163.jpg 300w, https:\/\/veleztopografia.com\/wp-content\/uploads\/2020\/03\/PANO_20200311_120717-1-768x418.jpg 768w, https:\/\/veleztopografia.com\/wp-content\/uploads\/2020\/03\/PANO_20200311_120717-1-1536x836.jpg 1536w, https:\/\/veleztopografia.com\/wp-content\/uploads\/2020\/03\/PANO_20200311_120717-1.jpg 2000w\" sizes=\"(max-width: 1024px) 100vw, 1024px\" \/><figcaption class=\"blocks-gallery-item__caption\">Panor\u00e1mica<\/figcaption><\/figure><\/li><\/ul><\/figure>\n","protected":false},"excerpt":{"rendered":"<p>Hoy hemos visitado la bonita localidad de Osuna (sevilla), para realizar un levantamiento topogr\u00e1fico de detalle de en una parcela en la cual ir\u00e1 ubicada una piscina cubierta. Se han tomado datos con precisi\u00f3n y abundancia con el fin de facilitar al equipo t\u00e9cnico el dise\u00f1o y redacci\u00f3n del proyecto de contrucci\u00f3n de esta instalaci\u00f3n [&hellip;]<\/p>\n","protected":false},"author":1,"featured_media":0,"comment_status":"open","ping_status":"open","sticky":false,"template":"","format":"standard","meta":{"_uag_custom_page_level_css":"","_monsterinsights_skip_tracking":false,"_monsterinsights_sitenote_active":false,"_monsterinsights_sitenote_note":"","_monsterinsights_sitenote_category":0,"site-sidebar-layout":"default","site-content-layout":"default","ast-site-content-layout":"default","site-content-style":"default","site-sidebar-style":"default","ast-global-header-display":"","ast-banner-title-visibility":"","ast-main-header-display":"","ast-hfb-above-header-display":"","ast-hfb-below-header-display":"","ast-hfb-mobile-header-display":"","site-post-title":"","ast-breadcrumbs-content":"","ast-featured-img":"","footer-sml-layout":"","ast-disable-related-posts":"","theme-transparent-header-meta":"default","adv-header-id-meta":"","stick-header-meta":"default","header-above-stick-meta":"","header-main-stick-meta":"","header-below-stick-meta":"","astra-migrate-meta-layouts":"default","ast-page-background-enabled":"default","ast-page-background-meta":{"desktop":{"background-color":"","background-image":"","background-repeat":"repeat","background-position":"center center","background-size":"auto","background-attachment":"scroll","background-type":"","background-media":"","overlay-type":"","overlay-color":"","overlay-opacity":"","overlay-gradient":""},"tablet":{"background-color":"","background-image":"","background-repeat":"repeat","background-position":"center center","background-size":"auto","background-attachment":"scroll","background-type":"","background-media":"","overlay-type":"","overlay-color":"","overlay-opacity":"","overlay-gradient":""},"mobile":{"background-color":"","background-image":"","background-repeat":"repeat","background-position":"center center","background-size":"auto","background-attachment":"scroll","background-type":"","background-media":"","overlay-type":"","overlay-color":"","overlay-opacity":"","overlay-gradient":""}},"ast-content-background-meta":{"desktop":{"background-color":"var(--ast-global-color-5)","background-image":"","background-repeat":"repeat","background-position":"center center","background-size":"auto","background-attachment":"scroll","background-type":"","background-media":"","overlay-type":"","overlay-color":"","overlay-opacity":"","overlay-gradient":""},"tablet":{"background-color":"var(--ast-global-color-5)","background-image":"","background-repeat":"repeat","background-position":"center center","background-size":"auto","background-attachment":"scroll","background-type":"","background-media":"","overlay-type":"","overlay-color":"","overlay-opacity":"","overlay-gradient":""},"mobile":{"background-color":"var(--ast-global-color-5)","background-image":"","background-repeat":"repeat","background-position":"center center","background-size":"auto","background-attachment":"scroll","background-type":"","background-media":"","overlay-type":"","overlay-color":"","overlay-opacity":"","overlay-gradient":""}},"footnotes":""},"categories":[5],"tags":[79,75,81,76,80,78,33,77,39],"class_list":["post-2015","post","type-post","status-publish","format-standard","hentry","category-blog","tag-levantamiento-topografico","tag-mavic-2-pro","tag-ortofoto","tag-ortofotografia","tag-ortoimagen","tag-osuna","tag-parcela","tag-sevilla","tag-topografo"],"yoast_head":"<!-- This site is optimized with the Yoast SEO Premium plugin v24.1 (Yoast SEO v27.4) - https:\/\/yoast.com\/product\/yoast-seo-premium-wordpress\/ -->\n<title>Top\u00f3grafo V\u00e9lez M\u00e1laga. Ingeniero topograf\u00eda medici\u00f3n fincas.<\/title>\n<meta name=\"description\" content=\"Top\u00f3grafo en Velez-M\u00e1laga.Servicios de topograf\u00eda en la axarqu\u00eda y M\u00e1laga.Medici\u00f3n de fincas,catastro,levantamiento topogr\u00e1ficos,segregaciones,replanteosn,drones,fotogrametr\u00eda,filmaci\u00f3n a\u00e9rea..\" \/>\n<meta name=\"robots\" content=\"index, follow, max-snippet:-1, max-image-preview:large, max-video-preview:-1\" \/>\n<link rel=\"canonical\" href=\"https:\/\/veleztopografia.com\/index.php\/2020\/03\/11\/topografo-en-osuna-sevillalevantamiento-topografico-a-escala-1200-y-ortofotografia\/\" \/>\n<meta property=\"og:locale\" content=\"es_ES\" \/>\n<meta property=\"og:type\" content=\"article\" \/>\n<meta property=\"og:title\" content=\"Top\u00f3grafo en Osuna (Sevilla):Levantamiento topogr\u00e1fico a escala 1:200 y ortofotograf\u00eda\" \/>\n<meta property=\"og:description\" content=\"Top\u00f3grafo en Velez-M\u00e1laga.Servicios de topograf\u00eda en la axarqu\u00eda y M\u00e1laga.Medici\u00f3n de fincas,catastro,levantamiento topogr\u00e1ficos,segregaciones,replanteosn,drones,fotogrametr\u00eda,filmaci\u00f3n a\u00e9rea..\" \/>\n<meta property=\"og:url\" content=\"https:\/\/veleztopografia.com\/index.php\/2020\/03\/11\/topografo-en-osuna-sevillalevantamiento-topografico-a-escala-1200-y-ortofotografia\/\" \/>\n<meta property=\"og:site_name\" content=\"V\u00e9lez Topograf\u00eda\" \/>\n<meta property=\"article:publisher\" content=\"https:\/\/www.facebook.com\/veleztopografia\" \/>\n<meta property=\"article:published_time\" content=\"2020-03-11T16:46:59+00:00\" \/>\n<meta property=\"article:modified_time\" content=\"2020-06-13T06:03:34+00:00\" \/>\n<meta property=\"og:image\" content=\"http:\/\/veleztopografia.com\/wp-content\/uploads\/2020\/03\/DJI_0061-1024x839.jpg\" \/>\n<meta name=\"author\" content=\"amrtopomar@hotmail.com\" \/>\n<meta name=\"twitter:card\" content=\"summary_large_image\" \/>\n<meta name=\"twitter:creator\" content=\"@alvaro_manen\" \/>\n<meta name=\"twitter:site\" content=\"@alvaro_manen\" \/>\n<meta name=\"twitter:label1\" content=\"Escrito por\" \/>\n\t<meta name=\"twitter:data1\" content=\"amrtopomar@hotmail.com\" \/>\n\t<meta name=\"twitter:label2\" content=\"Tiempo de lectura\" \/>\n\t<meta name=\"twitter:data2\" content=\"1 minuto\" \/>\n<script type=\"application\/ld+json\" class=\"yoast-schema-graph\">{\"@context\":\"https:\\\/\\\/schema.org\",\"@graph\":[{\"@type\":\"Article\",\"@id\":\"https:\\\/\\\/veleztopografia.com\\\/index.php\\\/2020\\\/03\\\/11\\\/topografo-en-osuna-sevillalevantamiento-topografico-a-escala-1200-y-ortofotografia\\\/#article\",\"isPartOf\":{\"@id\":\"https:\\\/\\\/veleztopografia.com\\\/index.php\\\/2020\\\/03\\\/11\\\/topografo-en-osuna-sevillalevantamiento-topografico-a-escala-1200-y-ortofotografia\\\/\"},\"author\":{\"name\":\"amrtopomar@hotmail.com\",\"@id\":\"http:\\\/\\\/veleztopografia.com\\\/#\\\/schema\\\/person\\\/f77ff7cee140d8850a0f97fd34ac2601\"},\"headline\":\"Top\u00f3grafo en Osuna (Sevilla):Levantamiento topogr\u00e1fico a escala 1:200 y ortofotograf\u00eda\",\"datePublished\":\"2020-03-11T16:46:59+00:00\",\"dateModified\":\"2020-06-13T06:03:34+00:00\",\"mainEntityOfPage\":{\"@id\":\"https:\\\/\\\/veleztopografia.com\\\/index.php\\\/2020\\\/03\\\/11\\\/topografo-en-osuna-sevillalevantamiento-topografico-a-escala-1200-y-ortofotografia\\\/\"},\"wordCount\":119,\"commentCount\":0,\"publisher\":{\"@id\":\"http:\\\/\\\/veleztopografia.com\\\/#organization\"},\"image\":{\"@id\":\"https:\\\/\\\/veleztopografia.com\\\/index.php\\\/2020\\\/03\\\/11\\\/topografo-en-osuna-sevillalevantamiento-topografico-a-escala-1200-y-ortofotografia\\\/#primaryimage\"},\"thumbnailUrl\":\"http:\\\/\\\/veleztopografia.com\\\/wp-content\\\/uploads\\\/2020\\\/03\\\/DJI_0061-1024x839.jpg\",\"keywords\":[\"levantamiento topografico\",\"mavic 2 pro\",\"ortofoto\",\"ortofotograf\u00eda\",\"ortoimagen\",\"osuna\",\"parcela\",\"sevilla\",\"top\u00f3grafo\"],\"articleSection\":[\"Blog\"],\"inLanguage\":\"es\",\"potentialAction\":[{\"@type\":\"CommentAction\",\"name\":\"Comment\",\"target\":[\"https:\\\/\\\/veleztopografia.com\\\/index.php\\\/2020\\\/03\\\/11\\\/topografo-en-osuna-sevillalevantamiento-topografico-a-escala-1200-y-ortofotografia\\\/#respond\"]}]},{\"@type\":\"WebPage\",\"@id\":\"https:\\\/\\\/veleztopografia.com\\\/index.php\\\/2020\\\/03\\\/11\\\/topografo-en-osuna-sevillalevantamiento-topografico-a-escala-1200-y-ortofotografia\\\/\",\"url\":\"https:\\\/\\\/veleztopografia.com\\\/index.php\\\/2020\\\/03\\\/11\\\/topografo-en-osuna-sevillalevantamiento-topografico-a-escala-1200-y-ortofotografia\\\/\",\"name\":\"Top\u00f3grafo V\u00e9lez M\u00e1laga. Ingeniero topograf\u00eda medici\u00f3n fincas.\",\"isPartOf\":{\"@id\":\"http:\\\/\\\/veleztopografia.com\\\/#website\"},\"primaryImageOfPage\":{\"@id\":\"https:\\\/\\\/veleztopografia.com\\\/index.php\\\/2020\\\/03\\\/11\\\/topografo-en-osuna-sevillalevantamiento-topografico-a-escala-1200-y-ortofotografia\\\/#primaryimage\"},\"image\":{\"@id\":\"https:\\\/\\\/veleztopografia.com\\\/index.php\\\/2020\\\/03\\\/11\\\/topografo-en-osuna-sevillalevantamiento-topografico-a-escala-1200-y-ortofotografia\\\/#primaryimage\"},\"thumbnailUrl\":\"http:\\\/\\\/veleztopografia.com\\\/wp-content\\\/uploads\\\/2020\\\/03\\\/DJI_0061-1024x839.jpg\",\"datePublished\":\"2020-03-11T16:46:59+00:00\",\"dateModified\":\"2020-06-13T06:03:34+00:00\",\"description\":\"Top\u00f3grafo en Velez-M\u00e1laga.Servicios de topograf\u00eda en la axarqu\u00eda y M\u00e1laga.Medici\u00f3n de fincas,catastro,levantamiento topogr\u00e1ficos,segregaciones,replanteosn,drones,fotogrametr\u00eda,filmaci\u00f3n a\u00e9rea..\",\"breadcrumb\":{\"@id\":\"https:\\\/\\\/veleztopografia.com\\\/index.php\\\/2020\\\/03\\\/11\\\/topografo-en-osuna-sevillalevantamiento-topografico-a-escala-1200-y-ortofotografia\\\/#breadcrumb\"},\"inLanguage\":\"es\",\"potentialAction\":[{\"@type\":\"ReadAction\",\"target\":[\"https:\\\/\\\/veleztopografia.com\\\/index.php\\\/2020\\\/03\\\/11\\\/topografo-en-osuna-sevillalevantamiento-topografico-a-escala-1200-y-ortofotografia\\\/\"]}]},{\"@type\":\"ImageObject\",\"inLanguage\":\"es\",\"@id\":\"https:\\\/\\\/veleztopografia.com\\\/index.php\\\/2020\\\/03\\\/11\\\/topografo-en-osuna-sevillalevantamiento-topografico-a-escala-1200-y-ortofotografia\\\/#primaryimage\",\"url\":\"https:\\\/\\\/veleztopografia.com\\\/wp-content\\\/uploads\\\/2020\\\/03\\\/DJI_0061-scaled.jpg\",\"contentUrl\":\"https:\\\/\\\/veleztopografia.com\\\/wp-content\\\/uploads\\\/2020\\\/03\\\/DJI_0061-scaled.jpg\",\"width\":2560,\"height\":2097,\"caption\":\"DJI 0061\"},{\"@type\":\"BreadcrumbList\",\"@id\":\"https:\\\/\\\/veleztopografia.com\\\/index.php\\\/2020\\\/03\\\/11\\\/topografo-en-osuna-sevillalevantamiento-topografico-a-escala-1200-y-ortofotografia\\\/#breadcrumb\",\"itemListElement\":[{\"@type\":\"ListItem\",\"position\":1,\"name\":\"Portada\",\"item\":\"http:\\\/\\\/veleztopografia.com\\\/\"},{\"@type\":\"ListItem\",\"position\":2,\"name\":\"Top\u00f3grafo en Osuna (Sevilla):Levantamiento topogr\u00e1fico a escala 1:200 y ortofotograf\u00eda\"}]},{\"@type\":\"WebSite\",\"@id\":\"http:\\\/\\\/veleztopografia.com\\\/#website\",\"url\":\"http:\\\/\\\/veleztopografia.com\\\/\",\"name\":\"V\u00e9lez Topograf\u00eda\",\"description\":\"Top\u00f3grafo de V\u00e9lez-M\u00e1laga. Servicios de topografia en la Axarqu\u00eda y M\u00e1laga.Medici\u00f3n de fincas,catastro,validacion gr\u00e1fica,etc..\",\"publisher\":{\"@id\":\"http:\\\/\\\/veleztopografia.com\\\/#organization\"},\"potentialAction\":[{\"@type\":\"SearchAction\",\"target\":{\"@type\":\"EntryPoint\",\"urlTemplate\":\"http:\\\/\\\/veleztopografia.com\\\/?s={search_term_string}\"},\"query-input\":{\"@type\":\"PropertyValueSpecification\",\"valueRequired\":true,\"valueName\":\"search_term_string\"}}],\"inLanguage\":\"es\"},{\"@type\":\"Organization\",\"@id\":\"http:\\\/\\\/veleztopografia.com\\\/#organization\",\"name\":\"V\u00e9lez Topograf\u00eda\",\"url\":\"http:\\\/\\\/veleztopografia.com\\\/\",\"logo\":{\"@type\":\"ImageObject\",\"inLanguage\":\"es\",\"@id\":\"http:\\\/\\\/veleztopografia.com\\\/#\\\/schema\\\/logo\\\/image\\\/\",\"url\":\"https:\\\/\\\/i0.wp.com\\\/veleztopografia.com\\\/wp-content\\\/uploads\\\/2019\\\/12\\\/LOGO-VELEZTOPOGRAFIA200-1.jpg?fit=400%2C200&ssl=1\",\"contentUrl\":\"https:\\\/\\\/i0.wp.com\\\/veleztopografia.com\\\/wp-content\\\/uploads\\\/2019\\\/12\\\/LOGO-VELEZTOPOGRAFIA200-1.jpg?fit=400%2C200&ssl=1\",\"width\":400,\"height\":200,\"caption\":\"V\u00e9lez Topograf\u00eda\"},\"image\":{\"@id\":\"http:\\\/\\\/veleztopografia.com\\\/#\\\/schema\\\/logo\\\/image\\\/\"},\"sameAs\":[\"https:\\\/\\\/www.facebook.com\\\/veleztopografia\",\"https:\\\/\\\/x.com\\\/alvaro_manen\",\"https:\\\/\\\/www.instagram.com\\\/alvaromanen\\\/\",\"https:\\\/\\\/www.linkedin.com\\\/in\\\/alvaro-manen-0a7b9a4b\\\/\",\"https:\\\/\\\/www.youtube.com\\\/channel\\\/UCBbmXfa52pAGpmufiMrR3qg\\\/videos\"]},{\"@type\":\"Person\",\"@id\":\"http:\\\/\\\/veleztopografia.com\\\/#\\\/schema\\\/person\\\/f77ff7cee140d8850a0f97fd34ac2601\",\"name\":\"amrtopomar@hotmail.com\",\"image\":{\"@type\":\"ImageObject\",\"inLanguage\":\"es\",\"@id\":\"https:\\\/\\\/secure.gravatar.com\\\/avatar\\\/1bebd10f775e886b97b35c18576a9d2e6b841c3f4b4f048fc10ffb01eb083731?s=96&d=mm&r=g\",\"url\":\"https:\\\/\\\/secure.gravatar.com\\\/avatar\\\/1bebd10f775e886b97b35c18576a9d2e6b841c3f4b4f048fc10ffb01eb083731?s=96&d=mm&r=g\",\"contentUrl\":\"https:\\\/\\\/secure.gravatar.com\\\/avatar\\\/1bebd10f775e886b97b35c18576a9d2e6b841c3f4b4f048fc10ffb01eb083731?s=96&d=mm&r=g\",\"caption\":\"amrtopomar@hotmail.com\"}}]}<\/script>\n<!-- \/ Yoast SEO Premium plugin. -->","yoast_head_json":{"title":"Top\u00f3grafo V\u00e9lez M\u00e1laga. Ingeniero topograf\u00eda medici\u00f3n fincas.","description":"Top\u00f3grafo en Velez-M\u00e1laga.Servicios de topograf\u00eda en la axarqu\u00eda y M\u00e1laga.Medici\u00f3n de fincas,catastro,levantamiento topogr\u00e1ficos,segregaciones,replanteosn,drones,fotogrametr\u00eda,filmaci\u00f3n a\u00e9rea..","robots":{"index":"index","follow":"follow","max-snippet":"max-snippet:-1","max-image-preview":"max-image-preview:large","max-video-preview":"max-video-preview:-1"},"canonical":"https:\/\/veleztopografia.com\/index.php\/2020\/03\/11\/topografo-en-osuna-sevillalevantamiento-topografico-a-escala-1200-y-ortofotografia\/","og_locale":"es_ES","og_type":"article","og_title":"Top\u00f3grafo en Osuna (Sevilla):Levantamiento topogr\u00e1fico a escala 1:200 y ortofotograf\u00eda","og_description":"Top\u00f3grafo en Velez-M\u00e1laga.Servicios de topograf\u00eda en la axarqu\u00eda y M\u00e1laga.Medici\u00f3n de fincas,catastro,levantamiento topogr\u00e1ficos,segregaciones,replanteosn,drones,fotogrametr\u00eda,filmaci\u00f3n a\u00e9rea..","og_url":"https:\/\/veleztopografia.com\/index.php\/2020\/03\/11\/topografo-en-osuna-sevillalevantamiento-topografico-a-escala-1200-y-ortofotografia\/","og_site_name":"V\u00e9lez Topograf\u00eda","article_publisher":"https:\/\/www.facebook.com\/veleztopografia","article_published_time":"2020-03-11T16:46:59+00:00","article_modified_time":"2020-06-13T06:03:34+00:00","og_image":[{"url":"http:\/\/veleztopografia.com\/wp-content\/uploads\/2020\/03\/DJI_0061-1024x839.jpg","type":"","width":"","height":""}],"author":"amrtopomar@hotmail.com","twitter_card":"summary_large_image","twitter_creator":"@alvaro_manen","twitter_site":"@alvaro_manen","twitter_misc":{"Escrito por":"amrtopomar@hotmail.com","Tiempo de lectura":"1 minuto"},"schema":{"@context":"https:\/\/schema.org","@graph":[{"@type":"Article","@id":"https:\/\/veleztopografia.com\/index.php\/2020\/03\/11\/topografo-en-osuna-sevillalevantamiento-topografico-a-escala-1200-y-ortofotografia\/#article","isPartOf":{"@id":"https:\/\/veleztopografia.com\/index.php\/2020\/03\/11\/topografo-en-osuna-sevillalevantamiento-topografico-a-escala-1200-y-ortofotografia\/"},"author":{"name":"amrtopomar@hotmail.com","@id":"http:\/\/veleztopografia.com\/#\/schema\/person\/f77ff7cee140d8850a0f97fd34ac2601"},"headline":"Top\u00f3grafo en Osuna (Sevilla):Levantamiento topogr\u00e1fico a escala 1:200 y ortofotograf\u00eda","datePublished":"2020-03-11T16:46:59+00:00","dateModified":"2020-06-13T06:03:34+00:00","mainEntityOfPage":{"@id":"https:\/\/veleztopografia.com\/index.php\/2020\/03\/11\/topografo-en-osuna-sevillalevantamiento-topografico-a-escala-1200-y-ortofotografia\/"},"wordCount":119,"commentCount":0,"publisher":{"@id":"http:\/\/veleztopografia.com\/#organization"},"image":{"@id":"https:\/\/veleztopografia.com\/index.php\/2020\/03\/11\/topografo-en-osuna-sevillalevantamiento-topografico-a-escala-1200-y-ortofotografia\/#primaryimage"},"thumbnailUrl":"http:\/\/veleztopografia.com\/wp-content\/uploads\/2020\/03\/DJI_0061-1024x839.jpg","keywords":["levantamiento topografico","mavic 2 pro","ortofoto","ortofotograf\u00eda","ortoimagen","osuna","parcela","sevilla","top\u00f3grafo"],"articleSection":["Blog"],"inLanguage":"es","potentialAction":[{"@type":"CommentAction","name":"Comment","target":["https:\/\/veleztopografia.com\/index.php\/2020\/03\/11\/topografo-en-osuna-sevillalevantamiento-topografico-a-escala-1200-y-ortofotografia\/#respond"]}]},{"@type":"WebPage","@id":"https:\/\/veleztopografia.com\/index.php\/2020\/03\/11\/topografo-en-osuna-sevillalevantamiento-topografico-a-escala-1200-y-ortofotografia\/","url":"https:\/\/veleztopografia.com\/index.php\/2020\/03\/11\/topografo-en-osuna-sevillalevantamiento-topografico-a-escala-1200-y-ortofotografia\/","name":"Top\u00f3grafo V\u00e9lez M\u00e1laga. Ingeniero topograf\u00eda medici\u00f3n fincas.","isPartOf":{"@id":"http:\/\/veleztopografia.com\/#website"},"primaryImageOfPage":{"@id":"https:\/\/veleztopografia.com\/index.php\/2020\/03\/11\/topografo-en-osuna-sevillalevantamiento-topografico-a-escala-1200-y-ortofotografia\/#primaryimage"},"image":{"@id":"https:\/\/veleztopografia.com\/index.php\/2020\/03\/11\/topografo-en-osuna-sevillalevantamiento-topografico-a-escala-1200-y-ortofotografia\/#primaryimage"},"thumbnailUrl":"http:\/\/veleztopografia.com\/wp-content\/uploads\/2020\/03\/DJI_0061-1024x839.jpg","datePublished":"2020-03-11T16:46:59+00:00","dateModified":"2020-06-13T06:03:34+00:00","description":"Top\u00f3grafo en Velez-M\u00e1laga.Servicios de topograf\u00eda en la axarqu\u00eda y M\u00e1laga.Medici\u00f3n de fincas,catastro,levantamiento topogr\u00e1ficos,segregaciones,replanteosn,drones,fotogrametr\u00eda,filmaci\u00f3n a\u00e9rea..","breadcrumb":{"@id":"https:\/\/veleztopografia.com\/index.php\/2020\/03\/11\/topografo-en-osuna-sevillalevantamiento-topografico-a-escala-1200-y-ortofotografia\/#breadcrumb"},"inLanguage":"es","potentialAction":[{"@type":"ReadAction","target":["https:\/\/veleztopografia.com\/index.php\/2020\/03\/11\/topografo-en-osuna-sevillalevantamiento-topografico-a-escala-1200-y-ortofotografia\/"]}]},{"@type":"ImageObject","inLanguage":"es","@id":"https:\/\/veleztopografia.com\/index.php\/2020\/03\/11\/topografo-en-osuna-sevillalevantamiento-topografico-a-escala-1200-y-ortofotografia\/#primaryimage","url":"https:\/\/veleztopografia.com\/wp-content\/uploads\/2020\/03\/DJI_0061-scaled.jpg","contentUrl":"https:\/\/veleztopografia.com\/wp-content\/uploads\/2020\/03\/DJI_0061-scaled.jpg","width":2560,"height":2097,"caption":"DJI 0061"},{"@type":"BreadcrumbList","@id":"https:\/\/veleztopografia.com\/index.php\/2020\/03\/11\/topografo-en-osuna-sevillalevantamiento-topografico-a-escala-1200-y-ortofotografia\/#breadcrumb","itemListElement":[{"@type":"ListItem","position":1,"name":"Portada","item":"http:\/\/veleztopografia.com\/"},{"@type":"ListItem","position":2,"name":"Top\u00f3grafo en Osuna (Sevilla):Levantamiento topogr\u00e1fico a escala 1:200 y ortofotograf\u00eda"}]},{"@type":"WebSite","@id":"http:\/\/veleztopografia.com\/#website","url":"http:\/\/veleztopografia.com\/","name":"V\u00e9lez Topograf\u00eda","description":"Top\u00f3grafo de V\u00e9lez-M\u00e1laga. Servicios de topografia en la Axarqu\u00eda y M\u00e1laga.Medici\u00f3n de fincas,catastro,validacion gr\u00e1fica,etc..","publisher":{"@id":"http:\/\/veleztopografia.com\/#organization"},"potentialAction":[{"@type":"SearchAction","target":{"@type":"EntryPoint","urlTemplate":"http:\/\/veleztopografia.com\/?s={search_term_string}"},"query-input":{"@type":"PropertyValueSpecification","valueRequired":true,"valueName":"search_term_string"}}],"inLanguage":"es"},{"@type":"Organization","@id":"http:\/\/veleztopografia.com\/#organization","name":"V\u00e9lez Topograf\u00eda","url":"http:\/\/veleztopografia.com\/","logo":{"@type":"ImageObject","inLanguage":"es","@id":"http:\/\/veleztopografia.com\/#\/schema\/logo\/image\/","url":"https:\/\/i0.wp.com\/veleztopografia.com\/wp-content\/uploads\/2019\/12\/LOGO-VELEZTOPOGRAFIA200-1.jpg?fit=400%2C200&ssl=1","contentUrl":"https:\/\/i0.wp.com\/veleztopografia.com\/wp-content\/uploads\/2019\/12\/LOGO-VELEZTOPOGRAFIA200-1.jpg?fit=400%2C200&ssl=1","width":400,"height":200,"caption":"V\u00e9lez Topograf\u00eda"},"image":{"@id":"http:\/\/veleztopografia.com\/#\/schema\/logo\/image\/"},"sameAs":["https:\/\/www.facebook.com\/veleztopografia","https:\/\/x.com\/alvaro_manen","https:\/\/www.instagram.com\/alvaromanen\/","https:\/\/www.linkedin.com\/in\/alvaro-manen-0a7b9a4b\/","https:\/\/www.youtube.com\/channel\/UCBbmXfa52pAGpmufiMrR3qg\/videos"]},{"@type":"Person","@id":"http:\/\/veleztopografia.com\/#\/schema\/person\/f77ff7cee140d8850a0f97fd34ac2601","name":"amrtopomar@hotmail.com","image":{"@type":"ImageObject","inLanguage":"es","@id":"https:\/\/secure.gravatar.com\/avatar\/1bebd10f775e886b97b35c18576a9d2e6b841c3f4b4f048fc10ffb01eb083731?s=96&d=mm&r=g","url":"https:\/\/secure.gravatar.com\/avatar\/1bebd10f775e886b97b35c18576a9d2e6b841c3f4b4f048fc10ffb01eb083731?s=96&d=mm&r=g","contentUrl":"https:\/\/secure.gravatar.com\/avatar\/1bebd10f775e886b97b35c18576a9d2e6b841c3f4b4f048fc10ffb01eb083731?s=96&d=mm&r=g","caption":"amrtopomar@hotmail.com"}}]}},"uagb_featured_image_src":{"full":false,"thumbnail":false,"medium":false,"medium_large":false,"large":false,"1536x1536":false,"2048x2048":false,"wpvr_mobile":false},"uagb_author_info":{"display_name":"amrtopomar@hotmail.com","author_link":"https:\/\/veleztopografia.com\/index.php\/author\/amrtopomarhotmail-com\/"},"uagb_comment_info":0,"uagb_excerpt":"Hoy hemos visitado la bonita localidad de Osuna (sevilla), para realizar un levantamiento topogr\u00e1fico de detalle de en una parcela en la cual ir\u00e1 ubicada una piscina cubierta. Se han tomado datos con precisi\u00f3n y abundancia con el fin de facilitar al equipo t\u00e9cnico el dise\u00f1o y redacci\u00f3n del proyecto de contrucci\u00f3n de esta instalaci\u00f3n&hellip;","_links":{"self":[{"href":"https:\/\/veleztopografia.com\/index.php\/wp-json\/wp\/v2\/posts\/2015","targetHints":{"allow":["GET"]}}],"collection":[{"href":"https:\/\/veleztopografia.com\/index.php\/wp-json\/wp\/v2\/posts"}],"about":[{"href":"https:\/\/veleztopografia.com\/index.php\/wp-json\/wp\/v2\/types\/post"}],"author":[{"embeddable":true,"href":"https:\/\/veleztopografia.com\/index.php\/wp-json\/wp\/v2\/users\/1"}],"replies":[{"embeddable":true,"href":"https:\/\/veleztopografia.com\/index.php\/wp-json\/wp\/v2\/comments?post=2015"}],"version-history":[{"count":1,"href":"https:\/\/veleztopografia.com\/index.php\/wp-json\/wp\/v2\/posts\/2015\/revisions"}],"predecessor-version":[{"id":2020,"href":"https:\/\/veleztopografia.com\/index.php\/wp-json\/wp\/v2\/posts\/2015\/revisions\/2020"}],"wp:attachment":[{"href":"https:\/\/veleztopografia.com\/index.php\/wp-json\/wp\/v2\/media?parent=2015"}],"wp:term":[{"taxonomy":"category","embeddable":true,"href":"https:\/\/veleztopografia.com\/index.php\/wp-json\/wp\/v2\/categories?post=2015"},{"taxonomy":"post_tag","embeddable":true,"href":"https:\/\/veleztopografia.com\/index.php\/wp-json\/wp\/v2\/tags?post=2015"}],"curies":[{"name":"wp","href":"https:\/\/api.w.org\/{rel}","templated":true}]}}