{"id":12630,"date":"2025-10-07T15:44:50","date_gmt":"2025-10-07T15:44:50","guid":{"rendered":"https:\/\/veleztopografia.com\/?p=12630"},"modified":"2025-10-07T15:44:51","modified_gmt":"2025-10-07T15:44:51","slug":"topografo-en-malaga-y-axarquia-velez-topografia","status":"publish","type":"post","link":"https:\/\/veleztopografia.com\/index.php\/2025\/10\/07\/topografo-en-malaga-y-axarquia-velez-topografia\/","title":{"rendered":"Top\u00f3grafo en M\u00e1laga y Axarqu\u00eda | V\u00e9lez Topograf\u00eda"},"content":{"rendered":"\n<p>En <strong>V\u00e9lez Topograf\u00eda<\/strong> ponemos a tu disposici\u00f3n un <strong>servicio de topograf\u00eda en M\u00e1laga y provincia<\/strong>, adaptado tanto a <strong>particulares como a profesionales<\/strong>. Si necesitas <strong>medir una parcela, realizar un levantamiento topogr\u00e1fico o hacer un deslinde con precisi\u00f3n<\/strong>, somos tu mejor opci\u00f3n.<\/p>\n\n\n\n<p>Trabajamos con <strong>equipos GPS de alta precisi\u00f3n y estaci\u00f3n total<\/strong>, ofreciendo resultados exactos y planos georreferenciados listos para arquitectos, ingenieros o notarios.<\/p>\n\n\n\n<p>Nuestros principales servicios son:<\/p>\n\n\n\n<ul class=\"wp-block-list\">\n<li><strong>Levantamientos topogr\u00e1ficos georreferenciados.<\/strong><\/li>\n\n\n\n<li><strong>Deslindes y mediciones de fincas r\u00fasticas y urbanas.<\/strong><\/li>\n\n\n\n<li><strong>Replanteo de obras y proyectos de edificaci\u00f3n.<\/strong><\/li>\n\n\n\n<li><strong>Informes t\u00e9cnicos y planos para escrituras o segregaciones.<\/strong><\/li>\n<\/ul>\n\n\n\n<p>Atendemos en toda la provincia de M\u00e1laga: desde <strong>V\u00e9lez-M\u00e1laga, Nerja y Torre del Mar<\/strong> hasta <strong>Marbella, Rinc\u00f3n de la Victoria, Benalm\u00e1dena o Antequera<\/strong>.<\/p>\n\n\n\n<p>Si buscas un <strong>top\u00f3grafo en M\u00e1laga de confianza<\/strong>, con experiencia y trato cercano, contacta con <strong>V\u00e9lez Topograf\u00eda<\/strong>.<br>Te ayudamos a resolver cualquier necesidad topogr\u00e1fica con rapidez, claridad y profesionalidad.<\/p>\n\n\n\n<p>\ud83d\udcde <strong>Solicita tu presupuesto sin compromiso.<\/strong><br>\ud83d\udc49 <strong><a href=\"http:\/\/www.veleztopografia.com\">www.veleztopografia.com<\/a><\/strong><\/p>\n","protected":false},"excerpt":{"rendered":"<p>En V\u00e9lez Topograf\u00eda ponemos a tu disposici\u00f3n un servicio de topograf\u00eda en M\u00e1laga y provincia, adaptado tanto a particulares como a profesionales. Si necesitas medir una parcela, realizar un levantamiento topogr\u00e1fico o hacer un deslinde con precisi\u00f3n, somos tu mejor opci\u00f3n. Trabajamos con equipos GPS de alta precisi\u00f3n y estaci\u00f3n total, ofreciendo resultados exactos y [&hellip;]<\/p>\n","protected":false},"author":1,"featured_media":0,"comment_status":"open","ping_status":"open","sticky":false,"template":"","format":"standard","meta":{"_uag_custom_page_level_css":"","_monsterinsights_skip_tracking":false,"_monsterinsights_sitenote_active":false,"_monsterinsights_sitenote_note":"","_monsterinsights_sitenote_category":0,"site-sidebar-layout":"default","site-content-layout":"","ast-site-content-layout":"default","site-content-style":"default","site-sidebar-style":"default","ast-global-header-display":"","ast-banner-title-visibility":"","ast-main-header-display":"","ast-hfb-above-header-display":"","ast-hfb-below-header-display":"","ast-hfb-mobile-header-display":"","site-post-title":"","ast-breadcrumbs-content":"","ast-featured-img":"","footer-sml-layout":"","ast-disable-related-posts":"","theme-transparent-header-meta":"","adv-header-id-meta":"","stick-header-meta":"","header-above-stick-meta":"","header-main-stick-meta":"","header-below-stick-meta":"","astra-migrate-meta-layouts":"set","ast-page-background-enabled":"default","ast-page-background-meta":{"desktop":{"background-color":"","background-image":"","background-repeat":"repeat","background-position":"center center","background-size":"auto","background-attachment":"scroll","background-type":"","background-media":"","overlay-type":"","overlay-color":"","overlay-opacity":"","overlay-gradient":""},"tablet":{"background-color":"","background-image":"","background-repeat":"repeat","background-position":"center center","background-size":"auto","background-attachment":"scroll","background-type":"","background-media":"","overlay-type":"","overlay-color":"","overlay-opacity":"","overlay-gradient":""},"mobile":{"background-color":"","background-image":"","background-repeat":"repeat","background-position":"center center","background-size":"auto","background-attachment":"scroll","background-type":"","background-media":"","overlay-type":"","overlay-color":"","overlay-opacity":"","overlay-gradient":""}},"ast-content-background-meta":{"desktop":{"background-color":"var(--ast-global-color-5)","background-image":"","background-repeat":"repeat","background-position":"center center","background-size":"auto","background-attachment":"scroll","background-type":"","background-media":"","overlay-type":"","overlay-color":"","overlay-opacity":"","overlay-gradient":""},"tablet":{"background-color":"var(--ast-global-color-5)","background-image":"","background-repeat":"repeat","background-position":"center center","background-size":"auto","background-attachment":"scroll","background-type":"","background-media":"","overlay-type":"","overlay-color":"","overlay-opacity":"","overlay-gradient":""},"mobile":{"background-color":"var(--ast-global-color-5)","background-image":"","background-repeat":"repeat","background-position":"center center","background-size":"auto","background-attachment":"scroll","background-type":"","background-media":"","overlay-type":"","overlay-color":"","overlay-opacity":"","overlay-gradient":""}},"footnotes":""},"categories":[5],"tags":[685,684,683,682,681],"class_list":["post-12630","post","type-post","status-publish","format-standard","hentry","category-blog","tag-deslinde-de-parcelas-malagamedicion-de-fincas-malaga","tag-levantamiento-topografico-velez-malaga","tag-topografia-axarquia","tag-topografia-velez-malaga","tag-topografo-malaga-2"],"yoast_head":"<!-- This site is optimized with the Yoast SEO Premium plugin v24.1 (Yoast SEO v27.4) - https:\/\/yoast.com\/product\/yoast-seo-premium-wordpress\/ -->\n<title>Top\u00f3grafo V\u00e9lez M\u00e1laga. Ingeniero topograf\u00eda medici\u00f3n fincas.<\/title>\n<meta name=\"description\" content=\"Top\u00f3grafo en M\u00e1laga, V\u00e9lez-M\u00e1laga y toda la Axarqu\u00eda. Levantamientos topogr\u00e1ficos, deslindes, mediciones y replanteos con precisi\u00f3n profesional.\" \/>\n<meta name=\"robots\" content=\"index, follow, max-snippet:-1, max-image-preview:large, max-video-preview:-1\" \/>\n<link rel=\"canonical\" href=\"https:\/\/veleztopografia.com\/index.php\/2025\/10\/07\/topografo-en-malaga-y-axarquia-velez-topografia\/\" \/>\n<meta property=\"og:locale\" content=\"es_ES\" \/>\n<meta property=\"og:type\" content=\"article\" \/>\n<meta property=\"og:title\" content=\"Top\u00f3grafo en M\u00e1laga y Axarqu\u00eda | V\u00e9lez Topograf\u00eda\" \/>\n<meta property=\"og:description\" content=\"Top\u00f3grafo en M\u00e1laga, V\u00e9lez-M\u00e1laga y toda la Axarqu\u00eda. Levantamientos topogr\u00e1ficos, deslindes, mediciones y replanteos con precisi\u00f3n profesional.\" \/>\n<meta property=\"og:url\" content=\"https:\/\/veleztopografia.com\/index.php\/2025\/10\/07\/topografo-en-malaga-y-axarquia-velez-topografia\/\" \/>\n<meta property=\"og:site_name\" content=\"V\u00e9lez Topograf\u00eda\" \/>\n<meta property=\"article:publisher\" content=\"https:\/\/www.facebook.com\/veleztopografia\" \/>\n<meta property=\"article:published_time\" content=\"2025-10-07T15:44:50+00:00\" \/>\n<meta property=\"article:modified_time\" content=\"2025-10-07T15:44:51+00:00\" \/>\n<meta name=\"author\" content=\"amrtopomar@hotmail.com\" \/>\n<meta name=\"twitter:card\" content=\"summary_large_image\" \/>\n<meta name=\"twitter:creator\" content=\"@alvaro_manen\" \/>\n<meta name=\"twitter:site\" content=\"@alvaro_manen\" \/>\n<meta name=\"twitter:label1\" content=\"Escrito por\" \/>\n\t<meta name=\"twitter:data1\" content=\"amrtopomar@hotmail.com\" \/>\n\t<meta name=\"twitter:label2\" content=\"Tiempo de lectura\" \/>\n\t<meta name=\"twitter:data2\" content=\"1 minuto\" \/>\n<script type=\"application\/ld+json\" class=\"yoast-schema-graph\">{\"@context\":\"https:\\\/\\\/schema.org\",\"@graph\":[{\"@type\":\"Article\",\"@id\":\"https:\\\/\\\/veleztopografia.com\\\/index.php\\\/2025\\\/10\\\/07\\\/topografo-en-malaga-y-axarquia-velez-topografia\\\/#article\",\"isPartOf\":{\"@id\":\"https:\\\/\\\/veleztopografia.com\\\/index.php\\\/2025\\\/10\\\/07\\\/topografo-en-malaga-y-axarquia-velez-topografia\\\/\"},\"author\":{\"name\":\"amrtopomar@hotmail.com\",\"@id\":\"http:\\\/\\\/veleztopografia.com\\\/#\\\/schema\\\/person\\\/f77ff7cee140d8850a0f97fd34ac2601\"},\"headline\":\"Top\u00f3grafo en M\u00e1laga y Axarqu\u00eda | V\u00e9lez Topograf\u00eda\",\"datePublished\":\"2025-10-07T15:44:50+00:00\",\"dateModified\":\"2025-10-07T15:44:51+00:00\",\"mainEntityOfPage\":{\"@id\":\"https:\\\/\\\/veleztopografia.com\\\/index.php\\\/2025\\\/10\\\/07\\\/topografo-en-malaga-y-axarquia-velez-topografia\\\/\"},\"wordCount\":189,\"commentCount\":0,\"publisher\":{\"@id\":\"http:\\\/\\\/veleztopografia.com\\\/#organization\"},\"keywords\":[\"deslinde de parcelas M\u00e1lagamedici\u00f3n de fincas M\u00e1laga\",\"levantamiento topogr\u00e1fico V\u00e9lez-M\u00e1laga\",\"topograf\u00eda Axarqu\u00eda\",\"topograf\u00eda V\u00e9lez-M\u00e1laga\",\"top\u00f3grafo M\u00e1laga\"],\"articleSection\":[\"Blog\"],\"inLanguage\":\"es\",\"potentialAction\":[{\"@type\":\"CommentAction\",\"name\":\"Comment\",\"target\":[\"https:\\\/\\\/veleztopografia.com\\\/index.php\\\/2025\\\/10\\\/07\\\/topografo-en-malaga-y-axarquia-velez-topografia\\\/#respond\"]}]},{\"@type\":\"WebPage\",\"@id\":\"https:\\\/\\\/veleztopografia.com\\\/index.php\\\/2025\\\/10\\\/07\\\/topografo-en-malaga-y-axarquia-velez-topografia\\\/\",\"url\":\"https:\\\/\\\/veleztopografia.com\\\/index.php\\\/2025\\\/10\\\/07\\\/topografo-en-malaga-y-axarquia-velez-topografia\\\/\",\"name\":\"Top\u00f3grafo V\u00e9lez M\u00e1laga. Ingeniero topograf\u00eda medici\u00f3n fincas.\",\"isPartOf\":{\"@id\":\"http:\\\/\\\/veleztopografia.com\\\/#website\"},\"datePublished\":\"2025-10-07T15:44:50+00:00\",\"dateModified\":\"2025-10-07T15:44:51+00:00\",\"description\":\"Top\u00f3grafo en M\u00e1laga, V\u00e9lez-M\u00e1laga y toda la Axarqu\u00eda. Levantamientos topogr\u00e1ficos, deslindes, mediciones y replanteos con precisi\u00f3n profesional.\",\"breadcrumb\":{\"@id\":\"https:\\\/\\\/veleztopografia.com\\\/index.php\\\/2025\\\/10\\\/07\\\/topografo-en-malaga-y-axarquia-velez-topografia\\\/#breadcrumb\"},\"inLanguage\":\"es\",\"potentialAction\":[{\"@type\":\"ReadAction\",\"target\":[\"https:\\\/\\\/veleztopografia.com\\\/index.php\\\/2025\\\/10\\\/07\\\/topografo-en-malaga-y-axarquia-velez-topografia\\\/\"]}]},{\"@type\":\"BreadcrumbList\",\"@id\":\"https:\\\/\\\/veleztopografia.com\\\/index.php\\\/2025\\\/10\\\/07\\\/topografo-en-malaga-y-axarquia-velez-topografia\\\/#breadcrumb\",\"itemListElement\":[{\"@type\":\"ListItem\",\"position\":1,\"name\":\"Portada\",\"item\":\"http:\\\/\\\/veleztopografia.com\\\/\"},{\"@type\":\"ListItem\",\"position\":2,\"name\":\"Top\u00f3grafo en M\u00e1laga y Axarqu\u00eda | V\u00e9lez Topograf\u00eda\"}]},{\"@type\":\"WebSite\",\"@id\":\"http:\\\/\\\/veleztopografia.com\\\/#website\",\"url\":\"http:\\\/\\\/veleztopografia.com\\\/\",\"name\":\"V\u00e9lez Topograf\u00eda\",\"description\":\"Top\u00f3grafo de V\u00e9lez-M\u00e1laga. Servicios de topografia en la Axarqu\u00eda y M\u00e1laga.Medici\u00f3n de fincas,catastro,validacion gr\u00e1fica,etc..\",\"publisher\":{\"@id\":\"http:\\\/\\\/veleztopografia.com\\\/#organization\"},\"potentialAction\":[{\"@type\":\"SearchAction\",\"target\":{\"@type\":\"EntryPoint\",\"urlTemplate\":\"http:\\\/\\\/veleztopografia.com\\\/?s={search_term_string}\"},\"query-input\":{\"@type\":\"PropertyValueSpecification\",\"valueRequired\":true,\"valueName\":\"search_term_string\"}}],\"inLanguage\":\"es\"},{\"@type\":\"Organization\",\"@id\":\"http:\\\/\\\/veleztopografia.com\\\/#organization\",\"name\":\"V\u00e9lez Topograf\u00eda\",\"url\":\"http:\\\/\\\/veleztopografia.com\\\/\",\"logo\":{\"@type\":\"ImageObject\",\"inLanguage\":\"es\",\"@id\":\"http:\\\/\\\/veleztopografia.com\\\/#\\\/schema\\\/logo\\\/image\\\/\",\"url\":\"https:\\\/\\\/i0.wp.com\\\/veleztopografia.com\\\/wp-content\\\/uploads\\\/2019\\\/12\\\/LOGO-VELEZTOPOGRAFIA200-1.jpg?fit=400%2C200&ssl=1\",\"contentUrl\":\"https:\\\/\\\/i0.wp.com\\\/veleztopografia.com\\\/wp-content\\\/uploads\\\/2019\\\/12\\\/LOGO-VELEZTOPOGRAFIA200-1.jpg?fit=400%2C200&ssl=1\",\"width\":400,\"height\":200,\"caption\":\"V\u00e9lez Topograf\u00eda\"},\"image\":{\"@id\":\"http:\\\/\\\/veleztopografia.com\\\/#\\\/schema\\\/logo\\\/image\\\/\"},\"sameAs\":[\"https:\\\/\\\/www.facebook.com\\\/veleztopografia\",\"https:\\\/\\\/x.com\\\/alvaro_manen\",\"https:\\\/\\\/www.instagram.com\\\/alvaromanen\\\/\",\"https:\\\/\\\/www.linkedin.com\\\/in\\\/alvaro-manen-0a7b9a4b\\\/\",\"https:\\\/\\\/www.youtube.com\\\/channel\\\/UCBbmXfa52pAGpmufiMrR3qg\\\/videos\"]},{\"@type\":\"Person\",\"@id\":\"http:\\\/\\\/veleztopografia.com\\\/#\\\/schema\\\/person\\\/f77ff7cee140d8850a0f97fd34ac2601\",\"name\":\"amrtopomar@hotmail.com\",\"image\":{\"@type\":\"ImageObject\",\"inLanguage\":\"es\",\"@id\":\"https:\\\/\\\/secure.gravatar.com\\\/avatar\\\/1bebd10f775e886b97b35c18576a9d2e6b841c3f4b4f048fc10ffb01eb083731?s=96&d=mm&r=g\",\"url\":\"https:\\\/\\\/secure.gravatar.com\\\/avatar\\\/1bebd10f775e886b97b35c18576a9d2e6b841c3f4b4f048fc10ffb01eb083731?s=96&d=mm&r=g\",\"contentUrl\":\"https:\\\/\\\/secure.gravatar.com\\\/avatar\\\/1bebd10f775e886b97b35c18576a9d2e6b841c3f4b4f048fc10ffb01eb083731?s=96&d=mm&r=g\",\"caption\":\"amrtopomar@hotmail.com\"}}]}<\/script>\n<!-- \/ Yoast SEO Premium plugin. -->","yoast_head_json":{"title":"Top\u00f3grafo V\u00e9lez M\u00e1laga. Ingeniero topograf\u00eda medici\u00f3n fincas.","description":"Top\u00f3grafo en M\u00e1laga, V\u00e9lez-M\u00e1laga y toda la Axarqu\u00eda. Levantamientos topogr\u00e1ficos, deslindes, mediciones y replanteos con precisi\u00f3n profesional.","robots":{"index":"index","follow":"follow","max-snippet":"max-snippet:-1","max-image-preview":"max-image-preview:large","max-video-preview":"max-video-preview:-1"},"canonical":"https:\/\/veleztopografia.com\/index.php\/2025\/10\/07\/topografo-en-malaga-y-axarquia-velez-topografia\/","og_locale":"es_ES","og_type":"article","og_title":"Top\u00f3grafo en M\u00e1laga y Axarqu\u00eda | V\u00e9lez Topograf\u00eda","og_description":"Top\u00f3grafo en M\u00e1laga, V\u00e9lez-M\u00e1laga y toda la Axarqu\u00eda. Levantamientos topogr\u00e1ficos, deslindes, mediciones y replanteos con precisi\u00f3n profesional.","og_url":"https:\/\/veleztopografia.com\/index.php\/2025\/10\/07\/topografo-en-malaga-y-axarquia-velez-topografia\/","og_site_name":"V\u00e9lez Topograf\u00eda","article_publisher":"https:\/\/www.facebook.com\/veleztopografia","article_published_time":"2025-10-07T15:44:50+00:00","article_modified_time":"2025-10-07T15:44:51+00:00","author":"amrtopomar@hotmail.com","twitter_card":"summary_large_image","twitter_creator":"@alvaro_manen","twitter_site":"@alvaro_manen","twitter_misc":{"Escrito por":"amrtopomar@hotmail.com","Tiempo de lectura":"1 minuto"},"schema":{"@context":"https:\/\/schema.org","@graph":[{"@type":"Article","@id":"https:\/\/veleztopografia.com\/index.php\/2025\/10\/07\/topografo-en-malaga-y-axarquia-velez-topografia\/#article","isPartOf":{"@id":"https:\/\/veleztopografia.com\/index.php\/2025\/10\/07\/topografo-en-malaga-y-axarquia-velez-topografia\/"},"author":{"name":"amrtopomar@hotmail.com","@id":"http:\/\/veleztopografia.com\/#\/schema\/person\/f77ff7cee140d8850a0f97fd34ac2601"},"headline":"Top\u00f3grafo en M\u00e1laga y Axarqu\u00eda | V\u00e9lez Topograf\u00eda","datePublished":"2025-10-07T15:44:50+00:00","dateModified":"2025-10-07T15:44:51+00:00","mainEntityOfPage":{"@id":"https:\/\/veleztopografia.com\/index.php\/2025\/10\/07\/topografo-en-malaga-y-axarquia-velez-topografia\/"},"wordCount":189,"commentCount":0,"publisher":{"@id":"http:\/\/veleztopografia.com\/#organization"},"keywords":["deslinde de parcelas M\u00e1lagamedici\u00f3n de fincas M\u00e1laga","levantamiento topogr\u00e1fico V\u00e9lez-M\u00e1laga","topograf\u00eda Axarqu\u00eda","topograf\u00eda V\u00e9lez-M\u00e1laga","top\u00f3grafo M\u00e1laga"],"articleSection":["Blog"],"inLanguage":"es","potentialAction":[{"@type":"CommentAction","name":"Comment","target":["https:\/\/veleztopografia.com\/index.php\/2025\/10\/07\/topografo-en-malaga-y-axarquia-velez-topografia\/#respond"]}]},{"@type":"WebPage","@id":"https:\/\/veleztopografia.com\/index.php\/2025\/10\/07\/topografo-en-malaga-y-axarquia-velez-topografia\/","url":"https:\/\/veleztopografia.com\/index.php\/2025\/10\/07\/topografo-en-malaga-y-axarquia-velez-topografia\/","name":"Top\u00f3grafo V\u00e9lez M\u00e1laga. Ingeniero topograf\u00eda medici\u00f3n fincas.","isPartOf":{"@id":"http:\/\/veleztopografia.com\/#website"},"datePublished":"2025-10-07T15:44:50+00:00","dateModified":"2025-10-07T15:44:51+00:00","description":"Top\u00f3grafo en M\u00e1laga, V\u00e9lez-M\u00e1laga y toda la Axarqu\u00eda. Levantamientos topogr\u00e1ficos, deslindes, mediciones y replanteos con precisi\u00f3n profesional.","breadcrumb":{"@id":"https:\/\/veleztopografia.com\/index.php\/2025\/10\/07\/topografo-en-malaga-y-axarquia-velez-topografia\/#breadcrumb"},"inLanguage":"es","potentialAction":[{"@type":"ReadAction","target":["https:\/\/veleztopografia.com\/index.php\/2025\/10\/07\/topografo-en-malaga-y-axarquia-velez-topografia\/"]}]},{"@type":"BreadcrumbList","@id":"https:\/\/veleztopografia.com\/index.php\/2025\/10\/07\/topografo-en-malaga-y-axarquia-velez-topografia\/#breadcrumb","itemListElement":[{"@type":"ListItem","position":1,"name":"Portada","item":"http:\/\/veleztopografia.com\/"},{"@type":"ListItem","position":2,"name":"Top\u00f3grafo en M\u00e1laga y Axarqu\u00eda | V\u00e9lez Topograf\u00eda"}]},{"@type":"WebSite","@id":"http:\/\/veleztopografia.com\/#website","url":"http:\/\/veleztopografia.com\/","name":"V\u00e9lez Topograf\u00eda","description":"Top\u00f3grafo de V\u00e9lez-M\u00e1laga. Servicios de topografia en la Axarqu\u00eda y M\u00e1laga.Medici\u00f3n de fincas,catastro,validacion gr\u00e1fica,etc..","publisher":{"@id":"http:\/\/veleztopografia.com\/#organization"},"potentialAction":[{"@type":"SearchAction","target":{"@type":"EntryPoint","urlTemplate":"http:\/\/veleztopografia.com\/?s={search_term_string}"},"query-input":{"@type":"PropertyValueSpecification","valueRequired":true,"valueName":"search_term_string"}}],"inLanguage":"es"},{"@type":"Organization","@id":"http:\/\/veleztopografia.com\/#organization","name":"V\u00e9lez Topograf\u00eda","url":"http:\/\/veleztopografia.com\/","logo":{"@type":"ImageObject","inLanguage":"es","@id":"http:\/\/veleztopografia.com\/#\/schema\/logo\/image\/","url":"https:\/\/i0.wp.com\/veleztopografia.com\/wp-content\/uploads\/2019\/12\/LOGO-VELEZTOPOGRAFIA200-1.jpg?fit=400%2C200&ssl=1","contentUrl":"https:\/\/i0.wp.com\/veleztopografia.com\/wp-content\/uploads\/2019\/12\/LOGO-VELEZTOPOGRAFIA200-1.jpg?fit=400%2C200&ssl=1","width":400,"height":200,"caption":"V\u00e9lez Topograf\u00eda"},"image":{"@id":"http:\/\/veleztopografia.com\/#\/schema\/logo\/image\/"},"sameAs":["https:\/\/www.facebook.com\/veleztopografia","https:\/\/x.com\/alvaro_manen","https:\/\/www.instagram.com\/alvaromanen\/","https:\/\/www.linkedin.com\/in\/alvaro-manen-0a7b9a4b\/","https:\/\/www.youtube.com\/channel\/UCBbmXfa52pAGpmufiMrR3qg\/videos"]},{"@type":"Person","@id":"http:\/\/veleztopografia.com\/#\/schema\/person\/f77ff7cee140d8850a0f97fd34ac2601","name":"amrtopomar@hotmail.com","image":{"@type":"ImageObject","inLanguage":"es","@id":"https:\/\/secure.gravatar.com\/avatar\/1bebd10f775e886b97b35c18576a9d2e6b841c3f4b4f048fc10ffb01eb083731?s=96&d=mm&r=g","url":"https:\/\/secure.gravatar.com\/avatar\/1bebd10f775e886b97b35c18576a9d2e6b841c3f4b4f048fc10ffb01eb083731?s=96&d=mm&r=g","contentUrl":"https:\/\/secure.gravatar.com\/avatar\/1bebd10f775e886b97b35c18576a9d2e6b841c3f4b4f048fc10ffb01eb083731?s=96&d=mm&r=g","caption":"amrtopomar@hotmail.com"}}]}},"uagb_featured_image_src":{"full":false,"thumbnail":false,"medium":false,"medium_large":false,"large":false,"1536x1536":false,"2048x2048":false,"wpvr_mobile":false},"uagb_author_info":{"display_name":"amrtopomar@hotmail.com","author_link":"https:\/\/veleztopografia.com\/index.php\/author\/amrtopomarhotmail-com\/"},"uagb_comment_info":0,"uagb_excerpt":"En V\u00e9lez Topograf\u00eda ponemos a tu disposici\u00f3n un servicio de topograf\u00eda en M\u00e1laga y provincia, adaptado tanto a particulares como a profesionales. Si necesitas medir una parcela, realizar un levantamiento topogr\u00e1fico o hacer un deslinde con precisi\u00f3n, somos tu mejor opci\u00f3n. Trabajamos con equipos GPS de alta precisi\u00f3n y estaci\u00f3n total, ofreciendo resultados exactos y&hellip;","_links":{"self":[{"href":"https:\/\/veleztopografia.com\/index.php\/wp-json\/wp\/v2\/posts\/12630","targetHints":{"allow":["GET"]}}],"collection":[{"href":"https:\/\/veleztopografia.com\/index.php\/wp-json\/wp\/v2\/posts"}],"about":[{"href":"https:\/\/veleztopografia.com\/index.php\/wp-json\/wp\/v2\/types\/post"}],"author":[{"embeddable":true,"href":"https:\/\/veleztopografia.com\/index.php\/wp-json\/wp\/v2\/users\/1"}],"replies":[{"embeddable":true,"href":"https:\/\/veleztopografia.com\/index.php\/wp-json\/wp\/v2\/comments?post=12630"}],"version-history":[{"count":1,"href":"https:\/\/veleztopografia.com\/index.php\/wp-json\/wp\/v2\/posts\/12630\/revisions"}],"predecessor-version":[{"id":12631,"href":"https:\/\/veleztopografia.com\/index.php\/wp-json\/wp\/v2\/posts\/12630\/revisions\/12631"}],"wp:attachment":[{"href":"https:\/\/veleztopografia.com\/index.php\/wp-json\/wp\/v2\/media?parent=12630"}],"wp:term":[{"taxonomy":"category","embeddable":true,"href":"https:\/\/veleztopografia.com\/index.php\/wp-json\/wp\/v2\/categories?post=12630"},{"taxonomy":"post_tag","embeddable":true,"href":"https:\/\/veleztopografia.com\/index.php\/wp-json\/wp\/v2\/tags?post=12630"}],"curies":[{"name":"wp","href":"https:\/\/api.w.org\/{rel}","templated":true}]}}