{"id":12547,"date":"2024-09-10T14:41:48","date_gmt":"2024-09-10T14:41:48","guid":{"rendered":"https:\/\/veleztopografia.com\/?p=12547"},"modified":"2024-09-10T14:41:48","modified_gmt":"2024-09-10T14:41:48","slug":"medicion-georreferenciada-de-parcela-y-viviendaen-colmenar-malaga-clave-para-expedientes-afo","status":"publish","type":"post","link":"https:\/\/veleztopografia.com\/index.php\/2024\/09\/10\/medicion-georreferenciada-de-parcela-y-viviendaen-colmenar-malaga-clave-para-expedientes-afo\/","title":{"rendered":"Medici\u00f3n Georreferenciada de parcela y viviendaen Colmenar (M\u00e1laga): Clave para Expedientes AFO"},"content":{"rendered":"\n<figure class=\"wp-block-image size-large\"><img fetchpriority=\"high\" decoding=\"async\" width=\"768\" height=\"1024\" src=\"https:\/\/veleztopografia.com\/wp-content\/uploads\/2024\/09\/IMG_20240909_111423339_HDR-768x1024.jpg\" alt=\"IMG 20240909 111423339 HDR\" class=\"wp-image-12552\" srcset=\"https:\/\/veleztopografia.com\/wp-content\/uploads\/2024\/09\/IMG_20240909_111423339_HDR-768x1024.jpg 768w, https:\/\/veleztopografia.com\/wp-content\/uploads\/2024\/09\/IMG_20240909_111423339_HDR-225x300.jpg 225w, https:\/\/veleztopografia.com\/wp-content\/uploads\/2024\/09\/IMG_20240909_111423339_HDR.jpg 1000w\" sizes=\"(max-width: 768px) 100vw, 768px\" \/><\/figure>\n\n\n\n<p>La georreferenciaci\u00f3n en la medici\u00f3n de parcelas y viviendas es un paso crucial en la creaci\u00f3n de expedientes AFO (Asimilado Fuera de Ordenaci\u00f3n). En el caso reciente de una vivienda ubicada en Colmenar, M\u00e1laga, la precisi\u00f3n en la topograf\u00eda ha sido fundamental para regularizar la situaci\u00f3n legal del inmueble.<\/p>\n\n\n\n<h4 class=\"wp-block-heading\" id=\"h-que-es-un-expediente-afo-y-por-que-es-importante\"><strong>\u00bfQu\u00e9 es un Expediente AFO y por qu\u00e9 es importante?<\/strong><\/h4>\n\n\n\n<p>El expediente AFO permite legalizar construcciones que, por diversas razones, no se ajustaron a la normativa urban\u00edstica en el momento de su edificaci\u00f3n. Este procedimiento facilita a los propietarios obtener los permisos necesarios para garantizar que su vivienda cumpla con las normativas urban\u00edsticas, siendo un tr\u00e1mite esencial para evitar sanciones futuras.<\/p>\n\n\n\n<h4 class=\"wp-block-heading\" id=\"h-la-medicion-georreferenciada-precision-y-legalidad\"><strong>La Medici\u00f3n Georreferenciada: Precisi\u00f3n y Legalidad<\/strong><\/h4>\n\n\n\n<p>Como top\u00f3grafo, mi labor en Colmenar fue realizar una medici\u00f3n georreferenciada de la parcela y vivienda en cuesti\u00f3n, utilizando tecnolog\u00eda de \u00faltima generaci\u00f3n para obtener datos exactos. Esta precisi\u00f3n es vital, ya que la ubicaci\u00f3n georreferenciada garantiza que las dimensiones y coordenadas del terreno queden perfectamente documentadas. Esto no solo asegura la correcta inclusi\u00f3n de los datos en el expediente AFO, sino que tambi\u00e9n proporciona seguridad a los propietarios sobre los l\u00edmites y caracter\u00edsticas de su propiedad.<\/p>\n\n\n\n<h4 class=\"wp-block-heading\" id=\"h-beneficios-de-una-medicion-georreferenciada-en-el-proceso-afo\"><strong>Beneficios de una Medici\u00f3n Georreferenciada en el Proceso AFO<\/strong><\/h4>\n\n\n\n<ol class=\"wp-block-list\">\n<li><strong>Exactitud en la Delimitaci\u00f3n de la Parcela<\/strong>: Con los datos georreferenciados, el expediente AFO puede reflejar con exactitud la superficie y ubicaci\u00f3n real del terreno, evitando futuros conflictos legales.<\/li>\n\n\n\n<li><strong>Cumplimiento con Normativas Urban\u00edsticas<\/strong>: Una medici\u00f3n precisa asegura que el inmueble cumpla con los requisitos establecidos por la normativa vigente, facilitando la aprobaci\u00f3n del expediente.<\/li>\n\n\n\n<li><strong>Reducci\u00f3n de Errores y Conflictos<\/strong>: Al tener un mapa georreferenciado, tanto los propietarios como las autoridades competentes pueden contar con informaci\u00f3n clara y precisa, reduciendo el margen de error en los documentos oficiales.<\/li>\n<\/ol>\n\n\n\n<h4 class=\"wp-block-heading\" id=\"h-colmenar-un-caso-exitoso-de-regularizacion\"><strong>Colmenar: Un Caso Exitoso de Regularizaci\u00f3n<\/strong><\/h4>\n\n\n\n<p>En Colmenar, la vivienda que medimos pudo regularizarse correctamente gracias a la topograf\u00eda georreferenciada, lo que garantiz\u00f3 el cumplimiento de todos los requisitos para la tramitaci\u00f3n del expediente AFO. Este caso es solo un ejemplo de la importancia de contar con un top\u00f3grafo especializado que ofrezca mediciones fiables y ajustadas a la normativa.<\/p>\n\n\n\n<p><\/p>\n\n\n\n<figure class=\"wp-block-gallery has-nested-images columns-default is-cropped wp-block-gallery-2 is-layout-flex wp-block-gallery-is-layout-flex\">\n<figure class=\"wp-block-image size-large\"><img decoding=\"async\" width=\"1024\" height=\"768\" data-id=\"12550\" src=\"https:\/\/veleztopografia.com\/wp-content\/uploads\/2024\/09\/IMG_20240909_105348088-1024x768.jpg\" alt=\"IMG 20240909 105348088\" class=\"wp-image-12550\" srcset=\"https:\/\/veleztopografia.com\/wp-content\/uploads\/2024\/09\/IMG_20240909_105348088-1024x768.jpg 1024w, https:\/\/veleztopografia.com\/wp-content\/uploads\/2024\/09\/IMG_20240909_105348088-300x225.jpg 300w, https:\/\/veleztopografia.com\/wp-content\/uploads\/2024\/09\/IMG_20240909_105348088-768x576.jpg 768w, https:\/\/veleztopografia.com\/wp-content\/uploads\/2024\/09\/IMG_20240909_105348088-1536x1152.jpg 1536w, https:\/\/veleztopografia.com\/wp-content\/uploads\/2024\/09\/IMG_20240909_105348088-2048x1536.jpg 2048w\" sizes=\"(max-width: 1024px) 100vw, 1024px\" \/><\/figure>\n\n\n\n<figure class=\"wp-block-image size-large\"><img decoding=\"async\" width=\"1024\" height=\"768\" data-id=\"12551\" src=\"https:\/\/veleztopografia.com\/wp-content\/uploads\/2024\/09\/IMG_20240909_105350300-1024x768.jpg\" alt=\"IMG 20240909 105350300\" class=\"wp-image-12551\" srcset=\"https:\/\/veleztopografia.com\/wp-content\/uploads\/2024\/09\/IMG_20240909_105350300-1024x768.jpg 1024w, https:\/\/veleztopografia.com\/wp-content\/uploads\/2024\/09\/IMG_20240909_105350300-300x225.jpg 300w, https:\/\/veleztopografia.com\/wp-content\/uploads\/2024\/09\/IMG_20240909_105350300-768x576.jpg 768w, https:\/\/veleztopografia.com\/wp-content\/uploads\/2024\/09\/IMG_20240909_105350300-1536x1152.jpg 1536w, https:\/\/veleztopografia.com\/wp-content\/uploads\/2024\/09\/IMG_20240909_105350300-2048x1536.jpg 2048w\" sizes=\"(max-width: 1024px) 100vw, 1024px\" \/><\/figure>\n\n\n\n<figure class=\"wp-block-image size-large\"><img loading=\"lazy\" decoding=\"async\" width=\"1000\" height=\"750\" data-id=\"12549\" src=\"https:\/\/veleztopografia.com\/wp-content\/uploads\/2024\/09\/IMG_20240909_112557037.jpg\" alt=\"IMG 20240909 112557037\" class=\"wp-image-12549\" srcset=\"https:\/\/veleztopografia.com\/wp-content\/uploads\/2024\/09\/IMG_20240909_112557037.jpg 1000w, https:\/\/veleztopografia.com\/wp-content\/uploads\/2024\/09\/IMG_20240909_112557037-300x225.jpg 300w, https:\/\/veleztopografia.com\/wp-content\/uploads\/2024\/09\/IMG_20240909_112557037-768x576.jpg 768w\" sizes=\"(max-width: 1000px) 100vw, 1000px\" \/><\/figure>\n<\/figure>\n","protected":false},"excerpt":{"rendered":"<p>La georreferenciaci\u00f3n en la medici\u00f3n de parcelas y viviendas es un paso crucial en la creaci\u00f3n de expedientes AFO (Asimilado Fuera de Ordenaci\u00f3n). En el caso reciente de una vivienda ubicada en Colmenar, M\u00e1laga, la precisi\u00f3n en la topograf\u00eda ha sido fundamental para regularizar la situaci\u00f3n legal del inmueble. \u00bfQu\u00e9 es un Expediente AFO y [&hellip;]<\/p>\n","protected":false},"author":1,"featured_media":0,"comment_status":"open","ping_status":"open","sticky":false,"template":"","format":"standard","meta":{"_uag_custom_page_level_css":"","_monsterinsights_skip_tracking":false,"_monsterinsights_sitenote_active":false,"_monsterinsights_sitenote_note":"","_monsterinsights_sitenote_category":0,"site-sidebar-layout":"default","site-content-layout":"","ast-site-content-layout":"default","site-content-style":"default","site-sidebar-style":"default","ast-global-header-display":"","ast-banner-title-visibility":"","ast-main-header-display":"","ast-hfb-above-header-display":"","ast-hfb-below-header-display":"","ast-hfb-mobile-header-display":"","site-post-title":"","ast-breadcrumbs-content":"","ast-featured-img":"","footer-sml-layout":"","ast-disable-related-posts":"","theme-transparent-header-meta":"","adv-header-id-meta":"","stick-header-meta":"","header-above-stick-meta":"","header-main-stick-meta":"","header-below-stick-meta":"","astra-migrate-meta-layouts":"set","ast-page-background-enabled":"default","ast-page-background-meta":{"desktop":{"background-color":"","background-image":"","background-repeat":"repeat","background-position":"center center","background-size":"auto","background-attachment":"scroll","background-type":"","background-media":"","overlay-type":"","overlay-color":"","overlay-opacity":"","overlay-gradient":""},"tablet":{"background-color":"","background-image":"","background-repeat":"repeat","background-position":"center center","background-size":"auto","background-attachment":"scroll","background-type":"","background-media":"","overlay-type":"","overlay-color":"","overlay-opacity":"","overlay-gradient":""},"mobile":{"background-color":"","background-image":"","background-repeat":"repeat","background-position":"center center","background-size":"auto","background-attachment":"scroll","background-type":"","background-media":"","overlay-type":"","overlay-color":"","overlay-opacity":"","overlay-gradient":""}},"ast-content-background-meta":{"desktop":{"background-color":"var(--ast-global-color-5)","background-image":"","background-repeat":"repeat","background-position":"center center","background-size":"auto","background-attachment":"scroll","background-type":"","background-media":"","overlay-type":"","overlay-color":"","overlay-opacity":"","overlay-gradient":""},"tablet":{"background-color":"var(--ast-global-color-5)","background-image":"","background-repeat":"repeat","background-position":"center center","background-size":"auto","background-attachment":"scroll","background-type":"","background-media":"","overlay-type":"","overlay-color":"","overlay-opacity":"","overlay-gradient":""},"mobile":{"background-color":"var(--ast-global-color-5)","background-image":"","background-repeat":"repeat","background-position":"center center","background-size":"auto","background-attachment":"scroll","background-type":"","background-media":"","overlay-type":"","overlay-color":"","overlay-opacity":"","overlay-gradient":""}},"footnotes":""},"categories":[5],"tags":[214,621,79,35,27,48],"class_list":["post-12547","post","type-post","status-publish","format-standard","hentry","category-blog","tag-afo","tag-asimildo","tag-levantamiento-topografico","tag-malaga","tag-medicion","tag-topografia"],"yoast_head":"<!-- This site is optimized with the Yoast SEO Premium plugin v24.1 (Yoast SEO v27.4) - https:\/\/yoast.com\/product\/yoast-seo-premium-wordpress\/ -->\n<title>Top\u00f3grafo V\u00e9lez M\u00e1laga. Ingeniero topograf\u00eda medici\u00f3n fincas.<\/title>\n<meta name=\"description\" content=\"Top\u00f3grafo en Velez-M\u00e1laga.Servicios de topograf\u00eda en la axarqu\u00eda y M\u00e1laga.Medici\u00f3n de fincas,catastro,levantamiento topogr\u00e1ficos,segregaciones,replanteosn,drones,fotogrametr\u00eda,filmaci\u00f3n a\u00e9rea..\" \/>\n<meta name=\"robots\" content=\"index, follow, max-snippet:-1, max-image-preview:large, max-video-preview:-1\" \/>\n<link rel=\"canonical\" href=\"https:\/\/veleztopografia.com\/index.php\/2024\/09\/10\/medicion-georreferenciada-de-parcela-y-viviendaen-colmenar-malaga-clave-para-expedientes-afo\/\" \/>\n<meta property=\"og:locale\" content=\"es_ES\" \/>\n<meta property=\"og:type\" content=\"article\" \/>\n<meta property=\"og:title\" content=\"Medici\u00f3n Georreferenciada de parcela y viviendaen Colmenar (M\u00e1laga): Clave para Expedientes AFO\" \/>\n<meta property=\"og:description\" content=\"Top\u00f3grafo en Velez-M\u00e1laga.Servicios de topograf\u00eda en la axarqu\u00eda y M\u00e1laga.Medici\u00f3n de fincas,catastro,levantamiento topogr\u00e1ficos,segregaciones,replanteosn,drones,fotogrametr\u00eda,filmaci\u00f3n a\u00e9rea..\" \/>\n<meta property=\"og:url\" content=\"https:\/\/veleztopografia.com\/index.php\/2024\/09\/10\/medicion-georreferenciada-de-parcela-y-viviendaen-colmenar-malaga-clave-para-expedientes-afo\/\" \/>\n<meta property=\"og:site_name\" content=\"V\u00e9lez Topograf\u00eda\" \/>\n<meta property=\"article:publisher\" content=\"https:\/\/www.facebook.com\/veleztopografia\" \/>\n<meta property=\"article:published_time\" content=\"2024-09-10T14:41:48+00:00\" \/>\n<meta property=\"og:image\" content=\"https:\/\/veleztopografia.com\/wp-content\/uploads\/2024\/09\/IMG_20240909_111423339_HDR-768x1024.jpg\" \/>\n<meta name=\"author\" content=\"amrtopomar@hotmail.com\" \/>\n<meta name=\"twitter:card\" content=\"summary_large_image\" \/>\n<meta name=\"twitter:creator\" content=\"@alvaro_manen\" \/>\n<meta name=\"twitter:site\" content=\"@alvaro_manen\" \/>\n<meta name=\"twitter:label1\" content=\"Escrito por\" \/>\n\t<meta name=\"twitter:data1\" content=\"amrtopomar@hotmail.com\" \/>\n\t<meta name=\"twitter:label2\" content=\"Tiempo de lectura\" \/>\n\t<meta name=\"twitter:data2\" content=\"3 minutos\" \/>\n<script type=\"application\/ld+json\" class=\"yoast-schema-graph\">{\"@context\":\"https:\\\/\\\/schema.org\",\"@graph\":[{\"@type\":\"Article\",\"@id\":\"https:\\\/\\\/veleztopografia.com\\\/index.php\\\/2024\\\/09\\\/10\\\/medicion-georreferenciada-de-parcela-y-viviendaen-colmenar-malaga-clave-para-expedientes-afo\\\/#article\",\"isPartOf\":{\"@id\":\"https:\\\/\\\/veleztopografia.com\\\/index.php\\\/2024\\\/09\\\/10\\\/medicion-georreferenciada-de-parcela-y-viviendaen-colmenar-malaga-clave-para-expedientes-afo\\\/\"},\"author\":{\"name\":\"amrtopomar@hotmail.com\",\"@id\":\"http:\\\/\\\/veleztopografia.com\\\/#\\\/schema\\\/person\\\/f77ff7cee140d8850a0f97fd34ac2601\"},\"headline\":\"Medici\u00f3n Georreferenciada de parcela y viviendaen Colmenar (M\u00e1laga): Clave para Expedientes AFO\",\"datePublished\":\"2024-09-10T14:41:48+00:00\",\"mainEntityOfPage\":{\"@id\":\"https:\\\/\\\/veleztopografia.com\\\/index.php\\\/2024\\\/09\\\/10\\\/medicion-georreferenciada-de-parcela-y-viviendaen-colmenar-malaga-clave-para-expedientes-afo\\\/\"},\"wordCount\":399,\"commentCount\":0,\"publisher\":{\"@id\":\"http:\\\/\\\/veleztopografia.com\\\/#organization\"},\"image\":{\"@id\":\"https:\\\/\\\/veleztopografia.com\\\/index.php\\\/2024\\\/09\\\/10\\\/medicion-georreferenciada-de-parcela-y-viviendaen-colmenar-malaga-clave-para-expedientes-afo\\\/#primaryimage\"},\"thumbnailUrl\":\"https:\\\/\\\/veleztopografia.com\\\/wp-content\\\/uploads\\\/2024\\\/09\\\/IMG_20240909_111423339_HDR-768x1024.jpg\",\"keywords\":[\"afo\",\"asimildo\",\"levantamiento topografico\",\"malaga\",\"medicion\",\"topografia\"],\"articleSection\":[\"Blog\"],\"inLanguage\":\"es\",\"potentialAction\":[{\"@type\":\"CommentAction\",\"name\":\"Comment\",\"target\":[\"https:\\\/\\\/veleztopografia.com\\\/index.php\\\/2024\\\/09\\\/10\\\/medicion-georreferenciada-de-parcela-y-viviendaen-colmenar-malaga-clave-para-expedientes-afo\\\/#respond\"]}]},{\"@type\":\"WebPage\",\"@id\":\"https:\\\/\\\/veleztopografia.com\\\/index.php\\\/2024\\\/09\\\/10\\\/medicion-georreferenciada-de-parcela-y-viviendaen-colmenar-malaga-clave-para-expedientes-afo\\\/\",\"url\":\"https:\\\/\\\/veleztopografia.com\\\/index.php\\\/2024\\\/09\\\/10\\\/medicion-georreferenciada-de-parcela-y-viviendaen-colmenar-malaga-clave-para-expedientes-afo\\\/\",\"name\":\"Top\u00f3grafo V\u00e9lez M\u00e1laga. Ingeniero topograf\u00eda medici\u00f3n fincas.\",\"isPartOf\":{\"@id\":\"http:\\\/\\\/veleztopografia.com\\\/#website\"},\"primaryImageOfPage\":{\"@id\":\"https:\\\/\\\/veleztopografia.com\\\/index.php\\\/2024\\\/09\\\/10\\\/medicion-georreferenciada-de-parcela-y-viviendaen-colmenar-malaga-clave-para-expedientes-afo\\\/#primaryimage\"},\"image\":{\"@id\":\"https:\\\/\\\/veleztopografia.com\\\/index.php\\\/2024\\\/09\\\/10\\\/medicion-georreferenciada-de-parcela-y-viviendaen-colmenar-malaga-clave-para-expedientes-afo\\\/#primaryimage\"},\"thumbnailUrl\":\"https:\\\/\\\/veleztopografia.com\\\/wp-content\\\/uploads\\\/2024\\\/09\\\/IMG_20240909_111423339_HDR-768x1024.jpg\",\"datePublished\":\"2024-09-10T14:41:48+00:00\",\"description\":\"Top\u00f3grafo en Velez-M\u00e1laga.Servicios de topograf\u00eda en la axarqu\u00eda y M\u00e1laga.Medici\u00f3n de fincas,catastro,levantamiento topogr\u00e1ficos,segregaciones,replanteosn,drones,fotogrametr\u00eda,filmaci\u00f3n a\u00e9rea..\",\"breadcrumb\":{\"@id\":\"https:\\\/\\\/veleztopografia.com\\\/index.php\\\/2024\\\/09\\\/10\\\/medicion-georreferenciada-de-parcela-y-viviendaen-colmenar-malaga-clave-para-expedientes-afo\\\/#breadcrumb\"},\"inLanguage\":\"es\",\"potentialAction\":[{\"@type\":\"ReadAction\",\"target\":[\"https:\\\/\\\/veleztopografia.com\\\/index.php\\\/2024\\\/09\\\/10\\\/medicion-georreferenciada-de-parcela-y-viviendaen-colmenar-malaga-clave-para-expedientes-afo\\\/\"]}]},{\"@type\":\"ImageObject\",\"inLanguage\":\"es\",\"@id\":\"https:\\\/\\\/veleztopografia.com\\\/index.php\\\/2024\\\/09\\\/10\\\/medicion-georreferenciada-de-parcela-y-viviendaen-colmenar-malaga-clave-para-expedientes-afo\\\/#primaryimage\",\"url\":\"https:\\\/\\\/veleztopografia.com\\\/wp-content\\\/uploads\\\/2024\\\/09\\\/IMG_20240909_111423339_HDR.jpg\",\"contentUrl\":\"https:\\\/\\\/veleztopografia.com\\\/wp-content\\\/uploads\\\/2024\\\/09\\\/IMG_20240909_111423339_HDR.jpg\",\"width\":1000,\"height\":1333,\"caption\":\"IMG 20240909 111423339 HDR\"},{\"@type\":\"BreadcrumbList\",\"@id\":\"https:\\\/\\\/veleztopografia.com\\\/index.php\\\/2024\\\/09\\\/10\\\/medicion-georreferenciada-de-parcela-y-viviendaen-colmenar-malaga-clave-para-expedientes-afo\\\/#breadcrumb\",\"itemListElement\":[{\"@type\":\"ListItem\",\"position\":1,\"name\":\"Portada\",\"item\":\"http:\\\/\\\/veleztopografia.com\\\/\"},{\"@type\":\"ListItem\",\"position\":2,\"name\":\"Medici\u00f3n Georreferenciada de parcela y viviendaen Colmenar (M\u00e1laga): Clave para Expedientes AFO\"}]},{\"@type\":\"WebSite\",\"@id\":\"http:\\\/\\\/veleztopografia.com\\\/#website\",\"url\":\"http:\\\/\\\/veleztopografia.com\\\/\",\"name\":\"V\u00e9lez Topograf\u00eda\",\"description\":\"Top\u00f3grafo de V\u00e9lez-M\u00e1laga. Servicios de topografia en la Axarqu\u00eda y M\u00e1laga.Medici\u00f3n de fincas,catastro,validacion gr\u00e1fica,etc..\",\"publisher\":{\"@id\":\"http:\\\/\\\/veleztopografia.com\\\/#organization\"},\"potentialAction\":[{\"@type\":\"SearchAction\",\"target\":{\"@type\":\"EntryPoint\",\"urlTemplate\":\"http:\\\/\\\/veleztopografia.com\\\/?s={search_term_string}\"},\"query-input\":{\"@type\":\"PropertyValueSpecification\",\"valueRequired\":true,\"valueName\":\"search_term_string\"}}],\"inLanguage\":\"es\"},{\"@type\":\"Organization\",\"@id\":\"http:\\\/\\\/veleztopografia.com\\\/#organization\",\"name\":\"V\u00e9lez Topograf\u00eda\",\"url\":\"http:\\\/\\\/veleztopografia.com\\\/\",\"logo\":{\"@type\":\"ImageObject\",\"inLanguage\":\"es\",\"@id\":\"http:\\\/\\\/veleztopografia.com\\\/#\\\/schema\\\/logo\\\/image\\\/\",\"url\":\"https:\\\/\\\/i0.wp.com\\\/veleztopografia.com\\\/wp-content\\\/uploads\\\/2019\\\/12\\\/LOGO-VELEZTOPOGRAFIA200-1.jpg?fit=400%2C200&ssl=1\",\"contentUrl\":\"https:\\\/\\\/i0.wp.com\\\/veleztopografia.com\\\/wp-content\\\/uploads\\\/2019\\\/12\\\/LOGO-VELEZTOPOGRAFIA200-1.jpg?fit=400%2C200&ssl=1\",\"width\":400,\"height\":200,\"caption\":\"V\u00e9lez Topograf\u00eda\"},\"image\":{\"@id\":\"http:\\\/\\\/veleztopografia.com\\\/#\\\/schema\\\/logo\\\/image\\\/\"},\"sameAs\":[\"https:\\\/\\\/www.facebook.com\\\/veleztopografia\",\"https:\\\/\\\/x.com\\\/alvaro_manen\",\"https:\\\/\\\/www.instagram.com\\\/alvaromanen\\\/\",\"https:\\\/\\\/www.linkedin.com\\\/in\\\/alvaro-manen-0a7b9a4b\\\/\",\"https:\\\/\\\/www.youtube.com\\\/channel\\\/UCBbmXfa52pAGpmufiMrR3qg\\\/videos\"]},{\"@type\":\"Person\",\"@id\":\"http:\\\/\\\/veleztopografia.com\\\/#\\\/schema\\\/person\\\/f77ff7cee140d8850a0f97fd34ac2601\",\"name\":\"amrtopomar@hotmail.com\",\"image\":{\"@type\":\"ImageObject\",\"inLanguage\":\"es\",\"@id\":\"https:\\\/\\\/secure.gravatar.com\\\/avatar\\\/1bebd10f775e886b97b35c18576a9d2e6b841c3f4b4f048fc10ffb01eb083731?s=96&d=mm&r=g\",\"url\":\"https:\\\/\\\/secure.gravatar.com\\\/avatar\\\/1bebd10f775e886b97b35c18576a9d2e6b841c3f4b4f048fc10ffb01eb083731?s=96&d=mm&r=g\",\"contentUrl\":\"https:\\\/\\\/secure.gravatar.com\\\/avatar\\\/1bebd10f775e886b97b35c18576a9d2e6b841c3f4b4f048fc10ffb01eb083731?s=96&d=mm&r=g\",\"caption\":\"amrtopomar@hotmail.com\"}}]}<\/script>\n<!-- \/ Yoast SEO Premium plugin. -->","yoast_head_json":{"title":"Top\u00f3grafo V\u00e9lez M\u00e1laga. Ingeniero topograf\u00eda medici\u00f3n fincas.","description":"Top\u00f3grafo en Velez-M\u00e1laga.Servicios de topograf\u00eda en la axarqu\u00eda y M\u00e1laga.Medici\u00f3n de fincas,catastro,levantamiento topogr\u00e1ficos,segregaciones,replanteosn,drones,fotogrametr\u00eda,filmaci\u00f3n a\u00e9rea..","robots":{"index":"index","follow":"follow","max-snippet":"max-snippet:-1","max-image-preview":"max-image-preview:large","max-video-preview":"max-video-preview:-1"},"canonical":"https:\/\/veleztopografia.com\/index.php\/2024\/09\/10\/medicion-georreferenciada-de-parcela-y-viviendaen-colmenar-malaga-clave-para-expedientes-afo\/","og_locale":"es_ES","og_type":"article","og_title":"Medici\u00f3n Georreferenciada de parcela y viviendaen Colmenar (M\u00e1laga): Clave para Expedientes AFO","og_description":"Top\u00f3grafo en Velez-M\u00e1laga.Servicios de topograf\u00eda en la axarqu\u00eda y M\u00e1laga.Medici\u00f3n de fincas,catastro,levantamiento topogr\u00e1ficos,segregaciones,replanteosn,drones,fotogrametr\u00eda,filmaci\u00f3n a\u00e9rea..","og_url":"https:\/\/veleztopografia.com\/index.php\/2024\/09\/10\/medicion-georreferenciada-de-parcela-y-viviendaen-colmenar-malaga-clave-para-expedientes-afo\/","og_site_name":"V\u00e9lez Topograf\u00eda","article_publisher":"https:\/\/www.facebook.com\/veleztopografia","article_published_time":"2024-09-10T14:41:48+00:00","og_image":[{"url":"https:\/\/veleztopografia.com\/wp-content\/uploads\/2024\/09\/IMG_20240909_111423339_HDR-768x1024.jpg","type":"","width":"","height":""}],"author":"amrtopomar@hotmail.com","twitter_card":"summary_large_image","twitter_creator":"@alvaro_manen","twitter_site":"@alvaro_manen","twitter_misc":{"Escrito por":"amrtopomar@hotmail.com","Tiempo de lectura":"3 minutos"},"schema":{"@context":"https:\/\/schema.org","@graph":[{"@type":"Article","@id":"https:\/\/veleztopografia.com\/index.php\/2024\/09\/10\/medicion-georreferenciada-de-parcela-y-viviendaen-colmenar-malaga-clave-para-expedientes-afo\/#article","isPartOf":{"@id":"https:\/\/veleztopografia.com\/index.php\/2024\/09\/10\/medicion-georreferenciada-de-parcela-y-viviendaen-colmenar-malaga-clave-para-expedientes-afo\/"},"author":{"name":"amrtopomar@hotmail.com","@id":"http:\/\/veleztopografia.com\/#\/schema\/person\/f77ff7cee140d8850a0f97fd34ac2601"},"headline":"Medici\u00f3n Georreferenciada de parcela y viviendaen Colmenar (M\u00e1laga): Clave para Expedientes AFO","datePublished":"2024-09-10T14:41:48+00:00","mainEntityOfPage":{"@id":"https:\/\/veleztopografia.com\/index.php\/2024\/09\/10\/medicion-georreferenciada-de-parcela-y-viviendaen-colmenar-malaga-clave-para-expedientes-afo\/"},"wordCount":399,"commentCount":0,"publisher":{"@id":"http:\/\/veleztopografia.com\/#organization"},"image":{"@id":"https:\/\/veleztopografia.com\/index.php\/2024\/09\/10\/medicion-georreferenciada-de-parcela-y-viviendaen-colmenar-malaga-clave-para-expedientes-afo\/#primaryimage"},"thumbnailUrl":"https:\/\/veleztopografia.com\/wp-content\/uploads\/2024\/09\/IMG_20240909_111423339_HDR-768x1024.jpg","keywords":["afo","asimildo","levantamiento topografico","malaga","medicion","topografia"],"articleSection":["Blog"],"inLanguage":"es","potentialAction":[{"@type":"CommentAction","name":"Comment","target":["https:\/\/veleztopografia.com\/index.php\/2024\/09\/10\/medicion-georreferenciada-de-parcela-y-viviendaen-colmenar-malaga-clave-para-expedientes-afo\/#respond"]}]},{"@type":"WebPage","@id":"https:\/\/veleztopografia.com\/index.php\/2024\/09\/10\/medicion-georreferenciada-de-parcela-y-viviendaen-colmenar-malaga-clave-para-expedientes-afo\/","url":"https:\/\/veleztopografia.com\/index.php\/2024\/09\/10\/medicion-georreferenciada-de-parcela-y-viviendaen-colmenar-malaga-clave-para-expedientes-afo\/","name":"Top\u00f3grafo V\u00e9lez M\u00e1laga. Ingeniero topograf\u00eda medici\u00f3n fincas.","isPartOf":{"@id":"http:\/\/veleztopografia.com\/#website"},"primaryImageOfPage":{"@id":"https:\/\/veleztopografia.com\/index.php\/2024\/09\/10\/medicion-georreferenciada-de-parcela-y-viviendaen-colmenar-malaga-clave-para-expedientes-afo\/#primaryimage"},"image":{"@id":"https:\/\/veleztopografia.com\/index.php\/2024\/09\/10\/medicion-georreferenciada-de-parcela-y-viviendaen-colmenar-malaga-clave-para-expedientes-afo\/#primaryimage"},"thumbnailUrl":"https:\/\/veleztopografia.com\/wp-content\/uploads\/2024\/09\/IMG_20240909_111423339_HDR-768x1024.jpg","datePublished":"2024-09-10T14:41:48+00:00","description":"Top\u00f3grafo en Velez-M\u00e1laga.Servicios de topograf\u00eda en la axarqu\u00eda y M\u00e1laga.Medici\u00f3n de fincas,catastro,levantamiento topogr\u00e1ficos,segregaciones,replanteosn,drones,fotogrametr\u00eda,filmaci\u00f3n a\u00e9rea..","breadcrumb":{"@id":"https:\/\/veleztopografia.com\/index.php\/2024\/09\/10\/medicion-georreferenciada-de-parcela-y-viviendaen-colmenar-malaga-clave-para-expedientes-afo\/#breadcrumb"},"inLanguage":"es","potentialAction":[{"@type":"ReadAction","target":["https:\/\/veleztopografia.com\/index.php\/2024\/09\/10\/medicion-georreferenciada-de-parcela-y-viviendaen-colmenar-malaga-clave-para-expedientes-afo\/"]}]},{"@type":"ImageObject","inLanguage":"es","@id":"https:\/\/veleztopografia.com\/index.php\/2024\/09\/10\/medicion-georreferenciada-de-parcela-y-viviendaen-colmenar-malaga-clave-para-expedientes-afo\/#primaryimage","url":"https:\/\/veleztopografia.com\/wp-content\/uploads\/2024\/09\/IMG_20240909_111423339_HDR.jpg","contentUrl":"https:\/\/veleztopografia.com\/wp-content\/uploads\/2024\/09\/IMG_20240909_111423339_HDR.jpg","width":1000,"height":1333,"caption":"IMG 20240909 111423339 HDR"},{"@type":"BreadcrumbList","@id":"https:\/\/veleztopografia.com\/index.php\/2024\/09\/10\/medicion-georreferenciada-de-parcela-y-viviendaen-colmenar-malaga-clave-para-expedientes-afo\/#breadcrumb","itemListElement":[{"@type":"ListItem","position":1,"name":"Portada","item":"http:\/\/veleztopografia.com\/"},{"@type":"ListItem","position":2,"name":"Medici\u00f3n Georreferenciada de parcela y viviendaen Colmenar (M\u00e1laga): Clave para Expedientes AFO"}]},{"@type":"WebSite","@id":"http:\/\/veleztopografia.com\/#website","url":"http:\/\/veleztopografia.com\/","name":"V\u00e9lez Topograf\u00eda","description":"Top\u00f3grafo de V\u00e9lez-M\u00e1laga. Servicios de topografia en la Axarqu\u00eda y M\u00e1laga.Medici\u00f3n de fincas,catastro,validacion gr\u00e1fica,etc..","publisher":{"@id":"http:\/\/veleztopografia.com\/#organization"},"potentialAction":[{"@type":"SearchAction","target":{"@type":"EntryPoint","urlTemplate":"http:\/\/veleztopografia.com\/?s={search_term_string}"},"query-input":{"@type":"PropertyValueSpecification","valueRequired":true,"valueName":"search_term_string"}}],"inLanguage":"es"},{"@type":"Organization","@id":"http:\/\/veleztopografia.com\/#organization","name":"V\u00e9lez Topograf\u00eda","url":"http:\/\/veleztopografia.com\/","logo":{"@type":"ImageObject","inLanguage":"es","@id":"http:\/\/veleztopografia.com\/#\/schema\/logo\/image\/","url":"https:\/\/i0.wp.com\/veleztopografia.com\/wp-content\/uploads\/2019\/12\/LOGO-VELEZTOPOGRAFIA200-1.jpg?fit=400%2C200&ssl=1","contentUrl":"https:\/\/i0.wp.com\/veleztopografia.com\/wp-content\/uploads\/2019\/12\/LOGO-VELEZTOPOGRAFIA200-1.jpg?fit=400%2C200&ssl=1","width":400,"height":200,"caption":"V\u00e9lez Topograf\u00eda"},"image":{"@id":"http:\/\/veleztopografia.com\/#\/schema\/logo\/image\/"},"sameAs":["https:\/\/www.facebook.com\/veleztopografia","https:\/\/x.com\/alvaro_manen","https:\/\/www.instagram.com\/alvaromanen\/","https:\/\/www.linkedin.com\/in\/alvaro-manen-0a7b9a4b\/","https:\/\/www.youtube.com\/channel\/UCBbmXfa52pAGpmufiMrR3qg\/videos"]},{"@type":"Person","@id":"http:\/\/veleztopografia.com\/#\/schema\/person\/f77ff7cee140d8850a0f97fd34ac2601","name":"amrtopomar@hotmail.com","image":{"@type":"ImageObject","inLanguage":"es","@id":"https:\/\/secure.gravatar.com\/avatar\/1bebd10f775e886b97b35c18576a9d2e6b841c3f4b4f048fc10ffb01eb083731?s=96&d=mm&r=g","url":"https:\/\/secure.gravatar.com\/avatar\/1bebd10f775e886b97b35c18576a9d2e6b841c3f4b4f048fc10ffb01eb083731?s=96&d=mm&r=g","contentUrl":"https:\/\/secure.gravatar.com\/avatar\/1bebd10f775e886b97b35c18576a9d2e6b841c3f4b4f048fc10ffb01eb083731?s=96&d=mm&r=g","caption":"amrtopomar@hotmail.com"}}]}},"uagb_featured_image_src":{"full":false,"thumbnail":false,"medium":false,"medium_large":false,"large":false,"1536x1536":false,"2048x2048":false,"wpvr_mobile":false},"uagb_author_info":{"display_name":"amrtopomar@hotmail.com","author_link":"https:\/\/veleztopografia.com\/index.php\/author\/amrtopomarhotmail-com\/"},"uagb_comment_info":0,"uagb_excerpt":"La georreferenciaci\u00f3n en la medici\u00f3n de parcelas y viviendas es un paso crucial en la creaci\u00f3n de expedientes AFO (Asimilado Fuera de Ordenaci\u00f3n). En el caso reciente de una vivienda ubicada en Colmenar, M\u00e1laga, la precisi\u00f3n en la topograf\u00eda ha sido fundamental para regularizar la situaci\u00f3n legal del inmueble. \u00bfQu\u00e9 es un Expediente AFO y&hellip;","_links":{"self":[{"href":"https:\/\/veleztopografia.com\/index.php\/wp-json\/wp\/v2\/posts\/12547","targetHints":{"allow":["GET"]}}],"collection":[{"href":"https:\/\/veleztopografia.com\/index.php\/wp-json\/wp\/v2\/posts"}],"about":[{"href":"https:\/\/veleztopografia.com\/index.php\/wp-json\/wp\/v2\/types\/post"}],"author":[{"embeddable":true,"href":"https:\/\/veleztopografia.com\/index.php\/wp-json\/wp\/v2\/users\/1"}],"replies":[{"embeddable":true,"href":"https:\/\/veleztopografia.com\/index.php\/wp-json\/wp\/v2\/comments?post=12547"}],"version-history":[{"count":2,"href":"https:\/\/veleztopografia.com\/index.php\/wp-json\/wp\/v2\/posts\/12547\/revisions"}],"predecessor-version":[{"id":12554,"href":"https:\/\/veleztopografia.com\/index.php\/wp-json\/wp\/v2\/posts\/12547\/revisions\/12554"}],"wp:attachment":[{"href":"https:\/\/veleztopografia.com\/index.php\/wp-json\/wp\/v2\/media?parent=12547"}],"wp:term":[{"taxonomy":"category","embeddable":true,"href":"https:\/\/veleztopografia.com\/index.php\/wp-json\/wp\/v2\/categories?post=12547"},{"taxonomy":"post_tag","embeddable":true,"href":"https:\/\/veleztopografia.com\/index.php\/wp-json\/wp\/v2\/tags?post=12547"}],"curies":[{"name":"wp","href":"https:\/\/api.w.org\/{rel}","templated":true}]}}