{"id":12352,"date":"2023-11-06T11:54:15","date_gmt":"2023-11-06T11:54:15","guid":{"rendered":"https:\/\/veleztopografia.com\/?p=12352"},"modified":"2023-11-06T11:54:18","modified_gmt":"2023-11-06T11:54:18","slug":"topografia-en-accion-definiendo-el-futuro-de-caleta-de-velez-en-las-parcelas-urbanas-junto-a-baviera-golf","status":"publish","type":"post","link":"https:\/\/veleztopografia.com\/index.php\/2023\/11\/06\/topografia-en-accion-definiendo-el-futuro-de-caleta-de-velez-en-las-parcelas-urbanas-junto-a-baviera-golf\/","title":{"rendered":"Topograf\u00eda en Acci\u00f3n: Definiendo el Futuro de Caleta de V\u00e9lez en las Parcelas Urbanas Junto a Baviera Golf."},"content":{"rendered":"\n<figure class=\"wp-block-image size-large is-resized\"><img fetchpriority=\"high\" decoding=\"async\" width=\"1024\" height=\"771\" src=\"https:\/\/veleztopografia.com\/wp-content\/uploads\/2023\/11\/IMG20231021091040-copia-1024x771.jpg\" alt=\"IMG20231021091040 copia\" class=\"wp-image-12353\" style=\"aspect-ratio:1.3281452658884565;width:1023px;height:auto\" srcset=\"https:\/\/veleztopografia.com\/wp-content\/uploads\/2023\/11\/IMG20231021091040-copia-1024x771.jpg 1024w, https:\/\/veleztopografia.com\/wp-content\/uploads\/2023\/11\/IMG20231021091040-copia-300x226.jpg 300w, https:\/\/veleztopografia.com\/wp-content\/uploads\/2023\/11\/IMG20231021091040-copia-768x578.jpg 768w, https:\/\/veleztopografia.com\/wp-content\/uploads\/2023\/11\/IMG20231021091040-copia-1536x1157.jpg 1536w, https:\/\/veleztopografia.com\/wp-content\/uploads\/2023\/11\/IMG20231021091040-copia.jpg 1920w\" sizes=\"(max-width: 1024px) 100vw, 1024px\" \/><\/figure>\n\n\n\n<p>Caleta de V\u00e9lez, una hermosa localidad en la Costa del Sol, es conocida por su encanto mediterr\u00e1neo y su proximidad a las aguas cristalinas del mar. En este rinc\u00f3n de la costa malague\u00f1a, se est\u00e1n llevando a cabo proyectos de desarrollo urbano que est\u00e1n transformando la zona. Uno de estos proyectos se encuentra en las parcelas urbanas que se ubican al lado del prestigioso campo de golf de Baviera Golf. Como expertos en topograf\u00eda, hemos tenido el privilegio de desempe\u00f1ar un papel fundamental en este emocionante desarrollo.<\/p>\n\n\n\n<p>Nuestro trabajo en este proyecto ha consistido en el replanteo de la linde de la parcela y la medici\u00f3n del terreno original. Estas dos tareas, aunque pueden parecer simples a simple vista, son esenciales en cualquier proyecto de construcci\u00f3n. A continuaci\u00f3n, desglosaremos en detalle lo que implicaron estas actividades:<\/p>\n\n\n\n<p><strong>Replanteo de la Linde de la Parcela:<\/strong> El replanteo de la linde de la parcela es un paso cr\u00edtico en la planificaci\u00f3n de cualquier construcci\u00f3n. Esto implica establecer los l\u00edmites precisos de la parcela, lo que garantiza que la construcci\u00f3n se realice dentro de los par\u00e1metros legales y de acuerdo con los planos.<\/p>\n\n\n\n<p><strong>Medici\u00f3n del Terreno Original:<\/strong> La medici\u00f3n del terreno original es otra parte esencial de nuestro trabajo. Utilizando tecnolog\u00eda de vanguardia, realizamos mediciones precisas del terreno existente. Estos datos son cruciales para futuros c\u00e1lculos de movimiento de tierras, lo que ayuda a determinar la cantidad de excavaci\u00f3n o relleno necesario para nivelar el terreno antes de la construcci\u00f3n.<\/p>\n\n\n\n<p>Como suele suceder en trabajos de topograf\u00eda, enfrentamos algunos desaf\u00edos en el terreno. La ubicaci\u00f3n cerca del mar puede presentar condiciones clim\u00e1ticas impredecibles, pero con planificaci\u00f3n adecuada y tecnolog\u00eda avanzada, pudimos superar estos obst\u00e1culos.<\/p>\n\n\n\n<p>Los resultados de nuestro trabajo son la base s\u00f3lida sobre la cual se construir\u00e1n las futuras viviendas. Las mediciones precisas y el replanteo de l\u00edmites aseguran que el proyecto cumpla con los requisitos legales y de ingenier\u00eda. Adem\u00e1s, al conocer la topograf\u00eda del terreno original, se pueden calcular con precisi\u00f3n los movimientos de tierras necesarios, lo que ahorra tiempo y recursos en la fase de construcci\u00f3n.<\/p>\n\n\n\n<p>Este proyecto en Caleta de V\u00e9lez es un ejemplo perfecto de c\u00f3mo la topograf\u00eda desempe\u00f1a un papel fundamental en el desarrollo urbano y la construcci\u00f3n. Nuestro trabajo asegura que el proyecto avance de manera eficiente y cumpla con los est\u00e1ndares m\u00e1s altos. Esperamos con inter\u00e9s seguir colaborando en futuros desarrollos y contribuir a la expansi\u00f3n y mejora de esta hermosa regi\u00f3n.<\/p>\n\n\n\n<p>Gracias por unirte a nosotros en este viaje a trav\u00e9s de la topograf\u00eda en acci\u00f3n en Caleta de V\u00e9lez. Si tienes alguna pregunta o comentario, no dudes en compartirlo. \u00a1Estamos aqu\u00ed para ayudarte a comprender mejor c\u00f3mo la topograf\u00eda moldea el mundo que nos rodea!<\/p>\n\n\n\n<figure class=\"wp-block-gallery has-nested-images columns-default is-cropped wp-block-gallery-2 is-layout-flex wp-block-gallery-is-layout-flex\">\n<figure class=\"wp-block-image size-large\"><img decoding=\"async\" width=\"1024\" height=\"771\" data-id=\"12356\" src=\"https:\/\/veleztopografia.com\/wp-content\/uploads\/2023\/11\/IMG20231021084118-copia-1024x771.jpg\" alt=\"IMG20231021084118 copia\" class=\"wp-image-12356\" srcset=\"https:\/\/veleztopografia.com\/wp-content\/uploads\/2023\/11\/IMG20231021084118-copia-1024x771.jpg 1024w, https:\/\/veleztopografia.com\/wp-content\/uploads\/2023\/11\/IMG20231021084118-copia-300x226.jpg 300w, https:\/\/veleztopografia.com\/wp-content\/uploads\/2023\/11\/IMG20231021084118-copia-768x578.jpg 768w, https:\/\/veleztopografia.com\/wp-content\/uploads\/2023\/11\/IMG20231021084118-copia-1536x1157.jpg 1536w, https:\/\/veleztopografia.com\/wp-content\/uploads\/2023\/11\/IMG20231021084118-copia.jpg 1920w\" sizes=\"(max-width: 1024px) 100vw, 1024px\" \/><\/figure>\n\n\n\n<figure class=\"wp-block-image size-large\"><img decoding=\"async\" width=\"768\" height=\"1024\" data-id=\"12354\" src=\"https:\/\/veleztopografia.com\/wp-content\/uploads\/2023\/11\/IMG20231021084717-copia-768x1024.jpg\" alt=\"IMG20231021084717 copia\" class=\"wp-image-12354\" srcset=\"https:\/\/veleztopografia.com\/wp-content\/uploads\/2023\/11\/IMG20231021084717-copia-768x1024.jpg 768w, https:\/\/veleztopografia.com\/wp-content\/uploads\/2023\/11\/IMG20231021084717-copia-225x300.jpg 225w, https:\/\/veleztopografia.com\/wp-content\/uploads\/2023\/11\/IMG20231021084717-copia-1152x1536.jpg 1152w, https:\/\/veleztopografia.com\/wp-content\/uploads\/2023\/11\/IMG20231021084717-copia.jpg 1238w\" sizes=\"(max-width: 768px) 100vw, 768px\" \/><\/figure>\n\n\n\n<figure class=\"wp-block-image size-large\"><img loading=\"lazy\" decoding=\"async\" width=\"1024\" height=\"768\" data-id=\"12355\" src=\"https:\/\/veleztopografia.com\/wp-content\/uploads\/2023\/11\/IMG20231021090535-copia-1024x768.jpg\" alt=\"IMG20231021090535 copia\" class=\"wp-image-12355\" srcset=\"https:\/\/veleztopografia.com\/wp-content\/uploads\/2023\/11\/IMG20231021090535-copia-1024x768.jpg 1024w, https:\/\/veleztopografia.com\/wp-content\/uploads\/2023\/11\/IMG20231021090535-copia-300x225.jpg 300w, https:\/\/veleztopografia.com\/wp-content\/uploads\/2023\/11\/IMG20231021090535-copia-768x576.jpg 768w, https:\/\/veleztopografia.com\/wp-content\/uploads\/2023\/11\/IMG20231021090535-copia-1536x1152.jpg 1536w, https:\/\/veleztopografia.com\/wp-content\/uploads\/2023\/11\/IMG20231021090535-copia.jpg 1920w\" sizes=\"(max-width: 1024px) 100vw, 1024px\" \/><\/figure>\n<\/figure>\n","protected":false},"excerpt":{"rendered":"<p>Caleta de V\u00e9lez, una hermosa localidad en la Costa del Sol, es conocida por su encanto mediterr\u00e1neo y su proximidad a las aguas cristalinas del mar. En este rinc\u00f3n de la costa malague\u00f1a, se est\u00e1n llevando a cabo proyectos de desarrollo urbano que est\u00e1n transformando la zona. Uno de estos proyectos se encuentra en las [&hellip;]<\/p>\n","protected":false},"author":1,"featured_media":0,"comment_status":"open","ping_status":"open","sticky":false,"template":"","format":"standard","meta":{"_uag_custom_page_level_css":"","_monsterinsights_skip_tracking":false,"_monsterinsights_sitenote_active":false,"_monsterinsights_sitenote_note":"","_monsterinsights_sitenote_category":0,"site-sidebar-layout":"default","site-content-layout":"","ast-site-content-layout":"default","site-content-style":"default","site-sidebar-style":"default","ast-global-header-display":"","ast-banner-title-visibility":"","ast-main-header-display":"","ast-hfb-above-header-display":"","ast-hfb-below-header-display":"","ast-hfb-mobile-header-display":"","site-post-title":"","ast-breadcrumbs-content":"","ast-featured-img":"","footer-sml-layout":"","ast-disable-related-posts":"","theme-transparent-header-meta":"","adv-header-id-meta":"","stick-header-meta":"","header-above-stick-meta":"","header-main-stick-meta":"","header-below-stick-meta":"","astra-migrate-meta-layouts":"set","ast-page-background-enabled":"default","ast-page-background-meta":{"desktop":{"background-color":"","background-image":"","background-repeat":"repeat","background-position":"center center","background-size":"auto","background-attachment":"scroll","background-type":"","background-media":"","overlay-type":"","overlay-color":"","overlay-opacity":"","overlay-gradient":""},"tablet":{"background-color":"","background-image":"","background-repeat":"repeat","background-position":"center center","background-size":"auto","background-attachment":"scroll","background-type":"","background-media":"","overlay-type":"","overlay-color":"","overlay-opacity":"","overlay-gradient":""},"mobile":{"background-color":"","background-image":"","background-repeat":"repeat","background-position":"center center","background-size":"auto","background-attachment":"scroll","background-type":"","background-media":"","overlay-type":"","overlay-color":"","overlay-opacity":"","overlay-gradient":""}},"ast-content-background-meta":{"desktop":{"background-color":"var(--ast-global-color-5)","background-image":"","background-repeat":"repeat","background-position":"center center","background-size":"auto","background-attachment":"scroll","background-type":"","background-media":"","overlay-type":"","overlay-color":"","overlay-opacity":"","overlay-gradient":""},"tablet":{"background-color":"var(--ast-global-color-5)","background-image":"","background-repeat":"repeat","background-position":"center center","background-size":"auto","background-attachment":"scroll","background-type":"","background-media":"","overlay-type":"","overlay-color":"","overlay-opacity":"","overlay-gradient":""},"mobile":{"background-color":"var(--ast-global-color-5)","background-image":"","background-repeat":"repeat","background-position":"center center","background-size":"auto","background-attachment":"scroll","background-type":"","background-media":"","overlay-type":"","overlay-color":"","overlay-opacity":"","overlay-gradient":""}},"footnotes":""},"categories":[5],"tags":[476,66,218,35,27,33,597,23,48],"class_list":["post-12352","post","type-post","status-publish","format-standard","hentry","category-blog","tag-caleta","tag-gps","tag-linde","tag-malaga","tag-medicion","tag-parcela","tag-presupuesto","tag-replanteo","tag-topografia"],"yoast_head":"<!-- This site is optimized with the Yoast SEO Premium plugin v24.1 (Yoast SEO v27.4) - https:\/\/yoast.com\/product\/yoast-seo-premium-wordpress\/ -->\n<title>Top\u00f3grafo V\u00e9lez M\u00e1laga. Ingeniero topograf\u00eda medici\u00f3n fincas.<\/title>\n<meta name=\"description\" content=\"Top\u00f3grafo en Velez-M\u00e1laga.Servicios de topograf\u00eda en la axarqu\u00eda y M\u00e1laga.Medici\u00f3n de fincas,catastro,levantamiento topogr\u00e1ficos,segregaciones,replanteosn,drones,fotogrametr\u00eda,filmaci\u00f3n a\u00e9rea..\" \/>\n<meta name=\"robots\" content=\"index, follow, max-snippet:-1, max-image-preview:large, max-video-preview:-1\" \/>\n<link rel=\"canonical\" href=\"https:\/\/veleztopografia.com\/index.php\/2023\/11\/06\/topografia-en-accion-definiendo-el-futuro-de-caleta-de-velez-en-las-parcelas-urbanas-junto-a-baviera-golf\/\" \/>\n<meta property=\"og:locale\" content=\"es_ES\" \/>\n<meta property=\"og:type\" content=\"article\" \/>\n<meta property=\"og:title\" content=\"Topograf\u00eda en Acci\u00f3n: Definiendo el Futuro de Caleta de V\u00e9lez en las Parcelas Urbanas Junto a Baviera Golf.\" \/>\n<meta property=\"og:description\" content=\"Top\u00f3grafo en Velez-M\u00e1laga.Servicios de topograf\u00eda en la axarqu\u00eda y M\u00e1laga.Medici\u00f3n de fincas,catastro,levantamiento topogr\u00e1ficos,segregaciones,replanteosn,drones,fotogrametr\u00eda,filmaci\u00f3n a\u00e9rea..\" \/>\n<meta property=\"og:url\" content=\"https:\/\/veleztopografia.com\/index.php\/2023\/11\/06\/topografia-en-accion-definiendo-el-futuro-de-caleta-de-velez-en-las-parcelas-urbanas-junto-a-baviera-golf\/\" \/>\n<meta property=\"og:site_name\" content=\"V\u00e9lez Topograf\u00eda\" \/>\n<meta property=\"article:publisher\" content=\"https:\/\/www.facebook.com\/veleztopografia\" \/>\n<meta property=\"article:published_time\" content=\"2023-11-06T11:54:15+00:00\" \/>\n<meta property=\"article:modified_time\" content=\"2023-11-06T11:54:18+00:00\" \/>\n<meta property=\"og:image\" content=\"https:\/\/veleztopografia.com\/wp-content\/uploads\/2023\/11\/IMG20231021091040-copia-1024x771.jpg\" \/>\n<meta name=\"author\" content=\"amrtopomar@hotmail.com\" \/>\n<meta name=\"twitter:card\" content=\"summary_large_image\" \/>\n<meta name=\"twitter:creator\" content=\"@alvaro_manen\" \/>\n<meta name=\"twitter:site\" content=\"@alvaro_manen\" \/>\n<meta name=\"twitter:label1\" content=\"Escrito por\" \/>\n\t<meta name=\"twitter:data1\" content=\"amrtopomar@hotmail.com\" \/>\n\t<meta name=\"twitter:label2\" content=\"Tiempo de lectura\" \/>\n\t<meta name=\"twitter:data2\" content=\"3 minutos\" \/>\n<script type=\"application\/ld+json\" class=\"yoast-schema-graph\">{\"@context\":\"https:\\\/\\\/schema.org\",\"@graph\":[{\"@type\":\"Article\",\"@id\":\"https:\\\/\\\/veleztopografia.com\\\/index.php\\\/2023\\\/11\\\/06\\\/topografia-en-accion-definiendo-el-futuro-de-caleta-de-velez-en-las-parcelas-urbanas-junto-a-baviera-golf\\\/#article\",\"isPartOf\":{\"@id\":\"https:\\\/\\\/veleztopografia.com\\\/index.php\\\/2023\\\/11\\\/06\\\/topografia-en-accion-definiendo-el-futuro-de-caleta-de-velez-en-las-parcelas-urbanas-junto-a-baviera-golf\\\/\"},\"author\":{\"name\":\"amrtopomar@hotmail.com\",\"@id\":\"http:\\\/\\\/veleztopografia.com\\\/#\\\/schema\\\/person\\\/f77ff7cee140d8850a0f97fd34ac2601\"},\"headline\":\"Topograf\u00eda en Acci\u00f3n: Definiendo el Futuro de Caleta de V\u00e9lez en las Parcelas Urbanas Junto a Baviera Golf.\",\"datePublished\":\"2023-11-06T11:54:15+00:00\",\"dateModified\":\"2023-11-06T11:54:18+00:00\",\"mainEntityOfPage\":{\"@id\":\"https:\\\/\\\/veleztopografia.com\\\/index.php\\\/2023\\\/11\\\/06\\\/topografia-en-accion-definiendo-el-futuro-de-caleta-de-velez-en-las-parcelas-urbanas-junto-a-baviera-golf\\\/\"},\"wordCount\":527,\"commentCount\":0,\"publisher\":{\"@id\":\"http:\\\/\\\/veleztopografia.com\\\/#organization\"},\"image\":{\"@id\":\"https:\\\/\\\/veleztopografia.com\\\/index.php\\\/2023\\\/11\\\/06\\\/topografia-en-accion-definiendo-el-futuro-de-caleta-de-velez-en-las-parcelas-urbanas-junto-a-baviera-golf\\\/#primaryimage\"},\"thumbnailUrl\":\"https:\\\/\\\/veleztopografia.com\\\/wp-content\\\/uploads\\\/2023\\\/11\\\/IMG20231021091040-copia-1024x771.jpg\",\"keywords\":[\"caleta\",\"gps\",\"linde\",\"malaga\",\"medicion\",\"parcela\",\"presupuesto\",\"replanteo\",\"topografia\"],\"articleSection\":[\"Blog\"],\"inLanguage\":\"es\",\"potentialAction\":[{\"@type\":\"CommentAction\",\"name\":\"Comment\",\"target\":[\"https:\\\/\\\/veleztopografia.com\\\/index.php\\\/2023\\\/11\\\/06\\\/topografia-en-accion-definiendo-el-futuro-de-caleta-de-velez-en-las-parcelas-urbanas-junto-a-baviera-golf\\\/#respond\"]}]},{\"@type\":\"WebPage\",\"@id\":\"https:\\\/\\\/veleztopografia.com\\\/index.php\\\/2023\\\/11\\\/06\\\/topografia-en-accion-definiendo-el-futuro-de-caleta-de-velez-en-las-parcelas-urbanas-junto-a-baviera-golf\\\/\",\"url\":\"https:\\\/\\\/veleztopografia.com\\\/index.php\\\/2023\\\/11\\\/06\\\/topografia-en-accion-definiendo-el-futuro-de-caleta-de-velez-en-las-parcelas-urbanas-junto-a-baviera-golf\\\/\",\"name\":\"Top\u00f3grafo V\u00e9lez M\u00e1laga. Ingeniero topograf\u00eda medici\u00f3n fincas.\",\"isPartOf\":{\"@id\":\"http:\\\/\\\/veleztopografia.com\\\/#website\"},\"primaryImageOfPage\":{\"@id\":\"https:\\\/\\\/veleztopografia.com\\\/index.php\\\/2023\\\/11\\\/06\\\/topografia-en-accion-definiendo-el-futuro-de-caleta-de-velez-en-las-parcelas-urbanas-junto-a-baviera-golf\\\/#primaryimage\"},\"image\":{\"@id\":\"https:\\\/\\\/veleztopografia.com\\\/index.php\\\/2023\\\/11\\\/06\\\/topografia-en-accion-definiendo-el-futuro-de-caleta-de-velez-en-las-parcelas-urbanas-junto-a-baviera-golf\\\/#primaryimage\"},\"thumbnailUrl\":\"https:\\\/\\\/veleztopografia.com\\\/wp-content\\\/uploads\\\/2023\\\/11\\\/IMG20231021091040-copia-1024x771.jpg\",\"datePublished\":\"2023-11-06T11:54:15+00:00\",\"dateModified\":\"2023-11-06T11:54:18+00:00\",\"description\":\"Top\u00f3grafo en Velez-M\u00e1laga.Servicios de topograf\u00eda en la axarqu\u00eda y M\u00e1laga.Medici\u00f3n de fincas,catastro,levantamiento topogr\u00e1ficos,segregaciones,replanteosn,drones,fotogrametr\u00eda,filmaci\u00f3n a\u00e9rea..\",\"breadcrumb\":{\"@id\":\"https:\\\/\\\/veleztopografia.com\\\/index.php\\\/2023\\\/11\\\/06\\\/topografia-en-accion-definiendo-el-futuro-de-caleta-de-velez-en-las-parcelas-urbanas-junto-a-baviera-golf\\\/#breadcrumb\"},\"inLanguage\":\"es\",\"potentialAction\":[{\"@type\":\"ReadAction\",\"target\":[\"https:\\\/\\\/veleztopografia.com\\\/index.php\\\/2023\\\/11\\\/06\\\/topografia-en-accion-definiendo-el-futuro-de-caleta-de-velez-en-las-parcelas-urbanas-junto-a-baviera-golf\\\/\"]}]},{\"@type\":\"ImageObject\",\"inLanguage\":\"es\",\"@id\":\"https:\\\/\\\/veleztopografia.com\\\/index.php\\\/2023\\\/11\\\/06\\\/topografia-en-accion-definiendo-el-futuro-de-caleta-de-velez-en-las-parcelas-urbanas-junto-a-baviera-golf\\\/#primaryimage\",\"url\":\"https:\\\/\\\/veleztopografia.com\\\/wp-content\\\/uploads\\\/2023\\\/11\\\/IMG20231021091040-copia-1024x771.jpg\",\"contentUrl\":\"https:\\\/\\\/veleztopografia.com\\\/wp-content\\\/uploads\\\/2023\\\/11\\\/IMG20231021091040-copia-1024x771.jpg\"},{\"@type\":\"BreadcrumbList\",\"@id\":\"https:\\\/\\\/veleztopografia.com\\\/index.php\\\/2023\\\/11\\\/06\\\/topografia-en-accion-definiendo-el-futuro-de-caleta-de-velez-en-las-parcelas-urbanas-junto-a-baviera-golf\\\/#breadcrumb\",\"itemListElement\":[{\"@type\":\"ListItem\",\"position\":1,\"name\":\"Portada\",\"item\":\"http:\\\/\\\/veleztopografia.com\\\/\"},{\"@type\":\"ListItem\",\"position\":2,\"name\":\"Topograf\u00eda en Acci\u00f3n: Definiendo el Futuro de Caleta de V\u00e9lez en las Parcelas Urbanas Junto a Baviera Golf.\"}]},{\"@type\":\"WebSite\",\"@id\":\"http:\\\/\\\/veleztopografia.com\\\/#website\",\"url\":\"http:\\\/\\\/veleztopografia.com\\\/\",\"name\":\"V\u00e9lez Topograf\u00eda\",\"description\":\"Top\u00f3grafo de V\u00e9lez-M\u00e1laga. Servicios de topografia en la Axarqu\u00eda y M\u00e1laga.Medici\u00f3n de fincas,catastro,validacion gr\u00e1fica,etc..\",\"publisher\":{\"@id\":\"http:\\\/\\\/veleztopografia.com\\\/#organization\"},\"potentialAction\":[{\"@type\":\"SearchAction\",\"target\":{\"@type\":\"EntryPoint\",\"urlTemplate\":\"http:\\\/\\\/veleztopografia.com\\\/?s={search_term_string}\"},\"query-input\":{\"@type\":\"PropertyValueSpecification\",\"valueRequired\":true,\"valueName\":\"search_term_string\"}}],\"inLanguage\":\"es\"},{\"@type\":\"Organization\",\"@id\":\"http:\\\/\\\/veleztopografia.com\\\/#organization\",\"name\":\"V\u00e9lez Topograf\u00eda\",\"url\":\"http:\\\/\\\/veleztopografia.com\\\/\",\"logo\":{\"@type\":\"ImageObject\",\"inLanguage\":\"es\",\"@id\":\"http:\\\/\\\/veleztopografia.com\\\/#\\\/schema\\\/logo\\\/image\\\/\",\"url\":\"https:\\\/\\\/i0.wp.com\\\/veleztopografia.com\\\/wp-content\\\/uploads\\\/2019\\\/12\\\/LOGO-VELEZTOPOGRAFIA200-1.jpg?fit=400%2C200&ssl=1\",\"contentUrl\":\"https:\\\/\\\/i0.wp.com\\\/veleztopografia.com\\\/wp-content\\\/uploads\\\/2019\\\/12\\\/LOGO-VELEZTOPOGRAFIA200-1.jpg?fit=400%2C200&ssl=1\",\"width\":400,\"height\":200,\"caption\":\"V\u00e9lez Topograf\u00eda\"},\"image\":{\"@id\":\"http:\\\/\\\/veleztopografia.com\\\/#\\\/schema\\\/logo\\\/image\\\/\"},\"sameAs\":[\"https:\\\/\\\/www.facebook.com\\\/veleztopografia\",\"https:\\\/\\\/x.com\\\/alvaro_manen\",\"https:\\\/\\\/www.instagram.com\\\/alvaromanen\\\/\",\"https:\\\/\\\/www.linkedin.com\\\/in\\\/alvaro-manen-0a7b9a4b\\\/\",\"https:\\\/\\\/www.youtube.com\\\/channel\\\/UCBbmXfa52pAGpmufiMrR3qg\\\/videos\"]},{\"@type\":\"Person\",\"@id\":\"http:\\\/\\\/veleztopografia.com\\\/#\\\/schema\\\/person\\\/f77ff7cee140d8850a0f97fd34ac2601\",\"name\":\"amrtopomar@hotmail.com\",\"image\":{\"@type\":\"ImageObject\",\"inLanguage\":\"es\",\"@id\":\"https:\\\/\\\/secure.gravatar.com\\\/avatar\\\/1bebd10f775e886b97b35c18576a9d2e6b841c3f4b4f048fc10ffb01eb083731?s=96&d=mm&r=g\",\"url\":\"https:\\\/\\\/secure.gravatar.com\\\/avatar\\\/1bebd10f775e886b97b35c18576a9d2e6b841c3f4b4f048fc10ffb01eb083731?s=96&d=mm&r=g\",\"contentUrl\":\"https:\\\/\\\/secure.gravatar.com\\\/avatar\\\/1bebd10f775e886b97b35c18576a9d2e6b841c3f4b4f048fc10ffb01eb083731?s=96&d=mm&r=g\",\"caption\":\"amrtopomar@hotmail.com\"}}]}<\/script>\n<!-- \/ Yoast SEO Premium plugin. -->","yoast_head_json":{"title":"Top\u00f3grafo V\u00e9lez M\u00e1laga. Ingeniero topograf\u00eda medici\u00f3n fincas.","description":"Top\u00f3grafo en Velez-M\u00e1laga.Servicios de topograf\u00eda en la axarqu\u00eda y M\u00e1laga.Medici\u00f3n de fincas,catastro,levantamiento topogr\u00e1ficos,segregaciones,replanteosn,drones,fotogrametr\u00eda,filmaci\u00f3n a\u00e9rea..","robots":{"index":"index","follow":"follow","max-snippet":"max-snippet:-1","max-image-preview":"max-image-preview:large","max-video-preview":"max-video-preview:-1"},"canonical":"https:\/\/veleztopografia.com\/index.php\/2023\/11\/06\/topografia-en-accion-definiendo-el-futuro-de-caleta-de-velez-en-las-parcelas-urbanas-junto-a-baviera-golf\/","og_locale":"es_ES","og_type":"article","og_title":"Topograf\u00eda en Acci\u00f3n: Definiendo el Futuro de Caleta de V\u00e9lez en las Parcelas Urbanas Junto a Baviera Golf.","og_description":"Top\u00f3grafo en Velez-M\u00e1laga.Servicios de topograf\u00eda en la axarqu\u00eda y M\u00e1laga.Medici\u00f3n de fincas,catastro,levantamiento topogr\u00e1ficos,segregaciones,replanteosn,drones,fotogrametr\u00eda,filmaci\u00f3n a\u00e9rea..","og_url":"https:\/\/veleztopografia.com\/index.php\/2023\/11\/06\/topografia-en-accion-definiendo-el-futuro-de-caleta-de-velez-en-las-parcelas-urbanas-junto-a-baviera-golf\/","og_site_name":"V\u00e9lez Topograf\u00eda","article_publisher":"https:\/\/www.facebook.com\/veleztopografia","article_published_time":"2023-11-06T11:54:15+00:00","article_modified_time":"2023-11-06T11:54:18+00:00","og_image":[{"url":"https:\/\/veleztopografia.com\/wp-content\/uploads\/2023\/11\/IMG20231021091040-copia-1024x771.jpg","type":"","width":"","height":""}],"author":"amrtopomar@hotmail.com","twitter_card":"summary_large_image","twitter_creator":"@alvaro_manen","twitter_site":"@alvaro_manen","twitter_misc":{"Escrito por":"amrtopomar@hotmail.com","Tiempo de lectura":"3 minutos"},"schema":{"@context":"https:\/\/schema.org","@graph":[{"@type":"Article","@id":"https:\/\/veleztopografia.com\/index.php\/2023\/11\/06\/topografia-en-accion-definiendo-el-futuro-de-caleta-de-velez-en-las-parcelas-urbanas-junto-a-baviera-golf\/#article","isPartOf":{"@id":"https:\/\/veleztopografia.com\/index.php\/2023\/11\/06\/topografia-en-accion-definiendo-el-futuro-de-caleta-de-velez-en-las-parcelas-urbanas-junto-a-baviera-golf\/"},"author":{"name":"amrtopomar@hotmail.com","@id":"http:\/\/veleztopografia.com\/#\/schema\/person\/f77ff7cee140d8850a0f97fd34ac2601"},"headline":"Topograf\u00eda en Acci\u00f3n: Definiendo el Futuro de Caleta de V\u00e9lez en las Parcelas Urbanas Junto a Baviera Golf.","datePublished":"2023-11-06T11:54:15+00:00","dateModified":"2023-11-06T11:54:18+00:00","mainEntityOfPage":{"@id":"https:\/\/veleztopografia.com\/index.php\/2023\/11\/06\/topografia-en-accion-definiendo-el-futuro-de-caleta-de-velez-en-las-parcelas-urbanas-junto-a-baviera-golf\/"},"wordCount":527,"commentCount":0,"publisher":{"@id":"http:\/\/veleztopografia.com\/#organization"},"image":{"@id":"https:\/\/veleztopografia.com\/index.php\/2023\/11\/06\/topografia-en-accion-definiendo-el-futuro-de-caleta-de-velez-en-las-parcelas-urbanas-junto-a-baviera-golf\/#primaryimage"},"thumbnailUrl":"https:\/\/veleztopografia.com\/wp-content\/uploads\/2023\/11\/IMG20231021091040-copia-1024x771.jpg","keywords":["caleta","gps","linde","malaga","medicion","parcela","presupuesto","replanteo","topografia"],"articleSection":["Blog"],"inLanguage":"es","potentialAction":[{"@type":"CommentAction","name":"Comment","target":["https:\/\/veleztopografia.com\/index.php\/2023\/11\/06\/topografia-en-accion-definiendo-el-futuro-de-caleta-de-velez-en-las-parcelas-urbanas-junto-a-baviera-golf\/#respond"]}]},{"@type":"WebPage","@id":"https:\/\/veleztopografia.com\/index.php\/2023\/11\/06\/topografia-en-accion-definiendo-el-futuro-de-caleta-de-velez-en-las-parcelas-urbanas-junto-a-baviera-golf\/","url":"https:\/\/veleztopografia.com\/index.php\/2023\/11\/06\/topografia-en-accion-definiendo-el-futuro-de-caleta-de-velez-en-las-parcelas-urbanas-junto-a-baviera-golf\/","name":"Top\u00f3grafo V\u00e9lez M\u00e1laga. Ingeniero topograf\u00eda medici\u00f3n fincas.","isPartOf":{"@id":"http:\/\/veleztopografia.com\/#website"},"primaryImageOfPage":{"@id":"https:\/\/veleztopografia.com\/index.php\/2023\/11\/06\/topografia-en-accion-definiendo-el-futuro-de-caleta-de-velez-en-las-parcelas-urbanas-junto-a-baviera-golf\/#primaryimage"},"image":{"@id":"https:\/\/veleztopografia.com\/index.php\/2023\/11\/06\/topografia-en-accion-definiendo-el-futuro-de-caleta-de-velez-en-las-parcelas-urbanas-junto-a-baviera-golf\/#primaryimage"},"thumbnailUrl":"https:\/\/veleztopografia.com\/wp-content\/uploads\/2023\/11\/IMG20231021091040-copia-1024x771.jpg","datePublished":"2023-11-06T11:54:15+00:00","dateModified":"2023-11-06T11:54:18+00:00","description":"Top\u00f3grafo en Velez-M\u00e1laga.Servicios de topograf\u00eda en la axarqu\u00eda y M\u00e1laga.Medici\u00f3n de fincas,catastro,levantamiento topogr\u00e1ficos,segregaciones,replanteosn,drones,fotogrametr\u00eda,filmaci\u00f3n a\u00e9rea..","breadcrumb":{"@id":"https:\/\/veleztopografia.com\/index.php\/2023\/11\/06\/topografia-en-accion-definiendo-el-futuro-de-caleta-de-velez-en-las-parcelas-urbanas-junto-a-baviera-golf\/#breadcrumb"},"inLanguage":"es","potentialAction":[{"@type":"ReadAction","target":["https:\/\/veleztopografia.com\/index.php\/2023\/11\/06\/topografia-en-accion-definiendo-el-futuro-de-caleta-de-velez-en-las-parcelas-urbanas-junto-a-baviera-golf\/"]}]},{"@type":"ImageObject","inLanguage":"es","@id":"https:\/\/veleztopografia.com\/index.php\/2023\/11\/06\/topografia-en-accion-definiendo-el-futuro-de-caleta-de-velez-en-las-parcelas-urbanas-junto-a-baviera-golf\/#primaryimage","url":"https:\/\/veleztopografia.com\/wp-content\/uploads\/2023\/11\/IMG20231021091040-copia-1024x771.jpg","contentUrl":"https:\/\/veleztopografia.com\/wp-content\/uploads\/2023\/11\/IMG20231021091040-copia-1024x771.jpg"},{"@type":"BreadcrumbList","@id":"https:\/\/veleztopografia.com\/index.php\/2023\/11\/06\/topografia-en-accion-definiendo-el-futuro-de-caleta-de-velez-en-las-parcelas-urbanas-junto-a-baviera-golf\/#breadcrumb","itemListElement":[{"@type":"ListItem","position":1,"name":"Portada","item":"http:\/\/veleztopografia.com\/"},{"@type":"ListItem","position":2,"name":"Topograf\u00eda en Acci\u00f3n: Definiendo el Futuro de Caleta de V\u00e9lez en las Parcelas Urbanas Junto a Baviera Golf."}]},{"@type":"WebSite","@id":"http:\/\/veleztopografia.com\/#website","url":"http:\/\/veleztopografia.com\/","name":"V\u00e9lez Topograf\u00eda","description":"Top\u00f3grafo de V\u00e9lez-M\u00e1laga. Servicios de topografia en la Axarqu\u00eda y M\u00e1laga.Medici\u00f3n de fincas,catastro,validacion gr\u00e1fica,etc..","publisher":{"@id":"http:\/\/veleztopografia.com\/#organization"},"potentialAction":[{"@type":"SearchAction","target":{"@type":"EntryPoint","urlTemplate":"http:\/\/veleztopografia.com\/?s={search_term_string}"},"query-input":{"@type":"PropertyValueSpecification","valueRequired":true,"valueName":"search_term_string"}}],"inLanguage":"es"},{"@type":"Organization","@id":"http:\/\/veleztopografia.com\/#organization","name":"V\u00e9lez Topograf\u00eda","url":"http:\/\/veleztopografia.com\/","logo":{"@type":"ImageObject","inLanguage":"es","@id":"http:\/\/veleztopografia.com\/#\/schema\/logo\/image\/","url":"https:\/\/i0.wp.com\/veleztopografia.com\/wp-content\/uploads\/2019\/12\/LOGO-VELEZTOPOGRAFIA200-1.jpg?fit=400%2C200&ssl=1","contentUrl":"https:\/\/i0.wp.com\/veleztopografia.com\/wp-content\/uploads\/2019\/12\/LOGO-VELEZTOPOGRAFIA200-1.jpg?fit=400%2C200&ssl=1","width":400,"height":200,"caption":"V\u00e9lez Topograf\u00eda"},"image":{"@id":"http:\/\/veleztopografia.com\/#\/schema\/logo\/image\/"},"sameAs":["https:\/\/www.facebook.com\/veleztopografia","https:\/\/x.com\/alvaro_manen","https:\/\/www.instagram.com\/alvaromanen\/","https:\/\/www.linkedin.com\/in\/alvaro-manen-0a7b9a4b\/","https:\/\/www.youtube.com\/channel\/UCBbmXfa52pAGpmufiMrR3qg\/videos"]},{"@type":"Person","@id":"http:\/\/veleztopografia.com\/#\/schema\/person\/f77ff7cee140d8850a0f97fd34ac2601","name":"amrtopomar@hotmail.com","image":{"@type":"ImageObject","inLanguage":"es","@id":"https:\/\/secure.gravatar.com\/avatar\/1bebd10f775e886b97b35c18576a9d2e6b841c3f4b4f048fc10ffb01eb083731?s=96&d=mm&r=g","url":"https:\/\/secure.gravatar.com\/avatar\/1bebd10f775e886b97b35c18576a9d2e6b841c3f4b4f048fc10ffb01eb083731?s=96&d=mm&r=g","contentUrl":"https:\/\/secure.gravatar.com\/avatar\/1bebd10f775e886b97b35c18576a9d2e6b841c3f4b4f048fc10ffb01eb083731?s=96&d=mm&r=g","caption":"amrtopomar@hotmail.com"}}]}},"uagb_featured_image_src":{"full":false,"thumbnail":false,"medium":false,"medium_large":false,"large":false,"1536x1536":false,"2048x2048":false,"wpvr_mobile":false},"uagb_author_info":{"display_name":"amrtopomar@hotmail.com","author_link":"https:\/\/veleztopografia.com\/index.php\/author\/amrtopomarhotmail-com\/"},"uagb_comment_info":0,"uagb_excerpt":"Caleta de V\u00e9lez, una hermosa localidad en la Costa del Sol, es conocida por su encanto mediterr\u00e1neo y su proximidad a las aguas cristalinas del mar. En este rinc\u00f3n de la costa malague\u00f1a, se est\u00e1n llevando a cabo proyectos de desarrollo urbano que est\u00e1n transformando la zona. Uno de estos proyectos se encuentra en las&hellip;","_links":{"self":[{"href":"https:\/\/veleztopografia.com\/index.php\/wp-json\/wp\/v2\/posts\/12352","targetHints":{"allow":["GET"]}}],"collection":[{"href":"https:\/\/veleztopografia.com\/index.php\/wp-json\/wp\/v2\/posts"}],"about":[{"href":"https:\/\/veleztopografia.com\/index.php\/wp-json\/wp\/v2\/types\/post"}],"author":[{"embeddable":true,"href":"https:\/\/veleztopografia.com\/index.php\/wp-json\/wp\/v2\/users\/1"}],"replies":[{"embeddable":true,"href":"https:\/\/veleztopografia.com\/index.php\/wp-json\/wp\/v2\/comments?post=12352"}],"version-history":[{"count":1,"href":"https:\/\/veleztopografia.com\/index.php\/wp-json\/wp\/v2\/posts\/12352\/revisions"}],"predecessor-version":[{"id":12357,"href":"https:\/\/veleztopografia.com\/index.php\/wp-json\/wp\/v2\/posts\/12352\/revisions\/12357"}],"wp:attachment":[{"href":"https:\/\/veleztopografia.com\/index.php\/wp-json\/wp\/v2\/media?parent=12352"}],"wp:term":[{"taxonomy":"category","embeddable":true,"href":"https:\/\/veleztopografia.com\/index.php\/wp-json\/wp\/v2\/categories?post=12352"},{"taxonomy":"post_tag","embeddable":true,"href":"https:\/\/veleztopografia.com\/index.php\/wp-json\/wp\/v2\/tags?post=12352"}],"curies":[{"name":"wp","href":"https:\/\/api.w.org\/{rel}","templated":true}]}}