{"id":12220,"date":"2023-06-23T11:55:31","date_gmt":"2023-06-23T11:55:31","guid":{"rendered":"https:\/\/veleztopografia.com\/?p=12220"},"modified":"2023-06-23T11:55:33","modified_gmt":"2023-06-23T11:55:33","slug":"georreferenciacion-de-vivienda-en-colmenar-malaga","status":"publish","type":"post","link":"https:\/\/veleztopografia.com\/index.php\/2023\/06\/23\/georreferenciacion-de-vivienda-en-colmenar-malaga\/","title":{"rendered":"Georreferenciaci\u00f3n de vivienda en Colmenar (M\u00e1laga)."},"content":{"rendered":"\n<figure class=\"wp-block-image size-large\"><img fetchpriority=\"high\" decoding=\"async\" width=\"1024\" height=\"768\" src=\"https:\/\/veleztopografia.com\/wp-content\/uploads\/2023\/06\/IMG20230606130740-copia-1024x768.jpg\" alt=\"IMG20230606130740 copia\" class=\"wp-image-12221\" srcset=\"https:\/\/veleztopografia.com\/wp-content\/uploads\/2023\/06\/IMG20230606130740-copia-1024x768.jpg 1024w, https:\/\/veleztopografia.com\/wp-content\/uploads\/2023\/06\/IMG20230606130740-copia-300x225.jpg 300w, https:\/\/veleztopografia.com\/wp-content\/uploads\/2023\/06\/IMG20230606130740-copia-768x576.jpg 768w, https:\/\/veleztopografia.com\/wp-content\/uploads\/2023\/06\/IMG20230606130740-copia-1536x1152.jpg 1536w, https:\/\/veleztopografia.com\/wp-content\/uploads\/2023\/06\/IMG20230606130740-copia.jpg 1920w\" sizes=\"(max-width: 1024px) 100vw, 1024px\" \/><\/figure>\n\n\n\n<p>Georreferenciamos una parcela con vivienda en la localidad de Colmenar (M\u00e1laga).<\/p>\n\n\n\n<p>Se trata de un trabajo sencillo realizado con GPS mediante t\u00e9cnica GNSS NTR<em>ip.<\/em><\/p>\n\n\n\n<p>Nuestro trabajo de topograf\u00eda en Colmenar ha sido productivo y fluido.<\/p>\n\n\n\n<p>Hemos medido m\u00e1s de 10 parcelas urbanas en Colmenar.<\/p>\n\n\n\n<p>En Artop realizamos georreferenciaci\u00f3n de parcelas y viviendas en toda la provincia de M\u00e1laga.<\/p>\n\n\n\n<figure class=\"wp-block-image size-large\"><img decoding=\"async\" width=\"1024\" height=\"768\" src=\"https:\/\/veleztopografia.com\/wp-content\/uploads\/2023\/06\/IMG20230606133823-copia-1024x768.jpg\" alt=\"IMG20230606133823 copia\" class=\"wp-image-12222\" srcset=\"https:\/\/veleztopografia.com\/wp-content\/uploads\/2023\/06\/IMG20230606133823-copia-1024x768.jpg 1024w, https:\/\/veleztopografia.com\/wp-content\/uploads\/2023\/06\/IMG20230606133823-copia-300x225.jpg 300w, https:\/\/veleztopografia.com\/wp-content\/uploads\/2023\/06\/IMG20230606133823-copia-768x576.jpg 768w, https:\/\/veleztopografia.com\/wp-content\/uploads\/2023\/06\/IMG20230606133823-copia-1536x1152.jpg 1536w, https:\/\/veleztopografia.com\/wp-content\/uploads\/2023\/06\/IMG20230606133823-copia.jpg 1920w\" sizes=\"(max-width: 1024px) 100vw, 1024px\" \/><\/figure>\n","protected":false},"excerpt":{"rendered":"<p>Georreferenciamos una parcela con vivienda en la localidad de Colmenar (M\u00e1laga). Se trata de un trabajo sencillo realizado con GPS mediante t\u00e9cnica GNSS NTRip. Nuestro trabajo de topograf\u00eda en Colmenar ha sido productivo y fluido. Hemos medido m\u00e1s de 10 parcelas urbanas en Colmenar. En Artop realizamos georreferenciaci\u00f3n de parcelas y viviendas en toda la [&hellip;]<\/p>\n","protected":false},"author":1,"featured_media":0,"comment_status":"open","ping_status":"open","sticky":false,"template":"","format":"standard","meta":{"_uag_custom_page_level_css":"","_monsterinsights_skip_tracking":false,"_monsterinsights_sitenote_active":false,"_monsterinsights_sitenote_note":"","_monsterinsights_sitenote_category":0,"site-sidebar-layout":"default","site-content-layout":"","ast-site-content-layout":"default","site-content-style":"default","site-sidebar-style":"default","ast-global-header-display":"","ast-banner-title-visibility":"","ast-main-header-display":"","ast-hfb-above-header-display":"","ast-hfb-below-header-display":"","ast-hfb-mobile-header-display":"","site-post-title":"","ast-breadcrumbs-content":"","ast-featured-img":"","footer-sml-layout":"","ast-disable-related-posts":"","theme-transparent-header-meta":"","adv-header-id-meta":"","stick-header-meta":"","header-above-stick-meta":"","header-main-stick-meta":"","header-below-stick-meta":"","astra-migrate-meta-layouts":"default","ast-page-background-enabled":"default","ast-page-background-meta":{"desktop":{"background-color":"","background-image":"","background-repeat":"repeat","background-position":"center center","background-size":"auto","background-attachment":"scroll","background-type":"","background-media":"","overlay-type":"","overlay-color":"","overlay-opacity":"","overlay-gradient":""},"tablet":{"background-color":"","background-image":"","background-repeat":"repeat","background-position":"center center","background-size":"auto","background-attachment":"scroll","background-type":"","background-media":"","overlay-type":"","overlay-color":"","overlay-opacity":"","overlay-gradient":""},"mobile":{"background-color":"","background-image":"","background-repeat":"repeat","background-position":"center center","background-size":"auto","background-attachment":"scroll","background-type":"","background-media":"","overlay-type":"","overlay-color":"","overlay-opacity":"","overlay-gradient":""}},"ast-content-background-meta":{"desktop":{"background-color":"var(--ast-global-color-5)","background-image":"","background-repeat":"repeat","background-position":"center center","background-size":"auto","background-attachment":"scroll","background-type":"","background-media":"","overlay-type":"","overlay-color":"","overlay-opacity":"","overlay-gradient":""},"tablet":{"background-color":"var(--ast-global-color-5)","background-image":"","background-repeat":"repeat","background-position":"center center","background-size":"auto","background-attachment":"scroll","background-type":"","background-media":"","overlay-type":"","overlay-color":"","overlay-opacity":"","overlay-gradient":""},"mobile":{"background-color":"var(--ast-global-color-5)","background-image":"","background-repeat":"repeat","background-position":"center center","background-size":"auto","background-attachment":"scroll","background-type":"","background-media":"","overlay-type":"","overlay-color":"","overlay-opacity":"","overlay-gradient":""}},"footnotes":""},"categories":[5],"tags":[256,111,17,66,79,33],"class_list":["post-12220","post","type-post","status-publish","format-standard","hentry","category-blog","tag-certificado-de-georreferenciacion","tag-coordenadas-georreferenciadas","tag-georreferenciacion","tag-gps","tag-levantamiento-topografico","tag-parcela"],"yoast_head":"<!-- This site is optimized with the Yoast SEO Premium plugin v24.1 (Yoast SEO v27.4) - https:\/\/yoast.com\/product\/yoast-seo-premium-wordpress\/ -->\n<title>Top\u00f3grafo V\u00e9lez M\u00e1laga. Ingeniero topograf\u00eda medici\u00f3n fincas.<\/title>\n<meta name=\"description\" content=\"Top\u00f3grafo en Velez-M\u00e1laga.Servicios de topograf\u00eda en la axarqu\u00eda y M\u00e1laga.Medici\u00f3n de fincas,catastro,levantamiento topogr\u00e1ficos,segregaciones,replanteosn,drones,fotogrametr\u00eda,filmaci\u00f3n a\u00e9rea..\" \/>\n<meta name=\"robots\" content=\"index, follow, max-snippet:-1, max-image-preview:large, max-video-preview:-1\" \/>\n<link rel=\"canonical\" href=\"https:\/\/veleztopografia.com\/index.php\/2023\/06\/23\/georreferenciacion-de-vivienda-en-colmenar-malaga\/\" \/>\n<meta property=\"og:locale\" content=\"es_ES\" \/>\n<meta property=\"og:type\" content=\"article\" \/>\n<meta property=\"og:title\" content=\"Georreferenciaci\u00f3n de vivienda en Colmenar (M\u00e1laga).\" \/>\n<meta property=\"og:description\" content=\"Top\u00f3grafo en Velez-M\u00e1laga.Servicios de topograf\u00eda en la axarqu\u00eda y M\u00e1laga.Medici\u00f3n de fincas,catastro,levantamiento topogr\u00e1ficos,segregaciones,replanteosn,drones,fotogrametr\u00eda,filmaci\u00f3n a\u00e9rea..\" \/>\n<meta property=\"og:url\" content=\"https:\/\/veleztopografia.com\/index.php\/2023\/06\/23\/georreferenciacion-de-vivienda-en-colmenar-malaga\/\" \/>\n<meta property=\"og:site_name\" content=\"V\u00e9lez Topograf\u00eda\" \/>\n<meta property=\"article:publisher\" content=\"https:\/\/www.facebook.com\/veleztopografia\" \/>\n<meta property=\"article:published_time\" content=\"2023-06-23T11:55:31+00:00\" \/>\n<meta property=\"article:modified_time\" content=\"2023-06-23T11:55:33+00:00\" \/>\n<meta property=\"og:image\" content=\"https:\/\/veleztopografia.com\/wp-content\/uploads\/2023\/06\/IMG20230606130740-copia-1024x768.jpg\" \/>\n<meta name=\"author\" content=\"amrtopomar@hotmail.com\" \/>\n<meta name=\"twitter:card\" content=\"summary_large_image\" \/>\n<meta name=\"twitter:creator\" content=\"@alvaro_manen\" \/>\n<meta name=\"twitter:site\" content=\"@alvaro_manen\" \/>\n<meta name=\"twitter:label1\" content=\"Escrito por\" \/>\n\t<meta name=\"twitter:data1\" content=\"amrtopomar@hotmail.com\" \/>\n\t<meta name=\"twitter:label2\" content=\"Tiempo de lectura\" \/>\n\t<meta name=\"twitter:data2\" content=\"1 minuto\" \/>\n<script type=\"application\/ld+json\" class=\"yoast-schema-graph\">{\"@context\":\"https:\\\/\\\/schema.org\",\"@graph\":[{\"@type\":\"Article\",\"@id\":\"https:\\\/\\\/veleztopografia.com\\\/index.php\\\/2023\\\/06\\\/23\\\/georreferenciacion-de-vivienda-en-colmenar-malaga\\\/#article\",\"isPartOf\":{\"@id\":\"https:\\\/\\\/veleztopografia.com\\\/index.php\\\/2023\\\/06\\\/23\\\/georreferenciacion-de-vivienda-en-colmenar-malaga\\\/\"},\"author\":{\"name\":\"amrtopomar@hotmail.com\",\"@id\":\"http:\\\/\\\/veleztopografia.com\\\/#\\\/schema\\\/person\\\/f77ff7cee140d8850a0f97fd34ac2601\"},\"headline\":\"Georreferenciaci\u00f3n de vivienda en Colmenar (M\u00e1laga).\",\"datePublished\":\"2023-06-23T11:55:31+00:00\",\"dateModified\":\"2023-06-23T11:55:33+00:00\",\"mainEntityOfPage\":{\"@id\":\"https:\\\/\\\/veleztopografia.com\\\/index.php\\\/2023\\\/06\\\/23\\\/georreferenciacion-de-vivienda-en-colmenar-malaga\\\/\"},\"wordCount\":71,\"commentCount\":0,\"publisher\":{\"@id\":\"http:\\\/\\\/veleztopografia.com\\\/#organization\"},\"image\":{\"@id\":\"https:\\\/\\\/veleztopografia.com\\\/index.php\\\/2023\\\/06\\\/23\\\/georreferenciacion-de-vivienda-en-colmenar-malaga\\\/#primaryimage\"},\"thumbnailUrl\":\"https:\\\/\\\/veleztopografia.com\\\/wp-content\\\/uploads\\\/2023\\\/06\\\/IMG20230606130740-copia-1024x768.jpg\",\"keywords\":[\"certificado de georreferenciacion\",\"coordenadas georreferenciadas\",\"georreferenciacion\",\"gps\",\"levantamiento topografico\",\"parcela\"],\"articleSection\":[\"Blog\"],\"inLanguage\":\"es\",\"potentialAction\":[{\"@type\":\"CommentAction\",\"name\":\"Comment\",\"target\":[\"https:\\\/\\\/veleztopografia.com\\\/index.php\\\/2023\\\/06\\\/23\\\/georreferenciacion-de-vivienda-en-colmenar-malaga\\\/#respond\"]}]},{\"@type\":\"WebPage\",\"@id\":\"https:\\\/\\\/veleztopografia.com\\\/index.php\\\/2023\\\/06\\\/23\\\/georreferenciacion-de-vivienda-en-colmenar-malaga\\\/\",\"url\":\"https:\\\/\\\/veleztopografia.com\\\/index.php\\\/2023\\\/06\\\/23\\\/georreferenciacion-de-vivienda-en-colmenar-malaga\\\/\",\"name\":\"Top\u00f3grafo V\u00e9lez M\u00e1laga. Ingeniero topograf\u00eda medici\u00f3n fincas.\",\"isPartOf\":{\"@id\":\"http:\\\/\\\/veleztopografia.com\\\/#website\"},\"primaryImageOfPage\":{\"@id\":\"https:\\\/\\\/veleztopografia.com\\\/index.php\\\/2023\\\/06\\\/23\\\/georreferenciacion-de-vivienda-en-colmenar-malaga\\\/#primaryimage\"},\"image\":{\"@id\":\"https:\\\/\\\/veleztopografia.com\\\/index.php\\\/2023\\\/06\\\/23\\\/georreferenciacion-de-vivienda-en-colmenar-malaga\\\/#primaryimage\"},\"thumbnailUrl\":\"https:\\\/\\\/veleztopografia.com\\\/wp-content\\\/uploads\\\/2023\\\/06\\\/IMG20230606130740-copia-1024x768.jpg\",\"datePublished\":\"2023-06-23T11:55:31+00:00\",\"dateModified\":\"2023-06-23T11:55:33+00:00\",\"description\":\"Top\u00f3grafo en Velez-M\u00e1laga.Servicios de topograf\u00eda en la axarqu\u00eda y M\u00e1laga.Medici\u00f3n de fincas,catastro,levantamiento topogr\u00e1ficos,segregaciones,replanteosn,drones,fotogrametr\u00eda,filmaci\u00f3n a\u00e9rea..\",\"breadcrumb\":{\"@id\":\"https:\\\/\\\/veleztopografia.com\\\/index.php\\\/2023\\\/06\\\/23\\\/georreferenciacion-de-vivienda-en-colmenar-malaga\\\/#breadcrumb\"},\"inLanguage\":\"es\",\"potentialAction\":[{\"@type\":\"ReadAction\",\"target\":[\"https:\\\/\\\/veleztopografia.com\\\/index.php\\\/2023\\\/06\\\/23\\\/georreferenciacion-de-vivienda-en-colmenar-malaga\\\/\"]}]},{\"@type\":\"ImageObject\",\"inLanguage\":\"es\",\"@id\":\"https:\\\/\\\/veleztopografia.com\\\/index.php\\\/2023\\\/06\\\/23\\\/georreferenciacion-de-vivienda-en-colmenar-malaga\\\/#primaryimage\",\"url\":\"https:\\\/\\\/veleztopografia.com\\\/wp-content\\\/uploads\\\/2023\\\/06\\\/IMG20230606130740-copia-1024x768.jpg\",\"contentUrl\":\"https:\\\/\\\/veleztopografia.com\\\/wp-content\\\/uploads\\\/2023\\\/06\\\/IMG20230606130740-copia-1024x768.jpg\"},{\"@type\":\"BreadcrumbList\",\"@id\":\"https:\\\/\\\/veleztopografia.com\\\/index.php\\\/2023\\\/06\\\/23\\\/georreferenciacion-de-vivienda-en-colmenar-malaga\\\/#breadcrumb\",\"itemListElement\":[{\"@type\":\"ListItem\",\"position\":1,\"name\":\"Portada\",\"item\":\"http:\\\/\\\/veleztopografia.com\\\/\"},{\"@type\":\"ListItem\",\"position\":2,\"name\":\"Georreferenciaci\u00f3n de vivienda en Colmenar (M\u00e1laga).\"}]},{\"@type\":\"WebSite\",\"@id\":\"http:\\\/\\\/veleztopografia.com\\\/#website\",\"url\":\"http:\\\/\\\/veleztopografia.com\\\/\",\"name\":\"V\u00e9lez Topograf\u00eda\",\"description\":\"Top\u00f3grafo de V\u00e9lez-M\u00e1laga. Servicios de topografia en la Axarqu\u00eda y M\u00e1laga.Medici\u00f3n de fincas,catastro,validacion gr\u00e1fica,etc..\",\"publisher\":{\"@id\":\"http:\\\/\\\/veleztopografia.com\\\/#organization\"},\"potentialAction\":[{\"@type\":\"SearchAction\",\"target\":{\"@type\":\"EntryPoint\",\"urlTemplate\":\"http:\\\/\\\/veleztopografia.com\\\/?s={search_term_string}\"},\"query-input\":{\"@type\":\"PropertyValueSpecification\",\"valueRequired\":true,\"valueName\":\"search_term_string\"}}],\"inLanguage\":\"es\"},{\"@type\":\"Organization\",\"@id\":\"http:\\\/\\\/veleztopografia.com\\\/#organization\",\"name\":\"V\u00e9lez Topograf\u00eda\",\"url\":\"http:\\\/\\\/veleztopografia.com\\\/\",\"logo\":{\"@type\":\"ImageObject\",\"inLanguage\":\"es\",\"@id\":\"http:\\\/\\\/veleztopografia.com\\\/#\\\/schema\\\/logo\\\/image\\\/\",\"url\":\"https:\\\/\\\/i0.wp.com\\\/veleztopografia.com\\\/wp-content\\\/uploads\\\/2019\\\/12\\\/LOGO-VELEZTOPOGRAFIA200-1.jpg?fit=400%2C200&ssl=1\",\"contentUrl\":\"https:\\\/\\\/i0.wp.com\\\/veleztopografia.com\\\/wp-content\\\/uploads\\\/2019\\\/12\\\/LOGO-VELEZTOPOGRAFIA200-1.jpg?fit=400%2C200&ssl=1\",\"width\":400,\"height\":200,\"caption\":\"V\u00e9lez Topograf\u00eda\"},\"image\":{\"@id\":\"http:\\\/\\\/veleztopografia.com\\\/#\\\/schema\\\/logo\\\/image\\\/\"},\"sameAs\":[\"https:\\\/\\\/www.facebook.com\\\/veleztopografia\",\"https:\\\/\\\/x.com\\\/alvaro_manen\",\"https:\\\/\\\/www.instagram.com\\\/alvaromanen\\\/\",\"https:\\\/\\\/www.linkedin.com\\\/in\\\/alvaro-manen-0a7b9a4b\\\/\",\"https:\\\/\\\/www.youtube.com\\\/channel\\\/UCBbmXfa52pAGpmufiMrR3qg\\\/videos\"]},{\"@type\":\"Person\",\"@id\":\"http:\\\/\\\/veleztopografia.com\\\/#\\\/schema\\\/person\\\/f77ff7cee140d8850a0f97fd34ac2601\",\"name\":\"amrtopomar@hotmail.com\",\"image\":{\"@type\":\"ImageObject\",\"inLanguage\":\"es\",\"@id\":\"https:\\\/\\\/secure.gravatar.com\\\/avatar\\\/1bebd10f775e886b97b35c18576a9d2e6b841c3f4b4f048fc10ffb01eb083731?s=96&d=mm&r=g\",\"url\":\"https:\\\/\\\/secure.gravatar.com\\\/avatar\\\/1bebd10f775e886b97b35c18576a9d2e6b841c3f4b4f048fc10ffb01eb083731?s=96&d=mm&r=g\",\"contentUrl\":\"https:\\\/\\\/secure.gravatar.com\\\/avatar\\\/1bebd10f775e886b97b35c18576a9d2e6b841c3f4b4f048fc10ffb01eb083731?s=96&d=mm&r=g\",\"caption\":\"amrtopomar@hotmail.com\"}}]}<\/script>\n<!-- \/ Yoast SEO Premium plugin. -->","yoast_head_json":{"title":"Top\u00f3grafo V\u00e9lez M\u00e1laga. Ingeniero topograf\u00eda medici\u00f3n fincas.","description":"Top\u00f3grafo en Velez-M\u00e1laga.Servicios de topograf\u00eda en la axarqu\u00eda y M\u00e1laga.Medici\u00f3n de fincas,catastro,levantamiento topogr\u00e1ficos,segregaciones,replanteosn,drones,fotogrametr\u00eda,filmaci\u00f3n a\u00e9rea..","robots":{"index":"index","follow":"follow","max-snippet":"max-snippet:-1","max-image-preview":"max-image-preview:large","max-video-preview":"max-video-preview:-1"},"canonical":"https:\/\/veleztopografia.com\/index.php\/2023\/06\/23\/georreferenciacion-de-vivienda-en-colmenar-malaga\/","og_locale":"es_ES","og_type":"article","og_title":"Georreferenciaci\u00f3n de vivienda en Colmenar (M\u00e1laga).","og_description":"Top\u00f3grafo en Velez-M\u00e1laga.Servicios de topograf\u00eda en la axarqu\u00eda y M\u00e1laga.Medici\u00f3n de fincas,catastro,levantamiento topogr\u00e1ficos,segregaciones,replanteosn,drones,fotogrametr\u00eda,filmaci\u00f3n a\u00e9rea..","og_url":"https:\/\/veleztopografia.com\/index.php\/2023\/06\/23\/georreferenciacion-de-vivienda-en-colmenar-malaga\/","og_site_name":"V\u00e9lez Topograf\u00eda","article_publisher":"https:\/\/www.facebook.com\/veleztopografia","article_published_time":"2023-06-23T11:55:31+00:00","article_modified_time":"2023-06-23T11:55:33+00:00","og_image":[{"url":"https:\/\/veleztopografia.com\/wp-content\/uploads\/2023\/06\/IMG20230606130740-copia-1024x768.jpg","type":"","width":"","height":""}],"author":"amrtopomar@hotmail.com","twitter_card":"summary_large_image","twitter_creator":"@alvaro_manen","twitter_site":"@alvaro_manen","twitter_misc":{"Escrito por":"amrtopomar@hotmail.com","Tiempo de lectura":"1 minuto"},"schema":{"@context":"https:\/\/schema.org","@graph":[{"@type":"Article","@id":"https:\/\/veleztopografia.com\/index.php\/2023\/06\/23\/georreferenciacion-de-vivienda-en-colmenar-malaga\/#article","isPartOf":{"@id":"https:\/\/veleztopografia.com\/index.php\/2023\/06\/23\/georreferenciacion-de-vivienda-en-colmenar-malaga\/"},"author":{"name":"amrtopomar@hotmail.com","@id":"http:\/\/veleztopografia.com\/#\/schema\/person\/f77ff7cee140d8850a0f97fd34ac2601"},"headline":"Georreferenciaci\u00f3n de vivienda en Colmenar (M\u00e1laga).","datePublished":"2023-06-23T11:55:31+00:00","dateModified":"2023-06-23T11:55:33+00:00","mainEntityOfPage":{"@id":"https:\/\/veleztopografia.com\/index.php\/2023\/06\/23\/georreferenciacion-de-vivienda-en-colmenar-malaga\/"},"wordCount":71,"commentCount":0,"publisher":{"@id":"http:\/\/veleztopografia.com\/#organization"},"image":{"@id":"https:\/\/veleztopografia.com\/index.php\/2023\/06\/23\/georreferenciacion-de-vivienda-en-colmenar-malaga\/#primaryimage"},"thumbnailUrl":"https:\/\/veleztopografia.com\/wp-content\/uploads\/2023\/06\/IMG20230606130740-copia-1024x768.jpg","keywords":["certificado de georreferenciacion","coordenadas georreferenciadas","georreferenciacion","gps","levantamiento topografico","parcela"],"articleSection":["Blog"],"inLanguage":"es","potentialAction":[{"@type":"CommentAction","name":"Comment","target":["https:\/\/veleztopografia.com\/index.php\/2023\/06\/23\/georreferenciacion-de-vivienda-en-colmenar-malaga\/#respond"]}]},{"@type":"WebPage","@id":"https:\/\/veleztopografia.com\/index.php\/2023\/06\/23\/georreferenciacion-de-vivienda-en-colmenar-malaga\/","url":"https:\/\/veleztopografia.com\/index.php\/2023\/06\/23\/georreferenciacion-de-vivienda-en-colmenar-malaga\/","name":"Top\u00f3grafo V\u00e9lez M\u00e1laga. Ingeniero topograf\u00eda medici\u00f3n fincas.","isPartOf":{"@id":"http:\/\/veleztopografia.com\/#website"},"primaryImageOfPage":{"@id":"https:\/\/veleztopografia.com\/index.php\/2023\/06\/23\/georreferenciacion-de-vivienda-en-colmenar-malaga\/#primaryimage"},"image":{"@id":"https:\/\/veleztopografia.com\/index.php\/2023\/06\/23\/georreferenciacion-de-vivienda-en-colmenar-malaga\/#primaryimage"},"thumbnailUrl":"https:\/\/veleztopografia.com\/wp-content\/uploads\/2023\/06\/IMG20230606130740-copia-1024x768.jpg","datePublished":"2023-06-23T11:55:31+00:00","dateModified":"2023-06-23T11:55:33+00:00","description":"Top\u00f3grafo en Velez-M\u00e1laga.Servicios de topograf\u00eda en la axarqu\u00eda y M\u00e1laga.Medici\u00f3n de fincas,catastro,levantamiento topogr\u00e1ficos,segregaciones,replanteosn,drones,fotogrametr\u00eda,filmaci\u00f3n a\u00e9rea..","breadcrumb":{"@id":"https:\/\/veleztopografia.com\/index.php\/2023\/06\/23\/georreferenciacion-de-vivienda-en-colmenar-malaga\/#breadcrumb"},"inLanguage":"es","potentialAction":[{"@type":"ReadAction","target":["https:\/\/veleztopografia.com\/index.php\/2023\/06\/23\/georreferenciacion-de-vivienda-en-colmenar-malaga\/"]}]},{"@type":"ImageObject","inLanguage":"es","@id":"https:\/\/veleztopografia.com\/index.php\/2023\/06\/23\/georreferenciacion-de-vivienda-en-colmenar-malaga\/#primaryimage","url":"https:\/\/veleztopografia.com\/wp-content\/uploads\/2023\/06\/IMG20230606130740-copia-1024x768.jpg","contentUrl":"https:\/\/veleztopografia.com\/wp-content\/uploads\/2023\/06\/IMG20230606130740-copia-1024x768.jpg"},{"@type":"BreadcrumbList","@id":"https:\/\/veleztopografia.com\/index.php\/2023\/06\/23\/georreferenciacion-de-vivienda-en-colmenar-malaga\/#breadcrumb","itemListElement":[{"@type":"ListItem","position":1,"name":"Portada","item":"http:\/\/veleztopografia.com\/"},{"@type":"ListItem","position":2,"name":"Georreferenciaci\u00f3n de vivienda en Colmenar (M\u00e1laga)."}]},{"@type":"WebSite","@id":"http:\/\/veleztopografia.com\/#website","url":"http:\/\/veleztopografia.com\/","name":"V\u00e9lez Topograf\u00eda","description":"Top\u00f3grafo de V\u00e9lez-M\u00e1laga. Servicios de topografia en la Axarqu\u00eda y M\u00e1laga.Medici\u00f3n de fincas,catastro,validacion gr\u00e1fica,etc..","publisher":{"@id":"http:\/\/veleztopografia.com\/#organization"},"potentialAction":[{"@type":"SearchAction","target":{"@type":"EntryPoint","urlTemplate":"http:\/\/veleztopografia.com\/?s={search_term_string}"},"query-input":{"@type":"PropertyValueSpecification","valueRequired":true,"valueName":"search_term_string"}}],"inLanguage":"es"},{"@type":"Organization","@id":"http:\/\/veleztopografia.com\/#organization","name":"V\u00e9lez Topograf\u00eda","url":"http:\/\/veleztopografia.com\/","logo":{"@type":"ImageObject","inLanguage":"es","@id":"http:\/\/veleztopografia.com\/#\/schema\/logo\/image\/","url":"https:\/\/i0.wp.com\/veleztopografia.com\/wp-content\/uploads\/2019\/12\/LOGO-VELEZTOPOGRAFIA200-1.jpg?fit=400%2C200&ssl=1","contentUrl":"https:\/\/i0.wp.com\/veleztopografia.com\/wp-content\/uploads\/2019\/12\/LOGO-VELEZTOPOGRAFIA200-1.jpg?fit=400%2C200&ssl=1","width":400,"height":200,"caption":"V\u00e9lez Topograf\u00eda"},"image":{"@id":"http:\/\/veleztopografia.com\/#\/schema\/logo\/image\/"},"sameAs":["https:\/\/www.facebook.com\/veleztopografia","https:\/\/x.com\/alvaro_manen","https:\/\/www.instagram.com\/alvaromanen\/","https:\/\/www.linkedin.com\/in\/alvaro-manen-0a7b9a4b\/","https:\/\/www.youtube.com\/channel\/UCBbmXfa52pAGpmufiMrR3qg\/videos"]},{"@type":"Person","@id":"http:\/\/veleztopografia.com\/#\/schema\/person\/f77ff7cee140d8850a0f97fd34ac2601","name":"amrtopomar@hotmail.com","image":{"@type":"ImageObject","inLanguage":"es","@id":"https:\/\/secure.gravatar.com\/avatar\/1bebd10f775e886b97b35c18576a9d2e6b841c3f4b4f048fc10ffb01eb083731?s=96&d=mm&r=g","url":"https:\/\/secure.gravatar.com\/avatar\/1bebd10f775e886b97b35c18576a9d2e6b841c3f4b4f048fc10ffb01eb083731?s=96&d=mm&r=g","contentUrl":"https:\/\/secure.gravatar.com\/avatar\/1bebd10f775e886b97b35c18576a9d2e6b841c3f4b4f048fc10ffb01eb083731?s=96&d=mm&r=g","caption":"amrtopomar@hotmail.com"}}]}},"uagb_featured_image_src":{"full":false,"thumbnail":false,"medium":false,"medium_large":false,"large":false,"1536x1536":false,"2048x2048":false,"wpvr_mobile":false},"uagb_author_info":{"display_name":"amrtopomar@hotmail.com","author_link":"https:\/\/veleztopografia.com\/index.php\/author\/amrtopomarhotmail-com\/"},"uagb_comment_info":0,"uagb_excerpt":"Georreferenciamos una parcela con vivienda en la localidad de Colmenar (M\u00e1laga). Se trata de un trabajo sencillo realizado con GPS mediante t\u00e9cnica GNSS NTRip. Nuestro trabajo de topograf\u00eda en Colmenar ha sido productivo y fluido. Hemos medido m\u00e1s de 10 parcelas urbanas en Colmenar. En Artop realizamos georreferenciaci\u00f3n de parcelas y viviendas en toda la&hellip;","_links":{"self":[{"href":"https:\/\/veleztopografia.com\/index.php\/wp-json\/wp\/v2\/posts\/12220","targetHints":{"allow":["GET"]}}],"collection":[{"href":"https:\/\/veleztopografia.com\/index.php\/wp-json\/wp\/v2\/posts"}],"about":[{"href":"https:\/\/veleztopografia.com\/index.php\/wp-json\/wp\/v2\/types\/post"}],"author":[{"embeddable":true,"href":"https:\/\/veleztopografia.com\/index.php\/wp-json\/wp\/v2\/users\/1"}],"replies":[{"embeddable":true,"href":"https:\/\/veleztopografia.com\/index.php\/wp-json\/wp\/v2\/comments?post=12220"}],"version-history":[{"count":1,"href":"https:\/\/veleztopografia.com\/index.php\/wp-json\/wp\/v2\/posts\/12220\/revisions"}],"predecessor-version":[{"id":12223,"href":"https:\/\/veleztopografia.com\/index.php\/wp-json\/wp\/v2\/posts\/12220\/revisions\/12223"}],"wp:attachment":[{"href":"https:\/\/veleztopografia.com\/index.php\/wp-json\/wp\/v2\/media?parent=12220"}],"wp:term":[{"taxonomy":"category","embeddable":true,"href":"https:\/\/veleztopografia.com\/index.php\/wp-json\/wp\/v2\/categories?post=12220"},{"taxonomy":"post_tag","embeddable":true,"href":"https:\/\/veleztopografia.com\/index.php\/wp-json\/wp\/v2\/tags?post=12220"}],"curies":[{"name":"wp","href":"https:\/\/api.w.org\/{rel}","templated":true}]}}