{"id":12195,"date":"2023-06-07T11:00:46","date_gmt":"2023-06-07T11:00:46","guid":{"rendered":"https:\/\/veleztopografia.com\/?p=12195"},"modified":"2023-06-07T11:00:48","modified_gmt":"2023-06-07T11:00:48","slug":"topografo-cordoba-informe-pericial-de-parcela-en-la-victoria","status":"publish","type":"post","link":"https:\/\/veleztopografia.com\/index.php\/2023\/06\/07\/topografo-cordoba-informe-pericial-de-parcela-en-la-victoria\/","title":{"rendered":"Top\u00f3grafo C\u00f3rdoba: Informe pericial de parcela en La Victoria."},"content":{"rendered":"\n<figure class=\"wp-block-image size-large\"><img fetchpriority=\"high\" decoding=\"async\" width=\"1024\" height=\"771\" src=\"https:\/\/veleztopografia.com\/wp-content\/uploads\/2023\/06\/IMG20230523112210-copia-1024x771.jpg\" alt=\"IMG20230523112210 copia\" class=\"wp-image-12196\" srcset=\"https:\/\/veleztopografia.com\/wp-content\/uploads\/2023\/06\/IMG20230523112210-copia-1024x771.jpg 1024w, https:\/\/veleztopografia.com\/wp-content\/uploads\/2023\/06\/IMG20230523112210-copia-300x226.jpg 300w, https:\/\/veleztopografia.com\/wp-content\/uploads\/2023\/06\/IMG20230523112210-copia-768x578.jpg 768w, https:\/\/veleztopografia.com\/wp-content\/uploads\/2023\/06\/IMG20230523112210-copia-1536x1157.jpg 1536w, https:\/\/veleztopografia.com\/wp-content\/uploads\/2023\/06\/IMG20230523112210-copia-2048x1542.jpg 2048w, https:\/\/veleztopografia.com\/wp-content\/uploads\/2023\/06\/IMG20230523112210-copia-scaled.jpg 1920w\" sizes=\"(max-width: 1024px) 100vw, 1024px\" \/><\/figure>\n\n\n\n<p>En este d\u00eda lluvioso, ofrecemos servicios de <strong>topograf\u00eda en C\u00f3rdoba, <\/strong>mas concretamente en la localidad de La Victoria.<\/p>\n\n\n\n<p>Se trata de la<strong> medici\u00f3n de una parcela urbana <\/strong>para posteriormente realizar un <strong>informe pericial.<\/strong><\/p>\n\n\n\n<p>El d\u00eda ha complicado el tr\u00e1nsito por los tejados teniendo bastante peligro.<\/p>\n\n\n\n<p>La llovizna nos ha acompa\u00f1ado en todo momento, pero sin interrumpir el trabajo.<\/p>\n\n\n\n<p>En <strong>Artop ofrecemos servicios como top\u00f3grafo en C\u00f3rdoba y toda Andaluc\u00eda.<\/strong><\/p>\n\n\n\n<figure class=\"wp-block-gallery has-nested-images columns-default is-cropped wp-block-gallery-2 is-layout-flex wp-block-gallery-is-layout-flex\">\n<figure class=\"wp-block-image size-large\"><img decoding=\"async\" width=\"771\" height=\"1024\" data-id=\"12197\" src=\"https:\/\/veleztopografia.com\/wp-content\/uploads\/2023\/06\/IMG20230523112643-copia-771x1024.jpg\" alt=\"IMG20230523112643 copia\" class=\"wp-image-12197\" srcset=\"https:\/\/veleztopografia.com\/wp-content\/uploads\/2023\/06\/IMG20230523112643-copia-771x1024.jpg 771w, https:\/\/veleztopografia.com\/wp-content\/uploads\/2023\/06\/IMG20230523112643-copia-226x300.jpg 226w, https:\/\/veleztopografia.com\/wp-content\/uploads\/2023\/06\/IMG20230523112643-copia-768x1020.jpg 768w, https:\/\/veleztopografia.com\/wp-content\/uploads\/2023\/06\/IMG20230523112643-copia-1157x1536.jpg 1157w, https:\/\/veleztopografia.com\/wp-content\/uploads\/2023\/06\/IMG20230523112643-copia.jpg 1446w\" sizes=\"(max-width: 771px) 100vw, 771px\" \/><\/figure>\n\n\n\n<figure class=\"wp-block-image size-large\"><img decoding=\"async\" width=\"1024\" height=\"771\" data-id=\"12198\" src=\"https:\/\/veleztopografia.com\/wp-content\/uploads\/2023\/06\/IMG20230523113947-copia-1024x771.jpg\" alt=\"IMG20230523113947 copia\" class=\"wp-image-12198\" srcset=\"https:\/\/veleztopografia.com\/wp-content\/uploads\/2023\/06\/IMG20230523113947-copia-1024x771.jpg 1024w, https:\/\/veleztopografia.com\/wp-content\/uploads\/2023\/06\/IMG20230523113947-copia-300x226.jpg 300w, https:\/\/veleztopografia.com\/wp-content\/uploads\/2023\/06\/IMG20230523113947-copia-768x578.jpg 768w, https:\/\/veleztopografia.com\/wp-content\/uploads\/2023\/06\/IMG20230523113947-copia-1536x1157.jpg 1536w, https:\/\/veleztopografia.com\/wp-content\/uploads\/2023\/06\/IMG20230523113947-copia.jpg 1920w\" sizes=\"(max-width: 1024px) 100vw, 1024px\" \/><\/figure>\n<\/figure>\n","protected":false},"excerpt":{"rendered":"<p>En este d\u00eda lluvioso, ofrecemos servicios de topograf\u00eda en C\u00f3rdoba, mas concretamente en la localidad de La Victoria. Se trata de la medici\u00f3n de una parcela urbana para posteriormente realizar un informe pericial. El d\u00eda ha complicado el tr\u00e1nsito por los tejados teniendo bastante peligro. La llovizna nos ha acompa\u00f1ado en todo momento, pero sin [&hellip;]<\/p>\n","protected":false},"author":1,"featured_media":0,"comment_status":"open","ping_status":"open","sticky":false,"template":"","format":"standard","meta":{"_uag_custom_page_level_css":"","_monsterinsights_skip_tracking":false,"_monsterinsights_sitenote_active":false,"_monsterinsights_sitenote_note":"","_monsterinsights_sitenote_category":0,"site-sidebar-layout":"default","site-content-layout":"","ast-site-content-layout":"default","site-content-style":"default","site-sidebar-style":"default","ast-global-header-display":"","ast-banner-title-visibility":"","ast-main-header-display":"","ast-hfb-above-header-display":"","ast-hfb-below-header-display":"","ast-hfb-mobile-header-display":"","site-post-title":"","ast-breadcrumbs-content":"","ast-featured-img":"","footer-sml-layout":"","ast-disable-related-posts":"","theme-transparent-header-meta":"","adv-header-id-meta":"","stick-header-meta":"","header-above-stick-meta":"","header-main-stick-meta":"","header-below-stick-meta":"","astra-migrate-meta-layouts":"default","ast-page-background-enabled":"default","ast-page-background-meta":{"desktop":{"background-color":"","background-image":"","background-repeat":"repeat","background-position":"center center","background-size":"auto","background-attachment":"scroll","background-type":"","background-media":"","overlay-type":"","overlay-color":"","overlay-opacity":"","overlay-gradient":""},"tablet":{"background-color":"","background-image":"","background-repeat":"repeat","background-position":"center center","background-size":"auto","background-attachment":"scroll","background-type":"","background-media":"","overlay-type":"","overlay-color":"","overlay-opacity":"","overlay-gradient":""},"mobile":{"background-color":"","background-image":"","background-repeat":"repeat","background-position":"center center","background-size":"auto","background-attachment":"scroll","background-type":"","background-media":"","overlay-type":"","overlay-color":"","overlay-opacity":"","overlay-gradient":""}},"ast-content-background-meta":{"desktop":{"background-color":"var(--ast-global-color-5)","background-image":"","background-repeat":"repeat","background-position":"center center","background-size":"auto","background-attachment":"scroll","background-type":"","background-media":"","overlay-type":"","overlay-color":"","overlay-opacity":"","overlay-gradient":""},"tablet":{"background-color":"var(--ast-global-color-5)","background-image":"","background-repeat":"repeat","background-position":"center center","background-size":"auto","background-attachment":"scroll","background-type":"","background-media":"","overlay-type":"","overlay-color":"","overlay-opacity":"","overlay-gradient":""},"mobile":{"background-color":"var(--ast-global-color-5)","background-image":"","background-repeat":"repeat","background-position":"center center","background-size":"auto","background-attachment":"scroll","background-type":"","background-media":"","overlay-type":"","overlay-color":"","overlay-opacity":"","overlay-gradient":""}},"footnotes":""},"categories":[5],"tags":[341,17,66,79,33,565,48],"class_list":["post-12195","post","type-post","status-publish","format-standard","hentry","category-blog","tag-cordoba","tag-georreferenciacion","tag-gps","tag-levantamiento-topografico","tag-parcela","tag-pericial","tag-topografia"],"yoast_head":"<!-- This site is optimized with the Yoast SEO Premium plugin v24.1 (Yoast SEO v27.4) - https:\/\/yoast.com\/product\/yoast-seo-premium-wordpress\/ -->\n<title>Top\u00f3grafo V\u00e9lez M\u00e1laga. Ingeniero topograf\u00eda medici\u00f3n fincas.<\/title>\n<meta name=\"description\" content=\"Top\u00f3grafo en Velez-M\u00e1laga.Servicios de topograf\u00eda en la axarqu\u00eda y M\u00e1laga.Medici\u00f3n de fincas,catastro,levantamiento topogr\u00e1ficos,segregaciones,replanteosn,drones,fotogrametr\u00eda,filmaci\u00f3n a\u00e9rea..\" \/>\n<meta name=\"robots\" content=\"index, follow, max-snippet:-1, max-image-preview:large, max-video-preview:-1\" \/>\n<link rel=\"canonical\" href=\"https:\/\/veleztopografia.com\/index.php\/2023\/06\/07\/topografo-cordoba-informe-pericial-de-parcela-en-la-victoria\/\" \/>\n<meta property=\"og:locale\" content=\"es_ES\" \/>\n<meta property=\"og:type\" content=\"article\" \/>\n<meta property=\"og:title\" content=\"Top\u00f3grafo C\u00f3rdoba: Informe pericial de parcela en La Victoria.\" \/>\n<meta property=\"og:description\" content=\"Top\u00f3grafo en Velez-M\u00e1laga.Servicios de topograf\u00eda en la axarqu\u00eda y M\u00e1laga.Medici\u00f3n de fincas,catastro,levantamiento topogr\u00e1ficos,segregaciones,replanteosn,drones,fotogrametr\u00eda,filmaci\u00f3n a\u00e9rea..\" \/>\n<meta property=\"og:url\" content=\"https:\/\/veleztopografia.com\/index.php\/2023\/06\/07\/topografo-cordoba-informe-pericial-de-parcela-en-la-victoria\/\" \/>\n<meta property=\"og:site_name\" content=\"V\u00e9lez Topograf\u00eda\" \/>\n<meta property=\"article:publisher\" content=\"https:\/\/www.facebook.com\/veleztopografia\" \/>\n<meta property=\"article:published_time\" content=\"2023-06-07T11:00:46+00:00\" \/>\n<meta property=\"article:modified_time\" content=\"2023-06-07T11:00:48+00:00\" \/>\n<meta property=\"og:image\" content=\"https:\/\/veleztopografia.com\/wp-content\/uploads\/2023\/06\/IMG20230523112210-copia-1024x771.jpg\" \/>\n<meta name=\"author\" content=\"amrtopomar@hotmail.com\" \/>\n<meta name=\"twitter:card\" content=\"summary_large_image\" \/>\n<meta name=\"twitter:creator\" content=\"@alvaro_manen\" \/>\n<meta name=\"twitter:site\" content=\"@alvaro_manen\" \/>\n<meta name=\"twitter:label1\" content=\"Escrito por\" \/>\n\t<meta name=\"twitter:data1\" content=\"amrtopomar@hotmail.com\" \/>\n\t<meta name=\"twitter:label2\" content=\"Tiempo de lectura\" \/>\n\t<meta name=\"twitter:data2\" content=\"1 minuto\" \/>\n<script type=\"application\/ld+json\" class=\"yoast-schema-graph\">{\"@context\":\"https:\\\/\\\/schema.org\",\"@graph\":[{\"@type\":\"Article\",\"@id\":\"https:\\\/\\\/veleztopografia.com\\\/index.php\\\/2023\\\/06\\\/07\\\/topografo-cordoba-informe-pericial-de-parcela-en-la-victoria\\\/#article\",\"isPartOf\":{\"@id\":\"https:\\\/\\\/veleztopografia.com\\\/index.php\\\/2023\\\/06\\\/07\\\/topografo-cordoba-informe-pericial-de-parcela-en-la-victoria\\\/\"},\"author\":{\"name\":\"amrtopomar@hotmail.com\",\"@id\":\"http:\\\/\\\/veleztopografia.com\\\/#\\\/schema\\\/person\\\/f77ff7cee140d8850a0f97fd34ac2601\"},\"headline\":\"Top\u00f3grafo C\u00f3rdoba: Informe pericial de parcela en La Victoria.\",\"datePublished\":\"2023-06-07T11:00:46+00:00\",\"dateModified\":\"2023-06-07T11:00:48+00:00\",\"mainEntityOfPage\":{\"@id\":\"https:\\\/\\\/veleztopografia.com\\\/index.php\\\/2023\\\/06\\\/07\\\/topografo-cordoba-informe-pericial-de-parcela-en-la-victoria\\\/\"},\"wordCount\":90,\"commentCount\":0,\"publisher\":{\"@id\":\"http:\\\/\\\/veleztopografia.com\\\/#organization\"},\"image\":{\"@id\":\"https:\\\/\\\/veleztopografia.com\\\/index.php\\\/2023\\\/06\\\/07\\\/topografo-cordoba-informe-pericial-de-parcela-en-la-victoria\\\/#primaryimage\"},\"thumbnailUrl\":\"https:\\\/\\\/veleztopografia.com\\\/wp-content\\\/uploads\\\/2023\\\/06\\\/IMG20230523112210-copia-1024x771.jpg\",\"keywords\":[\"cordoba\",\"georreferenciacion\",\"gps\",\"levantamiento topografico\",\"parcela\",\"pericial\",\"topografia\"],\"articleSection\":[\"Blog\"],\"inLanguage\":\"es\",\"potentialAction\":[{\"@type\":\"CommentAction\",\"name\":\"Comment\",\"target\":[\"https:\\\/\\\/veleztopografia.com\\\/index.php\\\/2023\\\/06\\\/07\\\/topografo-cordoba-informe-pericial-de-parcela-en-la-victoria\\\/#respond\"]}]},{\"@type\":\"WebPage\",\"@id\":\"https:\\\/\\\/veleztopografia.com\\\/index.php\\\/2023\\\/06\\\/07\\\/topografo-cordoba-informe-pericial-de-parcela-en-la-victoria\\\/\",\"url\":\"https:\\\/\\\/veleztopografia.com\\\/index.php\\\/2023\\\/06\\\/07\\\/topografo-cordoba-informe-pericial-de-parcela-en-la-victoria\\\/\",\"name\":\"Top\u00f3grafo V\u00e9lez M\u00e1laga. Ingeniero topograf\u00eda medici\u00f3n fincas.\",\"isPartOf\":{\"@id\":\"http:\\\/\\\/veleztopografia.com\\\/#website\"},\"primaryImageOfPage\":{\"@id\":\"https:\\\/\\\/veleztopografia.com\\\/index.php\\\/2023\\\/06\\\/07\\\/topografo-cordoba-informe-pericial-de-parcela-en-la-victoria\\\/#primaryimage\"},\"image\":{\"@id\":\"https:\\\/\\\/veleztopografia.com\\\/index.php\\\/2023\\\/06\\\/07\\\/topografo-cordoba-informe-pericial-de-parcela-en-la-victoria\\\/#primaryimage\"},\"thumbnailUrl\":\"https:\\\/\\\/veleztopografia.com\\\/wp-content\\\/uploads\\\/2023\\\/06\\\/IMG20230523112210-copia-1024x771.jpg\",\"datePublished\":\"2023-06-07T11:00:46+00:00\",\"dateModified\":\"2023-06-07T11:00:48+00:00\",\"description\":\"Top\u00f3grafo en Velez-M\u00e1laga.Servicios de topograf\u00eda en la axarqu\u00eda y M\u00e1laga.Medici\u00f3n de fincas,catastro,levantamiento topogr\u00e1ficos,segregaciones,replanteosn,drones,fotogrametr\u00eda,filmaci\u00f3n a\u00e9rea..\",\"breadcrumb\":{\"@id\":\"https:\\\/\\\/veleztopografia.com\\\/index.php\\\/2023\\\/06\\\/07\\\/topografo-cordoba-informe-pericial-de-parcela-en-la-victoria\\\/#breadcrumb\"},\"inLanguage\":\"es\",\"potentialAction\":[{\"@type\":\"ReadAction\",\"target\":[\"https:\\\/\\\/veleztopografia.com\\\/index.php\\\/2023\\\/06\\\/07\\\/topografo-cordoba-informe-pericial-de-parcela-en-la-victoria\\\/\"]}]},{\"@type\":\"ImageObject\",\"inLanguage\":\"es\",\"@id\":\"https:\\\/\\\/veleztopografia.com\\\/index.php\\\/2023\\\/06\\\/07\\\/topografo-cordoba-informe-pericial-de-parcela-en-la-victoria\\\/#primaryimage\",\"url\":\"https:\\\/\\\/veleztopografia.com\\\/wp-content\\\/uploads\\\/2023\\\/06\\\/IMG20230523112210-copia-1024x771.jpg\",\"contentUrl\":\"https:\\\/\\\/veleztopografia.com\\\/wp-content\\\/uploads\\\/2023\\\/06\\\/IMG20230523112210-copia-1024x771.jpg\"},{\"@type\":\"BreadcrumbList\",\"@id\":\"https:\\\/\\\/veleztopografia.com\\\/index.php\\\/2023\\\/06\\\/07\\\/topografo-cordoba-informe-pericial-de-parcela-en-la-victoria\\\/#breadcrumb\",\"itemListElement\":[{\"@type\":\"ListItem\",\"position\":1,\"name\":\"Portada\",\"item\":\"http:\\\/\\\/veleztopografia.com\\\/\"},{\"@type\":\"ListItem\",\"position\":2,\"name\":\"Top\u00f3grafo C\u00f3rdoba: Informe pericial de parcela en La Victoria.\"}]},{\"@type\":\"WebSite\",\"@id\":\"http:\\\/\\\/veleztopografia.com\\\/#website\",\"url\":\"http:\\\/\\\/veleztopografia.com\\\/\",\"name\":\"V\u00e9lez Topograf\u00eda\",\"description\":\"Top\u00f3grafo de V\u00e9lez-M\u00e1laga. Servicios de topografia en la Axarqu\u00eda y M\u00e1laga.Medici\u00f3n de fincas,catastro,validacion gr\u00e1fica,etc..\",\"publisher\":{\"@id\":\"http:\\\/\\\/veleztopografia.com\\\/#organization\"},\"potentialAction\":[{\"@type\":\"SearchAction\",\"target\":{\"@type\":\"EntryPoint\",\"urlTemplate\":\"http:\\\/\\\/veleztopografia.com\\\/?s={search_term_string}\"},\"query-input\":{\"@type\":\"PropertyValueSpecification\",\"valueRequired\":true,\"valueName\":\"search_term_string\"}}],\"inLanguage\":\"es\"},{\"@type\":\"Organization\",\"@id\":\"http:\\\/\\\/veleztopografia.com\\\/#organization\",\"name\":\"V\u00e9lez Topograf\u00eda\",\"url\":\"http:\\\/\\\/veleztopografia.com\\\/\",\"logo\":{\"@type\":\"ImageObject\",\"inLanguage\":\"es\",\"@id\":\"http:\\\/\\\/veleztopografia.com\\\/#\\\/schema\\\/logo\\\/image\\\/\",\"url\":\"https:\\\/\\\/i0.wp.com\\\/veleztopografia.com\\\/wp-content\\\/uploads\\\/2019\\\/12\\\/LOGO-VELEZTOPOGRAFIA200-1.jpg?fit=400%2C200&ssl=1\",\"contentUrl\":\"https:\\\/\\\/i0.wp.com\\\/veleztopografia.com\\\/wp-content\\\/uploads\\\/2019\\\/12\\\/LOGO-VELEZTOPOGRAFIA200-1.jpg?fit=400%2C200&ssl=1\",\"width\":400,\"height\":200,\"caption\":\"V\u00e9lez Topograf\u00eda\"},\"image\":{\"@id\":\"http:\\\/\\\/veleztopografia.com\\\/#\\\/schema\\\/logo\\\/image\\\/\"},\"sameAs\":[\"https:\\\/\\\/www.facebook.com\\\/veleztopografia\",\"https:\\\/\\\/x.com\\\/alvaro_manen\",\"https:\\\/\\\/www.instagram.com\\\/alvaromanen\\\/\",\"https:\\\/\\\/www.linkedin.com\\\/in\\\/alvaro-manen-0a7b9a4b\\\/\",\"https:\\\/\\\/www.youtube.com\\\/channel\\\/UCBbmXfa52pAGpmufiMrR3qg\\\/videos\"]},{\"@type\":\"Person\",\"@id\":\"http:\\\/\\\/veleztopografia.com\\\/#\\\/schema\\\/person\\\/f77ff7cee140d8850a0f97fd34ac2601\",\"name\":\"amrtopomar@hotmail.com\",\"image\":{\"@type\":\"ImageObject\",\"inLanguage\":\"es\",\"@id\":\"https:\\\/\\\/secure.gravatar.com\\\/avatar\\\/1bebd10f775e886b97b35c18576a9d2e6b841c3f4b4f048fc10ffb01eb083731?s=96&d=mm&r=g\",\"url\":\"https:\\\/\\\/secure.gravatar.com\\\/avatar\\\/1bebd10f775e886b97b35c18576a9d2e6b841c3f4b4f048fc10ffb01eb083731?s=96&d=mm&r=g\",\"contentUrl\":\"https:\\\/\\\/secure.gravatar.com\\\/avatar\\\/1bebd10f775e886b97b35c18576a9d2e6b841c3f4b4f048fc10ffb01eb083731?s=96&d=mm&r=g\",\"caption\":\"amrtopomar@hotmail.com\"}}]}<\/script>\n<!-- \/ Yoast SEO Premium plugin. -->","yoast_head_json":{"title":"Top\u00f3grafo V\u00e9lez M\u00e1laga. Ingeniero topograf\u00eda medici\u00f3n fincas.","description":"Top\u00f3grafo en Velez-M\u00e1laga.Servicios de topograf\u00eda en la axarqu\u00eda y M\u00e1laga.Medici\u00f3n de fincas,catastro,levantamiento topogr\u00e1ficos,segregaciones,replanteosn,drones,fotogrametr\u00eda,filmaci\u00f3n a\u00e9rea..","robots":{"index":"index","follow":"follow","max-snippet":"max-snippet:-1","max-image-preview":"max-image-preview:large","max-video-preview":"max-video-preview:-1"},"canonical":"https:\/\/veleztopografia.com\/index.php\/2023\/06\/07\/topografo-cordoba-informe-pericial-de-parcela-en-la-victoria\/","og_locale":"es_ES","og_type":"article","og_title":"Top\u00f3grafo C\u00f3rdoba: Informe pericial de parcela en La Victoria.","og_description":"Top\u00f3grafo en Velez-M\u00e1laga.Servicios de topograf\u00eda en la axarqu\u00eda y M\u00e1laga.Medici\u00f3n de fincas,catastro,levantamiento topogr\u00e1ficos,segregaciones,replanteosn,drones,fotogrametr\u00eda,filmaci\u00f3n a\u00e9rea..","og_url":"https:\/\/veleztopografia.com\/index.php\/2023\/06\/07\/topografo-cordoba-informe-pericial-de-parcela-en-la-victoria\/","og_site_name":"V\u00e9lez Topograf\u00eda","article_publisher":"https:\/\/www.facebook.com\/veleztopografia","article_published_time":"2023-06-07T11:00:46+00:00","article_modified_time":"2023-06-07T11:00:48+00:00","og_image":[{"url":"https:\/\/veleztopografia.com\/wp-content\/uploads\/2023\/06\/IMG20230523112210-copia-1024x771.jpg","type":"","width":"","height":""}],"author":"amrtopomar@hotmail.com","twitter_card":"summary_large_image","twitter_creator":"@alvaro_manen","twitter_site":"@alvaro_manen","twitter_misc":{"Escrito por":"amrtopomar@hotmail.com","Tiempo de lectura":"1 minuto"},"schema":{"@context":"https:\/\/schema.org","@graph":[{"@type":"Article","@id":"https:\/\/veleztopografia.com\/index.php\/2023\/06\/07\/topografo-cordoba-informe-pericial-de-parcela-en-la-victoria\/#article","isPartOf":{"@id":"https:\/\/veleztopografia.com\/index.php\/2023\/06\/07\/topografo-cordoba-informe-pericial-de-parcela-en-la-victoria\/"},"author":{"name":"amrtopomar@hotmail.com","@id":"http:\/\/veleztopografia.com\/#\/schema\/person\/f77ff7cee140d8850a0f97fd34ac2601"},"headline":"Top\u00f3grafo C\u00f3rdoba: Informe pericial de parcela en La Victoria.","datePublished":"2023-06-07T11:00:46+00:00","dateModified":"2023-06-07T11:00:48+00:00","mainEntityOfPage":{"@id":"https:\/\/veleztopografia.com\/index.php\/2023\/06\/07\/topografo-cordoba-informe-pericial-de-parcela-en-la-victoria\/"},"wordCount":90,"commentCount":0,"publisher":{"@id":"http:\/\/veleztopografia.com\/#organization"},"image":{"@id":"https:\/\/veleztopografia.com\/index.php\/2023\/06\/07\/topografo-cordoba-informe-pericial-de-parcela-en-la-victoria\/#primaryimage"},"thumbnailUrl":"https:\/\/veleztopografia.com\/wp-content\/uploads\/2023\/06\/IMG20230523112210-copia-1024x771.jpg","keywords":["cordoba","georreferenciacion","gps","levantamiento topografico","parcela","pericial","topografia"],"articleSection":["Blog"],"inLanguage":"es","potentialAction":[{"@type":"CommentAction","name":"Comment","target":["https:\/\/veleztopografia.com\/index.php\/2023\/06\/07\/topografo-cordoba-informe-pericial-de-parcela-en-la-victoria\/#respond"]}]},{"@type":"WebPage","@id":"https:\/\/veleztopografia.com\/index.php\/2023\/06\/07\/topografo-cordoba-informe-pericial-de-parcela-en-la-victoria\/","url":"https:\/\/veleztopografia.com\/index.php\/2023\/06\/07\/topografo-cordoba-informe-pericial-de-parcela-en-la-victoria\/","name":"Top\u00f3grafo V\u00e9lez M\u00e1laga. Ingeniero topograf\u00eda medici\u00f3n fincas.","isPartOf":{"@id":"http:\/\/veleztopografia.com\/#website"},"primaryImageOfPage":{"@id":"https:\/\/veleztopografia.com\/index.php\/2023\/06\/07\/topografo-cordoba-informe-pericial-de-parcela-en-la-victoria\/#primaryimage"},"image":{"@id":"https:\/\/veleztopografia.com\/index.php\/2023\/06\/07\/topografo-cordoba-informe-pericial-de-parcela-en-la-victoria\/#primaryimage"},"thumbnailUrl":"https:\/\/veleztopografia.com\/wp-content\/uploads\/2023\/06\/IMG20230523112210-copia-1024x771.jpg","datePublished":"2023-06-07T11:00:46+00:00","dateModified":"2023-06-07T11:00:48+00:00","description":"Top\u00f3grafo en Velez-M\u00e1laga.Servicios de topograf\u00eda en la axarqu\u00eda y M\u00e1laga.Medici\u00f3n de fincas,catastro,levantamiento topogr\u00e1ficos,segregaciones,replanteosn,drones,fotogrametr\u00eda,filmaci\u00f3n a\u00e9rea..","breadcrumb":{"@id":"https:\/\/veleztopografia.com\/index.php\/2023\/06\/07\/topografo-cordoba-informe-pericial-de-parcela-en-la-victoria\/#breadcrumb"},"inLanguage":"es","potentialAction":[{"@type":"ReadAction","target":["https:\/\/veleztopografia.com\/index.php\/2023\/06\/07\/topografo-cordoba-informe-pericial-de-parcela-en-la-victoria\/"]}]},{"@type":"ImageObject","inLanguage":"es","@id":"https:\/\/veleztopografia.com\/index.php\/2023\/06\/07\/topografo-cordoba-informe-pericial-de-parcela-en-la-victoria\/#primaryimage","url":"https:\/\/veleztopografia.com\/wp-content\/uploads\/2023\/06\/IMG20230523112210-copia-1024x771.jpg","contentUrl":"https:\/\/veleztopografia.com\/wp-content\/uploads\/2023\/06\/IMG20230523112210-copia-1024x771.jpg"},{"@type":"BreadcrumbList","@id":"https:\/\/veleztopografia.com\/index.php\/2023\/06\/07\/topografo-cordoba-informe-pericial-de-parcela-en-la-victoria\/#breadcrumb","itemListElement":[{"@type":"ListItem","position":1,"name":"Portada","item":"http:\/\/veleztopografia.com\/"},{"@type":"ListItem","position":2,"name":"Top\u00f3grafo C\u00f3rdoba: Informe pericial de parcela en La Victoria."}]},{"@type":"WebSite","@id":"http:\/\/veleztopografia.com\/#website","url":"http:\/\/veleztopografia.com\/","name":"V\u00e9lez Topograf\u00eda","description":"Top\u00f3grafo de V\u00e9lez-M\u00e1laga. Servicios de topografia en la Axarqu\u00eda y M\u00e1laga.Medici\u00f3n de fincas,catastro,validacion gr\u00e1fica,etc..","publisher":{"@id":"http:\/\/veleztopografia.com\/#organization"},"potentialAction":[{"@type":"SearchAction","target":{"@type":"EntryPoint","urlTemplate":"http:\/\/veleztopografia.com\/?s={search_term_string}"},"query-input":{"@type":"PropertyValueSpecification","valueRequired":true,"valueName":"search_term_string"}}],"inLanguage":"es"},{"@type":"Organization","@id":"http:\/\/veleztopografia.com\/#organization","name":"V\u00e9lez Topograf\u00eda","url":"http:\/\/veleztopografia.com\/","logo":{"@type":"ImageObject","inLanguage":"es","@id":"http:\/\/veleztopografia.com\/#\/schema\/logo\/image\/","url":"https:\/\/i0.wp.com\/veleztopografia.com\/wp-content\/uploads\/2019\/12\/LOGO-VELEZTOPOGRAFIA200-1.jpg?fit=400%2C200&ssl=1","contentUrl":"https:\/\/i0.wp.com\/veleztopografia.com\/wp-content\/uploads\/2019\/12\/LOGO-VELEZTOPOGRAFIA200-1.jpg?fit=400%2C200&ssl=1","width":400,"height":200,"caption":"V\u00e9lez Topograf\u00eda"},"image":{"@id":"http:\/\/veleztopografia.com\/#\/schema\/logo\/image\/"},"sameAs":["https:\/\/www.facebook.com\/veleztopografia","https:\/\/x.com\/alvaro_manen","https:\/\/www.instagram.com\/alvaromanen\/","https:\/\/www.linkedin.com\/in\/alvaro-manen-0a7b9a4b\/","https:\/\/www.youtube.com\/channel\/UCBbmXfa52pAGpmufiMrR3qg\/videos"]},{"@type":"Person","@id":"http:\/\/veleztopografia.com\/#\/schema\/person\/f77ff7cee140d8850a0f97fd34ac2601","name":"amrtopomar@hotmail.com","image":{"@type":"ImageObject","inLanguage":"es","@id":"https:\/\/secure.gravatar.com\/avatar\/1bebd10f775e886b97b35c18576a9d2e6b841c3f4b4f048fc10ffb01eb083731?s=96&d=mm&r=g","url":"https:\/\/secure.gravatar.com\/avatar\/1bebd10f775e886b97b35c18576a9d2e6b841c3f4b4f048fc10ffb01eb083731?s=96&d=mm&r=g","contentUrl":"https:\/\/secure.gravatar.com\/avatar\/1bebd10f775e886b97b35c18576a9d2e6b841c3f4b4f048fc10ffb01eb083731?s=96&d=mm&r=g","caption":"amrtopomar@hotmail.com"}}]}},"uagb_featured_image_src":{"full":false,"thumbnail":false,"medium":false,"medium_large":false,"large":false,"1536x1536":false,"2048x2048":false,"wpvr_mobile":false},"uagb_author_info":{"display_name":"amrtopomar@hotmail.com","author_link":"https:\/\/veleztopografia.com\/index.php\/author\/amrtopomarhotmail-com\/"},"uagb_comment_info":0,"uagb_excerpt":"En este d\u00eda lluvioso, ofrecemos servicios de topograf\u00eda en C\u00f3rdoba, mas concretamente en la localidad de La Victoria. Se trata de la medici\u00f3n de una parcela urbana para posteriormente realizar un informe pericial. El d\u00eda ha complicado el tr\u00e1nsito por los tejados teniendo bastante peligro. La llovizna nos ha acompa\u00f1ado en todo momento, pero sin&hellip;","_links":{"self":[{"href":"https:\/\/veleztopografia.com\/index.php\/wp-json\/wp\/v2\/posts\/12195","targetHints":{"allow":["GET"]}}],"collection":[{"href":"https:\/\/veleztopografia.com\/index.php\/wp-json\/wp\/v2\/posts"}],"about":[{"href":"https:\/\/veleztopografia.com\/index.php\/wp-json\/wp\/v2\/types\/post"}],"author":[{"embeddable":true,"href":"https:\/\/veleztopografia.com\/index.php\/wp-json\/wp\/v2\/users\/1"}],"replies":[{"embeddable":true,"href":"https:\/\/veleztopografia.com\/index.php\/wp-json\/wp\/v2\/comments?post=12195"}],"version-history":[{"count":1,"href":"https:\/\/veleztopografia.com\/index.php\/wp-json\/wp\/v2\/posts\/12195\/revisions"}],"predecessor-version":[{"id":12199,"href":"https:\/\/veleztopografia.com\/index.php\/wp-json\/wp\/v2\/posts\/12195\/revisions\/12199"}],"wp:attachment":[{"href":"https:\/\/veleztopografia.com\/index.php\/wp-json\/wp\/v2\/media?parent=12195"}],"wp:term":[{"taxonomy":"category","embeddable":true,"href":"https:\/\/veleztopografia.com\/index.php\/wp-json\/wp\/v2\/categories?post=12195"},{"taxonomy":"post_tag","embeddable":true,"href":"https:\/\/veleztopografia.com\/index.php\/wp-json\/wp\/v2\/tags?post=12195"}],"curies":[{"name":"wp","href":"https:\/\/api.w.org\/{rel}","templated":true}]}}