{"id":12121,"date":"2023-04-04T05:24:00","date_gmt":"2023-04-04T05:24:00","guid":{"rendered":"https:\/\/veleztopografia.com\/?p=12121"},"modified":"2023-04-04T05:24:01","modified_gmt":"2023-04-04T05:24:01","slug":"topografo-fotovoltaica-replanteo-hincas-para-planta-solar-en-base-aerea-de-moron-de-la-frontera-sevilla","status":"publish","type":"post","link":"https:\/\/veleztopografia.com\/index.php\/2023\/04\/04\/topografo-fotovoltaica-replanteo-hincas-para-planta-solar-en-base-aerea-de-moron-de-la-frontera-sevilla\/","title":{"rendered":"Top\u00f3grafo fotovoltaica: Replanteo hincas para planta solar en Base A\u00e9rea de Mor\u00f3n de la Frontera (Sevilla)."},"content":{"rendered":"\n<figure class=\"wp-block-image size-large\"><img fetchpriority=\"high\" decoding=\"async\" width=\"1024\" height=\"771\" src=\"https:\/\/veleztopografia.com\/wp-content\/uploads\/2023\/04\/IMG20230329090319-copia-1024x771.jpg\" alt=\"IMG20230329090319 copia\" class=\"wp-image-12122\" srcset=\"https:\/\/veleztopografia.com\/wp-content\/uploads\/2023\/04\/IMG20230329090319-copia-1024x771.jpg 1024w, https:\/\/veleztopografia.com\/wp-content\/uploads\/2023\/04\/IMG20230329090319-copia-300x226.jpg 300w, https:\/\/veleztopografia.com\/wp-content\/uploads\/2023\/04\/IMG20230329090319-copia-768x578.jpg 768w, https:\/\/veleztopografia.com\/wp-content\/uploads\/2023\/04\/IMG20230329090319-copia-1536x1157.jpg 1536w, https:\/\/veleztopografia.com\/wp-content\/uploads\/2023\/04\/IMG20230329090319-copia.jpg 1920w\" sizes=\"(max-width: 1024px) 100vw, 1024px\" \/><figcaption class=\"wp-element-caption\">IMG20230329090319 copia<\/figcaption><\/figure>\n\n\n\n<p>Nos desplazamos a la localidad sevillana de Mor\u00f3n de la Frontera, m\u00e1s concretamente a la Base A\u00e9rea militar para colaborar en el proyecto de construcci\u00f3n de una planta fotovoltaica.<\/p>\n\n\n\n<p>Nuestro servicio de topograf\u00eda en esta planta solar ha consistido en el replanteo de los puntos de clavado de las hincas donde se anclar\u00e1n los paneles solares.<\/p>\n\n\n\n<p>El trabajo como top\u00f3grafo en la planta fotovoltaica ha durado un par de d\u00edas, siendo bastante productivo y sin incidente.<\/p>\n\n\n\n<p>Es un placer servir y colaborar en proyectos relacionados con las energ\u00edas limpias y que ayuden a las infraestructuras militares de nuestro pa\u00eds. <\/p>\n\n\n\n<p>Viva Espa\u00f1a!<\/p>\n\n\n\n<figure class=\"wp-block-gallery has-nested-images columns-default is-cropped wp-block-gallery-2 is-layout-flex wp-block-gallery-is-layout-flex\">\n<figure class=\"wp-block-image size-large\"><img decoding=\"async\" width=\"1024\" height=\"771\" data-id=\"12123\" src=\"https:\/\/veleztopografia.com\/wp-content\/uploads\/2023\/04\/IMG20230330091132-copia-1024x771.jpg\" alt=\"IMG20230330091132 copia\" class=\"wp-image-12123\" srcset=\"https:\/\/veleztopografia.com\/wp-content\/uploads\/2023\/04\/IMG20230330091132-copia-1024x771.jpg 1024w, https:\/\/veleztopografia.com\/wp-content\/uploads\/2023\/04\/IMG20230330091132-copia-300x226.jpg 300w, https:\/\/veleztopografia.com\/wp-content\/uploads\/2023\/04\/IMG20230330091132-copia-768x578.jpg 768w, https:\/\/veleztopografia.com\/wp-content\/uploads\/2023\/04\/IMG20230330091132-copia-1536x1157.jpg 1536w, https:\/\/veleztopografia.com\/wp-content\/uploads\/2023\/04\/IMG20230330091132-copia.jpg 1920w\" sizes=\"(max-width: 1024px) 100vw, 1024px\" \/><\/figure>\n\n\n\n<figure class=\"wp-block-image size-large\"><img decoding=\"async\" width=\"1024\" height=\"771\" data-id=\"12124\" src=\"https:\/\/veleztopografia.com\/wp-content\/uploads\/2023\/04\/IMG20230330091143-copia-1024x771.jpg\" alt=\"IMG20230330091143 copia\" class=\"wp-image-12124\" srcset=\"https:\/\/veleztopografia.com\/wp-content\/uploads\/2023\/04\/IMG20230330091143-copia-1024x771.jpg 1024w, https:\/\/veleztopografia.com\/wp-content\/uploads\/2023\/04\/IMG20230330091143-copia-300x226.jpg 300w, https:\/\/veleztopografia.com\/wp-content\/uploads\/2023\/04\/IMG20230330091143-copia-768x578.jpg 768w, https:\/\/veleztopografia.com\/wp-content\/uploads\/2023\/04\/IMG20230330091143-copia-1536x1157.jpg 1536w, https:\/\/veleztopografia.com\/wp-content\/uploads\/2023\/04\/IMG20230330091143-copia.jpg 1920w\" sizes=\"(max-width: 1024px) 100vw, 1024px\" \/><\/figure>\n<\/figure>\n","protected":false},"excerpt":{"rendered":"<p>Nos desplazamos a la localidad sevillana de Mor\u00f3n de la Frontera, m\u00e1s concretamente a la Base A\u00e9rea militar para colaborar en el proyecto de construcci\u00f3n de una planta fotovoltaica. Nuestro servicio de topograf\u00eda en esta planta solar ha consistido en el replanteo de los puntos de clavado de las hincas donde se anclar\u00e1n los paneles [&hellip;]<\/p>\n","protected":false},"author":1,"featured_media":0,"comment_status":"open","ping_status":"open","sticky":false,"template":"","format":"standard","meta":{"_uag_custom_page_level_css":"","_monsterinsights_skip_tracking":false,"_monsterinsights_sitenote_active":false,"_monsterinsights_sitenote_note":"","_monsterinsights_sitenote_category":0,"site-sidebar-layout":"default","site-content-layout":"","ast-site-content-layout":"default","site-content-style":"default","site-sidebar-style":"default","ast-global-header-display":"","ast-banner-title-visibility":"","ast-main-header-display":"","ast-hfb-above-header-display":"","ast-hfb-below-header-display":"","ast-hfb-mobile-header-display":"","site-post-title":"","ast-breadcrumbs-content":"","ast-featured-img":"","footer-sml-layout":"","ast-disable-related-posts":"","theme-transparent-header-meta":"","adv-header-id-meta":"","stick-header-meta":"","header-above-stick-meta":"","header-main-stick-meta":"","header-below-stick-meta":"","astra-migrate-meta-layouts":"default","ast-page-background-enabled":"default","ast-page-background-meta":{"desktop":{"background-color":"","background-image":"","background-repeat":"repeat","background-position":"center center","background-size":"auto","background-attachment":"scroll","background-type":"","background-media":"","overlay-type":"","overlay-color":"","overlay-opacity":"","overlay-gradient":""},"tablet":{"background-color":"","background-image":"","background-repeat":"repeat","background-position":"center center","background-size":"auto","background-attachment":"scroll","background-type":"","background-media":"","overlay-type":"","overlay-color":"","overlay-opacity":"","overlay-gradient":""},"mobile":{"background-color":"","background-image":"","background-repeat":"repeat","background-position":"center center","background-size":"auto","background-attachment":"scroll","background-type":"","background-media":"","overlay-type":"","overlay-color":"","overlay-opacity":"","overlay-gradient":""}},"ast-content-background-meta":{"desktop":{"background-color":"var(--ast-global-color-5)","background-image":"","background-repeat":"repeat","background-position":"center center","background-size":"auto","background-attachment":"scroll","background-type":"","background-media":"","overlay-type":"","overlay-color":"","overlay-opacity":"","overlay-gradient":""},"tablet":{"background-color":"var(--ast-global-color-5)","background-image":"","background-repeat":"repeat","background-position":"center center","background-size":"auto","background-attachment":"scroll","background-type":"","background-media":"","overlay-type":"","overlay-color":"","overlay-opacity":"","overlay-gradient":""},"mobile":{"background-color":"var(--ast-global-color-5)","background-image":"","background-repeat":"repeat","background-position":"center center","background-size":"auto","background-attachment":"scroll","background-type":"","background-media":"","overlay-type":"","overlay-color":"","overlay-opacity":"","overlay-gradient":""}},"footnotes":""},"categories":[5],"tags":[553,555,98,66,499,104,23,77,48,121],"class_list":["post-12121","post","type-post","status-publish","format-standard","hentry","category-blog","tag-base-aerea","tag-clavos","tag-fotovoltaica","tag-gps","tag-hincas","tag-planta-solar","tag-replanteo","tag-sevilla","tag-topografia","tag-topografo-2"],"yoast_head":"<!-- This site is optimized with the Yoast SEO Premium plugin v24.1 (Yoast SEO v27.4) - https:\/\/yoast.com\/product\/yoast-seo-premium-wordpress\/ -->\n<title>Top\u00f3grafo V\u00e9lez M\u00e1laga. Ingeniero topograf\u00eda medici\u00f3n fincas.<\/title>\n<meta name=\"description\" content=\"Top\u00f3grafo en Velez-M\u00e1laga.Servicios de topograf\u00eda en la axarqu\u00eda y M\u00e1laga.Medici\u00f3n de fincas,catastro,levantamiento topogr\u00e1ficos,segregaciones,replanteosn,drones,fotogrametr\u00eda,filmaci\u00f3n a\u00e9rea..\" \/>\n<meta name=\"robots\" content=\"index, follow, max-snippet:-1, max-image-preview:large, max-video-preview:-1\" \/>\n<link rel=\"canonical\" href=\"https:\/\/veleztopografia.com\/index.php\/2023\/04\/04\/topografo-fotovoltaica-replanteo-hincas-para-planta-solar-en-base-aerea-de-moron-de-la-frontera-sevilla\/\" \/>\n<meta property=\"og:locale\" content=\"es_ES\" \/>\n<meta property=\"og:type\" content=\"article\" \/>\n<meta property=\"og:title\" content=\"Top\u00f3grafo fotovoltaica: Replanteo hincas para planta solar en Base A\u00e9rea de Mor\u00f3n de la Frontera (Sevilla).\" \/>\n<meta property=\"og:description\" content=\"Top\u00f3grafo en Velez-M\u00e1laga.Servicios de topograf\u00eda en la axarqu\u00eda y M\u00e1laga.Medici\u00f3n de fincas,catastro,levantamiento topogr\u00e1ficos,segregaciones,replanteosn,drones,fotogrametr\u00eda,filmaci\u00f3n a\u00e9rea..\" \/>\n<meta property=\"og:url\" content=\"https:\/\/veleztopografia.com\/index.php\/2023\/04\/04\/topografo-fotovoltaica-replanteo-hincas-para-planta-solar-en-base-aerea-de-moron-de-la-frontera-sevilla\/\" \/>\n<meta property=\"og:site_name\" content=\"V\u00e9lez Topograf\u00eda\" \/>\n<meta property=\"article:publisher\" content=\"https:\/\/www.facebook.com\/veleztopografia\" \/>\n<meta property=\"article:published_time\" content=\"2023-04-04T05:24:00+00:00\" \/>\n<meta property=\"article:modified_time\" content=\"2023-04-04T05:24:01+00:00\" \/>\n<meta property=\"og:image\" content=\"https:\/\/veleztopografia.com\/wp-content\/uploads\/2023\/04\/IMG20230329090319-copia-1024x771.jpg\" \/>\n<meta name=\"author\" content=\"amrtopomar@hotmail.com\" \/>\n<meta name=\"twitter:card\" content=\"summary_large_image\" \/>\n<meta name=\"twitter:creator\" content=\"@alvaro_manen\" \/>\n<meta name=\"twitter:site\" content=\"@alvaro_manen\" \/>\n<meta name=\"twitter:label1\" content=\"Escrito por\" \/>\n\t<meta name=\"twitter:data1\" content=\"amrtopomar@hotmail.com\" \/>\n\t<meta name=\"twitter:label2\" content=\"Tiempo de lectura\" \/>\n\t<meta name=\"twitter:data2\" content=\"2 minutos\" \/>\n<script type=\"application\/ld+json\" class=\"yoast-schema-graph\">{\"@context\":\"https:\\\/\\\/schema.org\",\"@graph\":[{\"@type\":\"Article\",\"@id\":\"https:\\\/\\\/veleztopografia.com\\\/index.php\\\/2023\\\/04\\\/04\\\/topografo-fotovoltaica-replanteo-hincas-para-planta-solar-en-base-aerea-de-moron-de-la-frontera-sevilla\\\/#article\",\"isPartOf\":{\"@id\":\"https:\\\/\\\/veleztopografia.com\\\/index.php\\\/2023\\\/04\\\/04\\\/topografo-fotovoltaica-replanteo-hincas-para-planta-solar-en-base-aerea-de-moron-de-la-frontera-sevilla\\\/\"},\"author\":{\"name\":\"amrtopomar@hotmail.com\",\"@id\":\"http:\\\/\\\/veleztopografia.com\\\/#\\\/schema\\\/person\\\/f77ff7cee140d8850a0f97fd34ac2601\"},\"headline\":\"Top\u00f3grafo fotovoltaica: Replanteo hincas para planta solar en Base A\u00e9rea de Mor\u00f3n de la Frontera (Sevilla).\",\"datePublished\":\"2023-04-04T05:24:00+00:00\",\"dateModified\":\"2023-04-04T05:24:01+00:00\",\"mainEntityOfPage\":{\"@id\":\"https:\\\/\\\/veleztopografia.com\\\/index.php\\\/2023\\\/04\\\/04\\\/topografo-fotovoltaica-replanteo-hincas-para-planta-solar-en-base-aerea-de-moron-de-la-frontera-sevilla\\\/\"},\"wordCount\":133,\"commentCount\":0,\"publisher\":{\"@id\":\"http:\\\/\\\/veleztopografia.com\\\/#organization\"},\"image\":{\"@id\":\"https:\\\/\\\/veleztopografia.com\\\/index.php\\\/2023\\\/04\\\/04\\\/topografo-fotovoltaica-replanteo-hincas-para-planta-solar-en-base-aerea-de-moron-de-la-frontera-sevilla\\\/#primaryimage\"},\"thumbnailUrl\":\"https:\\\/\\\/veleztopografia.com\\\/wp-content\\\/uploads\\\/2023\\\/04\\\/IMG20230329090319-copia-1024x771.jpg\",\"keywords\":[\"base aerea\",\"clavos\",\"fotovoltaica\",\"gps\",\"hincas\",\"planta solar\",\"replanteo\",\"sevilla\",\"topografia\",\"topografo\"],\"articleSection\":[\"Blog\"],\"inLanguage\":\"es\",\"potentialAction\":[{\"@type\":\"CommentAction\",\"name\":\"Comment\",\"target\":[\"https:\\\/\\\/veleztopografia.com\\\/index.php\\\/2023\\\/04\\\/04\\\/topografo-fotovoltaica-replanteo-hincas-para-planta-solar-en-base-aerea-de-moron-de-la-frontera-sevilla\\\/#respond\"]}]},{\"@type\":\"WebPage\",\"@id\":\"https:\\\/\\\/veleztopografia.com\\\/index.php\\\/2023\\\/04\\\/04\\\/topografo-fotovoltaica-replanteo-hincas-para-planta-solar-en-base-aerea-de-moron-de-la-frontera-sevilla\\\/\",\"url\":\"https:\\\/\\\/veleztopografia.com\\\/index.php\\\/2023\\\/04\\\/04\\\/topografo-fotovoltaica-replanteo-hincas-para-planta-solar-en-base-aerea-de-moron-de-la-frontera-sevilla\\\/\",\"name\":\"Top\u00f3grafo V\u00e9lez M\u00e1laga. Ingeniero topograf\u00eda medici\u00f3n fincas.\",\"isPartOf\":{\"@id\":\"http:\\\/\\\/veleztopografia.com\\\/#website\"},\"primaryImageOfPage\":{\"@id\":\"https:\\\/\\\/veleztopografia.com\\\/index.php\\\/2023\\\/04\\\/04\\\/topografo-fotovoltaica-replanteo-hincas-para-planta-solar-en-base-aerea-de-moron-de-la-frontera-sevilla\\\/#primaryimage\"},\"image\":{\"@id\":\"https:\\\/\\\/veleztopografia.com\\\/index.php\\\/2023\\\/04\\\/04\\\/topografo-fotovoltaica-replanteo-hincas-para-planta-solar-en-base-aerea-de-moron-de-la-frontera-sevilla\\\/#primaryimage\"},\"thumbnailUrl\":\"https:\\\/\\\/veleztopografia.com\\\/wp-content\\\/uploads\\\/2023\\\/04\\\/IMG20230329090319-copia-1024x771.jpg\",\"datePublished\":\"2023-04-04T05:24:00+00:00\",\"dateModified\":\"2023-04-04T05:24:01+00:00\",\"description\":\"Top\u00f3grafo en Velez-M\u00e1laga.Servicios de topograf\u00eda en la axarqu\u00eda y M\u00e1laga.Medici\u00f3n de fincas,catastro,levantamiento topogr\u00e1ficos,segregaciones,replanteosn,drones,fotogrametr\u00eda,filmaci\u00f3n a\u00e9rea..\",\"breadcrumb\":{\"@id\":\"https:\\\/\\\/veleztopografia.com\\\/index.php\\\/2023\\\/04\\\/04\\\/topografo-fotovoltaica-replanteo-hincas-para-planta-solar-en-base-aerea-de-moron-de-la-frontera-sevilla\\\/#breadcrumb\"},\"inLanguage\":\"es\",\"potentialAction\":[{\"@type\":\"ReadAction\",\"target\":[\"https:\\\/\\\/veleztopografia.com\\\/index.php\\\/2023\\\/04\\\/04\\\/topografo-fotovoltaica-replanteo-hincas-para-planta-solar-en-base-aerea-de-moron-de-la-frontera-sevilla\\\/\"]}]},{\"@type\":\"ImageObject\",\"inLanguage\":\"es\",\"@id\":\"https:\\\/\\\/veleztopografia.com\\\/index.php\\\/2023\\\/04\\\/04\\\/topografo-fotovoltaica-replanteo-hincas-para-planta-solar-en-base-aerea-de-moron-de-la-frontera-sevilla\\\/#primaryimage\",\"url\":\"https:\\\/\\\/veleztopografia.com\\\/wp-content\\\/uploads\\\/2023\\\/04\\\/IMG20230329090319-copia-1024x771.jpg\",\"contentUrl\":\"https:\\\/\\\/veleztopografia.com\\\/wp-content\\\/uploads\\\/2023\\\/04\\\/IMG20230329090319-copia-1024x771.jpg\"},{\"@type\":\"BreadcrumbList\",\"@id\":\"https:\\\/\\\/veleztopografia.com\\\/index.php\\\/2023\\\/04\\\/04\\\/topografo-fotovoltaica-replanteo-hincas-para-planta-solar-en-base-aerea-de-moron-de-la-frontera-sevilla\\\/#breadcrumb\",\"itemListElement\":[{\"@type\":\"ListItem\",\"position\":1,\"name\":\"Portada\",\"item\":\"http:\\\/\\\/veleztopografia.com\\\/\"},{\"@type\":\"ListItem\",\"position\":2,\"name\":\"Top\u00f3grafo fotovoltaica: Replanteo hincas para planta solar en Base A\u00e9rea de Mor\u00f3n de la Frontera (Sevilla).\"}]},{\"@type\":\"WebSite\",\"@id\":\"http:\\\/\\\/veleztopografia.com\\\/#website\",\"url\":\"http:\\\/\\\/veleztopografia.com\\\/\",\"name\":\"V\u00e9lez Topograf\u00eda\",\"description\":\"Top\u00f3grafo de V\u00e9lez-M\u00e1laga. Servicios de topografia en la Axarqu\u00eda y M\u00e1laga.Medici\u00f3n de fincas,catastro,validacion gr\u00e1fica,etc..\",\"publisher\":{\"@id\":\"http:\\\/\\\/veleztopografia.com\\\/#organization\"},\"potentialAction\":[{\"@type\":\"SearchAction\",\"target\":{\"@type\":\"EntryPoint\",\"urlTemplate\":\"http:\\\/\\\/veleztopografia.com\\\/?s={search_term_string}\"},\"query-input\":{\"@type\":\"PropertyValueSpecification\",\"valueRequired\":true,\"valueName\":\"search_term_string\"}}],\"inLanguage\":\"es\"},{\"@type\":\"Organization\",\"@id\":\"http:\\\/\\\/veleztopografia.com\\\/#organization\",\"name\":\"V\u00e9lez Topograf\u00eda\",\"url\":\"http:\\\/\\\/veleztopografia.com\\\/\",\"logo\":{\"@type\":\"ImageObject\",\"inLanguage\":\"es\",\"@id\":\"http:\\\/\\\/veleztopografia.com\\\/#\\\/schema\\\/logo\\\/image\\\/\",\"url\":\"https:\\\/\\\/i0.wp.com\\\/veleztopografia.com\\\/wp-content\\\/uploads\\\/2019\\\/12\\\/LOGO-VELEZTOPOGRAFIA200-1.jpg?fit=400%2C200&ssl=1\",\"contentUrl\":\"https:\\\/\\\/i0.wp.com\\\/veleztopografia.com\\\/wp-content\\\/uploads\\\/2019\\\/12\\\/LOGO-VELEZTOPOGRAFIA200-1.jpg?fit=400%2C200&ssl=1\",\"width\":400,\"height\":200,\"caption\":\"V\u00e9lez Topograf\u00eda\"},\"image\":{\"@id\":\"http:\\\/\\\/veleztopografia.com\\\/#\\\/schema\\\/logo\\\/image\\\/\"},\"sameAs\":[\"https:\\\/\\\/www.facebook.com\\\/veleztopografia\",\"https:\\\/\\\/x.com\\\/alvaro_manen\",\"https:\\\/\\\/www.instagram.com\\\/alvaromanen\\\/\",\"https:\\\/\\\/www.linkedin.com\\\/in\\\/alvaro-manen-0a7b9a4b\\\/\",\"https:\\\/\\\/www.youtube.com\\\/channel\\\/UCBbmXfa52pAGpmufiMrR3qg\\\/videos\"]},{\"@type\":\"Person\",\"@id\":\"http:\\\/\\\/veleztopografia.com\\\/#\\\/schema\\\/person\\\/f77ff7cee140d8850a0f97fd34ac2601\",\"name\":\"amrtopomar@hotmail.com\",\"image\":{\"@type\":\"ImageObject\",\"inLanguage\":\"es\",\"@id\":\"https:\\\/\\\/secure.gravatar.com\\\/avatar\\\/1bebd10f775e886b97b35c18576a9d2e6b841c3f4b4f048fc10ffb01eb083731?s=96&d=mm&r=g\",\"url\":\"https:\\\/\\\/secure.gravatar.com\\\/avatar\\\/1bebd10f775e886b97b35c18576a9d2e6b841c3f4b4f048fc10ffb01eb083731?s=96&d=mm&r=g\",\"contentUrl\":\"https:\\\/\\\/secure.gravatar.com\\\/avatar\\\/1bebd10f775e886b97b35c18576a9d2e6b841c3f4b4f048fc10ffb01eb083731?s=96&d=mm&r=g\",\"caption\":\"amrtopomar@hotmail.com\"}}]}<\/script>\n<!-- \/ Yoast SEO Premium plugin. -->","yoast_head_json":{"title":"Top\u00f3grafo V\u00e9lez M\u00e1laga. Ingeniero topograf\u00eda medici\u00f3n fincas.","description":"Top\u00f3grafo en Velez-M\u00e1laga.Servicios de topograf\u00eda en la axarqu\u00eda y M\u00e1laga.Medici\u00f3n de fincas,catastro,levantamiento topogr\u00e1ficos,segregaciones,replanteosn,drones,fotogrametr\u00eda,filmaci\u00f3n a\u00e9rea..","robots":{"index":"index","follow":"follow","max-snippet":"max-snippet:-1","max-image-preview":"max-image-preview:large","max-video-preview":"max-video-preview:-1"},"canonical":"https:\/\/veleztopografia.com\/index.php\/2023\/04\/04\/topografo-fotovoltaica-replanteo-hincas-para-planta-solar-en-base-aerea-de-moron-de-la-frontera-sevilla\/","og_locale":"es_ES","og_type":"article","og_title":"Top\u00f3grafo fotovoltaica: Replanteo hincas para planta solar en Base A\u00e9rea de Mor\u00f3n de la Frontera (Sevilla).","og_description":"Top\u00f3grafo en Velez-M\u00e1laga.Servicios de topograf\u00eda en la axarqu\u00eda y M\u00e1laga.Medici\u00f3n de fincas,catastro,levantamiento topogr\u00e1ficos,segregaciones,replanteosn,drones,fotogrametr\u00eda,filmaci\u00f3n a\u00e9rea..","og_url":"https:\/\/veleztopografia.com\/index.php\/2023\/04\/04\/topografo-fotovoltaica-replanteo-hincas-para-planta-solar-en-base-aerea-de-moron-de-la-frontera-sevilla\/","og_site_name":"V\u00e9lez Topograf\u00eda","article_publisher":"https:\/\/www.facebook.com\/veleztopografia","article_published_time":"2023-04-04T05:24:00+00:00","article_modified_time":"2023-04-04T05:24:01+00:00","og_image":[{"url":"https:\/\/veleztopografia.com\/wp-content\/uploads\/2023\/04\/IMG20230329090319-copia-1024x771.jpg","type":"","width":"","height":""}],"author":"amrtopomar@hotmail.com","twitter_card":"summary_large_image","twitter_creator":"@alvaro_manen","twitter_site":"@alvaro_manen","twitter_misc":{"Escrito por":"amrtopomar@hotmail.com","Tiempo de lectura":"2 minutos"},"schema":{"@context":"https:\/\/schema.org","@graph":[{"@type":"Article","@id":"https:\/\/veleztopografia.com\/index.php\/2023\/04\/04\/topografo-fotovoltaica-replanteo-hincas-para-planta-solar-en-base-aerea-de-moron-de-la-frontera-sevilla\/#article","isPartOf":{"@id":"https:\/\/veleztopografia.com\/index.php\/2023\/04\/04\/topografo-fotovoltaica-replanteo-hincas-para-planta-solar-en-base-aerea-de-moron-de-la-frontera-sevilla\/"},"author":{"name":"amrtopomar@hotmail.com","@id":"http:\/\/veleztopografia.com\/#\/schema\/person\/f77ff7cee140d8850a0f97fd34ac2601"},"headline":"Top\u00f3grafo fotovoltaica: Replanteo hincas para planta solar en Base A\u00e9rea de Mor\u00f3n de la Frontera (Sevilla).","datePublished":"2023-04-04T05:24:00+00:00","dateModified":"2023-04-04T05:24:01+00:00","mainEntityOfPage":{"@id":"https:\/\/veleztopografia.com\/index.php\/2023\/04\/04\/topografo-fotovoltaica-replanteo-hincas-para-planta-solar-en-base-aerea-de-moron-de-la-frontera-sevilla\/"},"wordCount":133,"commentCount":0,"publisher":{"@id":"http:\/\/veleztopografia.com\/#organization"},"image":{"@id":"https:\/\/veleztopografia.com\/index.php\/2023\/04\/04\/topografo-fotovoltaica-replanteo-hincas-para-planta-solar-en-base-aerea-de-moron-de-la-frontera-sevilla\/#primaryimage"},"thumbnailUrl":"https:\/\/veleztopografia.com\/wp-content\/uploads\/2023\/04\/IMG20230329090319-copia-1024x771.jpg","keywords":["base aerea","clavos","fotovoltaica","gps","hincas","planta solar","replanteo","sevilla","topografia","topografo"],"articleSection":["Blog"],"inLanguage":"es","potentialAction":[{"@type":"CommentAction","name":"Comment","target":["https:\/\/veleztopografia.com\/index.php\/2023\/04\/04\/topografo-fotovoltaica-replanteo-hincas-para-planta-solar-en-base-aerea-de-moron-de-la-frontera-sevilla\/#respond"]}]},{"@type":"WebPage","@id":"https:\/\/veleztopografia.com\/index.php\/2023\/04\/04\/topografo-fotovoltaica-replanteo-hincas-para-planta-solar-en-base-aerea-de-moron-de-la-frontera-sevilla\/","url":"https:\/\/veleztopografia.com\/index.php\/2023\/04\/04\/topografo-fotovoltaica-replanteo-hincas-para-planta-solar-en-base-aerea-de-moron-de-la-frontera-sevilla\/","name":"Top\u00f3grafo V\u00e9lez M\u00e1laga. Ingeniero topograf\u00eda medici\u00f3n fincas.","isPartOf":{"@id":"http:\/\/veleztopografia.com\/#website"},"primaryImageOfPage":{"@id":"https:\/\/veleztopografia.com\/index.php\/2023\/04\/04\/topografo-fotovoltaica-replanteo-hincas-para-planta-solar-en-base-aerea-de-moron-de-la-frontera-sevilla\/#primaryimage"},"image":{"@id":"https:\/\/veleztopografia.com\/index.php\/2023\/04\/04\/topografo-fotovoltaica-replanteo-hincas-para-planta-solar-en-base-aerea-de-moron-de-la-frontera-sevilla\/#primaryimage"},"thumbnailUrl":"https:\/\/veleztopografia.com\/wp-content\/uploads\/2023\/04\/IMG20230329090319-copia-1024x771.jpg","datePublished":"2023-04-04T05:24:00+00:00","dateModified":"2023-04-04T05:24:01+00:00","description":"Top\u00f3grafo en Velez-M\u00e1laga.Servicios de topograf\u00eda en la axarqu\u00eda y M\u00e1laga.Medici\u00f3n de fincas,catastro,levantamiento topogr\u00e1ficos,segregaciones,replanteosn,drones,fotogrametr\u00eda,filmaci\u00f3n a\u00e9rea..","breadcrumb":{"@id":"https:\/\/veleztopografia.com\/index.php\/2023\/04\/04\/topografo-fotovoltaica-replanteo-hincas-para-planta-solar-en-base-aerea-de-moron-de-la-frontera-sevilla\/#breadcrumb"},"inLanguage":"es","potentialAction":[{"@type":"ReadAction","target":["https:\/\/veleztopografia.com\/index.php\/2023\/04\/04\/topografo-fotovoltaica-replanteo-hincas-para-planta-solar-en-base-aerea-de-moron-de-la-frontera-sevilla\/"]}]},{"@type":"ImageObject","inLanguage":"es","@id":"https:\/\/veleztopografia.com\/index.php\/2023\/04\/04\/topografo-fotovoltaica-replanteo-hincas-para-planta-solar-en-base-aerea-de-moron-de-la-frontera-sevilla\/#primaryimage","url":"https:\/\/veleztopografia.com\/wp-content\/uploads\/2023\/04\/IMG20230329090319-copia-1024x771.jpg","contentUrl":"https:\/\/veleztopografia.com\/wp-content\/uploads\/2023\/04\/IMG20230329090319-copia-1024x771.jpg"},{"@type":"BreadcrumbList","@id":"https:\/\/veleztopografia.com\/index.php\/2023\/04\/04\/topografo-fotovoltaica-replanteo-hincas-para-planta-solar-en-base-aerea-de-moron-de-la-frontera-sevilla\/#breadcrumb","itemListElement":[{"@type":"ListItem","position":1,"name":"Portada","item":"http:\/\/veleztopografia.com\/"},{"@type":"ListItem","position":2,"name":"Top\u00f3grafo fotovoltaica: Replanteo hincas para planta solar en Base A\u00e9rea de Mor\u00f3n de la Frontera (Sevilla)."}]},{"@type":"WebSite","@id":"http:\/\/veleztopografia.com\/#website","url":"http:\/\/veleztopografia.com\/","name":"V\u00e9lez Topograf\u00eda","description":"Top\u00f3grafo de V\u00e9lez-M\u00e1laga. Servicios de topografia en la Axarqu\u00eda y M\u00e1laga.Medici\u00f3n de fincas,catastro,validacion gr\u00e1fica,etc..","publisher":{"@id":"http:\/\/veleztopografia.com\/#organization"},"potentialAction":[{"@type":"SearchAction","target":{"@type":"EntryPoint","urlTemplate":"http:\/\/veleztopografia.com\/?s={search_term_string}"},"query-input":{"@type":"PropertyValueSpecification","valueRequired":true,"valueName":"search_term_string"}}],"inLanguage":"es"},{"@type":"Organization","@id":"http:\/\/veleztopografia.com\/#organization","name":"V\u00e9lez Topograf\u00eda","url":"http:\/\/veleztopografia.com\/","logo":{"@type":"ImageObject","inLanguage":"es","@id":"http:\/\/veleztopografia.com\/#\/schema\/logo\/image\/","url":"https:\/\/i0.wp.com\/veleztopografia.com\/wp-content\/uploads\/2019\/12\/LOGO-VELEZTOPOGRAFIA200-1.jpg?fit=400%2C200&ssl=1","contentUrl":"https:\/\/i0.wp.com\/veleztopografia.com\/wp-content\/uploads\/2019\/12\/LOGO-VELEZTOPOGRAFIA200-1.jpg?fit=400%2C200&ssl=1","width":400,"height":200,"caption":"V\u00e9lez Topograf\u00eda"},"image":{"@id":"http:\/\/veleztopografia.com\/#\/schema\/logo\/image\/"},"sameAs":["https:\/\/www.facebook.com\/veleztopografia","https:\/\/x.com\/alvaro_manen","https:\/\/www.instagram.com\/alvaromanen\/","https:\/\/www.linkedin.com\/in\/alvaro-manen-0a7b9a4b\/","https:\/\/www.youtube.com\/channel\/UCBbmXfa52pAGpmufiMrR3qg\/videos"]},{"@type":"Person","@id":"http:\/\/veleztopografia.com\/#\/schema\/person\/f77ff7cee140d8850a0f97fd34ac2601","name":"amrtopomar@hotmail.com","image":{"@type":"ImageObject","inLanguage":"es","@id":"https:\/\/secure.gravatar.com\/avatar\/1bebd10f775e886b97b35c18576a9d2e6b841c3f4b4f048fc10ffb01eb083731?s=96&d=mm&r=g","url":"https:\/\/secure.gravatar.com\/avatar\/1bebd10f775e886b97b35c18576a9d2e6b841c3f4b4f048fc10ffb01eb083731?s=96&d=mm&r=g","contentUrl":"https:\/\/secure.gravatar.com\/avatar\/1bebd10f775e886b97b35c18576a9d2e6b841c3f4b4f048fc10ffb01eb083731?s=96&d=mm&r=g","caption":"amrtopomar@hotmail.com"}}]}},"uagb_featured_image_src":{"full":false,"thumbnail":false,"medium":false,"medium_large":false,"large":false,"1536x1536":false,"2048x2048":false,"wpvr_mobile":false},"uagb_author_info":{"display_name":"amrtopomar@hotmail.com","author_link":"https:\/\/veleztopografia.com\/index.php\/author\/amrtopomarhotmail-com\/"},"uagb_comment_info":0,"uagb_excerpt":"Nos desplazamos a la localidad sevillana de Mor\u00f3n de la Frontera, m\u00e1s concretamente a la Base A\u00e9rea militar para colaborar en el proyecto de construcci\u00f3n de una planta fotovoltaica. Nuestro servicio de topograf\u00eda en esta planta solar ha consistido en el replanteo de los puntos de clavado de las hincas donde se anclar\u00e1n los paneles&hellip;","_links":{"self":[{"href":"https:\/\/veleztopografia.com\/index.php\/wp-json\/wp\/v2\/posts\/12121","targetHints":{"allow":["GET"]}}],"collection":[{"href":"https:\/\/veleztopografia.com\/index.php\/wp-json\/wp\/v2\/posts"}],"about":[{"href":"https:\/\/veleztopografia.com\/index.php\/wp-json\/wp\/v2\/types\/post"}],"author":[{"embeddable":true,"href":"https:\/\/veleztopografia.com\/index.php\/wp-json\/wp\/v2\/users\/1"}],"replies":[{"embeddable":true,"href":"https:\/\/veleztopografia.com\/index.php\/wp-json\/wp\/v2\/comments?post=12121"}],"version-history":[{"count":1,"href":"https:\/\/veleztopografia.com\/index.php\/wp-json\/wp\/v2\/posts\/12121\/revisions"}],"predecessor-version":[{"id":12125,"href":"https:\/\/veleztopografia.com\/index.php\/wp-json\/wp\/v2\/posts\/12121\/revisions\/12125"}],"wp:attachment":[{"href":"https:\/\/veleztopografia.com\/index.php\/wp-json\/wp\/v2\/media?parent=12121"}],"wp:term":[{"taxonomy":"category","embeddable":true,"href":"https:\/\/veleztopografia.com\/index.php\/wp-json\/wp\/v2\/categories?post=12121"},{"taxonomy":"post_tag","embeddable":true,"href":"https:\/\/veleztopografia.com\/index.php\/wp-json\/wp\/v2\/tags?post=12121"}],"curies":[{"name":"wp","href":"https:\/\/api.w.org\/{rel}","templated":true}]}}