{"id":11447,"date":"2022-01-21T08:33:49","date_gmt":"2022-01-21T08:33:49","guid":{"rendered":"https:\/\/veleztopografia.com\/?p=11447"},"modified":"2022-01-21T08:35:41","modified_gmt":"2022-01-21T08:35:41","slug":"topografo-fuengirola-levantamiento-topografico-en-calle-codorniz","status":"publish","type":"post","link":"https:\/\/veleztopografia.com\/index.php\/2022\/01\/21\/topografo-fuengirola-levantamiento-topografico-en-calle-codorniz\/","title":{"rendered":"Top\u00f3grafo Fuengirola: Levantamiento topogr\u00e1fico en Calle Codorniz"},"content":{"rendered":"\n<figure class=\"wp-block-image size-large\"><img fetchpriority=\"high\" decoding=\"async\" width=\"768\" height=\"1024\" src=\"https:\/\/veleztopografia.com\/wp-content\/uploads\/2022\/01\/IMG20220113114921-copia-768x1024.jpg\" alt=\"IMG20220113114921 copia\" class=\"wp-image-11448\" srcset=\"https:\/\/veleztopografia.com\/wp-content\/uploads\/2022\/01\/IMG20220113114921-copia-768x1024.jpg 768w, https:\/\/veleztopografia.com\/wp-content\/uploads\/2022\/01\/IMG20220113114921-copia-225x300.jpg 225w, https:\/\/veleztopografia.com\/wp-content\/uploads\/2022\/01\/IMG20220113114921-copia-1152x1536.jpg 1152w, https:\/\/veleztopografia.com\/wp-content\/uploads\/2022\/01\/IMG20220113114921-copia-1536x2048.jpg 1536w, https:\/\/veleztopografia.com\/wp-content\/uploads\/2022\/01\/IMG20220113114921-copia-scaled.jpg 1920w\" sizes=\"(max-width: 768px) 100vw, 768px\" \/><\/figure>\n\n\n\n<p>Nos encontramos en el <strong>Municipio de Fuengirola para realizar un trabajo  topogr\u00e1fico muy particular.<\/strong><\/p>\n\n\n\n<p>Nuestro servicio de <strong>topograf\u00eda en Fuengirola ha consistido en realizar un levantamiento topogr\u00e1fico de una parcela industrial.<\/strong><\/p>\n\n\n\n<p>La parcela cuenta con muchos desniveles y diferentes bancales sostenidos por muros de contenci\u00f3n bastante deteriorados.<\/p>\n\n\n\n<p>Hemos tomado los datos con la estaci\u00f3n total georreferenciando con el Gps.<\/p>\n\n\n\n<p>Es segunda vez que ofrecemos servicios como <strong>top\u00f3grafo en Fuengirola<\/strong>.<\/p>\n\n\n\n<figure class=\"wp-block-gallery columns-2 is-cropped wp-block-gallery-2 is-layout-flex wp-block-gallery-is-layout-flex\"><ul class=\"blocks-gallery-grid\"><li class=\"blocks-gallery-item\"><figure><img decoding=\"async\" width=\"768\" height=\"1024\" src=\"https:\/\/veleztopografia.com\/wp-content\/uploads\/2022\/01\/IMG20220113103448-copia-768x1024.jpg\" alt=\"IMG20220113103448 copia\" data-id=\"11449\" data-full-url=\"https:\/\/veleztopografia.com\/wp-content\/uploads\/2022\/01\/IMG20220113103448-copia.jpg\" data-link=\"https:\/\/veleztopografia.com\/?attachment_id=11449\" class=\"wp-image-11449\" srcset=\"https:\/\/veleztopografia.com\/wp-content\/uploads\/2022\/01\/IMG20220113103448-copia-768x1024.jpg 768w, https:\/\/veleztopografia.com\/wp-content\/uploads\/2022\/01\/IMG20220113103448-copia-225x300.jpg 225w, https:\/\/veleztopografia.com\/wp-content\/uploads\/2022\/01\/IMG20220113103448-copia-1152x1536.jpg 1152w, https:\/\/veleztopografia.com\/wp-content\/uploads\/2022\/01\/IMG20220113103448-copia.jpg 1500w\" sizes=\"(max-width: 768px) 100vw, 768px\" \/><\/figure><\/li><li class=\"blocks-gallery-item\"><figure><img decoding=\"async\" width=\"1024\" height=\"768\" src=\"https:\/\/veleztopografia.com\/wp-content\/uploads\/2022\/01\/IMG20220113104743-copia-1024x768.jpg\" alt=\"IMG20220113104743 copia\" data-id=\"11450\" data-full-url=\"https:\/\/veleztopografia.com\/wp-content\/uploads\/2022\/01\/IMG20220113104743-copia.jpg\" data-link=\"https:\/\/veleztopografia.com\/?attachment_id=11450\" class=\"wp-image-11450\" srcset=\"https:\/\/veleztopografia.com\/wp-content\/uploads\/2022\/01\/IMG20220113104743-copia-1024x768.jpg 1024w, https:\/\/veleztopografia.com\/wp-content\/uploads\/2022\/01\/IMG20220113104743-copia-300x225.jpg 300w, https:\/\/veleztopografia.com\/wp-content\/uploads\/2022\/01\/IMG20220113104743-copia-768x576.jpg 768w, https:\/\/veleztopografia.com\/wp-content\/uploads\/2022\/01\/IMG20220113104743-copia-1536x1152.jpg 1536w, https:\/\/veleztopografia.com\/wp-content\/uploads\/2022\/01\/IMG20220113104743-copia.jpg 2000w\" sizes=\"(max-width: 1024px) 100vw, 1024px\" \/><\/figure><\/li><\/ul><\/figure>\n","protected":false},"excerpt":{"rendered":"<p>Nos encontramos en el Municipio de Fuengirola para realizar un trabajo topogr\u00e1fico muy particular. Nuestro servicio de topograf\u00eda en Fuengirola ha consistido en realizar un levantamiento topogr\u00e1fico de una parcela industrial. La parcela cuenta con muchos desniveles y diferentes bancales sostenidos por muros de contenci\u00f3n bastante deteriorados. Hemos tomado los datos con la estaci\u00f3n total [&hellip;]<\/p>\n","protected":false},"author":1,"featured_media":0,"comment_status":"open","ping_status":"open","sticky":false,"template":"","format":"standard","meta":{"_uag_custom_page_level_css":"","_monsterinsights_skip_tracking":false,"_monsterinsights_sitenote_active":false,"_monsterinsights_sitenote_note":"","_monsterinsights_sitenote_category":0,"site-sidebar-layout":"default","site-content-layout":"","ast-site-content-layout":"default","site-content-style":"default","site-sidebar-style":"default","ast-global-header-display":"","ast-banner-title-visibility":"","ast-main-header-display":"","ast-hfb-above-header-display":"","ast-hfb-below-header-display":"","ast-hfb-mobile-header-display":"","site-post-title":"","ast-breadcrumbs-content":"","ast-featured-img":"","footer-sml-layout":"","ast-disable-related-posts":"","theme-transparent-header-meta":"","adv-header-id-meta":"","stick-header-meta":"","header-above-stick-meta":"","header-main-stick-meta":"","header-below-stick-meta":"","astra-migrate-meta-layouts":"default","ast-page-background-enabled":"default","ast-page-background-meta":{"desktop":{"background-color":"","background-image":"","background-repeat":"repeat","background-position":"center center","background-size":"auto","background-attachment":"scroll","background-type":"","background-media":"","overlay-type":"","overlay-color":"","overlay-opacity":"","overlay-gradient":""},"tablet":{"background-color":"","background-image":"","background-repeat":"repeat","background-position":"center center","background-size":"auto","background-attachment":"scroll","background-type":"","background-media":"","overlay-type":"","overlay-color":"","overlay-opacity":"","overlay-gradient":""},"mobile":{"background-color":"","background-image":"","background-repeat":"repeat","background-position":"center center","background-size":"auto","background-attachment":"scroll","background-type":"","background-media":"","overlay-type":"","overlay-color":"","overlay-opacity":"","overlay-gradient":""}},"ast-content-background-meta":{"desktop":{"background-color":"var(--ast-global-color-5)","background-image":"","background-repeat":"repeat","background-position":"center center","background-size":"auto","background-attachment":"scroll","background-type":"","background-media":"","overlay-type":"","overlay-color":"","overlay-opacity":"","overlay-gradient":""},"tablet":{"background-color":"var(--ast-global-color-5)","background-image":"","background-repeat":"repeat","background-position":"center center","background-size":"auto","background-attachment":"scroll","background-type":"","background-media":"","overlay-type":"","overlay-color":"","overlay-opacity":"","overlay-gradient":""},"mobile":{"background-color":"var(--ast-global-color-5)","background-image":"","background-repeat":"repeat","background-position":"center center","background-size":"auto","background-attachment":"scroll","background-type":"","background-media":"","overlay-type":"","overlay-color":"","overlay-opacity":"","overlay-gradient":""}},"footnotes":""},"categories":[5],"tags":[172,145,66,79,35,27,33,48,121,39],"class_list":["post-11447","post","type-post","status-publish","format-standard","hentry","category-blog","tag-estacion-total","tag-fuengirola","tag-gps","tag-levantamiento-topografico","tag-malaga","tag-medicion","tag-parcela","tag-topografia","tag-topografo-2","tag-topografo"],"yoast_head":"<!-- This site is optimized with the Yoast SEO Premium plugin v24.1 (Yoast SEO v27.4) - https:\/\/yoast.com\/product\/yoast-seo-premium-wordpress\/ -->\n<title>Top\u00f3grafo V\u00e9lez M\u00e1laga. Ingeniero topograf\u00eda medici\u00f3n fincas.<\/title>\n<meta name=\"description\" content=\"Top\u00f3grafo en Velez-M\u00e1laga.Servicios de topograf\u00eda en la axarqu\u00eda y M\u00e1laga.Medici\u00f3n de fincas,catastro,levantamiento topogr\u00e1ficos,segregaciones,replanteosn,drones,fotogrametr\u00eda,filmaci\u00f3n a\u00e9rea..\" \/>\n<meta name=\"robots\" content=\"index, follow, max-snippet:-1, max-image-preview:large, max-video-preview:-1\" \/>\n<link rel=\"canonical\" href=\"https:\/\/veleztopografia.com\/index.php\/2022\/01\/21\/topografo-fuengirola-levantamiento-topografico-en-calle-codorniz\/\" \/>\n<meta property=\"og:locale\" content=\"es_ES\" \/>\n<meta property=\"og:type\" content=\"article\" \/>\n<meta property=\"og:title\" content=\"Top\u00f3grafo Fuengirola: Levantamiento topogr\u00e1fico en Calle Codorniz\" \/>\n<meta property=\"og:description\" content=\"Top\u00f3grafo en Velez-M\u00e1laga.Servicios de topograf\u00eda en la axarqu\u00eda y M\u00e1laga.Medici\u00f3n de fincas,catastro,levantamiento topogr\u00e1ficos,segregaciones,replanteosn,drones,fotogrametr\u00eda,filmaci\u00f3n a\u00e9rea..\" \/>\n<meta property=\"og:url\" content=\"https:\/\/veleztopografia.com\/index.php\/2022\/01\/21\/topografo-fuengirola-levantamiento-topografico-en-calle-codorniz\/\" \/>\n<meta property=\"og:site_name\" content=\"V\u00e9lez Topograf\u00eda\" \/>\n<meta property=\"article:publisher\" content=\"https:\/\/www.facebook.com\/veleztopografia\" \/>\n<meta property=\"article:published_time\" content=\"2022-01-21T08:33:49+00:00\" \/>\n<meta property=\"article:modified_time\" content=\"2022-01-21T08:35:41+00:00\" \/>\n<meta property=\"og:image\" content=\"https:\/\/veleztopografia.com\/wp-content\/uploads\/2022\/01\/IMG20220113114921-copia-768x1024.jpg\" \/>\n<meta name=\"author\" content=\"amrtopomar@hotmail.com\" \/>\n<meta name=\"twitter:card\" content=\"summary_large_image\" \/>\n<meta name=\"twitter:creator\" content=\"@alvaro_manen\" \/>\n<meta name=\"twitter:site\" content=\"@alvaro_manen\" \/>\n<meta name=\"twitter:label1\" content=\"Escrito por\" \/>\n\t<meta name=\"twitter:data1\" content=\"amrtopomar@hotmail.com\" \/>\n\t<meta name=\"twitter:label2\" content=\"Tiempo de lectura\" \/>\n\t<meta name=\"twitter:data2\" content=\"1 minuto\" \/>\n<script type=\"application\/ld+json\" class=\"yoast-schema-graph\">{\"@context\":\"https:\\\/\\\/schema.org\",\"@graph\":[{\"@type\":\"Article\",\"@id\":\"https:\\\/\\\/veleztopografia.com\\\/index.php\\\/2022\\\/01\\\/21\\\/topografo-fuengirola-levantamiento-topografico-en-calle-codorniz\\\/#article\",\"isPartOf\":{\"@id\":\"https:\\\/\\\/veleztopografia.com\\\/index.php\\\/2022\\\/01\\\/21\\\/topografo-fuengirola-levantamiento-topografico-en-calle-codorniz\\\/\"},\"author\":{\"name\":\"amrtopomar@hotmail.com\",\"@id\":\"http:\\\/\\\/veleztopografia.com\\\/#\\\/schema\\\/person\\\/f77ff7cee140d8850a0f97fd34ac2601\"},\"headline\":\"Top\u00f3grafo Fuengirola: Levantamiento topogr\u00e1fico en Calle Codorniz\",\"datePublished\":\"2022-01-21T08:33:49+00:00\",\"dateModified\":\"2022-01-21T08:35:41+00:00\",\"mainEntityOfPage\":{\"@id\":\"https:\\\/\\\/veleztopografia.com\\\/index.php\\\/2022\\\/01\\\/21\\\/topografo-fuengirola-levantamiento-topografico-en-calle-codorniz\\\/\"},\"wordCount\":84,\"commentCount\":0,\"publisher\":{\"@id\":\"http:\\\/\\\/veleztopografia.com\\\/#organization\"},\"image\":{\"@id\":\"https:\\\/\\\/veleztopografia.com\\\/index.php\\\/2022\\\/01\\\/21\\\/topografo-fuengirola-levantamiento-topografico-en-calle-codorniz\\\/#primaryimage\"},\"thumbnailUrl\":\"https:\\\/\\\/veleztopografia.com\\\/wp-content\\\/uploads\\\/2022\\\/01\\\/IMG20220113114921-copia-768x1024.jpg\",\"keywords\":[\"estacion total\",\"fuengirola\",\"gps\",\"levantamiento topografico\",\"malaga\",\"medicion\",\"parcela\",\"topografia\",\"topografo\",\"top\u00f3grafo\"],\"articleSection\":[\"Blog\"],\"inLanguage\":\"es\",\"potentialAction\":[{\"@type\":\"CommentAction\",\"name\":\"Comment\",\"target\":[\"https:\\\/\\\/veleztopografia.com\\\/index.php\\\/2022\\\/01\\\/21\\\/topografo-fuengirola-levantamiento-topografico-en-calle-codorniz\\\/#respond\"]}]},{\"@type\":\"WebPage\",\"@id\":\"https:\\\/\\\/veleztopografia.com\\\/index.php\\\/2022\\\/01\\\/21\\\/topografo-fuengirola-levantamiento-topografico-en-calle-codorniz\\\/\",\"url\":\"https:\\\/\\\/veleztopografia.com\\\/index.php\\\/2022\\\/01\\\/21\\\/topografo-fuengirola-levantamiento-topografico-en-calle-codorniz\\\/\",\"name\":\"Top\u00f3grafo V\u00e9lez M\u00e1laga. Ingeniero topograf\u00eda medici\u00f3n fincas.\",\"isPartOf\":{\"@id\":\"http:\\\/\\\/veleztopografia.com\\\/#website\"},\"primaryImageOfPage\":{\"@id\":\"https:\\\/\\\/veleztopografia.com\\\/index.php\\\/2022\\\/01\\\/21\\\/topografo-fuengirola-levantamiento-topografico-en-calle-codorniz\\\/#primaryimage\"},\"image\":{\"@id\":\"https:\\\/\\\/veleztopografia.com\\\/index.php\\\/2022\\\/01\\\/21\\\/topografo-fuengirola-levantamiento-topografico-en-calle-codorniz\\\/#primaryimage\"},\"thumbnailUrl\":\"https:\\\/\\\/veleztopografia.com\\\/wp-content\\\/uploads\\\/2022\\\/01\\\/IMG20220113114921-copia-768x1024.jpg\",\"datePublished\":\"2022-01-21T08:33:49+00:00\",\"dateModified\":\"2022-01-21T08:35:41+00:00\",\"description\":\"Top\u00f3grafo en Velez-M\u00e1laga.Servicios de topograf\u00eda en la axarqu\u00eda y M\u00e1laga.Medici\u00f3n de fincas,catastro,levantamiento topogr\u00e1ficos,segregaciones,replanteosn,drones,fotogrametr\u00eda,filmaci\u00f3n a\u00e9rea..\",\"breadcrumb\":{\"@id\":\"https:\\\/\\\/veleztopografia.com\\\/index.php\\\/2022\\\/01\\\/21\\\/topografo-fuengirola-levantamiento-topografico-en-calle-codorniz\\\/#breadcrumb\"},\"inLanguage\":\"es\",\"potentialAction\":[{\"@type\":\"ReadAction\",\"target\":[\"https:\\\/\\\/veleztopografia.com\\\/index.php\\\/2022\\\/01\\\/21\\\/topografo-fuengirola-levantamiento-topografico-en-calle-codorniz\\\/\"]}]},{\"@type\":\"ImageObject\",\"inLanguage\":\"es\",\"@id\":\"https:\\\/\\\/veleztopografia.com\\\/index.php\\\/2022\\\/01\\\/21\\\/topografo-fuengirola-levantamiento-topografico-en-calle-codorniz\\\/#primaryimage\",\"url\":\"https:\\\/\\\/veleztopografia.com\\\/wp-content\\\/uploads\\\/2022\\\/01\\\/IMG20220113114921-copia-768x1024.jpg\",\"contentUrl\":\"https:\\\/\\\/veleztopografia.com\\\/wp-content\\\/uploads\\\/2022\\\/01\\\/IMG20220113114921-copia-768x1024.jpg\"},{\"@type\":\"BreadcrumbList\",\"@id\":\"https:\\\/\\\/veleztopografia.com\\\/index.php\\\/2022\\\/01\\\/21\\\/topografo-fuengirola-levantamiento-topografico-en-calle-codorniz\\\/#breadcrumb\",\"itemListElement\":[{\"@type\":\"ListItem\",\"position\":1,\"name\":\"Portada\",\"item\":\"http:\\\/\\\/veleztopografia.com\\\/\"},{\"@type\":\"ListItem\",\"position\":2,\"name\":\"Top\u00f3grafo Fuengirola: Levantamiento topogr\u00e1fico en Calle Codorniz\"}]},{\"@type\":\"WebSite\",\"@id\":\"http:\\\/\\\/veleztopografia.com\\\/#website\",\"url\":\"http:\\\/\\\/veleztopografia.com\\\/\",\"name\":\"V\u00e9lez Topograf\u00eda\",\"description\":\"Top\u00f3grafo de V\u00e9lez-M\u00e1laga. Servicios de topografia en la Axarqu\u00eda y M\u00e1laga.Medici\u00f3n de fincas,catastro,validacion gr\u00e1fica,etc..\",\"publisher\":{\"@id\":\"http:\\\/\\\/veleztopografia.com\\\/#organization\"},\"potentialAction\":[{\"@type\":\"SearchAction\",\"target\":{\"@type\":\"EntryPoint\",\"urlTemplate\":\"http:\\\/\\\/veleztopografia.com\\\/?s={search_term_string}\"},\"query-input\":{\"@type\":\"PropertyValueSpecification\",\"valueRequired\":true,\"valueName\":\"search_term_string\"}}],\"inLanguage\":\"es\"},{\"@type\":\"Organization\",\"@id\":\"http:\\\/\\\/veleztopografia.com\\\/#organization\",\"name\":\"V\u00e9lez Topograf\u00eda\",\"url\":\"http:\\\/\\\/veleztopografia.com\\\/\",\"logo\":{\"@type\":\"ImageObject\",\"inLanguage\":\"es\",\"@id\":\"http:\\\/\\\/veleztopografia.com\\\/#\\\/schema\\\/logo\\\/image\\\/\",\"url\":\"https:\\\/\\\/i0.wp.com\\\/veleztopografia.com\\\/wp-content\\\/uploads\\\/2019\\\/12\\\/LOGO-VELEZTOPOGRAFIA200-1.jpg?fit=400%2C200&ssl=1\",\"contentUrl\":\"https:\\\/\\\/i0.wp.com\\\/veleztopografia.com\\\/wp-content\\\/uploads\\\/2019\\\/12\\\/LOGO-VELEZTOPOGRAFIA200-1.jpg?fit=400%2C200&ssl=1\",\"width\":400,\"height\":200,\"caption\":\"V\u00e9lez Topograf\u00eda\"},\"image\":{\"@id\":\"http:\\\/\\\/veleztopografia.com\\\/#\\\/schema\\\/logo\\\/image\\\/\"},\"sameAs\":[\"https:\\\/\\\/www.facebook.com\\\/veleztopografia\",\"https:\\\/\\\/x.com\\\/alvaro_manen\",\"https:\\\/\\\/www.instagram.com\\\/alvaromanen\\\/\",\"https:\\\/\\\/www.linkedin.com\\\/in\\\/alvaro-manen-0a7b9a4b\\\/\",\"https:\\\/\\\/www.youtube.com\\\/channel\\\/UCBbmXfa52pAGpmufiMrR3qg\\\/videos\"]},{\"@type\":\"Person\",\"@id\":\"http:\\\/\\\/veleztopografia.com\\\/#\\\/schema\\\/person\\\/f77ff7cee140d8850a0f97fd34ac2601\",\"name\":\"amrtopomar@hotmail.com\",\"image\":{\"@type\":\"ImageObject\",\"inLanguage\":\"es\",\"@id\":\"https:\\\/\\\/secure.gravatar.com\\\/avatar\\\/1bebd10f775e886b97b35c18576a9d2e6b841c3f4b4f048fc10ffb01eb083731?s=96&d=mm&r=g\",\"url\":\"https:\\\/\\\/secure.gravatar.com\\\/avatar\\\/1bebd10f775e886b97b35c18576a9d2e6b841c3f4b4f048fc10ffb01eb083731?s=96&d=mm&r=g\",\"contentUrl\":\"https:\\\/\\\/secure.gravatar.com\\\/avatar\\\/1bebd10f775e886b97b35c18576a9d2e6b841c3f4b4f048fc10ffb01eb083731?s=96&d=mm&r=g\",\"caption\":\"amrtopomar@hotmail.com\"}}]}<\/script>\n<!-- \/ Yoast SEO Premium plugin. -->","yoast_head_json":{"title":"Top\u00f3grafo V\u00e9lez M\u00e1laga. Ingeniero topograf\u00eda medici\u00f3n fincas.","description":"Top\u00f3grafo en Velez-M\u00e1laga.Servicios de topograf\u00eda en la axarqu\u00eda y M\u00e1laga.Medici\u00f3n de fincas,catastro,levantamiento topogr\u00e1ficos,segregaciones,replanteosn,drones,fotogrametr\u00eda,filmaci\u00f3n a\u00e9rea..","robots":{"index":"index","follow":"follow","max-snippet":"max-snippet:-1","max-image-preview":"max-image-preview:large","max-video-preview":"max-video-preview:-1"},"canonical":"https:\/\/veleztopografia.com\/index.php\/2022\/01\/21\/topografo-fuengirola-levantamiento-topografico-en-calle-codorniz\/","og_locale":"es_ES","og_type":"article","og_title":"Top\u00f3grafo Fuengirola: Levantamiento topogr\u00e1fico en Calle Codorniz","og_description":"Top\u00f3grafo en Velez-M\u00e1laga.Servicios de topograf\u00eda en la axarqu\u00eda y M\u00e1laga.Medici\u00f3n de fincas,catastro,levantamiento topogr\u00e1ficos,segregaciones,replanteosn,drones,fotogrametr\u00eda,filmaci\u00f3n a\u00e9rea..","og_url":"https:\/\/veleztopografia.com\/index.php\/2022\/01\/21\/topografo-fuengirola-levantamiento-topografico-en-calle-codorniz\/","og_site_name":"V\u00e9lez Topograf\u00eda","article_publisher":"https:\/\/www.facebook.com\/veleztopografia","article_published_time":"2022-01-21T08:33:49+00:00","article_modified_time":"2022-01-21T08:35:41+00:00","og_image":[{"url":"https:\/\/veleztopografia.com\/wp-content\/uploads\/2022\/01\/IMG20220113114921-copia-768x1024.jpg","type":"","width":"","height":""}],"author":"amrtopomar@hotmail.com","twitter_card":"summary_large_image","twitter_creator":"@alvaro_manen","twitter_site":"@alvaro_manen","twitter_misc":{"Escrito por":"amrtopomar@hotmail.com","Tiempo de lectura":"1 minuto"},"schema":{"@context":"https:\/\/schema.org","@graph":[{"@type":"Article","@id":"https:\/\/veleztopografia.com\/index.php\/2022\/01\/21\/topografo-fuengirola-levantamiento-topografico-en-calle-codorniz\/#article","isPartOf":{"@id":"https:\/\/veleztopografia.com\/index.php\/2022\/01\/21\/topografo-fuengirola-levantamiento-topografico-en-calle-codorniz\/"},"author":{"name":"amrtopomar@hotmail.com","@id":"http:\/\/veleztopografia.com\/#\/schema\/person\/f77ff7cee140d8850a0f97fd34ac2601"},"headline":"Top\u00f3grafo Fuengirola: Levantamiento topogr\u00e1fico en Calle Codorniz","datePublished":"2022-01-21T08:33:49+00:00","dateModified":"2022-01-21T08:35:41+00:00","mainEntityOfPage":{"@id":"https:\/\/veleztopografia.com\/index.php\/2022\/01\/21\/topografo-fuengirola-levantamiento-topografico-en-calle-codorniz\/"},"wordCount":84,"commentCount":0,"publisher":{"@id":"http:\/\/veleztopografia.com\/#organization"},"image":{"@id":"https:\/\/veleztopografia.com\/index.php\/2022\/01\/21\/topografo-fuengirola-levantamiento-topografico-en-calle-codorniz\/#primaryimage"},"thumbnailUrl":"https:\/\/veleztopografia.com\/wp-content\/uploads\/2022\/01\/IMG20220113114921-copia-768x1024.jpg","keywords":["estacion total","fuengirola","gps","levantamiento topografico","malaga","medicion","parcela","topografia","topografo","top\u00f3grafo"],"articleSection":["Blog"],"inLanguage":"es","potentialAction":[{"@type":"CommentAction","name":"Comment","target":["https:\/\/veleztopografia.com\/index.php\/2022\/01\/21\/topografo-fuengirola-levantamiento-topografico-en-calle-codorniz\/#respond"]}]},{"@type":"WebPage","@id":"https:\/\/veleztopografia.com\/index.php\/2022\/01\/21\/topografo-fuengirola-levantamiento-topografico-en-calle-codorniz\/","url":"https:\/\/veleztopografia.com\/index.php\/2022\/01\/21\/topografo-fuengirola-levantamiento-topografico-en-calle-codorniz\/","name":"Top\u00f3grafo V\u00e9lez M\u00e1laga. Ingeniero topograf\u00eda medici\u00f3n fincas.","isPartOf":{"@id":"http:\/\/veleztopografia.com\/#website"},"primaryImageOfPage":{"@id":"https:\/\/veleztopografia.com\/index.php\/2022\/01\/21\/topografo-fuengirola-levantamiento-topografico-en-calle-codorniz\/#primaryimage"},"image":{"@id":"https:\/\/veleztopografia.com\/index.php\/2022\/01\/21\/topografo-fuengirola-levantamiento-topografico-en-calle-codorniz\/#primaryimage"},"thumbnailUrl":"https:\/\/veleztopografia.com\/wp-content\/uploads\/2022\/01\/IMG20220113114921-copia-768x1024.jpg","datePublished":"2022-01-21T08:33:49+00:00","dateModified":"2022-01-21T08:35:41+00:00","description":"Top\u00f3grafo en Velez-M\u00e1laga.Servicios de topograf\u00eda en la axarqu\u00eda y M\u00e1laga.Medici\u00f3n de fincas,catastro,levantamiento topogr\u00e1ficos,segregaciones,replanteosn,drones,fotogrametr\u00eda,filmaci\u00f3n a\u00e9rea..","breadcrumb":{"@id":"https:\/\/veleztopografia.com\/index.php\/2022\/01\/21\/topografo-fuengirola-levantamiento-topografico-en-calle-codorniz\/#breadcrumb"},"inLanguage":"es","potentialAction":[{"@type":"ReadAction","target":["https:\/\/veleztopografia.com\/index.php\/2022\/01\/21\/topografo-fuengirola-levantamiento-topografico-en-calle-codorniz\/"]}]},{"@type":"ImageObject","inLanguage":"es","@id":"https:\/\/veleztopografia.com\/index.php\/2022\/01\/21\/topografo-fuengirola-levantamiento-topografico-en-calle-codorniz\/#primaryimage","url":"https:\/\/veleztopografia.com\/wp-content\/uploads\/2022\/01\/IMG20220113114921-copia-768x1024.jpg","contentUrl":"https:\/\/veleztopografia.com\/wp-content\/uploads\/2022\/01\/IMG20220113114921-copia-768x1024.jpg"},{"@type":"BreadcrumbList","@id":"https:\/\/veleztopografia.com\/index.php\/2022\/01\/21\/topografo-fuengirola-levantamiento-topografico-en-calle-codorniz\/#breadcrumb","itemListElement":[{"@type":"ListItem","position":1,"name":"Portada","item":"http:\/\/veleztopografia.com\/"},{"@type":"ListItem","position":2,"name":"Top\u00f3grafo Fuengirola: Levantamiento topogr\u00e1fico en Calle Codorniz"}]},{"@type":"WebSite","@id":"http:\/\/veleztopografia.com\/#website","url":"http:\/\/veleztopografia.com\/","name":"V\u00e9lez Topograf\u00eda","description":"Top\u00f3grafo de V\u00e9lez-M\u00e1laga. Servicios de topografia en la Axarqu\u00eda y M\u00e1laga.Medici\u00f3n de fincas,catastro,validacion gr\u00e1fica,etc..","publisher":{"@id":"http:\/\/veleztopografia.com\/#organization"},"potentialAction":[{"@type":"SearchAction","target":{"@type":"EntryPoint","urlTemplate":"http:\/\/veleztopografia.com\/?s={search_term_string}"},"query-input":{"@type":"PropertyValueSpecification","valueRequired":true,"valueName":"search_term_string"}}],"inLanguage":"es"},{"@type":"Organization","@id":"http:\/\/veleztopografia.com\/#organization","name":"V\u00e9lez Topograf\u00eda","url":"http:\/\/veleztopografia.com\/","logo":{"@type":"ImageObject","inLanguage":"es","@id":"http:\/\/veleztopografia.com\/#\/schema\/logo\/image\/","url":"https:\/\/i0.wp.com\/veleztopografia.com\/wp-content\/uploads\/2019\/12\/LOGO-VELEZTOPOGRAFIA200-1.jpg?fit=400%2C200&ssl=1","contentUrl":"https:\/\/i0.wp.com\/veleztopografia.com\/wp-content\/uploads\/2019\/12\/LOGO-VELEZTOPOGRAFIA200-1.jpg?fit=400%2C200&ssl=1","width":400,"height":200,"caption":"V\u00e9lez Topograf\u00eda"},"image":{"@id":"http:\/\/veleztopografia.com\/#\/schema\/logo\/image\/"},"sameAs":["https:\/\/www.facebook.com\/veleztopografia","https:\/\/x.com\/alvaro_manen","https:\/\/www.instagram.com\/alvaromanen\/","https:\/\/www.linkedin.com\/in\/alvaro-manen-0a7b9a4b\/","https:\/\/www.youtube.com\/channel\/UCBbmXfa52pAGpmufiMrR3qg\/videos"]},{"@type":"Person","@id":"http:\/\/veleztopografia.com\/#\/schema\/person\/f77ff7cee140d8850a0f97fd34ac2601","name":"amrtopomar@hotmail.com","image":{"@type":"ImageObject","inLanguage":"es","@id":"https:\/\/secure.gravatar.com\/avatar\/1bebd10f775e886b97b35c18576a9d2e6b841c3f4b4f048fc10ffb01eb083731?s=96&d=mm&r=g","url":"https:\/\/secure.gravatar.com\/avatar\/1bebd10f775e886b97b35c18576a9d2e6b841c3f4b4f048fc10ffb01eb083731?s=96&d=mm&r=g","contentUrl":"https:\/\/secure.gravatar.com\/avatar\/1bebd10f775e886b97b35c18576a9d2e6b841c3f4b4f048fc10ffb01eb083731?s=96&d=mm&r=g","caption":"amrtopomar@hotmail.com"}}]}},"uagb_featured_image_src":{"full":false,"thumbnail":false,"medium":false,"medium_large":false,"large":false,"1536x1536":false,"2048x2048":false,"wpvr_mobile":false},"uagb_author_info":{"display_name":"amrtopomar@hotmail.com","author_link":"https:\/\/veleztopografia.com\/index.php\/author\/amrtopomarhotmail-com\/"},"uagb_comment_info":0,"uagb_excerpt":"Nos encontramos en el Municipio de Fuengirola para realizar un trabajo topogr\u00e1fico muy particular. Nuestro servicio de topograf\u00eda en Fuengirola ha consistido en realizar un levantamiento topogr\u00e1fico de una parcela industrial. La parcela cuenta con muchos desniveles y diferentes bancales sostenidos por muros de contenci\u00f3n bastante deteriorados. Hemos tomado los datos con la estaci\u00f3n total&hellip;","_links":{"self":[{"href":"https:\/\/veleztopografia.com\/index.php\/wp-json\/wp\/v2\/posts\/11447","targetHints":{"allow":["GET"]}}],"collection":[{"href":"https:\/\/veleztopografia.com\/index.php\/wp-json\/wp\/v2\/posts"}],"about":[{"href":"https:\/\/veleztopografia.com\/index.php\/wp-json\/wp\/v2\/types\/post"}],"author":[{"embeddable":true,"href":"https:\/\/veleztopografia.com\/index.php\/wp-json\/wp\/v2\/users\/1"}],"replies":[{"embeddable":true,"href":"https:\/\/veleztopografia.com\/index.php\/wp-json\/wp\/v2\/comments?post=11447"}],"version-history":[{"count":2,"href":"https:\/\/veleztopografia.com\/index.php\/wp-json\/wp\/v2\/posts\/11447\/revisions"}],"predecessor-version":[{"id":11452,"href":"https:\/\/veleztopografia.com\/index.php\/wp-json\/wp\/v2\/posts\/11447\/revisions\/11452"}],"wp:attachment":[{"href":"https:\/\/veleztopografia.com\/index.php\/wp-json\/wp\/v2\/media?parent=11447"}],"wp:term":[{"taxonomy":"category","embeddable":true,"href":"https:\/\/veleztopografia.com\/index.php\/wp-json\/wp\/v2\/categories?post=11447"},{"taxonomy":"post_tag","embeddable":true,"href":"https:\/\/veleztopografia.com\/index.php\/wp-json\/wp\/v2\/tags?post=11447"}],"curies":[{"name":"wp","href":"https:\/\/api.w.org\/{rel}","templated":true}]}}