{"id":11426,"date":"2021-12-28T12:26:11","date_gmt":"2021-12-28T12:26:11","guid":{"rendered":"http:\/\/veleztopografia.com\/?p=11426"},"modified":"2021-12-28T12:28:02","modified_gmt":"2021-12-28T12:28:02","slug":"medicion-de-parcelas-en-la-atalyas-bajas-velez-malaga-malaga","status":"publish","type":"post","link":"https:\/\/veleztopografia.com\/index.php\/2021\/12\/28\/medicion-de-parcelas-en-la-atalyas-bajas-velez-malaga-malaga\/","title":{"rendered":"Medici\u00f3n de parcelas en la Atalayas Bajas, V\u00e9lez-M\u00e1laga (M\u00e1laga)"},"content":{"rendered":"\n<figure class=\"wp-block-image size-large\"><img fetchpriority=\"high\" decoding=\"async\" width=\"768\" height=\"1024\" src=\"http:\/\/veleztopografia.com\/wp-content\/uploads\/2021\/12\/IMG20211127102119-copia-768x1024.jpg\" alt=\"IMG20211127102119 copia\" class=\"wp-image-11427\" srcset=\"https:\/\/veleztopografia.com\/wp-content\/uploads\/2021\/12\/IMG20211127102119-copia-768x1024.jpg 768w, https:\/\/veleztopografia.com\/wp-content\/uploads\/2021\/12\/IMG20211127102119-copia-225x300.jpg 225w, https:\/\/veleztopografia.com\/wp-content\/uploads\/2021\/12\/IMG20211127102119-copia-1152x1536.jpg 1152w, https:\/\/veleztopografia.com\/wp-content\/uploads\/2021\/12\/IMG20211127102119-copia.jpg 1500w\" sizes=\"(max-width: 768px) 100vw, 768px\" \/><\/figure>\n\n\n\n<p>Vamos realizando los \u00faltimos trabajos del a\u00f1o cerca de casa.<\/p>\n\n\n\n<p>En esta ocasi\u00f3n hemos realizado la <strong>medici\u00f3n de varias parcelas y una edificaci\u00f3n<\/strong>, con el fin de realizar la subsanaci\u00f3n catastral pertinente.<\/p>\n\n\n\n<p>Partimos de un <strong>plano parcelario antiguo,<\/strong> facilitado por el propietario, siendo bastante concordante lo medido en <strong>campo, con la representaci\u00f3n gr\u00e1fica del plano.<\/strong><\/p>\n\n\n\n<p>La <strong>mediciones r<\/strong>ealizadas en la zona de <strong>Atalayas Bajas (V\u00e9lez-M\u00e1laga), <\/strong>cerca del centro budista, han sido con<strong> GPS<\/strong>, estando muy bien definidos los mojones de <\/p>\n\n\n\n<p>delimitaci\u00f3n de las mismas.<\/p>\n\n\n\n<p>Las parcelas tienen un dif\u00edcil acceso , pero para<strong> V\u00e9lez Topograf\u00eda<\/strong> no hay nada imposible, aunque hallamos ara\u00f1ado el coche por los dos lados.<\/p>\n\n\n\n<figure class=\"wp-block-gallery columns-2 is-cropped wp-block-gallery-2 is-layout-flex wp-block-gallery-is-layout-flex\"><ul class=\"blocks-gallery-grid\"><li class=\"blocks-gallery-item\"><figure><img decoding=\"async\" width=\"1024\" height=\"768\" src=\"http:\/\/veleztopografia.com\/wp-content\/uploads\/2021\/12\/IMG20211127100234-copia-1024x768.jpg\" alt=\"IMG20211127100234 copia\" data-id=\"11428\" data-full-url=\"http:\/\/veleztopografia.com\/wp-content\/uploads\/2021\/12\/IMG20211127100234-copia.jpg\" data-link=\"http:\/\/veleztopografia.com\/?attachment_id=11428\" class=\"wp-image-11428\" srcset=\"https:\/\/veleztopografia.com\/wp-content\/uploads\/2021\/12\/IMG20211127100234-copia-1024x768.jpg 1024w, https:\/\/veleztopografia.com\/wp-content\/uploads\/2021\/12\/IMG20211127100234-copia-300x225.jpg 300w, https:\/\/veleztopografia.com\/wp-content\/uploads\/2021\/12\/IMG20211127100234-copia-768x576.jpg 768w, https:\/\/veleztopografia.com\/wp-content\/uploads\/2021\/12\/IMG20211127100234-copia-1536x1152.jpg 1536w, https:\/\/veleztopografia.com\/wp-content\/uploads\/2021\/12\/IMG20211127100234-copia.jpg 2000w\" sizes=\"(max-width: 1024px) 100vw, 1024px\" \/><\/figure><\/li><li class=\"blocks-gallery-item\"><figure><img decoding=\"async\" width=\"768\" height=\"1024\" src=\"http:\/\/veleztopografia.com\/wp-content\/uploads\/2021\/12\/IMG20211127101355-copia-768x1024.jpg\" alt=\"IMG20211127101355 copia\" data-id=\"11429\" data-full-url=\"http:\/\/veleztopografia.com\/wp-content\/uploads\/2021\/12\/IMG20211127101355-copia.jpg\" data-link=\"http:\/\/veleztopografia.com\/?attachment_id=11429\" class=\"wp-image-11429\" srcset=\"https:\/\/veleztopografia.com\/wp-content\/uploads\/2021\/12\/IMG20211127101355-copia-768x1024.jpg 768w, https:\/\/veleztopografia.com\/wp-content\/uploads\/2021\/12\/IMG20211127101355-copia-225x300.jpg 225w, https:\/\/veleztopografia.com\/wp-content\/uploads\/2021\/12\/IMG20211127101355-copia-1152x1536.jpg 1152w, https:\/\/veleztopografia.com\/wp-content\/uploads\/2021\/12\/IMG20211127101355-copia.jpg 1500w\" sizes=\"(max-width: 768px) 100vw, 768px\" \/><\/figure><\/li><\/ul><\/figure>\n","protected":false},"excerpt":{"rendered":"<p>Vamos realizando los \u00faltimos trabajos del a\u00f1o cerca de casa. En esta ocasi\u00f3n hemos realizado la medici\u00f3n de varias parcelas y una edificaci\u00f3n, con el fin de realizar la subsanaci\u00f3n catastral pertinente. Partimos de un plano parcelario antiguo, facilitado por el propietario, siendo bastante concordante lo medido en campo, con la representaci\u00f3n gr\u00e1fica del plano. [&hellip;]<\/p>\n","protected":false},"author":1,"featured_media":0,"comment_status":"open","ping_status":"open","sticky":false,"template":"","format":"standard","meta":{"_uag_custom_page_level_css":"","_monsterinsights_skip_tracking":false,"_monsterinsights_sitenote_active":false,"_monsterinsights_sitenote_note":"","_monsterinsights_sitenote_category":0,"site-sidebar-layout":"default","site-content-layout":"","ast-site-content-layout":"default","site-content-style":"default","site-sidebar-style":"default","ast-global-header-display":"","ast-banner-title-visibility":"","ast-main-header-display":"","ast-hfb-above-header-display":"","ast-hfb-below-header-display":"","ast-hfb-mobile-header-display":"","site-post-title":"","ast-breadcrumbs-content":"","ast-featured-img":"","footer-sml-layout":"","ast-disable-related-posts":"","theme-transparent-header-meta":"","adv-header-id-meta":"","stick-header-meta":"","header-above-stick-meta":"","header-main-stick-meta":"","header-below-stick-meta":"","astra-migrate-meta-layouts":"default","ast-page-background-enabled":"default","ast-page-background-meta":{"desktop":{"background-color":"","background-image":"","background-repeat":"repeat","background-position":"center center","background-size":"auto","background-attachment":"scroll","background-type":"","background-media":"","overlay-type":"","overlay-color":"","overlay-opacity":"","overlay-gradient":""},"tablet":{"background-color":"","background-image":"","background-repeat":"repeat","background-position":"center center","background-size":"auto","background-attachment":"scroll","background-type":"","background-media":"","overlay-type":"","overlay-color":"","overlay-opacity":"","overlay-gradient":""},"mobile":{"background-color":"","background-image":"","background-repeat":"repeat","background-position":"center center","background-size":"auto","background-attachment":"scroll","background-type":"","background-media":"","overlay-type":"","overlay-color":"","overlay-opacity":"","overlay-gradient":""}},"ast-content-background-meta":{"desktop":{"background-color":"var(--ast-global-color-5)","background-image":"","background-repeat":"repeat","background-position":"center center","background-size":"auto","background-attachment":"scroll","background-type":"","background-media":"","overlay-type":"","overlay-color":"","overlay-opacity":"","overlay-gradient":""},"tablet":{"background-color":"var(--ast-global-color-5)","background-image":"","background-repeat":"repeat","background-position":"center center","background-size":"auto","background-attachment":"scroll","background-type":"","background-media":"","overlay-type":"","overlay-color":"","overlay-opacity":"","overlay-gradient":""},"mobile":{"background-color":"var(--ast-global-color-5)","background-image":"","background-repeat":"repeat","background-position":"center center","background-size":"auto","background-attachment":"scroll","background-type":"","background-media":"","overlay-type":"","overlay-color":"","overlay-opacity":"","overlay-gradient":""}},"footnotes":""},"categories":[5],"tags":[412,411,410,83,17,66,79,27,33,51,48,121,413],"class_list":["post-11426","post","type-post","status-publish","format-standard","hentry","category-blog","tag-atalayas-bajas","tag-caseron","tag-cortijo","tag-edificacion","tag-georreferenciacion","tag-gps","tag-levantamiento-topografico","tag-medicion","tag-parcela","tag-rustica","tag-topografia","tag-topografo-2","tag-velez-malaga-2"],"yoast_head":"<!-- This site is optimized with the Yoast SEO Premium plugin v24.1 (Yoast SEO v27.4) - https:\/\/yoast.com\/product\/yoast-seo-premium-wordpress\/ -->\n<title>Top\u00f3grafo V\u00e9lez M\u00e1laga. Ingeniero topograf\u00eda medici\u00f3n fincas.<\/title>\n<meta name=\"description\" content=\"Top\u00f3grafo en Velez-M\u00e1laga.Servicios de topograf\u00eda en la axarqu\u00eda y M\u00e1laga.Medici\u00f3n de fincas,catastro,levantamiento topogr\u00e1ficos,segregaciones,replanteosn,drones,fotogrametr\u00eda,filmaci\u00f3n a\u00e9rea..\" \/>\n<meta name=\"robots\" content=\"index, follow, max-snippet:-1, max-image-preview:large, max-video-preview:-1\" \/>\n<link rel=\"canonical\" href=\"https:\/\/veleztopografia.com\/index.php\/2021\/12\/28\/medicion-de-parcelas-en-la-atalyas-bajas-velez-malaga-malaga\/\" \/>\n<meta property=\"og:locale\" content=\"es_ES\" \/>\n<meta property=\"og:type\" content=\"article\" \/>\n<meta property=\"og:title\" content=\"Medici\u00f3n de parcelas en la Atalayas Bajas, V\u00e9lez-M\u00e1laga (M\u00e1laga)\" \/>\n<meta property=\"og:description\" content=\"Top\u00f3grafo en Velez-M\u00e1laga.Servicios de topograf\u00eda en la axarqu\u00eda y M\u00e1laga.Medici\u00f3n de fincas,catastro,levantamiento topogr\u00e1ficos,segregaciones,replanteosn,drones,fotogrametr\u00eda,filmaci\u00f3n a\u00e9rea..\" \/>\n<meta property=\"og:url\" content=\"https:\/\/veleztopografia.com\/index.php\/2021\/12\/28\/medicion-de-parcelas-en-la-atalyas-bajas-velez-malaga-malaga\/\" \/>\n<meta property=\"og:site_name\" content=\"V\u00e9lez Topograf\u00eda\" \/>\n<meta property=\"article:publisher\" content=\"https:\/\/www.facebook.com\/veleztopografia\" \/>\n<meta property=\"article:published_time\" content=\"2021-12-28T12:26:11+00:00\" \/>\n<meta property=\"article:modified_time\" content=\"2021-12-28T12:28:02+00:00\" \/>\n<meta property=\"og:image\" content=\"http:\/\/veleztopografia.com\/wp-content\/uploads\/2021\/12\/IMG20211127102119-copia-768x1024.jpg\" \/>\n<meta name=\"author\" content=\"amrtopomar@hotmail.com\" \/>\n<meta name=\"twitter:card\" content=\"summary_large_image\" \/>\n<meta name=\"twitter:creator\" content=\"@alvaro_manen\" \/>\n<meta name=\"twitter:site\" content=\"@alvaro_manen\" \/>\n<meta name=\"twitter:label1\" content=\"Escrito por\" \/>\n\t<meta name=\"twitter:data1\" content=\"amrtopomar@hotmail.com\" \/>\n\t<meta name=\"twitter:label2\" content=\"Tiempo de lectura\" \/>\n\t<meta name=\"twitter:data2\" content=\"2 minutos\" \/>\n<script type=\"application\/ld+json\" class=\"yoast-schema-graph\">{\"@context\":\"https:\\\/\\\/schema.org\",\"@graph\":[{\"@type\":\"Article\",\"@id\":\"https:\\\/\\\/veleztopografia.com\\\/index.php\\\/2021\\\/12\\\/28\\\/medicion-de-parcelas-en-la-atalyas-bajas-velez-malaga-malaga\\\/#article\",\"isPartOf\":{\"@id\":\"https:\\\/\\\/veleztopografia.com\\\/index.php\\\/2021\\\/12\\\/28\\\/medicion-de-parcelas-en-la-atalyas-bajas-velez-malaga-malaga\\\/\"},\"author\":{\"name\":\"amrtopomar@hotmail.com\",\"@id\":\"http:\\\/\\\/veleztopografia.com\\\/#\\\/schema\\\/person\\\/f77ff7cee140d8850a0f97fd34ac2601\"},\"headline\":\"Medici\u00f3n de parcelas en la Atalayas Bajas, V\u00e9lez-M\u00e1laga (M\u00e1laga)\",\"datePublished\":\"2021-12-28T12:26:11+00:00\",\"dateModified\":\"2021-12-28T12:28:02+00:00\",\"mainEntityOfPage\":{\"@id\":\"https:\\\/\\\/veleztopografia.com\\\/index.php\\\/2021\\\/12\\\/28\\\/medicion-de-parcelas-en-la-atalyas-bajas-velez-malaga-malaga\\\/\"},\"wordCount\":134,\"commentCount\":0,\"publisher\":{\"@id\":\"http:\\\/\\\/veleztopografia.com\\\/#organization\"},\"image\":{\"@id\":\"https:\\\/\\\/veleztopografia.com\\\/index.php\\\/2021\\\/12\\\/28\\\/medicion-de-parcelas-en-la-atalyas-bajas-velez-malaga-malaga\\\/#primaryimage\"},\"thumbnailUrl\":\"http:\\\/\\\/veleztopografia.com\\\/wp-content\\\/uploads\\\/2021\\\/12\\\/IMG20211127102119-copia-768x1024.jpg\",\"keywords\":[\"atalayas bajas\",\"caseron\",\"cortijo\",\"edificacion\",\"georreferenciacion\",\"gps\",\"levantamiento topografico\",\"medicion\",\"parcela\",\"rustica\",\"topografia\",\"topografo\",\"velez malaga\"],\"articleSection\":[\"Blog\"],\"inLanguage\":\"es\",\"potentialAction\":[{\"@type\":\"CommentAction\",\"name\":\"Comment\",\"target\":[\"https:\\\/\\\/veleztopografia.com\\\/index.php\\\/2021\\\/12\\\/28\\\/medicion-de-parcelas-en-la-atalyas-bajas-velez-malaga-malaga\\\/#respond\"]}]},{\"@type\":\"WebPage\",\"@id\":\"https:\\\/\\\/veleztopografia.com\\\/index.php\\\/2021\\\/12\\\/28\\\/medicion-de-parcelas-en-la-atalyas-bajas-velez-malaga-malaga\\\/\",\"url\":\"https:\\\/\\\/veleztopografia.com\\\/index.php\\\/2021\\\/12\\\/28\\\/medicion-de-parcelas-en-la-atalyas-bajas-velez-malaga-malaga\\\/\",\"name\":\"Top\u00f3grafo V\u00e9lez M\u00e1laga. Ingeniero topograf\u00eda medici\u00f3n fincas.\",\"isPartOf\":{\"@id\":\"http:\\\/\\\/veleztopografia.com\\\/#website\"},\"primaryImageOfPage\":{\"@id\":\"https:\\\/\\\/veleztopografia.com\\\/index.php\\\/2021\\\/12\\\/28\\\/medicion-de-parcelas-en-la-atalyas-bajas-velez-malaga-malaga\\\/#primaryimage\"},\"image\":{\"@id\":\"https:\\\/\\\/veleztopografia.com\\\/index.php\\\/2021\\\/12\\\/28\\\/medicion-de-parcelas-en-la-atalyas-bajas-velez-malaga-malaga\\\/#primaryimage\"},\"thumbnailUrl\":\"http:\\\/\\\/veleztopografia.com\\\/wp-content\\\/uploads\\\/2021\\\/12\\\/IMG20211127102119-copia-768x1024.jpg\",\"datePublished\":\"2021-12-28T12:26:11+00:00\",\"dateModified\":\"2021-12-28T12:28:02+00:00\",\"description\":\"Top\u00f3grafo en Velez-M\u00e1laga.Servicios de topograf\u00eda en la axarqu\u00eda y M\u00e1laga.Medici\u00f3n de fincas,catastro,levantamiento topogr\u00e1ficos,segregaciones,replanteosn,drones,fotogrametr\u00eda,filmaci\u00f3n a\u00e9rea..\",\"breadcrumb\":{\"@id\":\"https:\\\/\\\/veleztopografia.com\\\/index.php\\\/2021\\\/12\\\/28\\\/medicion-de-parcelas-en-la-atalyas-bajas-velez-malaga-malaga\\\/#breadcrumb\"},\"inLanguage\":\"es\",\"potentialAction\":[{\"@type\":\"ReadAction\",\"target\":[\"https:\\\/\\\/veleztopografia.com\\\/index.php\\\/2021\\\/12\\\/28\\\/medicion-de-parcelas-en-la-atalyas-bajas-velez-malaga-malaga\\\/\"]}]},{\"@type\":\"ImageObject\",\"inLanguage\":\"es\",\"@id\":\"https:\\\/\\\/veleztopografia.com\\\/index.php\\\/2021\\\/12\\\/28\\\/medicion-de-parcelas-en-la-atalyas-bajas-velez-malaga-malaga\\\/#primaryimage\",\"url\":\"https:\\\/\\\/veleztopografia.com\\\/wp-content\\\/uploads\\\/2021\\\/12\\\/IMG20211127102119-copia.jpg\",\"contentUrl\":\"https:\\\/\\\/veleztopografia.com\\\/wp-content\\\/uploads\\\/2021\\\/12\\\/IMG20211127102119-copia.jpg\",\"width\":1500,\"height\":2000,\"caption\":\"IMG20211127102119 copia\"},{\"@type\":\"BreadcrumbList\",\"@id\":\"https:\\\/\\\/veleztopografia.com\\\/index.php\\\/2021\\\/12\\\/28\\\/medicion-de-parcelas-en-la-atalyas-bajas-velez-malaga-malaga\\\/#breadcrumb\",\"itemListElement\":[{\"@type\":\"ListItem\",\"position\":1,\"name\":\"Portada\",\"item\":\"http:\\\/\\\/veleztopografia.com\\\/\"},{\"@type\":\"ListItem\",\"position\":2,\"name\":\"Medici\u00f3n de parcelas en la Atalayas Bajas, V\u00e9lez-M\u00e1laga (M\u00e1laga)\"}]},{\"@type\":\"WebSite\",\"@id\":\"http:\\\/\\\/veleztopografia.com\\\/#website\",\"url\":\"http:\\\/\\\/veleztopografia.com\\\/\",\"name\":\"V\u00e9lez Topograf\u00eda\",\"description\":\"Top\u00f3grafo de V\u00e9lez-M\u00e1laga. Servicios de topografia en la Axarqu\u00eda y M\u00e1laga.Medici\u00f3n de fincas,catastro,validacion gr\u00e1fica,etc..\",\"publisher\":{\"@id\":\"http:\\\/\\\/veleztopografia.com\\\/#organization\"},\"potentialAction\":[{\"@type\":\"SearchAction\",\"target\":{\"@type\":\"EntryPoint\",\"urlTemplate\":\"http:\\\/\\\/veleztopografia.com\\\/?s={search_term_string}\"},\"query-input\":{\"@type\":\"PropertyValueSpecification\",\"valueRequired\":true,\"valueName\":\"search_term_string\"}}],\"inLanguage\":\"es\"},{\"@type\":\"Organization\",\"@id\":\"http:\\\/\\\/veleztopografia.com\\\/#organization\",\"name\":\"V\u00e9lez Topograf\u00eda\",\"url\":\"http:\\\/\\\/veleztopografia.com\\\/\",\"logo\":{\"@type\":\"ImageObject\",\"inLanguage\":\"es\",\"@id\":\"http:\\\/\\\/veleztopografia.com\\\/#\\\/schema\\\/logo\\\/image\\\/\",\"url\":\"https:\\\/\\\/i0.wp.com\\\/veleztopografia.com\\\/wp-content\\\/uploads\\\/2019\\\/12\\\/LOGO-VELEZTOPOGRAFIA200-1.jpg?fit=400%2C200&ssl=1\",\"contentUrl\":\"https:\\\/\\\/i0.wp.com\\\/veleztopografia.com\\\/wp-content\\\/uploads\\\/2019\\\/12\\\/LOGO-VELEZTOPOGRAFIA200-1.jpg?fit=400%2C200&ssl=1\",\"width\":400,\"height\":200,\"caption\":\"V\u00e9lez Topograf\u00eda\"},\"image\":{\"@id\":\"http:\\\/\\\/veleztopografia.com\\\/#\\\/schema\\\/logo\\\/image\\\/\"},\"sameAs\":[\"https:\\\/\\\/www.facebook.com\\\/veleztopografia\",\"https:\\\/\\\/x.com\\\/alvaro_manen\",\"https:\\\/\\\/www.instagram.com\\\/alvaromanen\\\/\",\"https:\\\/\\\/www.linkedin.com\\\/in\\\/alvaro-manen-0a7b9a4b\\\/\",\"https:\\\/\\\/www.youtube.com\\\/channel\\\/UCBbmXfa52pAGpmufiMrR3qg\\\/videos\"]},{\"@type\":\"Person\",\"@id\":\"http:\\\/\\\/veleztopografia.com\\\/#\\\/schema\\\/person\\\/f77ff7cee140d8850a0f97fd34ac2601\",\"name\":\"amrtopomar@hotmail.com\",\"image\":{\"@type\":\"ImageObject\",\"inLanguage\":\"es\",\"@id\":\"https:\\\/\\\/secure.gravatar.com\\\/avatar\\\/1bebd10f775e886b97b35c18576a9d2e6b841c3f4b4f048fc10ffb01eb083731?s=96&d=mm&r=g\",\"url\":\"https:\\\/\\\/secure.gravatar.com\\\/avatar\\\/1bebd10f775e886b97b35c18576a9d2e6b841c3f4b4f048fc10ffb01eb083731?s=96&d=mm&r=g\",\"contentUrl\":\"https:\\\/\\\/secure.gravatar.com\\\/avatar\\\/1bebd10f775e886b97b35c18576a9d2e6b841c3f4b4f048fc10ffb01eb083731?s=96&d=mm&r=g\",\"caption\":\"amrtopomar@hotmail.com\"}}]}<\/script>\n<!-- \/ Yoast SEO Premium plugin. -->","yoast_head_json":{"title":"Top\u00f3grafo V\u00e9lez M\u00e1laga. Ingeniero topograf\u00eda medici\u00f3n fincas.","description":"Top\u00f3grafo en Velez-M\u00e1laga.Servicios de topograf\u00eda en la axarqu\u00eda y M\u00e1laga.Medici\u00f3n de fincas,catastro,levantamiento topogr\u00e1ficos,segregaciones,replanteosn,drones,fotogrametr\u00eda,filmaci\u00f3n a\u00e9rea..","robots":{"index":"index","follow":"follow","max-snippet":"max-snippet:-1","max-image-preview":"max-image-preview:large","max-video-preview":"max-video-preview:-1"},"canonical":"https:\/\/veleztopografia.com\/index.php\/2021\/12\/28\/medicion-de-parcelas-en-la-atalyas-bajas-velez-malaga-malaga\/","og_locale":"es_ES","og_type":"article","og_title":"Medici\u00f3n de parcelas en la Atalayas Bajas, V\u00e9lez-M\u00e1laga (M\u00e1laga)","og_description":"Top\u00f3grafo en Velez-M\u00e1laga.Servicios de topograf\u00eda en la axarqu\u00eda y M\u00e1laga.Medici\u00f3n de fincas,catastro,levantamiento topogr\u00e1ficos,segregaciones,replanteosn,drones,fotogrametr\u00eda,filmaci\u00f3n a\u00e9rea..","og_url":"https:\/\/veleztopografia.com\/index.php\/2021\/12\/28\/medicion-de-parcelas-en-la-atalyas-bajas-velez-malaga-malaga\/","og_site_name":"V\u00e9lez Topograf\u00eda","article_publisher":"https:\/\/www.facebook.com\/veleztopografia","article_published_time":"2021-12-28T12:26:11+00:00","article_modified_time":"2021-12-28T12:28:02+00:00","og_image":[{"url":"http:\/\/veleztopografia.com\/wp-content\/uploads\/2021\/12\/IMG20211127102119-copia-768x1024.jpg","type":"","width":"","height":""}],"author":"amrtopomar@hotmail.com","twitter_card":"summary_large_image","twitter_creator":"@alvaro_manen","twitter_site":"@alvaro_manen","twitter_misc":{"Escrito por":"amrtopomar@hotmail.com","Tiempo de lectura":"2 minutos"},"schema":{"@context":"https:\/\/schema.org","@graph":[{"@type":"Article","@id":"https:\/\/veleztopografia.com\/index.php\/2021\/12\/28\/medicion-de-parcelas-en-la-atalyas-bajas-velez-malaga-malaga\/#article","isPartOf":{"@id":"https:\/\/veleztopografia.com\/index.php\/2021\/12\/28\/medicion-de-parcelas-en-la-atalyas-bajas-velez-malaga-malaga\/"},"author":{"name":"amrtopomar@hotmail.com","@id":"http:\/\/veleztopografia.com\/#\/schema\/person\/f77ff7cee140d8850a0f97fd34ac2601"},"headline":"Medici\u00f3n de parcelas en la Atalayas Bajas, V\u00e9lez-M\u00e1laga (M\u00e1laga)","datePublished":"2021-12-28T12:26:11+00:00","dateModified":"2021-12-28T12:28:02+00:00","mainEntityOfPage":{"@id":"https:\/\/veleztopografia.com\/index.php\/2021\/12\/28\/medicion-de-parcelas-en-la-atalyas-bajas-velez-malaga-malaga\/"},"wordCount":134,"commentCount":0,"publisher":{"@id":"http:\/\/veleztopografia.com\/#organization"},"image":{"@id":"https:\/\/veleztopografia.com\/index.php\/2021\/12\/28\/medicion-de-parcelas-en-la-atalyas-bajas-velez-malaga-malaga\/#primaryimage"},"thumbnailUrl":"http:\/\/veleztopografia.com\/wp-content\/uploads\/2021\/12\/IMG20211127102119-copia-768x1024.jpg","keywords":["atalayas bajas","caseron","cortijo","edificacion","georreferenciacion","gps","levantamiento topografico","medicion","parcela","rustica","topografia","topografo","velez malaga"],"articleSection":["Blog"],"inLanguage":"es","potentialAction":[{"@type":"CommentAction","name":"Comment","target":["https:\/\/veleztopografia.com\/index.php\/2021\/12\/28\/medicion-de-parcelas-en-la-atalyas-bajas-velez-malaga-malaga\/#respond"]}]},{"@type":"WebPage","@id":"https:\/\/veleztopografia.com\/index.php\/2021\/12\/28\/medicion-de-parcelas-en-la-atalyas-bajas-velez-malaga-malaga\/","url":"https:\/\/veleztopografia.com\/index.php\/2021\/12\/28\/medicion-de-parcelas-en-la-atalyas-bajas-velez-malaga-malaga\/","name":"Top\u00f3grafo V\u00e9lez M\u00e1laga. Ingeniero topograf\u00eda medici\u00f3n fincas.","isPartOf":{"@id":"http:\/\/veleztopografia.com\/#website"},"primaryImageOfPage":{"@id":"https:\/\/veleztopografia.com\/index.php\/2021\/12\/28\/medicion-de-parcelas-en-la-atalyas-bajas-velez-malaga-malaga\/#primaryimage"},"image":{"@id":"https:\/\/veleztopografia.com\/index.php\/2021\/12\/28\/medicion-de-parcelas-en-la-atalyas-bajas-velez-malaga-malaga\/#primaryimage"},"thumbnailUrl":"http:\/\/veleztopografia.com\/wp-content\/uploads\/2021\/12\/IMG20211127102119-copia-768x1024.jpg","datePublished":"2021-12-28T12:26:11+00:00","dateModified":"2021-12-28T12:28:02+00:00","description":"Top\u00f3grafo en Velez-M\u00e1laga.Servicios de topograf\u00eda en la axarqu\u00eda y M\u00e1laga.Medici\u00f3n de fincas,catastro,levantamiento topogr\u00e1ficos,segregaciones,replanteosn,drones,fotogrametr\u00eda,filmaci\u00f3n a\u00e9rea..","breadcrumb":{"@id":"https:\/\/veleztopografia.com\/index.php\/2021\/12\/28\/medicion-de-parcelas-en-la-atalyas-bajas-velez-malaga-malaga\/#breadcrumb"},"inLanguage":"es","potentialAction":[{"@type":"ReadAction","target":["https:\/\/veleztopografia.com\/index.php\/2021\/12\/28\/medicion-de-parcelas-en-la-atalyas-bajas-velez-malaga-malaga\/"]}]},{"@type":"ImageObject","inLanguage":"es","@id":"https:\/\/veleztopografia.com\/index.php\/2021\/12\/28\/medicion-de-parcelas-en-la-atalyas-bajas-velez-malaga-malaga\/#primaryimage","url":"https:\/\/veleztopografia.com\/wp-content\/uploads\/2021\/12\/IMG20211127102119-copia.jpg","contentUrl":"https:\/\/veleztopografia.com\/wp-content\/uploads\/2021\/12\/IMG20211127102119-copia.jpg","width":1500,"height":2000,"caption":"IMG20211127102119 copia"},{"@type":"BreadcrumbList","@id":"https:\/\/veleztopografia.com\/index.php\/2021\/12\/28\/medicion-de-parcelas-en-la-atalyas-bajas-velez-malaga-malaga\/#breadcrumb","itemListElement":[{"@type":"ListItem","position":1,"name":"Portada","item":"http:\/\/veleztopografia.com\/"},{"@type":"ListItem","position":2,"name":"Medici\u00f3n de parcelas en la Atalayas Bajas, V\u00e9lez-M\u00e1laga (M\u00e1laga)"}]},{"@type":"WebSite","@id":"http:\/\/veleztopografia.com\/#website","url":"http:\/\/veleztopografia.com\/","name":"V\u00e9lez Topograf\u00eda","description":"Top\u00f3grafo de V\u00e9lez-M\u00e1laga. Servicios de topografia en la Axarqu\u00eda y M\u00e1laga.Medici\u00f3n de fincas,catastro,validacion gr\u00e1fica,etc..","publisher":{"@id":"http:\/\/veleztopografia.com\/#organization"},"potentialAction":[{"@type":"SearchAction","target":{"@type":"EntryPoint","urlTemplate":"http:\/\/veleztopografia.com\/?s={search_term_string}"},"query-input":{"@type":"PropertyValueSpecification","valueRequired":true,"valueName":"search_term_string"}}],"inLanguage":"es"},{"@type":"Organization","@id":"http:\/\/veleztopografia.com\/#organization","name":"V\u00e9lez Topograf\u00eda","url":"http:\/\/veleztopografia.com\/","logo":{"@type":"ImageObject","inLanguage":"es","@id":"http:\/\/veleztopografia.com\/#\/schema\/logo\/image\/","url":"https:\/\/i0.wp.com\/veleztopografia.com\/wp-content\/uploads\/2019\/12\/LOGO-VELEZTOPOGRAFIA200-1.jpg?fit=400%2C200&ssl=1","contentUrl":"https:\/\/i0.wp.com\/veleztopografia.com\/wp-content\/uploads\/2019\/12\/LOGO-VELEZTOPOGRAFIA200-1.jpg?fit=400%2C200&ssl=1","width":400,"height":200,"caption":"V\u00e9lez Topograf\u00eda"},"image":{"@id":"http:\/\/veleztopografia.com\/#\/schema\/logo\/image\/"},"sameAs":["https:\/\/www.facebook.com\/veleztopografia","https:\/\/x.com\/alvaro_manen","https:\/\/www.instagram.com\/alvaromanen\/","https:\/\/www.linkedin.com\/in\/alvaro-manen-0a7b9a4b\/","https:\/\/www.youtube.com\/channel\/UCBbmXfa52pAGpmufiMrR3qg\/videos"]},{"@type":"Person","@id":"http:\/\/veleztopografia.com\/#\/schema\/person\/f77ff7cee140d8850a0f97fd34ac2601","name":"amrtopomar@hotmail.com","image":{"@type":"ImageObject","inLanguage":"es","@id":"https:\/\/secure.gravatar.com\/avatar\/1bebd10f775e886b97b35c18576a9d2e6b841c3f4b4f048fc10ffb01eb083731?s=96&d=mm&r=g","url":"https:\/\/secure.gravatar.com\/avatar\/1bebd10f775e886b97b35c18576a9d2e6b841c3f4b4f048fc10ffb01eb083731?s=96&d=mm&r=g","contentUrl":"https:\/\/secure.gravatar.com\/avatar\/1bebd10f775e886b97b35c18576a9d2e6b841c3f4b4f048fc10ffb01eb083731?s=96&d=mm&r=g","caption":"amrtopomar@hotmail.com"}}]}},"uagb_featured_image_src":{"full":false,"thumbnail":false,"medium":false,"medium_large":false,"large":false,"1536x1536":false,"2048x2048":false,"wpvr_mobile":false},"uagb_author_info":{"display_name":"amrtopomar@hotmail.com","author_link":"https:\/\/veleztopografia.com\/index.php\/author\/amrtopomarhotmail-com\/"},"uagb_comment_info":0,"uagb_excerpt":"Vamos realizando los \u00faltimos trabajos del a\u00f1o cerca de casa. En esta ocasi\u00f3n hemos realizado la medici\u00f3n de varias parcelas y una edificaci\u00f3n, con el fin de realizar la subsanaci\u00f3n catastral pertinente. Partimos de un plano parcelario antiguo, facilitado por el propietario, siendo bastante concordante lo medido en campo, con la representaci\u00f3n gr\u00e1fica del plano.&hellip;","_links":{"self":[{"href":"https:\/\/veleztopografia.com\/index.php\/wp-json\/wp\/v2\/posts\/11426","targetHints":{"allow":["GET"]}}],"collection":[{"href":"https:\/\/veleztopografia.com\/index.php\/wp-json\/wp\/v2\/posts"}],"about":[{"href":"https:\/\/veleztopografia.com\/index.php\/wp-json\/wp\/v2\/types\/post"}],"author":[{"embeddable":true,"href":"https:\/\/veleztopografia.com\/index.php\/wp-json\/wp\/v2\/users\/1"}],"replies":[{"embeddable":true,"href":"https:\/\/veleztopografia.com\/index.php\/wp-json\/wp\/v2\/comments?post=11426"}],"version-history":[{"count":2,"href":"https:\/\/veleztopografia.com\/index.php\/wp-json\/wp\/v2\/posts\/11426\/revisions"}],"predecessor-version":[{"id":11431,"href":"https:\/\/veleztopografia.com\/index.php\/wp-json\/wp\/v2\/posts\/11426\/revisions\/11431"}],"wp:attachment":[{"href":"https:\/\/veleztopografia.com\/index.php\/wp-json\/wp\/v2\/media?parent=11426"}],"wp:term":[{"taxonomy":"category","embeddable":true,"href":"https:\/\/veleztopografia.com\/index.php\/wp-json\/wp\/v2\/categories?post=11426"},{"taxonomy":"post_tag","embeddable":true,"href":"https:\/\/veleztopografia.com\/index.php\/wp-json\/wp\/v2\/tags?post=11426"}],"curies":[{"name":"wp","href":"https:\/\/api.w.org\/{rel}","templated":true}]}}