{"id":11395,"date":"2021-12-07T16:52:55","date_gmt":"2021-12-07T16:52:55","guid":{"rendered":"http:\/\/veleztopografia.com\/?p=11395"},"modified":"2021-12-07T16:53:01","modified_gmt":"2021-12-07T16:53:01","slug":"levantamientos-topograficos-en-mostoles-y-aldea-del-fresno-madrid","status":"publish","type":"post","link":"https:\/\/veleztopografia.com\/index.php\/2021\/12\/07\/levantamientos-topograficos-en-mostoles-y-aldea-del-fresno-madrid\/","title":{"rendered":"Levantamientos topogr\u00e1ficos en M\u00f3stoles y Aldea del Fresno (Madrid)"},"content":{"rendered":"\n<figure class=\"wp-block-image size-large\"><img fetchpriority=\"high\" decoding=\"async\" width=\"1024\" height=\"768\" src=\"http:\/\/veleztopografia.com\/wp-content\/uploads\/2021\/12\/IMG20211118135222-copia-1024x768.jpg\" alt=\"IMG20211118135222 copia\" class=\"wp-image-11396\" srcset=\"https:\/\/veleztopografia.com\/wp-content\/uploads\/2021\/12\/IMG20211118135222-copia-1024x768.jpg 1024w, https:\/\/veleztopografia.com\/wp-content\/uploads\/2021\/12\/IMG20211118135222-copia-300x225.jpg 300w, https:\/\/veleztopografia.com\/wp-content\/uploads\/2021\/12\/IMG20211118135222-copia-768x576.jpg 768w, https:\/\/veleztopografia.com\/wp-content\/uploads\/2021\/12\/IMG20211118135222-copia-1536x1152.jpg 1536w, https:\/\/veleztopografia.com\/wp-content\/uploads\/2021\/12\/IMG20211118135222-copia.jpg 1919w\" sizes=\"(max-width: 1024px) 100vw, 1024px\" \/><figcaption>Seguimos realizando varios<strong> levantamientos topogr\u00e1ficos por la Comunidad de Madrid.<\/strong><\/figcaption><\/figure>\n\n\n\n<p>Se tratan de dos parcelas construidas en zona urbana, las cuales albergan dos estaciones de servicio.<\/p>\n\n\n\n<p>En casa levantamiento hemos colocado un red de bases topogr\u00e1ficas que sirvan para futuros trabajos.<\/p>\n\n\n\n<p>En esta zona de Madrid las precisiones que ofrecen la red GNSS del IGN son muy buenas.<\/p>\n\n\n\n<p>Nos encanta ofrecer servicios como <strong>top\u00f3grafo en Madrid<\/strong> y sus alrededores, ya que tienen una orograf\u00eda y vegetaci\u00f3n muy diferente a la que solemos<\/p>\n\n\n\n<p>frecuentar.<\/p>\n\n\n\n<p>En V\u00e9lez Topograf\u00eda ofrecemos servicios de topogr\u00eda en Madrid y todo el territorio nacional.<\/p>\n\n\n\n<figure class=\"wp-block-gallery columns-3 is-cropped wp-block-gallery-2 is-layout-flex wp-block-gallery-is-layout-flex\"><ul class=\"blocks-gallery-grid\"><li class=\"blocks-gallery-item\"><figure><img decoding=\"async\" width=\"768\" height=\"1024\" src=\"http:\/\/veleztopografia.com\/wp-content\/uploads\/2021\/12\/IMG20211118123821-copia-1-768x1024.jpg\" alt=\"IMG20211118123821 copia 1\" data-id=\"11398\" data-link=\"http:\/\/veleztopografia.com\/?attachment_id=11398\" class=\"wp-image-11398\" srcset=\"https:\/\/veleztopografia.com\/wp-content\/uploads\/2021\/12\/IMG20211118123821-copia-1-768x1024.jpg 768w, https:\/\/veleztopografia.com\/wp-content\/uploads\/2021\/12\/IMG20211118123821-copia-1-225x300.jpg 225w, https:\/\/veleztopografia.com\/wp-content\/uploads\/2021\/12\/IMG20211118123821-copia-1-1152x1536.jpg 1152w, https:\/\/veleztopografia.com\/wp-content\/uploads\/2021\/12\/IMG20211118123821-copia-1.jpg 1500w\" sizes=\"(max-width: 768px) 100vw, 768px\" \/><\/figure><\/li><li class=\"blocks-gallery-item\"><figure><img decoding=\"async\" width=\"768\" height=\"1024\" src=\"http:\/\/veleztopografia.com\/wp-content\/uploads\/2021\/12\/IMG20211118084305-copia-768x1024.jpg\" alt=\"IMG20211118084305 copia\" data-id=\"11399\" data-full-url=\"http:\/\/veleztopografia.com\/wp-content\/uploads\/2021\/12\/IMG20211118084305-copia.jpg\" data-link=\"http:\/\/veleztopografia.com\/?attachment_id=11399\" class=\"wp-image-11399\" srcset=\"https:\/\/veleztopografia.com\/wp-content\/uploads\/2021\/12\/IMG20211118084305-copia-768x1024.jpg 768w, https:\/\/veleztopografia.com\/wp-content\/uploads\/2021\/12\/IMG20211118084305-copia-225x300.jpg 225w, https:\/\/veleztopografia.com\/wp-content\/uploads\/2021\/12\/IMG20211118084305-copia-1152x1536.jpg 1152w, https:\/\/veleztopografia.com\/wp-content\/uploads\/2021\/12\/IMG20211118084305-copia.jpg 1500w\" sizes=\"(max-width: 768px) 100vw, 768px\" \/><\/figure><\/li><li class=\"blocks-gallery-item\"><figure><img loading=\"lazy\" decoding=\"async\" width=\"1024\" height=\"768\" src=\"http:\/\/veleztopografia.com\/wp-content\/uploads\/2021\/12\/IMG20211118093009-copia-1024x768.jpg\" alt=\"IMG20211118093009 copia\" data-id=\"11400\" data-full-url=\"http:\/\/veleztopografia.com\/wp-content\/uploads\/2021\/12\/IMG20211118093009-copia.jpg\" data-link=\"http:\/\/veleztopografia.com\/?attachment_id=11400\" class=\"wp-image-11400\" srcset=\"https:\/\/veleztopografia.com\/wp-content\/uploads\/2021\/12\/IMG20211118093009-copia-1024x768.jpg 1024w, https:\/\/veleztopografia.com\/wp-content\/uploads\/2021\/12\/IMG20211118093009-copia-300x225.jpg 300w, https:\/\/veleztopografia.com\/wp-content\/uploads\/2021\/12\/IMG20211118093009-copia-768x576.jpg 768w, https:\/\/veleztopografia.com\/wp-content\/uploads\/2021\/12\/IMG20211118093009-copia-1536x1152.jpg 1536w, https:\/\/veleztopografia.com\/wp-content\/uploads\/2021\/12\/IMG20211118093009-copia.jpg 2000w\" sizes=\"(max-width: 1024px) 100vw, 1024px\" \/><\/figure><\/li><\/ul><\/figure>\n","protected":false},"excerpt":{"rendered":"<p>Se tratan de dos parcelas construidas en zona urbana, las cuales albergan dos estaciones de servicio. En casa levantamiento hemos colocado un red de bases topogr\u00e1ficas que sirvan para futuros trabajos. En esta zona de Madrid las precisiones que ofrecen la red GNSS del IGN son muy buenas. Nos encanta ofrecer servicios como top\u00f3grafo en [&hellip;]<\/p>\n","protected":false},"author":1,"featured_media":0,"comment_status":"open","ping_status":"open","sticky":false,"template":"","format":"standard","meta":{"_uag_custom_page_level_css":"","_monsterinsights_skip_tracking":false,"_monsterinsights_sitenote_active":false,"_monsterinsights_sitenote_note":"","_monsterinsights_sitenote_category":0,"site-sidebar-layout":"default","site-content-layout":"","ast-site-content-layout":"default","site-content-style":"default","site-sidebar-style":"default","ast-global-header-display":"","ast-banner-title-visibility":"","ast-main-header-display":"","ast-hfb-above-header-display":"","ast-hfb-below-header-display":"","ast-hfb-mobile-header-display":"","site-post-title":"","ast-breadcrumbs-content":"","ast-featured-img":"","footer-sml-layout":"","ast-disable-related-posts":"","theme-transparent-header-meta":"","adv-header-id-meta":"","stick-header-meta":"","header-above-stick-meta":"","header-main-stick-meta":"","header-below-stick-meta":"","astra-migrate-meta-layouts":"default","ast-page-background-enabled":"default","ast-page-background-meta":{"desktop":{"background-color":"","background-image":"","background-repeat":"repeat","background-position":"center center","background-size":"auto","background-attachment":"scroll","background-type":"","background-media":"","overlay-type":"","overlay-color":"","overlay-opacity":"","overlay-gradient":""},"tablet":{"background-color":"","background-image":"","background-repeat":"repeat","background-position":"center center","background-size":"auto","background-attachment":"scroll","background-type":"","background-media":"","overlay-type":"","overlay-color":"","overlay-opacity":"","overlay-gradient":""},"mobile":{"background-color":"","background-image":"","background-repeat":"repeat","background-position":"center center","background-size":"auto","background-attachment":"scroll","background-type":"","background-media":"","overlay-type":"","overlay-color":"","overlay-opacity":"","overlay-gradient":""}},"ast-content-background-meta":{"desktop":{"background-color":"var(--ast-global-color-5)","background-image":"","background-repeat":"repeat","background-position":"center center","background-size":"auto","background-attachment":"scroll","background-type":"","background-media":"","overlay-type":"","overlay-color":"","overlay-opacity":"","overlay-gradient":""},"tablet":{"background-color":"var(--ast-global-color-5)","background-image":"","background-repeat":"repeat","background-position":"center center","background-size":"auto","background-attachment":"scroll","background-type":"","background-media":"","overlay-type":"","overlay-color":"","overlay-opacity":"","overlay-gradient":""},"mobile":{"background-color":"var(--ast-global-color-5)","background-image":"","background-repeat":"repeat","background-position":"center center","background-size":"auto","background-attachment":"scroll","background-type":"","background-media":"","overlay-type":"","overlay-color":"","overlay-opacity":"","overlay-gradient":""}},"footnotes":""},"categories":[5],"tags":[399,402,172,403,17,66,79,201,27,400,33,401,50],"class_list":["post-11395","post","type-post","status-publish","format-standard","hentry","category-blog","tag-aldea-del-fresno","tag-bases","tag-estacion-total","tag-geopunt","tag-georreferenciacion","tag-gps","tag-levantamiento-topografico","tag-madrid","tag-medicion","tag-mostoles","tag-parcela","tag-red-topografica","tag-urbana"],"yoast_head":"<!-- This site is optimized with the Yoast SEO Premium plugin v24.1 (Yoast SEO v27.4) - https:\/\/yoast.com\/product\/yoast-seo-premium-wordpress\/ -->\n<title>Top\u00f3grafo V\u00e9lez M\u00e1laga. Ingeniero topograf\u00eda medici\u00f3n fincas.<\/title>\n<meta name=\"description\" content=\"Top\u00f3grafo en Velez-M\u00e1laga.Servicios de topograf\u00eda en la axarqu\u00eda y M\u00e1laga.Medici\u00f3n de fincas,catastro,levantamiento topogr\u00e1ficos,segregaciones,replanteosn,drones,fotogrametr\u00eda,filmaci\u00f3n a\u00e9rea..\" \/>\n<meta name=\"robots\" content=\"index, follow, max-snippet:-1, max-image-preview:large, max-video-preview:-1\" \/>\n<link rel=\"canonical\" href=\"https:\/\/veleztopografia.com\/index.php\/2021\/12\/07\/levantamientos-topograficos-en-mostoles-y-aldea-del-fresno-madrid\/\" \/>\n<meta property=\"og:locale\" content=\"es_ES\" \/>\n<meta property=\"og:type\" content=\"article\" \/>\n<meta property=\"og:title\" content=\"Levantamientos topogr\u00e1ficos en M\u00f3stoles y Aldea del Fresno (Madrid)\" \/>\n<meta property=\"og:description\" content=\"Top\u00f3grafo en Velez-M\u00e1laga.Servicios de topograf\u00eda en la axarqu\u00eda y M\u00e1laga.Medici\u00f3n de fincas,catastro,levantamiento topogr\u00e1ficos,segregaciones,replanteosn,drones,fotogrametr\u00eda,filmaci\u00f3n a\u00e9rea..\" \/>\n<meta property=\"og:url\" content=\"https:\/\/veleztopografia.com\/index.php\/2021\/12\/07\/levantamientos-topograficos-en-mostoles-y-aldea-del-fresno-madrid\/\" \/>\n<meta property=\"og:site_name\" content=\"V\u00e9lez Topograf\u00eda\" \/>\n<meta property=\"article:publisher\" content=\"https:\/\/www.facebook.com\/veleztopografia\" \/>\n<meta property=\"article:published_time\" content=\"2021-12-07T16:52:55+00:00\" \/>\n<meta property=\"article:modified_time\" content=\"2021-12-07T16:53:01+00:00\" \/>\n<meta property=\"og:image\" content=\"http:\/\/veleztopografia.com\/wp-content\/uploads\/2021\/12\/IMG20211118135222-copia-1024x768.jpg\" \/>\n<meta name=\"author\" content=\"amrtopomar@hotmail.com\" \/>\n<meta name=\"twitter:card\" content=\"summary_large_image\" \/>\n<meta name=\"twitter:creator\" content=\"@alvaro_manen\" \/>\n<meta name=\"twitter:site\" content=\"@alvaro_manen\" \/>\n<meta name=\"twitter:label1\" content=\"Escrito por\" \/>\n\t<meta name=\"twitter:data1\" content=\"amrtopomar@hotmail.com\" \/>\n\t<meta name=\"twitter:label2\" content=\"Tiempo de lectura\" \/>\n\t<meta name=\"twitter:data2\" content=\"2 minutos\" \/>\n<script type=\"application\/ld+json\" class=\"yoast-schema-graph\">{\"@context\":\"https:\\\/\\\/schema.org\",\"@graph\":[{\"@type\":\"Article\",\"@id\":\"https:\\\/\\\/veleztopografia.com\\\/index.php\\\/2021\\\/12\\\/07\\\/levantamientos-topograficos-en-mostoles-y-aldea-del-fresno-madrid\\\/#article\",\"isPartOf\":{\"@id\":\"https:\\\/\\\/veleztopografia.com\\\/index.php\\\/2021\\\/12\\\/07\\\/levantamientos-topograficos-en-mostoles-y-aldea-del-fresno-madrid\\\/\"},\"author\":{\"name\":\"amrtopomar@hotmail.com\",\"@id\":\"http:\\\/\\\/veleztopografia.com\\\/#\\\/schema\\\/person\\\/f77ff7cee140d8850a0f97fd34ac2601\"},\"headline\":\"Levantamientos topogr\u00e1ficos en M\u00f3stoles y Aldea del Fresno (Madrid)\",\"datePublished\":\"2021-12-07T16:52:55+00:00\",\"dateModified\":\"2021-12-07T16:53:01+00:00\",\"mainEntityOfPage\":{\"@id\":\"https:\\\/\\\/veleztopografia.com\\\/index.php\\\/2021\\\/12\\\/07\\\/levantamientos-topograficos-en-mostoles-y-aldea-del-fresno-madrid\\\/\"},\"wordCount\":116,\"commentCount\":0,\"publisher\":{\"@id\":\"http:\\\/\\\/veleztopografia.com\\\/#organization\"},\"image\":{\"@id\":\"https:\\\/\\\/veleztopografia.com\\\/index.php\\\/2021\\\/12\\\/07\\\/levantamientos-topograficos-en-mostoles-y-aldea-del-fresno-madrid\\\/#primaryimage\"},\"thumbnailUrl\":\"http:\\\/\\\/veleztopografia.com\\\/wp-content\\\/uploads\\\/2021\\\/12\\\/IMG20211118135222-copia-1024x768.jpg\",\"keywords\":[\"aldea del fresno\",\"bases\",\"estacion total\",\"geopunt\",\"georreferenciacion\",\"gps\",\"levantamiento topografico\",\"madrid\",\"medicion\",\"mostoles\",\"parcela\",\"red topografica\",\"urbana\"],\"articleSection\":[\"Blog\"],\"inLanguage\":\"es\",\"potentialAction\":[{\"@type\":\"CommentAction\",\"name\":\"Comment\",\"target\":[\"https:\\\/\\\/veleztopografia.com\\\/index.php\\\/2021\\\/12\\\/07\\\/levantamientos-topograficos-en-mostoles-y-aldea-del-fresno-madrid\\\/#respond\"]}]},{\"@type\":\"WebPage\",\"@id\":\"https:\\\/\\\/veleztopografia.com\\\/index.php\\\/2021\\\/12\\\/07\\\/levantamientos-topograficos-en-mostoles-y-aldea-del-fresno-madrid\\\/\",\"url\":\"https:\\\/\\\/veleztopografia.com\\\/index.php\\\/2021\\\/12\\\/07\\\/levantamientos-topograficos-en-mostoles-y-aldea-del-fresno-madrid\\\/\",\"name\":\"Top\u00f3grafo V\u00e9lez M\u00e1laga. Ingeniero topograf\u00eda medici\u00f3n fincas.\",\"isPartOf\":{\"@id\":\"http:\\\/\\\/veleztopografia.com\\\/#website\"},\"primaryImageOfPage\":{\"@id\":\"https:\\\/\\\/veleztopografia.com\\\/index.php\\\/2021\\\/12\\\/07\\\/levantamientos-topograficos-en-mostoles-y-aldea-del-fresno-madrid\\\/#primaryimage\"},\"image\":{\"@id\":\"https:\\\/\\\/veleztopografia.com\\\/index.php\\\/2021\\\/12\\\/07\\\/levantamientos-topograficos-en-mostoles-y-aldea-del-fresno-madrid\\\/#primaryimage\"},\"thumbnailUrl\":\"http:\\\/\\\/veleztopografia.com\\\/wp-content\\\/uploads\\\/2021\\\/12\\\/IMG20211118135222-copia-1024x768.jpg\",\"datePublished\":\"2021-12-07T16:52:55+00:00\",\"dateModified\":\"2021-12-07T16:53:01+00:00\",\"description\":\"Top\u00f3grafo en Velez-M\u00e1laga.Servicios de topograf\u00eda en la axarqu\u00eda y M\u00e1laga.Medici\u00f3n de fincas,catastro,levantamiento topogr\u00e1ficos,segregaciones,replanteosn,drones,fotogrametr\u00eda,filmaci\u00f3n a\u00e9rea..\",\"breadcrumb\":{\"@id\":\"https:\\\/\\\/veleztopografia.com\\\/index.php\\\/2021\\\/12\\\/07\\\/levantamientos-topograficos-en-mostoles-y-aldea-del-fresno-madrid\\\/#breadcrumb\"},\"inLanguage\":\"es\",\"potentialAction\":[{\"@type\":\"ReadAction\",\"target\":[\"https:\\\/\\\/veleztopografia.com\\\/index.php\\\/2021\\\/12\\\/07\\\/levantamientos-topograficos-en-mostoles-y-aldea-del-fresno-madrid\\\/\"]}]},{\"@type\":\"ImageObject\",\"inLanguage\":\"es\",\"@id\":\"https:\\\/\\\/veleztopografia.com\\\/index.php\\\/2021\\\/12\\\/07\\\/levantamientos-topograficos-en-mostoles-y-aldea-del-fresno-madrid\\\/#primaryimage\",\"url\":\"https:\\\/\\\/veleztopografia.com\\\/wp-content\\\/uploads\\\/2021\\\/12\\\/IMG20211118135222-copia.jpg\",\"contentUrl\":\"https:\\\/\\\/veleztopografia.com\\\/wp-content\\\/uploads\\\/2021\\\/12\\\/IMG20211118135222-copia.jpg\",\"width\":1919,\"height\":1439,\"caption\":\"IMG20211118135222 copia\"},{\"@type\":\"BreadcrumbList\",\"@id\":\"https:\\\/\\\/veleztopografia.com\\\/index.php\\\/2021\\\/12\\\/07\\\/levantamientos-topograficos-en-mostoles-y-aldea-del-fresno-madrid\\\/#breadcrumb\",\"itemListElement\":[{\"@type\":\"ListItem\",\"position\":1,\"name\":\"Portada\",\"item\":\"http:\\\/\\\/veleztopografia.com\\\/\"},{\"@type\":\"ListItem\",\"position\":2,\"name\":\"Levantamientos topogr\u00e1ficos en M\u00f3stoles y Aldea del Fresno (Madrid)\"}]},{\"@type\":\"WebSite\",\"@id\":\"http:\\\/\\\/veleztopografia.com\\\/#website\",\"url\":\"http:\\\/\\\/veleztopografia.com\\\/\",\"name\":\"V\u00e9lez Topograf\u00eda\",\"description\":\"Top\u00f3grafo de V\u00e9lez-M\u00e1laga. Servicios de topografia en la Axarqu\u00eda y M\u00e1laga.Medici\u00f3n de fincas,catastro,validacion gr\u00e1fica,etc..\",\"publisher\":{\"@id\":\"http:\\\/\\\/veleztopografia.com\\\/#organization\"},\"potentialAction\":[{\"@type\":\"SearchAction\",\"target\":{\"@type\":\"EntryPoint\",\"urlTemplate\":\"http:\\\/\\\/veleztopografia.com\\\/?s={search_term_string}\"},\"query-input\":{\"@type\":\"PropertyValueSpecification\",\"valueRequired\":true,\"valueName\":\"search_term_string\"}}],\"inLanguage\":\"es\"},{\"@type\":\"Organization\",\"@id\":\"http:\\\/\\\/veleztopografia.com\\\/#organization\",\"name\":\"V\u00e9lez Topograf\u00eda\",\"url\":\"http:\\\/\\\/veleztopografia.com\\\/\",\"logo\":{\"@type\":\"ImageObject\",\"inLanguage\":\"es\",\"@id\":\"http:\\\/\\\/veleztopografia.com\\\/#\\\/schema\\\/logo\\\/image\\\/\",\"url\":\"https:\\\/\\\/i0.wp.com\\\/veleztopografia.com\\\/wp-content\\\/uploads\\\/2019\\\/12\\\/LOGO-VELEZTOPOGRAFIA200-1.jpg?fit=400%2C200&ssl=1\",\"contentUrl\":\"https:\\\/\\\/i0.wp.com\\\/veleztopografia.com\\\/wp-content\\\/uploads\\\/2019\\\/12\\\/LOGO-VELEZTOPOGRAFIA200-1.jpg?fit=400%2C200&ssl=1\",\"width\":400,\"height\":200,\"caption\":\"V\u00e9lez Topograf\u00eda\"},\"image\":{\"@id\":\"http:\\\/\\\/veleztopografia.com\\\/#\\\/schema\\\/logo\\\/image\\\/\"},\"sameAs\":[\"https:\\\/\\\/www.facebook.com\\\/veleztopografia\",\"https:\\\/\\\/x.com\\\/alvaro_manen\",\"https:\\\/\\\/www.instagram.com\\\/alvaromanen\\\/\",\"https:\\\/\\\/www.linkedin.com\\\/in\\\/alvaro-manen-0a7b9a4b\\\/\",\"https:\\\/\\\/www.youtube.com\\\/channel\\\/UCBbmXfa52pAGpmufiMrR3qg\\\/videos\"]},{\"@type\":\"Person\",\"@id\":\"http:\\\/\\\/veleztopografia.com\\\/#\\\/schema\\\/person\\\/f77ff7cee140d8850a0f97fd34ac2601\",\"name\":\"amrtopomar@hotmail.com\",\"image\":{\"@type\":\"ImageObject\",\"inLanguage\":\"es\",\"@id\":\"https:\\\/\\\/secure.gravatar.com\\\/avatar\\\/1bebd10f775e886b97b35c18576a9d2e6b841c3f4b4f048fc10ffb01eb083731?s=96&d=mm&r=g\",\"url\":\"https:\\\/\\\/secure.gravatar.com\\\/avatar\\\/1bebd10f775e886b97b35c18576a9d2e6b841c3f4b4f048fc10ffb01eb083731?s=96&d=mm&r=g\",\"contentUrl\":\"https:\\\/\\\/secure.gravatar.com\\\/avatar\\\/1bebd10f775e886b97b35c18576a9d2e6b841c3f4b4f048fc10ffb01eb083731?s=96&d=mm&r=g\",\"caption\":\"amrtopomar@hotmail.com\"}}]}<\/script>\n<!-- \/ Yoast SEO Premium plugin. -->","yoast_head_json":{"title":"Top\u00f3grafo V\u00e9lez M\u00e1laga. Ingeniero topograf\u00eda medici\u00f3n fincas.","description":"Top\u00f3grafo en Velez-M\u00e1laga.Servicios de topograf\u00eda en la axarqu\u00eda y M\u00e1laga.Medici\u00f3n de fincas,catastro,levantamiento topogr\u00e1ficos,segregaciones,replanteosn,drones,fotogrametr\u00eda,filmaci\u00f3n a\u00e9rea..","robots":{"index":"index","follow":"follow","max-snippet":"max-snippet:-1","max-image-preview":"max-image-preview:large","max-video-preview":"max-video-preview:-1"},"canonical":"https:\/\/veleztopografia.com\/index.php\/2021\/12\/07\/levantamientos-topograficos-en-mostoles-y-aldea-del-fresno-madrid\/","og_locale":"es_ES","og_type":"article","og_title":"Levantamientos topogr\u00e1ficos en M\u00f3stoles y Aldea del Fresno (Madrid)","og_description":"Top\u00f3grafo en Velez-M\u00e1laga.Servicios de topograf\u00eda en la axarqu\u00eda y M\u00e1laga.Medici\u00f3n de fincas,catastro,levantamiento topogr\u00e1ficos,segregaciones,replanteosn,drones,fotogrametr\u00eda,filmaci\u00f3n a\u00e9rea..","og_url":"https:\/\/veleztopografia.com\/index.php\/2021\/12\/07\/levantamientos-topograficos-en-mostoles-y-aldea-del-fresno-madrid\/","og_site_name":"V\u00e9lez Topograf\u00eda","article_publisher":"https:\/\/www.facebook.com\/veleztopografia","article_published_time":"2021-12-07T16:52:55+00:00","article_modified_time":"2021-12-07T16:53:01+00:00","og_image":[{"url":"http:\/\/veleztopografia.com\/wp-content\/uploads\/2021\/12\/IMG20211118135222-copia-1024x768.jpg","type":"","width":"","height":""}],"author":"amrtopomar@hotmail.com","twitter_card":"summary_large_image","twitter_creator":"@alvaro_manen","twitter_site":"@alvaro_manen","twitter_misc":{"Escrito por":"amrtopomar@hotmail.com","Tiempo de lectura":"2 minutos"},"schema":{"@context":"https:\/\/schema.org","@graph":[{"@type":"Article","@id":"https:\/\/veleztopografia.com\/index.php\/2021\/12\/07\/levantamientos-topograficos-en-mostoles-y-aldea-del-fresno-madrid\/#article","isPartOf":{"@id":"https:\/\/veleztopografia.com\/index.php\/2021\/12\/07\/levantamientos-topograficos-en-mostoles-y-aldea-del-fresno-madrid\/"},"author":{"name":"amrtopomar@hotmail.com","@id":"http:\/\/veleztopografia.com\/#\/schema\/person\/f77ff7cee140d8850a0f97fd34ac2601"},"headline":"Levantamientos topogr\u00e1ficos en M\u00f3stoles y Aldea del Fresno (Madrid)","datePublished":"2021-12-07T16:52:55+00:00","dateModified":"2021-12-07T16:53:01+00:00","mainEntityOfPage":{"@id":"https:\/\/veleztopografia.com\/index.php\/2021\/12\/07\/levantamientos-topograficos-en-mostoles-y-aldea-del-fresno-madrid\/"},"wordCount":116,"commentCount":0,"publisher":{"@id":"http:\/\/veleztopografia.com\/#organization"},"image":{"@id":"https:\/\/veleztopografia.com\/index.php\/2021\/12\/07\/levantamientos-topograficos-en-mostoles-y-aldea-del-fresno-madrid\/#primaryimage"},"thumbnailUrl":"http:\/\/veleztopografia.com\/wp-content\/uploads\/2021\/12\/IMG20211118135222-copia-1024x768.jpg","keywords":["aldea del fresno","bases","estacion total","geopunt","georreferenciacion","gps","levantamiento topografico","madrid","medicion","mostoles","parcela","red topografica","urbana"],"articleSection":["Blog"],"inLanguage":"es","potentialAction":[{"@type":"CommentAction","name":"Comment","target":["https:\/\/veleztopografia.com\/index.php\/2021\/12\/07\/levantamientos-topograficos-en-mostoles-y-aldea-del-fresno-madrid\/#respond"]}]},{"@type":"WebPage","@id":"https:\/\/veleztopografia.com\/index.php\/2021\/12\/07\/levantamientos-topograficos-en-mostoles-y-aldea-del-fresno-madrid\/","url":"https:\/\/veleztopografia.com\/index.php\/2021\/12\/07\/levantamientos-topograficos-en-mostoles-y-aldea-del-fresno-madrid\/","name":"Top\u00f3grafo V\u00e9lez M\u00e1laga. Ingeniero topograf\u00eda medici\u00f3n fincas.","isPartOf":{"@id":"http:\/\/veleztopografia.com\/#website"},"primaryImageOfPage":{"@id":"https:\/\/veleztopografia.com\/index.php\/2021\/12\/07\/levantamientos-topograficos-en-mostoles-y-aldea-del-fresno-madrid\/#primaryimage"},"image":{"@id":"https:\/\/veleztopografia.com\/index.php\/2021\/12\/07\/levantamientos-topograficos-en-mostoles-y-aldea-del-fresno-madrid\/#primaryimage"},"thumbnailUrl":"http:\/\/veleztopografia.com\/wp-content\/uploads\/2021\/12\/IMG20211118135222-copia-1024x768.jpg","datePublished":"2021-12-07T16:52:55+00:00","dateModified":"2021-12-07T16:53:01+00:00","description":"Top\u00f3grafo en Velez-M\u00e1laga.Servicios de topograf\u00eda en la axarqu\u00eda y M\u00e1laga.Medici\u00f3n de fincas,catastro,levantamiento topogr\u00e1ficos,segregaciones,replanteosn,drones,fotogrametr\u00eda,filmaci\u00f3n a\u00e9rea..","breadcrumb":{"@id":"https:\/\/veleztopografia.com\/index.php\/2021\/12\/07\/levantamientos-topograficos-en-mostoles-y-aldea-del-fresno-madrid\/#breadcrumb"},"inLanguage":"es","potentialAction":[{"@type":"ReadAction","target":["https:\/\/veleztopografia.com\/index.php\/2021\/12\/07\/levantamientos-topograficos-en-mostoles-y-aldea-del-fresno-madrid\/"]}]},{"@type":"ImageObject","inLanguage":"es","@id":"https:\/\/veleztopografia.com\/index.php\/2021\/12\/07\/levantamientos-topograficos-en-mostoles-y-aldea-del-fresno-madrid\/#primaryimage","url":"https:\/\/veleztopografia.com\/wp-content\/uploads\/2021\/12\/IMG20211118135222-copia.jpg","contentUrl":"https:\/\/veleztopografia.com\/wp-content\/uploads\/2021\/12\/IMG20211118135222-copia.jpg","width":1919,"height":1439,"caption":"IMG20211118135222 copia"},{"@type":"BreadcrumbList","@id":"https:\/\/veleztopografia.com\/index.php\/2021\/12\/07\/levantamientos-topograficos-en-mostoles-y-aldea-del-fresno-madrid\/#breadcrumb","itemListElement":[{"@type":"ListItem","position":1,"name":"Portada","item":"http:\/\/veleztopografia.com\/"},{"@type":"ListItem","position":2,"name":"Levantamientos topogr\u00e1ficos en M\u00f3stoles y Aldea del Fresno (Madrid)"}]},{"@type":"WebSite","@id":"http:\/\/veleztopografia.com\/#website","url":"http:\/\/veleztopografia.com\/","name":"V\u00e9lez Topograf\u00eda","description":"Top\u00f3grafo de V\u00e9lez-M\u00e1laga. Servicios de topografia en la Axarqu\u00eda y M\u00e1laga.Medici\u00f3n de fincas,catastro,validacion gr\u00e1fica,etc..","publisher":{"@id":"http:\/\/veleztopografia.com\/#organization"},"potentialAction":[{"@type":"SearchAction","target":{"@type":"EntryPoint","urlTemplate":"http:\/\/veleztopografia.com\/?s={search_term_string}"},"query-input":{"@type":"PropertyValueSpecification","valueRequired":true,"valueName":"search_term_string"}}],"inLanguage":"es"},{"@type":"Organization","@id":"http:\/\/veleztopografia.com\/#organization","name":"V\u00e9lez Topograf\u00eda","url":"http:\/\/veleztopografia.com\/","logo":{"@type":"ImageObject","inLanguage":"es","@id":"http:\/\/veleztopografia.com\/#\/schema\/logo\/image\/","url":"https:\/\/i0.wp.com\/veleztopografia.com\/wp-content\/uploads\/2019\/12\/LOGO-VELEZTOPOGRAFIA200-1.jpg?fit=400%2C200&ssl=1","contentUrl":"https:\/\/i0.wp.com\/veleztopografia.com\/wp-content\/uploads\/2019\/12\/LOGO-VELEZTOPOGRAFIA200-1.jpg?fit=400%2C200&ssl=1","width":400,"height":200,"caption":"V\u00e9lez Topograf\u00eda"},"image":{"@id":"http:\/\/veleztopografia.com\/#\/schema\/logo\/image\/"},"sameAs":["https:\/\/www.facebook.com\/veleztopografia","https:\/\/x.com\/alvaro_manen","https:\/\/www.instagram.com\/alvaromanen\/","https:\/\/www.linkedin.com\/in\/alvaro-manen-0a7b9a4b\/","https:\/\/www.youtube.com\/channel\/UCBbmXfa52pAGpmufiMrR3qg\/videos"]},{"@type":"Person","@id":"http:\/\/veleztopografia.com\/#\/schema\/person\/f77ff7cee140d8850a0f97fd34ac2601","name":"amrtopomar@hotmail.com","image":{"@type":"ImageObject","inLanguage":"es","@id":"https:\/\/secure.gravatar.com\/avatar\/1bebd10f775e886b97b35c18576a9d2e6b841c3f4b4f048fc10ffb01eb083731?s=96&d=mm&r=g","url":"https:\/\/secure.gravatar.com\/avatar\/1bebd10f775e886b97b35c18576a9d2e6b841c3f4b4f048fc10ffb01eb083731?s=96&d=mm&r=g","contentUrl":"https:\/\/secure.gravatar.com\/avatar\/1bebd10f775e886b97b35c18576a9d2e6b841c3f4b4f048fc10ffb01eb083731?s=96&d=mm&r=g","caption":"amrtopomar@hotmail.com"}}]}},"uagb_featured_image_src":{"full":false,"thumbnail":false,"medium":false,"medium_large":false,"large":false,"1536x1536":false,"2048x2048":false,"wpvr_mobile":false},"uagb_author_info":{"display_name":"amrtopomar@hotmail.com","author_link":"https:\/\/veleztopografia.com\/index.php\/author\/amrtopomarhotmail-com\/"},"uagb_comment_info":1,"uagb_excerpt":"Se tratan de dos parcelas construidas en zona urbana, las cuales albergan dos estaciones de servicio. En casa levantamiento hemos colocado un red de bases topogr\u00e1ficas que sirvan para futuros trabajos. En esta zona de Madrid las precisiones que ofrecen la red GNSS del IGN son muy buenas. Nos encanta ofrecer servicios como top\u00f3grafo en&hellip;","_links":{"self":[{"href":"https:\/\/veleztopografia.com\/index.php\/wp-json\/wp\/v2\/posts\/11395","targetHints":{"allow":["GET"]}}],"collection":[{"href":"https:\/\/veleztopografia.com\/index.php\/wp-json\/wp\/v2\/posts"}],"about":[{"href":"https:\/\/veleztopografia.com\/index.php\/wp-json\/wp\/v2\/types\/post"}],"author":[{"embeddable":true,"href":"https:\/\/veleztopografia.com\/index.php\/wp-json\/wp\/v2\/users\/1"}],"replies":[{"embeddable":true,"href":"https:\/\/veleztopografia.com\/index.php\/wp-json\/wp\/v2\/comments?post=11395"}],"version-history":[{"count":1,"href":"https:\/\/veleztopografia.com\/index.php\/wp-json\/wp\/v2\/posts\/11395\/revisions"}],"predecessor-version":[{"id":11401,"href":"https:\/\/veleztopografia.com\/index.php\/wp-json\/wp\/v2\/posts\/11395\/revisions\/11401"}],"wp:attachment":[{"href":"https:\/\/veleztopografia.com\/index.php\/wp-json\/wp\/v2\/media?parent=11395"}],"wp:term":[{"taxonomy":"category","embeddable":true,"href":"https:\/\/veleztopografia.com\/index.php\/wp-json\/wp\/v2\/categories?post=11395"},{"taxonomy":"post_tag","embeddable":true,"href":"https:\/\/veleztopografia.com\/index.php\/wp-json\/wp\/v2\/tags?post=11395"}],"curies":[{"name":"wp","href":"https:\/\/api.w.org\/{rel}","templated":true}]}}