{"id":11331,"date":"2021-10-19T15:48:56","date_gmt":"2021-10-19T15:48:56","guid":{"rendered":"http:\/\/veleztopografia.com\/?p=11331"},"modified":"2021-10-19T15:49:01","modified_gmt":"2021-10-19T15:49:01","slug":"topografo-salaresmedicion-de-parcela-y-vivienda","status":"publish","type":"post","link":"https:\/\/veleztopografia.com\/index.php\/2021\/10\/19\/topografo-salaresmedicion-de-parcela-y-vivienda\/","title":{"rendered":"Top\u00f3grafo Salares:Medici\u00f3n de parcela y vivienda"},"content":{"rendered":"\n<figure class=\"wp-block-image size-large\"><img fetchpriority=\"high\" decoding=\"async\" width=\"768\" height=\"1024\" src=\"http:\/\/veleztopografia.com\/wp-content\/uploads\/2021\/10\/IMG20211005091050-copia-768x1024.jpg\" alt=\"IMG20211005091050 copia\" class=\"wp-image-11332\" srcset=\"https:\/\/veleztopografia.com\/wp-content\/uploads\/2021\/10\/IMG20211005091050-copia-768x1024.jpg 768w, https:\/\/veleztopografia.com\/wp-content\/uploads\/2021\/10\/IMG20211005091050-copia-225x300.jpg 225w, https:\/\/veleztopografia.com\/wp-content\/uploads\/2021\/10\/IMG20211005091050-copia-1152x1536.jpg 1152w, https:\/\/veleztopografia.com\/wp-content\/uploads\/2021\/10\/IMG20211005091050-copia.jpg 1500w\" sizes=\"(max-width: 768px) 100vw, 768px\" \/><figcaption>Llevabamos varios meses esperando para poder realizar esta <strong>medici\u00f3n de parcela en Salares, M\u00e1laga.<\/strong><\/figcaption><\/figure>\n\n\n\n<p>Nuestros clientes residen en Italia y les ha sido complicado desplazarse hasta Espa\u00f1a para poder acompa\u00f1arme el<\/p>\n\n\n\n<p>d\u00eda de la medici\u00f3n.<\/p>\n\n\n\n<p>Como <strong>top\u00f3grafo en Salares <\/strong>hemos realizado la <strong>medicion de una parcela con GPS, <\/strong>para posteriormente realizar el plano<\/p>\n\n\n\n<p>de distribuci\u00f3n de la vivienda.<\/p>\n\n\n\n<p>Se trata de una vivienda en el campo reci\u00e9n reformada.<\/p>\n\n\n\n<p>Los<strong> servicios de topograf\u00eda <\/strong>que ofrecemos son muy variados.<\/p>\n\n\n\n<p>Para cualquier duda o consulta p\u00f3ngase en contacto con nosotros sin compromiso.<\/p>\n\n\n\n<figure class=\"wp-block-gallery columns-2 is-cropped wp-block-gallery-2 is-layout-flex wp-block-gallery-is-layout-flex\"><ul class=\"blocks-gallery-grid\"><li class=\"blocks-gallery-item\"><figure><img decoding=\"async\" width=\"1024\" height=\"768\" src=\"http:\/\/veleztopografia.com\/wp-content\/uploads\/2021\/10\/IMG20211005091713-copia-1024x768.jpg\" alt=\"IMG20211005091713 copia\" data-id=\"11333\" data-full-url=\"http:\/\/veleztopografia.com\/wp-content\/uploads\/2021\/10\/IMG20211005091713-copia.jpg\" data-link=\"http:\/\/veleztopografia.com\/?attachment_id=11333\" class=\"wp-image-11333\" srcset=\"https:\/\/veleztopografia.com\/wp-content\/uploads\/2021\/10\/IMG20211005091713-copia-1024x768.jpg 1024w, https:\/\/veleztopografia.com\/wp-content\/uploads\/2021\/10\/IMG20211005091713-copia-300x225.jpg 300w, https:\/\/veleztopografia.com\/wp-content\/uploads\/2021\/10\/IMG20211005091713-copia-768x576.jpg 768w, https:\/\/veleztopografia.com\/wp-content\/uploads\/2021\/10\/IMG20211005091713-copia-1536x1152.jpg 1536w, https:\/\/veleztopografia.com\/wp-content\/uploads\/2021\/10\/IMG20211005091713-copia.jpg 2000w\" sizes=\"(max-width: 1024px) 100vw, 1024px\" \/><\/figure><\/li><li class=\"blocks-gallery-item\"><figure><img decoding=\"async\" width=\"1024\" height=\"768\" src=\"http:\/\/veleztopografia.com\/wp-content\/uploads\/2021\/10\/IMG20211005100847-copia-1024x768.jpg\" alt=\"IMG20211005100847 copia\" data-id=\"11334\" data-full-url=\"http:\/\/veleztopografia.com\/wp-content\/uploads\/2021\/10\/IMG20211005100847-copia.jpg\" data-link=\"http:\/\/veleztopografia.com\/?attachment_id=11334\" class=\"wp-image-11334\" srcset=\"https:\/\/veleztopografia.com\/wp-content\/uploads\/2021\/10\/IMG20211005100847-copia-1024x768.jpg 1024w, https:\/\/veleztopografia.com\/wp-content\/uploads\/2021\/10\/IMG20211005100847-copia-300x225.jpg 300w, https:\/\/veleztopografia.com\/wp-content\/uploads\/2021\/10\/IMG20211005100847-copia-768x576.jpg 768w, https:\/\/veleztopografia.com\/wp-content\/uploads\/2021\/10\/IMG20211005100847-copia-1536x1152.jpg 1536w, https:\/\/veleztopografia.com\/wp-content\/uploads\/2021\/10\/IMG20211005100847-copia.jpg 2000w\" sizes=\"(max-width: 1024px) 100vw, 1024px\" \/><\/figure><\/li><\/ul><\/figure>\n","protected":false},"excerpt":{"rendered":"<p>Nuestros clientes residen en Italia y les ha sido complicado desplazarse hasta Espa\u00f1a para poder acompa\u00f1arme el d\u00eda de la medici\u00f3n. Como top\u00f3grafo en Salares hemos realizado la medicion de una parcela con GPS, para posteriormente realizar el plano de distribuci\u00f3n de la vivienda. Se trata de una vivienda en el campo reci\u00e9n reformada. Los [&hellip;]<\/p>\n","protected":false},"author":1,"featured_media":11332,"comment_status":"open","ping_status":"open","sticky":false,"template":"","format":"standard","meta":{"_uag_custom_page_level_css":"","_monsterinsights_skip_tracking":false,"_monsterinsights_sitenote_active":false,"_monsterinsights_sitenote_note":"","_monsterinsights_sitenote_category":0,"site-sidebar-layout":"default","site-content-layout":"default","ast-site-content-layout":"default","site-content-style":"default","site-sidebar-style":"default","ast-global-header-display":"","ast-banner-title-visibility":"","ast-main-header-display":"","ast-hfb-above-header-display":"","ast-hfb-below-header-display":"","ast-hfb-mobile-header-display":"","site-post-title":"","ast-breadcrumbs-content":"","ast-featured-img":"","footer-sml-layout":"","ast-disable-related-posts":"","theme-transparent-header-meta":"default","adv-header-id-meta":"","stick-header-meta":"default","header-above-stick-meta":"","header-main-stick-meta":"","header-below-stick-meta":"","astra-migrate-meta-layouts":"default","ast-page-background-enabled":"default","ast-page-background-meta":{"desktop":{"background-color":"","background-image":"","background-repeat":"repeat","background-position":"center center","background-size":"auto","background-attachment":"scroll","background-type":"","background-media":"","overlay-type":"","overlay-color":"","overlay-opacity":"","overlay-gradient":""},"tablet":{"background-color":"","background-image":"","background-repeat":"repeat","background-position":"center center","background-size":"auto","background-attachment":"scroll","background-type":"","background-media":"","overlay-type":"","overlay-color":"","overlay-opacity":"","overlay-gradient":""},"mobile":{"background-color":"","background-image":"","background-repeat":"repeat","background-position":"center center","background-size":"auto","background-attachment":"scroll","background-type":"","background-media":"","overlay-type":"","overlay-color":"","overlay-opacity":"","overlay-gradient":""}},"ast-content-background-meta":{"desktop":{"background-color":"var(--ast-global-color-5)","background-image":"","background-repeat":"repeat","background-position":"center center","background-size":"auto","background-attachment":"scroll","background-type":"","background-media":"","overlay-type":"","overlay-color":"","overlay-opacity":"","overlay-gradient":""},"tablet":{"background-color":"var(--ast-global-color-5)","background-image":"","background-repeat":"repeat","background-position":"center center","background-size":"auto","background-attachment":"scroll","background-type":"","background-media":"","overlay-type":"","overlay-color":"","overlay-opacity":"","overlay-gradient":""},"mobile":{"background-color":"var(--ast-global-color-5)","background-image":"","background-repeat":"repeat","background-position":"center center","background-size":"auto","background-attachment":"scroll","background-type":"","background-media":"","overlay-type":"","overlay-color":"","overlay-opacity":"","overlay-gradient":""}},"footnotes":""},"categories":[5],"tags":[111,17,19,66,379,79,35,27,33,378,377,54],"class_list":["post-11331","post","type-post","status-publish","format-standard","has-post-thumbnail","hentry","category-blog","tag-coordenadas-georreferenciadas","tag-georreferenciacion","tag-gml","tag-gps","tag-informe-de-validacion-grafica-2","tag-levantamiento-topografico","tag-malaga","tag-medicion","tag-parcela","tag-plano","tag-salares","tag-vivienda"],"yoast_head":"<!-- This site is optimized with the Yoast SEO Premium plugin v24.1 (Yoast SEO v27.4) - https:\/\/yoast.com\/product\/yoast-seo-premium-wordpress\/ -->\n<title>Top\u00f3grafo V\u00e9lez M\u00e1laga. Ingeniero topograf\u00eda medici\u00f3n fincas.<\/title>\n<meta name=\"description\" content=\"Top\u00f3grafo en Velez-M\u00e1laga.Servicios de topograf\u00eda en la axarqu\u00eda y M\u00e1laga.Medici\u00f3n de fincas,catastro,levantamiento topogr\u00e1ficos,segregaciones,replanteosn,drones,fotogrametr\u00eda,filmaci\u00f3n a\u00e9rea..\" \/>\n<meta name=\"robots\" content=\"index, follow, max-snippet:-1, max-image-preview:large, max-video-preview:-1\" \/>\n<link rel=\"canonical\" href=\"https:\/\/veleztopografia.com\/index.php\/2021\/10\/19\/topografo-salaresmedicion-de-parcela-y-vivienda\/\" \/>\n<meta property=\"og:locale\" content=\"es_ES\" \/>\n<meta property=\"og:type\" content=\"article\" \/>\n<meta property=\"og:title\" content=\"Top\u00f3grafo Salares:Medici\u00f3n de parcela y vivienda\" \/>\n<meta property=\"og:description\" content=\"Top\u00f3grafo en Velez-M\u00e1laga.Servicios de topograf\u00eda en la axarqu\u00eda y M\u00e1laga.Medici\u00f3n de fincas,catastro,levantamiento topogr\u00e1ficos,segregaciones,replanteosn,drones,fotogrametr\u00eda,filmaci\u00f3n a\u00e9rea..\" \/>\n<meta property=\"og:url\" content=\"https:\/\/veleztopografia.com\/index.php\/2021\/10\/19\/topografo-salaresmedicion-de-parcela-y-vivienda\/\" \/>\n<meta property=\"og:site_name\" content=\"V\u00e9lez Topograf\u00eda\" \/>\n<meta property=\"article:publisher\" content=\"https:\/\/www.facebook.com\/veleztopografia\" \/>\n<meta property=\"article:published_time\" content=\"2021-10-19T15:48:56+00:00\" \/>\n<meta property=\"article:modified_time\" content=\"2021-10-19T15:49:01+00:00\" \/>\n<meta property=\"og:image\" content=\"https:\/\/veleztopografia.com\/wp-content\/uploads\/2021\/10\/IMG20211005091050-copia-768x1024.jpg\" \/>\n\t<meta property=\"og:image:width\" content=\"768\" \/>\n\t<meta property=\"og:image:height\" content=\"1024\" \/>\n\t<meta property=\"og:image:type\" content=\"image\/jpeg\" \/>\n<meta name=\"author\" content=\"amrtopomar@hotmail.com\" \/>\n<meta name=\"twitter:card\" content=\"summary_large_image\" \/>\n<meta name=\"twitter:creator\" content=\"@alvaro_manen\" \/>\n<meta name=\"twitter:site\" content=\"@alvaro_manen\" \/>\n<meta name=\"twitter:label1\" content=\"Escrito por\" \/>\n\t<meta name=\"twitter:data1\" content=\"amrtopomar@hotmail.com\" \/>\n\t<meta name=\"twitter:label2\" content=\"Tiempo de lectura\" \/>\n\t<meta name=\"twitter:data2\" content=\"1 minuto\" \/>\n<script type=\"application\/ld+json\" class=\"yoast-schema-graph\">{\"@context\":\"https:\\\/\\\/schema.org\",\"@graph\":[{\"@type\":\"Article\",\"@id\":\"https:\\\/\\\/veleztopografia.com\\\/index.php\\\/2021\\\/10\\\/19\\\/topografo-salaresmedicion-de-parcela-y-vivienda\\\/#article\",\"isPartOf\":{\"@id\":\"https:\\\/\\\/veleztopografia.com\\\/index.php\\\/2021\\\/10\\\/19\\\/topografo-salaresmedicion-de-parcela-y-vivienda\\\/\"},\"author\":{\"name\":\"amrtopomar@hotmail.com\",\"@id\":\"http:\\\/\\\/veleztopografia.com\\\/#\\\/schema\\\/person\\\/f77ff7cee140d8850a0f97fd34ac2601\"},\"headline\":\"Top\u00f3grafo Salares:Medici\u00f3n de parcela y vivienda\",\"datePublished\":\"2021-10-19T15:48:56+00:00\",\"dateModified\":\"2021-10-19T15:49:01+00:00\",\"mainEntityOfPage\":{\"@id\":\"https:\\\/\\\/veleztopografia.com\\\/index.php\\\/2021\\\/10\\\/19\\\/topografo-salaresmedicion-de-parcela-y-vivienda\\\/\"},\"wordCount\":109,\"commentCount\":0,\"publisher\":{\"@id\":\"http:\\\/\\\/veleztopografia.com\\\/#organization\"},\"image\":{\"@id\":\"https:\\\/\\\/veleztopografia.com\\\/index.php\\\/2021\\\/10\\\/19\\\/topografo-salaresmedicion-de-parcela-y-vivienda\\\/#primaryimage\"},\"thumbnailUrl\":\"https:\\\/\\\/veleztopografia.com\\\/wp-content\\\/uploads\\\/2021\\\/10\\\/IMG20211005091050-copia.jpg\",\"keywords\":[\"coordenadas georreferenciadas\",\"georreferenciacion\",\"gml\",\"gps\",\"informe de validacion gr\u00e1fica\",\"levantamiento topografico\",\"malaga\",\"medicion\",\"parcela\",\"plano\",\"salares\",\"vivienda\"],\"articleSection\":[\"Blog\"],\"inLanguage\":\"es\",\"potentialAction\":[{\"@type\":\"CommentAction\",\"name\":\"Comment\",\"target\":[\"https:\\\/\\\/veleztopografia.com\\\/index.php\\\/2021\\\/10\\\/19\\\/topografo-salaresmedicion-de-parcela-y-vivienda\\\/#respond\"]}]},{\"@type\":\"WebPage\",\"@id\":\"https:\\\/\\\/veleztopografia.com\\\/index.php\\\/2021\\\/10\\\/19\\\/topografo-salaresmedicion-de-parcela-y-vivienda\\\/\",\"url\":\"https:\\\/\\\/veleztopografia.com\\\/index.php\\\/2021\\\/10\\\/19\\\/topografo-salaresmedicion-de-parcela-y-vivienda\\\/\",\"name\":\"Top\u00f3grafo V\u00e9lez M\u00e1laga. Ingeniero topograf\u00eda medici\u00f3n fincas.\",\"isPartOf\":{\"@id\":\"http:\\\/\\\/veleztopografia.com\\\/#website\"},\"primaryImageOfPage\":{\"@id\":\"https:\\\/\\\/veleztopografia.com\\\/index.php\\\/2021\\\/10\\\/19\\\/topografo-salaresmedicion-de-parcela-y-vivienda\\\/#primaryimage\"},\"image\":{\"@id\":\"https:\\\/\\\/veleztopografia.com\\\/index.php\\\/2021\\\/10\\\/19\\\/topografo-salaresmedicion-de-parcela-y-vivienda\\\/#primaryimage\"},\"thumbnailUrl\":\"https:\\\/\\\/veleztopografia.com\\\/wp-content\\\/uploads\\\/2021\\\/10\\\/IMG20211005091050-copia.jpg\",\"datePublished\":\"2021-10-19T15:48:56+00:00\",\"dateModified\":\"2021-10-19T15:49:01+00:00\",\"description\":\"Top\u00f3grafo en Velez-M\u00e1laga.Servicios de topograf\u00eda en la axarqu\u00eda y M\u00e1laga.Medici\u00f3n de fincas,catastro,levantamiento topogr\u00e1ficos,segregaciones,replanteosn,drones,fotogrametr\u00eda,filmaci\u00f3n a\u00e9rea..\",\"breadcrumb\":{\"@id\":\"https:\\\/\\\/veleztopografia.com\\\/index.php\\\/2021\\\/10\\\/19\\\/topografo-salaresmedicion-de-parcela-y-vivienda\\\/#breadcrumb\"},\"inLanguage\":\"es\",\"potentialAction\":[{\"@type\":\"ReadAction\",\"target\":[\"https:\\\/\\\/veleztopografia.com\\\/index.php\\\/2021\\\/10\\\/19\\\/topografo-salaresmedicion-de-parcela-y-vivienda\\\/\"]}]},{\"@type\":\"ImageObject\",\"inLanguage\":\"es\",\"@id\":\"https:\\\/\\\/veleztopografia.com\\\/index.php\\\/2021\\\/10\\\/19\\\/topografo-salaresmedicion-de-parcela-y-vivienda\\\/#primaryimage\",\"url\":\"https:\\\/\\\/veleztopografia.com\\\/wp-content\\\/uploads\\\/2021\\\/10\\\/IMG20211005091050-copia.jpg\",\"contentUrl\":\"https:\\\/\\\/veleztopografia.com\\\/wp-content\\\/uploads\\\/2021\\\/10\\\/IMG20211005091050-copia.jpg\",\"width\":1500,\"height\":2000,\"caption\":\"TOPOGRAFO SALARES\"},{\"@type\":\"BreadcrumbList\",\"@id\":\"https:\\\/\\\/veleztopografia.com\\\/index.php\\\/2021\\\/10\\\/19\\\/topografo-salaresmedicion-de-parcela-y-vivienda\\\/#breadcrumb\",\"itemListElement\":[{\"@type\":\"ListItem\",\"position\":1,\"name\":\"Portada\",\"item\":\"http:\\\/\\\/veleztopografia.com\\\/\"},{\"@type\":\"ListItem\",\"position\":2,\"name\":\"Top\u00f3grafo Salares:Medici\u00f3n de parcela y vivienda\"}]},{\"@type\":\"WebSite\",\"@id\":\"http:\\\/\\\/veleztopografia.com\\\/#website\",\"url\":\"http:\\\/\\\/veleztopografia.com\\\/\",\"name\":\"V\u00e9lez Topograf\u00eda\",\"description\":\"Top\u00f3grafo de V\u00e9lez-M\u00e1laga. Servicios de topografia en la Axarqu\u00eda y M\u00e1laga.Medici\u00f3n de fincas,catastro,validacion gr\u00e1fica,etc..\",\"publisher\":{\"@id\":\"http:\\\/\\\/veleztopografia.com\\\/#organization\"},\"potentialAction\":[{\"@type\":\"SearchAction\",\"target\":{\"@type\":\"EntryPoint\",\"urlTemplate\":\"http:\\\/\\\/veleztopografia.com\\\/?s={search_term_string}\"},\"query-input\":{\"@type\":\"PropertyValueSpecification\",\"valueRequired\":true,\"valueName\":\"search_term_string\"}}],\"inLanguage\":\"es\"},{\"@type\":\"Organization\",\"@id\":\"http:\\\/\\\/veleztopografia.com\\\/#organization\",\"name\":\"V\u00e9lez Topograf\u00eda\",\"url\":\"http:\\\/\\\/veleztopografia.com\\\/\",\"logo\":{\"@type\":\"ImageObject\",\"inLanguage\":\"es\",\"@id\":\"http:\\\/\\\/veleztopografia.com\\\/#\\\/schema\\\/logo\\\/image\\\/\",\"url\":\"https:\\\/\\\/i0.wp.com\\\/veleztopografia.com\\\/wp-content\\\/uploads\\\/2019\\\/12\\\/LOGO-VELEZTOPOGRAFIA200-1.jpg?fit=400%2C200&ssl=1\",\"contentUrl\":\"https:\\\/\\\/i0.wp.com\\\/veleztopografia.com\\\/wp-content\\\/uploads\\\/2019\\\/12\\\/LOGO-VELEZTOPOGRAFIA200-1.jpg?fit=400%2C200&ssl=1\",\"width\":400,\"height\":200,\"caption\":\"V\u00e9lez Topograf\u00eda\"},\"image\":{\"@id\":\"http:\\\/\\\/veleztopografia.com\\\/#\\\/schema\\\/logo\\\/image\\\/\"},\"sameAs\":[\"https:\\\/\\\/www.facebook.com\\\/veleztopografia\",\"https:\\\/\\\/x.com\\\/alvaro_manen\",\"https:\\\/\\\/www.instagram.com\\\/alvaromanen\\\/\",\"https:\\\/\\\/www.linkedin.com\\\/in\\\/alvaro-manen-0a7b9a4b\\\/\",\"https:\\\/\\\/www.youtube.com\\\/channel\\\/UCBbmXfa52pAGpmufiMrR3qg\\\/videos\"]},{\"@type\":\"Person\",\"@id\":\"http:\\\/\\\/veleztopografia.com\\\/#\\\/schema\\\/person\\\/f77ff7cee140d8850a0f97fd34ac2601\",\"name\":\"amrtopomar@hotmail.com\",\"image\":{\"@type\":\"ImageObject\",\"inLanguage\":\"es\",\"@id\":\"https:\\\/\\\/secure.gravatar.com\\\/avatar\\\/1bebd10f775e886b97b35c18576a9d2e6b841c3f4b4f048fc10ffb01eb083731?s=96&d=mm&r=g\",\"url\":\"https:\\\/\\\/secure.gravatar.com\\\/avatar\\\/1bebd10f775e886b97b35c18576a9d2e6b841c3f4b4f048fc10ffb01eb083731?s=96&d=mm&r=g\",\"contentUrl\":\"https:\\\/\\\/secure.gravatar.com\\\/avatar\\\/1bebd10f775e886b97b35c18576a9d2e6b841c3f4b4f048fc10ffb01eb083731?s=96&d=mm&r=g\",\"caption\":\"amrtopomar@hotmail.com\"}}]}<\/script>\n<!-- \/ Yoast SEO Premium plugin. -->","yoast_head_json":{"title":"Top\u00f3grafo V\u00e9lez M\u00e1laga. Ingeniero topograf\u00eda medici\u00f3n fincas.","description":"Top\u00f3grafo en Velez-M\u00e1laga.Servicios de topograf\u00eda en la axarqu\u00eda y M\u00e1laga.Medici\u00f3n de fincas,catastro,levantamiento topogr\u00e1ficos,segregaciones,replanteosn,drones,fotogrametr\u00eda,filmaci\u00f3n a\u00e9rea..","robots":{"index":"index","follow":"follow","max-snippet":"max-snippet:-1","max-image-preview":"max-image-preview:large","max-video-preview":"max-video-preview:-1"},"canonical":"https:\/\/veleztopografia.com\/index.php\/2021\/10\/19\/topografo-salaresmedicion-de-parcela-y-vivienda\/","og_locale":"es_ES","og_type":"article","og_title":"Top\u00f3grafo Salares:Medici\u00f3n de parcela y vivienda","og_description":"Top\u00f3grafo en Velez-M\u00e1laga.Servicios de topograf\u00eda en la axarqu\u00eda y M\u00e1laga.Medici\u00f3n de fincas,catastro,levantamiento topogr\u00e1ficos,segregaciones,replanteosn,drones,fotogrametr\u00eda,filmaci\u00f3n a\u00e9rea..","og_url":"https:\/\/veleztopografia.com\/index.php\/2021\/10\/19\/topografo-salaresmedicion-de-parcela-y-vivienda\/","og_site_name":"V\u00e9lez Topograf\u00eda","article_publisher":"https:\/\/www.facebook.com\/veleztopografia","article_published_time":"2021-10-19T15:48:56+00:00","article_modified_time":"2021-10-19T15:49:01+00:00","og_image":[{"width":768,"height":1024,"url":"https:\/\/veleztopografia.com\/wp-content\/uploads\/2021\/10\/IMG20211005091050-copia-768x1024.jpg","type":"image\/jpeg"}],"author":"amrtopomar@hotmail.com","twitter_card":"summary_large_image","twitter_creator":"@alvaro_manen","twitter_site":"@alvaro_manen","twitter_misc":{"Escrito por":"amrtopomar@hotmail.com","Tiempo de lectura":"1 minuto"},"schema":{"@context":"https:\/\/schema.org","@graph":[{"@type":"Article","@id":"https:\/\/veleztopografia.com\/index.php\/2021\/10\/19\/topografo-salaresmedicion-de-parcela-y-vivienda\/#article","isPartOf":{"@id":"https:\/\/veleztopografia.com\/index.php\/2021\/10\/19\/topografo-salaresmedicion-de-parcela-y-vivienda\/"},"author":{"name":"amrtopomar@hotmail.com","@id":"http:\/\/veleztopografia.com\/#\/schema\/person\/f77ff7cee140d8850a0f97fd34ac2601"},"headline":"Top\u00f3grafo Salares:Medici\u00f3n de parcela y vivienda","datePublished":"2021-10-19T15:48:56+00:00","dateModified":"2021-10-19T15:49:01+00:00","mainEntityOfPage":{"@id":"https:\/\/veleztopografia.com\/index.php\/2021\/10\/19\/topografo-salaresmedicion-de-parcela-y-vivienda\/"},"wordCount":109,"commentCount":0,"publisher":{"@id":"http:\/\/veleztopografia.com\/#organization"},"image":{"@id":"https:\/\/veleztopografia.com\/index.php\/2021\/10\/19\/topografo-salaresmedicion-de-parcela-y-vivienda\/#primaryimage"},"thumbnailUrl":"https:\/\/veleztopografia.com\/wp-content\/uploads\/2021\/10\/IMG20211005091050-copia.jpg","keywords":["coordenadas georreferenciadas","georreferenciacion","gml","gps","informe de validacion gr\u00e1fica","levantamiento topografico","malaga","medicion","parcela","plano","salares","vivienda"],"articleSection":["Blog"],"inLanguage":"es","potentialAction":[{"@type":"CommentAction","name":"Comment","target":["https:\/\/veleztopografia.com\/index.php\/2021\/10\/19\/topografo-salaresmedicion-de-parcela-y-vivienda\/#respond"]}]},{"@type":"WebPage","@id":"https:\/\/veleztopografia.com\/index.php\/2021\/10\/19\/topografo-salaresmedicion-de-parcela-y-vivienda\/","url":"https:\/\/veleztopografia.com\/index.php\/2021\/10\/19\/topografo-salaresmedicion-de-parcela-y-vivienda\/","name":"Top\u00f3grafo V\u00e9lez M\u00e1laga. Ingeniero topograf\u00eda medici\u00f3n fincas.","isPartOf":{"@id":"http:\/\/veleztopografia.com\/#website"},"primaryImageOfPage":{"@id":"https:\/\/veleztopografia.com\/index.php\/2021\/10\/19\/topografo-salaresmedicion-de-parcela-y-vivienda\/#primaryimage"},"image":{"@id":"https:\/\/veleztopografia.com\/index.php\/2021\/10\/19\/topografo-salaresmedicion-de-parcela-y-vivienda\/#primaryimage"},"thumbnailUrl":"https:\/\/veleztopografia.com\/wp-content\/uploads\/2021\/10\/IMG20211005091050-copia.jpg","datePublished":"2021-10-19T15:48:56+00:00","dateModified":"2021-10-19T15:49:01+00:00","description":"Top\u00f3grafo en Velez-M\u00e1laga.Servicios de topograf\u00eda en la axarqu\u00eda y M\u00e1laga.Medici\u00f3n de fincas,catastro,levantamiento topogr\u00e1ficos,segregaciones,replanteosn,drones,fotogrametr\u00eda,filmaci\u00f3n a\u00e9rea..","breadcrumb":{"@id":"https:\/\/veleztopografia.com\/index.php\/2021\/10\/19\/topografo-salaresmedicion-de-parcela-y-vivienda\/#breadcrumb"},"inLanguage":"es","potentialAction":[{"@type":"ReadAction","target":["https:\/\/veleztopografia.com\/index.php\/2021\/10\/19\/topografo-salaresmedicion-de-parcela-y-vivienda\/"]}]},{"@type":"ImageObject","inLanguage":"es","@id":"https:\/\/veleztopografia.com\/index.php\/2021\/10\/19\/topografo-salaresmedicion-de-parcela-y-vivienda\/#primaryimage","url":"https:\/\/veleztopografia.com\/wp-content\/uploads\/2021\/10\/IMG20211005091050-copia.jpg","contentUrl":"https:\/\/veleztopografia.com\/wp-content\/uploads\/2021\/10\/IMG20211005091050-copia.jpg","width":1500,"height":2000,"caption":"TOPOGRAFO SALARES"},{"@type":"BreadcrumbList","@id":"https:\/\/veleztopografia.com\/index.php\/2021\/10\/19\/topografo-salaresmedicion-de-parcela-y-vivienda\/#breadcrumb","itemListElement":[{"@type":"ListItem","position":1,"name":"Portada","item":"http:\/\/veleztopografia.com\/"},{"@type":"ListItem","position":2,"name":"Top\u00f3grafo Salares:Medici\u00f3n de parcela y vivienda"}]},{"@type":"WebSite","@id":"http:\/\/veleztopografia.com\/#website","url":"http:\/\/veleztopografia.com\/","name":"V\u00e9lez Topograf\u00eda","description":"Top\u00f3grafo de V\u00e9lez-M\u00e1laga. Servicios de topografia en la Axarqu\u00eda y M\u00e1laga.Medici\u00f3n de fincas,catastro,validacion gr\u00e1fica,etc..","publisher":{"@id":"http:\/\/veleztopografia.com\/#organization"},"potentialAction":[{"@type":"SearchAction","target":{"@type":"EntryPoint","urlTemplate":"http:\/\/veleztopografia.com\/?s={search_term_string}"},"query-input":{"@type":"PropertyValueSpecification","valueRequired":true,"valueName":"search_term_string"}}],"inLanguage":"es"},{"@type":"Organization","@id":"http:\/\/veleztopografia.com\/#organization","name":"V\u00e9lez Topograf\u00eda","url":"http:\/\/veleztopografia.com\/","logo":{"@type":"ImageObject","inLanguage":"es","@id":"http:\/\/veleztopografia.com\/#\/schema\/logo\/image\/","url":"https:\/\/i0.wp.com\/veleztopografia.com\/wp-content\/uploads\/2019\/12\/LOGO-VELEZTOPOGRAFIA200-1.jpg?fit=400%2C200&ssl=1","contentUrl":"https:\/\/i0.wp.com\/veleztopografia.com\/wp-content\/uploads\/2019\/12\/LOGO-VELEZTOPOGRAFIA200-1.jpg?fit=400%2C200&ssl=1","width":400,"height":200,"caption":"V\u00e9lez Topograf\u00eda"},"image":{"@id":"http:\/\/veleztopografia.com\/#\/schema\/logo\/image\/"},"sameAs":["https:\/\/www.facebook.com\/veleztopografia","https:\/\/x.com\/alvaro_manen","https:\/\/www.instagram.com\/alvaromanen\/","https:\/\/www.linkedin.com\/in\/alvaro-manen-0a7b9a4b\/","https:\/\/www.youtube.com\/channel\/UCBbmXfa52pAGpmufiMrR3qg\/videos"]},{"@type":"Person","@id":"http:\/\/veleztopografia.com\/#\/schema\/person\/f77ff7cee140d8850a0f97fd34ac2601","name":"amrtopomar@hotmail.com","image":{"@type":"ImageObject","inLanguage":"es","@id":"https:\/\/secure.gravatar.com\/avatar\/1bebd10f775e886b97b35c18576a9d2e6b841c3f4b4f048fc10ffb01eb083731?s=96&d=mm&r=g","url":"https:\/\/secure.gravatar.com\/avatar\/1bebd10f775e886b97b35c18576a9d2e6b841c3f4b4f048fc10ffb01eb083731?s=96&d=mm&r=g","contentUrl":"https:\/\/secure.gravatar.com\/avatar\/1bebd10f775e886b97b35c18576a9d2e6b841c3f4b4f048fc10ffb01eb083731?s=96&d=mm&r=g","caption":"amrtopomar@hotmail.com"}}]}},"uagb_featured_image_src":{"full":["https:\/\/veleztopografia.com\/wp-content\/uploads\/2021\/10\/IMG20211005091050-copia.jpg",1500,2000,false],"thumbnail":["https:\/\/veleztopografia.com\/wp-content\/uploads\/2021\/10\/IMG20211005091050-copia-150x150.jpg",150,150,true],"medium":["https:\/\/veleztopografia.com\/wp-content\/uploads\/2021\/10\/IMG20211005091050-copia-225x300.jpg",225,300,true],"medium_large":["https:\/\/veleztopografia.com\/wp-content\/uploads\/2021\/10\/IMG20211005091050-copia-768x1024.jpg",768,1024,true],"large":["https:\/\/veleztopografia.com\/wp-content\/uploads\/2021\/10\/IMG20211005091050-copia-768x1024.jpg",768,1024,true],"1536x1536":["https:\/\/veleztopografia.com\/wp-content\/uploads\/2021\/10\/IMG20211005091050-copia-1152x1536.jpg",1152,1536,true],"2048x2048":["https:\/\/veleztopografia.com\/wp-content\/uploads\/2021\/10\/IMG20211005091050-copia.jpg",1500,2000,false],"wpvr_mobile":["https:\/\/veleztopografia.com\/wp-content\/uploads\/2021\/10\/IMG20211005091050-copia.jpg",1500,2000,false]},"uagb_author_info":{"display_name":"amrtopomar@hotmail.com","author_link":"https:\/\/veleztopografia.com\/index.php\/author\/amrtopomarhotmail-com\/"},"uagb_comment_info":0,"uagb_excerpt":"Nuestros clientes residen en Italia y les ha sido complicado desplazarse hasta Espa\u00f1a para poder acompa\u00f1arme el d\u00eda de la medici\u00f3n. Como top\u00f3grafo en Salares hemos realizado la medicion de una parcela con GPS, para posteriormente realizar el plano de distribuci\u00f3n de la vivienda. Se trata de una vivienda en el campo reci\u00e9n reformada. Los&hellip;","_links":{"self":[{"href":"https:\/\/veleztopografia.com\/index.php\/wp-json\/wp\/v2\/posts\/11331","targetHints":{"allow":["GET"]}}],"collection":[{"href":"https:\/\/veleztopografia.com\/index.php\/wp-json\/wp\/v2\/posts"}],"about":[{"href":"https:\/\/veleztopografia.com\/index.php\/wp-json\/wp\/v2\/types\/post"}],"author":[{"embeddable":true,"href":"https:\/\/veleztopografia.com\/index.php\/wp-json\/wp\/v2\/users\/1"}],"replies":[{"embeddable":true,"href":"https:\/\/veleztopografia.com\/index.php\/wp-json\/wp\/v2\/comments?post=11331"}],"version-history":[{"count":1,"href":"https:\/\/veleztopografia.com\/index.php\/wp-json\/wp\/v2\/posts\/11331\/revisions"}],"predecessor-version":[{"id":11335,"href":"https:\/\/veleztopografia.com\/index.php\/wp-json\/wp\/v2\/posts\/11331\/revisions\/11335"}],"wp:featuredmedia":[{"embeddable":true,"href":"https:\/\/veleztopografia.com\/index.php\/wp-json\/wp\/v2\/media\/11332"}],"wp:attachment":[{"href":"https:\/\/veleztopografia.com\/index.php\/wp-json\/wp\/v2\/media?parent=11331"}],"wp:term":[{"taxonomy":"category","embeddable":true,"href":"https:\/\/veleztopografia.com\/index.php\/wp-json\/wp\/v2\/categories?post=11331"},{"taxonomy":"post_tag","embeddable":true,"href":"https:\/\/veleztopografia.com\/index.php\/wp-json\/wp\/v2\/tags?post=11331"}],"curies":[{"name":"wp","href":"https:\/\/api.w.org\/{rel}","templated":true}]}}